{"id":3200,"date":"2025-04-01T03:25:36","date_gmt":"2025-04-01T01:25:36","guid":{"rendered":"https:\/\/www.diagnostika-mysli.cz\/blog\/autismus\/autismus-diagnostika\/"},"modified":"2025-04-01T03:25:36","modified_gmt":"2025-04-01T01:25:36","slug":"autismus-diagnostika","status":"publish","type":"post","link":"https:\/\/www.diagnostika-mysli.cz\/blog\/autismus\/autismus-diagnostika\/","title":{"rendered":"Autismus diagnostika"},"content":{"rendered":"<div class='topics'>\n<div class='topic'>\n<h2>&#8220;Jak prob\u00edh\u00e1 diagnostika autismu u d\u011bt\u00ed?&#8221;<\/h2>\n<p>Diagnostika autismu u d\u011bt\u00ed je proces, kter\u00fdm se zji\u0161\u0165uje p\u0159\u00edtomnost nebo nep\u0159\u00edtomnost t\u00e9to poruchy v chov\u00e1n\u00ed a v\u00fdvoji d\u00edt\u011bte. Jedn\u00e1 se o slo\u017eit\u00fd a d\u016fle\u017eit\u00fd krok, kter\u00fd umo\u017e\u0148uje v\u010dasnou intervenci a podporu pro d\u00edt\u011b s autismem.<\/p>\n<p>Prvn\u00edm krokem v diagnostice autismu je pozorov\u00e1n\u00ed chov\u00e1n\u00ed d\u00edt\u011bte. Rodi\u010de, u\u010ditel\u00e9 a dal\u0161\u00ed bl\u00edzc\u00ed lid\u00e9 jsou \u010dasto prvn\u00edmi, kte\u0159\u00ed si v\u0161imnou n\u011bjak\u00fdch odli\u0161nost\u00ed v chov\u00e1n\u00ed d\u00edt\u011bte. Tyto odli\u0161nosti mohou zahrnovat probl\u00e9my s komunikac\u00ed, soci\u00e1ln\u00ed interakc\u00ed a opakuj\u00edc\u00ed se chov\u00e1n\u00ed. Pokud se tyto p\u0159\u00edznaky vyskytuj\u00ed pravideln\u011b a dlouhodob\u011b, m\u016f\u017ee to b\u00fdt indikace mo\u017en\u00e9ho autismu.<\/p>\n<p>Dal\u0161\u00edm krokem je n\u00e1v\u0161t\u011bva l\u00e9ka\u0159e, kter\u00fd provede fyzick\u00e9 vy\u0161et\u0159en\u00ed d\u00edt\u011bte a vylou\u010d<\/p>\n<\/div>\n<div class='topic'>\n<h2>V tomto t\u00e9matu bychom se mohli zam\u011b\u0159it na to, jak\u00e9 kroky mus\u00ed rodi\u010de a d\u00edt\u011b absolvovat p\u0159i diagnostice autismu. M\u016f\u017eeme zahrnout informace o pr\u016fb\u011bhu vy\u0161et\u0159en\u00ed, pou\u017e\u00edvan\u00fdch metod\u00e1ch a testech, kter\u00e9 se p\u0159i diagnostice vyu\u017e\u00edvaj\u00ed.<\/h2>\n<p>Autismus je neurov\u00fdvojov\u00e9 onemocn\u011bn\u00ed, kter\u00e9 se projevuje poruchou soci\u00e1ln\u00ed interakce, komunikace a chov\u00e1n\u00ed. Jeho diagn\u00f3za je d\u016fle\u017eit\u00e1 pro zah\u00e1jen\u00ed vhodn\u00e9 terapie a podpory pro d\u00edt\u011b s touto poruchou. V tomto t\u00e9matu se zam\u011b\u0159\u00edme na proces diagnostiky autismu a kroky, kter\u00e9 mus\u00ed absolvovat rodi\u010de a d\u00edt\u011b.<\/p>\n<p>Prvn\u00edm krokem p\u0159i podez\u0159en\u00ed na autismus je n\u00e1v\u0161t\u011bva pediatra nebo d\u011btsk\u00e9ho psychiatra. Ti provedou z\u00e1kladn\u00ed vy\u0161et\u0159en\u00ed a posoud\u00ed p\u0159\u00edznaky, kter\u00e9 mohou nazna\u010dovat p\u0159\u00edtomnost autismu. Pokud je podez\u0159en\u00ed potvrzeno, n\u00e1sleduje odesl\u00e1n\u00ed na specializovan\u00e9 pracovi\u0161t\u011b pro dal\u0161\u00ed diagnostiku.<\/p>\n<p>V pr\u016fb\u011bhu diagnostiky se vyu\u017e\u00edv\u00e1 n\u011bkolik r\u016fzn\u00fdch metod a test\u016f. Jednou z nich je rozhovor s rodi\u010di, kte\u0159\u00ed poskytnou d\u016fle\u017eit\u00e9 informace o v\u00fdvoji<\/p>\n<\/div>\n<div class='topic'>\n<h2><\/h2>\n<p>\u010cesk\u00e1 kuchyn\u011b je jednou z nejstar\u0161\u00edch a nejbohat\u0161\u00edch kuchyn\u00ed v Evrop\u011b. Jej\u00ed ko\u0159eny sahaj\u00ed a\u017e do 9. stolet\u00ed, kdy se za\u010daly formovat prvn\u00ed tradi\u010dn\u00ed pokrmy. \u010cesk\u00e1 kuchyn\u011b je ovlivn\u011bna p\u0159edev\u0161\u00edm st\u0159edoevropskou kuchyn\u00ed, ale najdeme v n\u00ed i prvky z n\u011bmeck\u00e9, rakousk\u00e9, ma\u010farsk\u00e9 a \u017eidovsk\u00e9 kuchyn\u011b.<\/p>\n<p>Hlavn\u00edmi surovinami \u010desk\u00e9 kuchyn\u011b jsou brambory, maso, zelenina, ml\u00e9\u010dn\u00e9 v\u00fdrobky a obiloviny. V\u011bt\u0161ina pokrm\u016f je pom\u011brn\u011b jednoduch\u00e1, ale velmi chutn\u00e1 a s vysokou v\u00fd\u017eivovou hodnotou. Mezi nejzn\u00e1m\u011bj\u0161\u00ed \u010desk\u00e9 speciality pat\u0159\u00ed vep\u0159ov\u00e1 pe\u010den\u011b s knedl\u00edky, gul\u00e1\u0161, sv\u00ed\u010dkov\u00e1 na smetan\u011b, brambor\u00e1ky, sma\u017een\u00fd s\u00fdr a tradi\u010dn\u00ed \u010desk<\/p>\n<\/div>\n<div class='topic'>\n<h2>&#8220;Diagnostika autismu u dosp\u011bl\u00fdch: Jak\u00e9 jsou v\u00fdzvy a mo\u017enosti?&#8221;<\/h2>\n<p>Autismus je neurov\u00fdvojov\u00e1 porucha, kter\u00e1 se projevuje v poru\u0161en\u00ed soci\u00e1ln\u00edch interakc\u00ed, komunika\u010dn\u00edch schopnost\u00ed a omezen\u00fdch a opakuj\u00edc\u00edch se vzorc\u00edch chov\u00e1n\u00ed. Tato porucha se obvykle projevuje ji\u017e v d\u011btstv\u00ed, ale m\u016f\u017ee b\u00fdt diagnostikov\u00e1na i u dosp\u011bl\u00fdch. Diagnostika autismu u dosp\u011bl\u00fdch je v\u0161ak slo\u017eit\u00fd proces, kter\u00fd p\u0159in\u00e1\u0161\u00ed mnoho v\u00fdzev a z\u00e1rove\u0148 nab\u00edz\u00ed mnoho mo\u017enost\u00ed.<\/p>\n<p>Jednou z hlavn\u00edch v\u00fdzev p\u0159i diagnostice autismu u dosp\u011bl\u00fdch je fakt, \u017ee tato porucha nen\u00ed v\u017edy snadno rozpoznateln\u00e1. Dosp\u011bl\u00ed s autismem se mohou nau\u010dit maskovat sv\u00e9 p\u0159\u00edznaky a p\u0159izp\u016fsobit se soci\u00e1ln\u00edm situac\u00edm, co\u017e m\u016f\u017ee v\u00e9st k tomu, \u017ee jejich porucha z\u016fstane nepozorov\u00e1na. Nav\u00edc, mnoho dosp\u011bl\u00fdch s autismem ji\u017e m\u016f\u017ee m\u00edt zaved<\/p>\n<\/div>\n<div class='topic'>\n<h2>V tomto t\u00e9matu bychom se mohli zam\u011b\u0159it na specifika diagnostiky autismu u dosp\u011bl\u00fdch. M\u016f\u017eeme zahrnout informace o tom, jak\u00e9 obt\u00ed\u017ee mohou dosp\u011bl\u00ed s autismem m\u00edt p\u0159i z\u00edsk\u00e1v\u00e1n\u00ed diagn\u00f3zy a jak\u00e9 jsou mo\u017enosti, jak jim pomoci.<\/h2>\n<p>Autismus je neurov\u00fdvojov\u00e1 porucha, kter\u00e1 se projevuje p\u0159edev\u0161\u00edm obt\u00ed\u017eemi v soci\u00e1ln\u00ed interakci, komunikaci a omezen\u00fdmi z\u00e1jmy a aktivitami. Tato porucha se obvykle projevuje ji\u017e v d\u011btstv\u00ed, ale m\u016f\u017ee b\u00fdt diagnostikov\u00e1na i u dosp\u011bl\u00fdch. Diagnostika autismu u dosp\u011bl\u00fdch v\u0161ak m\u016f\u017ee b\u00fdt slo\u017eit\u011bj\u0161\u00ed a n\u00e1ro\u010dn\u011bj\u0161\u00ed ne\u017e u d\u011bt\u00ed.<\/p>\n<p>Jedn\u00edm z hlavn\u00edch d\u016fvod\u016f, pro\u010d m\u016f\u017ee b\u00fdt diagnostika autismu u dosp\u011bl\u00fdch obt\u00ed\u017en\u00e1, je skute\u010dnost, \u017ee mnoho z nich ji\u017e m\u00e1 vyvinut\u00e9 kompenza\u010dn\u00ed mechanismy, kter\u00e9 jim pom\u00e1haj\u00ed p\u0159ekon\u00e1vat obt\u00ed\u017ee spojen\u00e9 s touto poruchou. Dosp\u011bl\u00ed s autismem se tak mohou zd\u00e1t funk\u010dn\u00ed a schopn\u00ed, ale vnit\u0159n\u011b mohou st\u00e1le bojovat s obt\u00ed\u017eemi, kter\u00e9 jim br\u00e1n\u00ed v pln\u00e9m zapojen\u00ed do spole\u010dnosti.<\/p>\n<p>Dal\u0161\u00edm d\u016f<\/p>\n<\/div>\n<div class='topic'>\n<h2><\/h2>\n<p>\u010cesk\u00e1 kuchyn\u011b je jednou z nejstar\u0161\u00edch a nejbohat\u0161\u00edch kuchyn\u00ed v Evrop\u011b. Jej\u00ed ko\u0159eny sahaj\u00ed a\u017e do 9. stolet\u00ed, kdy se za\u010daly formovat prvn\u00ed tradi\u010dn\u00ed pokrmy. \u010cesk\u00e1 kuchyn\u011b je ovlivn\u011bna p\u0159edev\u0161\u00edm st\u0159edoevropskou kuchyn\u00ed, ale najdeme v n\u00ed i prvky z n\u011bmeck\u00e9, rakousk\u00e9, ma\u010farsk\u00e9 a \u017eidovsk\u00e9 kuchyn\u011b.<\/p>\n<p>Hlavn\u00edmi surovinami \u010desk\u00e9 kuchyn\u011b jsou brambory, maso, zelenina, ml\u00e9\u010dn\u00e9 v\u00fdrobky a obiloviny. V\u011bt\u0161ina pokrm\u016f je pom\u011brn\u011b jednoduch\u00e1, ale velmi chutn\u00e1 a s vysokou v\u00fd\u017eivovou hodnotou. Mezi nejzn\u00e1m\u011bj\u0161\u00ed \u010desk\u00e9 speciality pat\u0159\u00ed vep\u0159ov\u00e1 pe\u010den\u011b s knedl\u00edky, gul\u00e1\u0161, sv\u00ed\u010dkov\u00e1 na smetan\u011b, brambor\u00e1ky, sma\u017een\u00fd s\u00fdr a tradi\u010dn\u00ed \u010desk<\/p>\n<\/div>\n<div class='topic'>\n<h2>&#8220;Nov\u00e9 trendy v diagnostice autismu: Vyu\u017eit\u00ed genetick\u00fdch test\u016f&#8221;<\/h2>\n<p>Autismus je neurov\u00fdvojov\u00e9 onemocn\u011bn\u00ed, kter\u00e9 ovliv\u0148uje soci\u00e1ln\u00ed interakce, komunikaci a chov\u00e1n\u00ed jedince. V posledn\u00edch letech se v\u00fdzkum tohoto onemocn\u011bn\u00ed posunul kup\u0159edu a objevily se nov\u00e9 trendy v diagnostice autismu. Jedn\u00edm z nich je vyu\u017eit\u00ed genetick\u00fdch test\u016f.<\/p>\n<p>Genetick\u00e9 testy jsou zalo\u017eeny na anal\u00fdze DNA jedince a mohou poskytnout d\u016fle\u017eit\u00e9 informace o jeho genetick\u00e9m slo\u017een\u00ed. V p\u0159\u00edpad\u011b autismu jsou tyto testy zam\u011b\u0159eny na hled\u00e1n\u00ed specifick\u00fdch genetick\u00fdch mutac\u00ed, kter\u00e9 mohou b\u00fdt spojeny s v\u00fdskytem tohoto onemocn\u011bn\u00ed. D\u00edky nim je mo\u017en\u00e9 identifikovat p\u0159\u00ed\u010diny autismu a z\u00e1rove\u0148 ur\u010dit, zda je jedinec n\u00e1chyln\u00fd k jeho v\u00fdskytu.<\/p>\n<p>Vyu\u017eit\u00ed genetick\u00fdch test\u016f v diagnostice autismu m\u00e1 n\u011bkolik v\u00fdhod. Jednou z nich je rychlost a p\u0159esnost v\u00fds<\/p>\n<\/div>\n<div class='topic'>\n<h2>V tomto t\u00e9matu bychom se mohli zam\u011b\u0159it na nov\u00e9 metody a technologie, kter\u00e9 se vyu\u017e\u00edvaj\u00ed p\u0159i diagnostice autismu.<\/h2>\n<p>Autismus je neurov\u00fdvojov\u00e9 onemocn\u011bn\u00ed, kter\u00e9 se projevuje poruchou soci\u00e1ln\u00ed interakce, komunikace a omezen\u00fdmi z\u00e1jmy a aktivitami. Toto onemocn\u011bn\u00ed postihuje p\u0159ibli\u017en\u011b 1 % populace a je \u010dast\u011bj\u0161\u00ed u chlapc\u016f ne\u017e u d\u00edvek. Diagnostika autismu je velmi d\u016fle\u017eit\u00e1, proto\u017ee \u010d\u00edm d\u0159\u00edve je onemocn\u011bn\u00ed odhaleno, t\u00edm d\u0159\u00edve m\u016f\u017ee b\u00fdt zah\u00e1jena terapie a zlep\u0161ena kvalita \u017eivota pacienta.<\/p>\n<p>V posledn\u00edch letech se v oblasti diagnostiky autismu objevilo mnoho nov\u00fdch metod a technologi\u00ed, kter\u00e9 pom\u00e1haj\u00ed l\u00e9ka\u0159\u016fm a psycholog\u016fm p\u0159esn\u011bji a rychleji diagnostikovat toto onemocn\u011bn\u00ed. Jednou z t\u011bchto nov\u00fdch metod je nap\u0159\u00edklad EEG (elektroencefalografie), kter\u00e1 m\u011b\u0159\u00ed elektrickou aktivitu mozku. U d\u011bt\u00ed s autismem jsou \u010dasto zaznamen\u00e1ny odli\u0161n\u00e9 vzorce<\/p>\n<\/div>\n<\/div>\n","protected":false},"excerpt":{"rendered":"<p>&#8220;Jak prob\u00edh\u00e1 diagnostika autismu u d\u011bt\u00ed?&#8221; Diagnostika autismu u d\u011bt\u00ed je proces, kter\u00fdm se zji\u0161\u0165uje p\u0159\u00edtomnost nebo nep\u0159\u00edtomnost t\u00e9to poruchy v chov\u00e1n\u00ed a v\u00fdvoji d\u00edt\u011bte&#8230;.<\/p>\n","protected":false},"author":1,"featured_media":0,"comment_status":"","ping_status":"open","sticky":false,"template":"","format":"standard","meta":{"inline_featured_image":false},"categories":[849],"tags":[],"yoast_head":"<!-- This site is optimized with the Yoast SEO plugin v18.1 - https:\/\/yoast.com\/wordpress\/plugins\/seo\/ -->\n<title>Autismus diagnostika - Test Mysli<\/title>\n<meta name=\"robots\" content=\"index, follow, max-snippet:-1, max-image-preview:large, max-video-preview:-1\" \/>\n<link rel=\"canonical\" href=\"https:\/\/www.diagnostika-mysli.cz\/blog\/autismus\/autismus-diagnostika\/\" \/>\n<meta property=\"og:locale\" content=\"cs_CZ\" \/>\n<meta property=\"og:type\" content=\"article\" \/>\n<meta property=\"og:title\" content=\"Autismus diagnostika - Test Mysli\" \/>\n<meta property=\"og:description\" content=\"&#8220;Jak prob\u00edh\u00e1 diagnostika autismu u d\u011bt\u00ed?&#8221; Diagnostika autismu u d\u011bt\u00ed je proces, kter\u00fdm se zji\u0161\u0165uje p\u0159\u00edtomnost nebo nep\u0159\u00edtomnost t\u00e9to poruchy v chov\u00e1n\u00ed a v\u00fdvoji d\u00edt\u011bte....\" \/>\n<meta property=\"og:url\" content=\"https:\/\/www.diagnostika-mysli.cz\/blog\/autismus\/autismus-diagnostika\/\" \/>\n<meta property=\"og:site_name\" content=\"Test Mysli\" \/>\n<meta property=\"article:published_time\" content=\"2025-04-01T01:25:36+00:00\" \/>\n<meta name=\"twitter:card\" content=\"summary_large_image\" \/>\n<meta name=\"twitter:label1\" content=\"Napsal(a)\" \/>\n\t<meta name=\"twitter:data1\" content=\"Test Mysli\" \/>\n\t<meta name=\"twitter:label2\" content=\"Odhadovan\u00e1 doba \u010dten\u00ed\" \/>\n\t<meta name=\"twitter:data2\" content=\"6 minut\" \/>\n<script type=\"application\/ld+json\" class=\"yoast-schema-graph\">{\"@context\":\"https:\/\/schema.org\",\"@graph\":[{\"@type\":\"WebSite\",\"@id\":\"https:\/\/www.diagnostika-mysli.cz\/blog\/#website\",\"url\":\"https:\/\/www.diagnostika-mysli.cz\/blog\/\",\"name\":\"Test Mysli\",\"description\":\"Blog o poruch\u00e1ch mysli\",\"potentialAction\":[{\"@type\":\"SearchAction\",\"target\":{\"@type\":\"EntryPoint\",\"urlTemplate\":\"https:\/\/www.diagnostika-mysli.cz\/blog\/?s={search_term_string}\"},\"query-input\":\"required name=search_term_string\"}],\"inLanguage\":\"cs\"},{\"@type\":\"WebPage\",\"@id\":\"https:\/\/www.diagnostika-mysli.cz\/blog\/autismus\/autismus-diagnostika\/#webpage\",\"url\":\"https:\/\/www.diagnostika-mysli.cz\/blog\/autismus\/autismus-diagnostika\/\",\"name\":\"Autismus diagnostika - Test Mysli\",\"isPartOf\":{\"@id\":\"https:\/\/www.diagnostika-mysli.cz\/blog\/#website\"},\"datePublished\":\"2025-04-01T01:25:36+00:00\",\"dateModified\":\"2025-04-01T01:25:36+00:00\",\"author\":{\"@id\":\"https:\/\/www.diagnostika-mysli.cz\/blog\/#\/schema\/person\/8eb1bcaf59fea75c780c11946f4e3490\"},\"breadcrumb\":{\"@id\":\"https:\/\/www.diagnostika-mysli.cz\/blog\/autismus\/autismus-diagnostika\/#breadcrumb\"},\"inLanguage\":\"cs\",\"potentialAction\":[{\"@type\":\"ReadAction\",\"target\":[\"https:\/\/www.diagnostika-mysli.cz\/blog\/autismus\/autismus-diagnostika\/\"]}]},{\"@type\":\"BreadcrumbList\",\"@id\":\"https:\/\/www.diagnostika-mysli.cz\/blog\/autismus\/autismus-diagnostika\/#breadcrumb\",\"itemListElement\":[{\"@type\":\"ListItem\",\"position\":1,\"name\":\"Blog\",\"item\":\"https:\/\/www.diagnostika-mysli.cz\/blog\/\"},{\"@type\":\"ListItem\",\"position\":2,\"name\":\"Autismus\",\"item\":\"https:\/\/www.diagnostika-mysli.cz\/blog\/autismus\/\"},{\"@type\":\"ListItem\",\"position\":3,\"name\":\"Autismus diagnostika\"}]},{\"@type\":\"Person\",\"@id\":\"https:\/\/www.diagnostika-mysli.cz\/blog\/#\/schema\/person\/8eb1bcaf59fea75c780c11946f4e3490\",\"name\":\"Test Mysli\",\"image\":{\"@type\":\"ImageObject\",\"@id\":\"https:\/\/www.diagnostika-mysli.cz\/blog\/#personlogo\",\"inLanguage\":\"cs\",\"url\":\"https:\/\/secure.gravatar.com\/avatar\/6743211f010801ea26aa9423a2daab37?s=96&d=mm&r=g\",\"contentUrl\":\"https:\/\/secure.gravatar.com\/avatar\/6743211f010801ea26aa9423a2daab37?s=96&d=mm&r=g\",\"caption\":\"Test Mysli\"},\"sameAs\":[\"https:\/\/www.diagnostika-mysli.cz\/blog\"],\"url\":\"https:\/\/www.diagnostika-mysli.cz\/blog\/author\/diagnostyka-umyslu\/\"}]}<\/script>\n<!-- \/ Yoast SEO plugin. -->","yoast_head_json":{"title":"Autismus diagnostika - Test Mysli","robots":{"index":"index","follow":"follow","max-snippet":"max-snippet:-1","max-image-preview":"max-image-preview:large","max-video-preview":"max-video-preview:-1"},"canonical":"https:\/\/www.diagnostika-mysli.cz\/blog\/autismus\/autismus-diagnostika\/","og_locale":"cs_CZ","og_type":"article","og_title":"Autismus diagnostika - Test Mysli","og_description":"&#8220;Jak prob\u00edh\u00e1 diagnostika autismu u d\u011bt\u00ed?&#8221; Diagnostika autismu u d\u011bt\u00ed je proces, kter\u00fdm se zji\u0161\u0165uje p\u0159\u00edtomnost nebo nep\u0159\u00edtomnost t\u00e9to poruchy v chov\u00e1n\u00ed a v\u00fdvoji d\u00edt\u011bte....","og_url":"https:\/\/www.diagnostika-mysli.cz\/blog\/autismus\/autismus-diagnostika\/","og_site_name":"Test Mysli","article_published_time":"2025-04-01T01:25:36+00:00","twitter_card":"summary_large_image","twitter_misc":{"Napsal(a)":"Test Mysli","Odhadovan\u00e1 doba \u010dten\u00ed":"6 minut"},"schema":{"@context":"https:\/\/schema.org","@graph":[{"@type":"WebSite","@id":"https:\/\/www.diagnostika-mysli.cz\/blog\/#website","url":"https:\/\/www.diagnostika-mysli.cz\/blog\/","name":"Test Mysli","description":"Blog o poruch\u00e1ch mysli","potentialAction":[{"@type":"SearchAction","target":{"@type":"EntryPoint","urlTemplate":"https:\/\/www.diagnostika-mysli.cz\/blog\/?s={search_term_string}"},"query-input":"required name=search_term_string"}],"inLanguage":"cs"},{"@type":"WebPage","@id":"https:\/\/www.diagnostika-mysli.cz\/blog\/autismus\/autismus-diagnostika\/#webpage","url":"https:\/\/www.diagnostika-mysli.cz\/blog\/autismus\/autismus-diagnostika\/","name":"Autismus diagnostika - Test Mysli","isPartOf":{"@id":"https:\/\/www.diagnostika-mysli.cz\/blog\/#website"},"datePublished":"2025-04-01T01:25:36+00:00","dateModified":"2025-04-01T01:25:36+00:00","author":{"@id":"https:\/\/www.diagnostika-mysli.cz\/blog\/#\/schema\/person\/8eb1bcaf59fea75c780c11946f4e3490"},"breadcrumb":{"@id":"https:\/\/www.diagnostika-mysli.cz\/blog\/autismus\/autismus-diagnostika\/#breadcrumb"},"inLanguage":"cs","potentialAction":[{"@type":"ReadAction","target":["https:\/\/www.diagnostika-mysli.cz\/blog\/autismus\/autismus-diagnostika\/"]}]},{"@type":"BreadcrumbList","@id":"https:\/\/www.diagnostika-mysli.cz\/blog\/autismus\/autismus-diagnostika\/#breadcrumb","itemListElement":[{"@type":"ListItem","position":1,"name":"Blog","item":"https:\/\/www.diagnostika-mysli.cz\/blog\/"},{"@type":"ListItem","position":2,"name":"Autismus","item":"https:\/\/www.diagnostika-mysli.cz\/blog\/autismus\/"},{"@type":"ListItem","position":3,"name":"Autismus diagnostika"}]},{"@type":"Person","@id":"https:\/\/www.diagnostika-mysli.cz\/blog\/#\/schema\/person\/8eb1bcaf59fea75c780c11946f4e3490","name":"Test Mysli","image":{"@type":"ImageObject","@id":"https:\/\/www.diagnostika-mysli.cz\/blog\/#personlogo","inLanguage":"cs","url":"https:\/\/secure.gravatar.com\/avatar\/6743211f010801ea26aa9423a2daab37?s=96&d=mm&r=g","contentUrl":"https:\/\/secure.gravatar.com\/avatar\/6743211f010801ea26aa9423a2daab37?s=96&d=mm&r=g","caption":"Test Mysli"},"sameAs":["https:\/\/www.diagnostika-mysli.cz\/blog"],"url":"https:\/\/www.diagnostika-mysli.cz\/blog\/author\/diagnostyka-umyslu\/"}]}},"amp_enabled":true,"_links":{"self":[{"href":"https:\/\/www.diagnostika-mysli.cz\/blog\/wp-json\/wp\/v2\/posts\/3200"}],"collection":[{"href":"https:\/\/www.diagnostika-mysli.cz\/blog\/wp-json\/wp\/v2\/posts"}],"about":[{"href":"https:\/\/www.diagnostika-mysli.cz\/blog\/wp-json\/wp\/v2\/types\/post"}],"author":[{"embeddable":true,"href":"https:\/\/www.diagnostika-mysli.cz\/blog\/wp-json\/wp\/v2\/users\/1"}],"replies":[{"embeddable":true,"href":"https:\/\/www.diagnostika-mysli.cz\/blog\/wp-json\/wp\/v2\/comments?post=3200"}],"version-history":[{"count":0,"href":"https:\/\/www.diagnostika-mysli.cz\/blog\/wp-json\/wp\/v2\/posts\/3200\/revisions"}],"wp:attachment":[{"href":"https:\/\/www.diagnostika-mysli.cz\/blog\/wp-json\/wp\/v2\/media?parent=3200"}],"wp:term":[{"taxonomy":"category","embeddable":true,"href":"https:\/\/www.diagnostika-mysli.cz\/blog\/wp-json\/wp\/v2\/categories?post=3200"},{"taxonomy":"post_tag","embeddable":true,"href":"https:\/\/www.diagnostika-mysli.cz\/blog\/wp-json\/wp\/v2\/tags?post=3200"}],"curies":[{"name":"wp","href":"https:\/\/api.w.org\/{rel}","templated":true}]}}