{"id":3207,"date":"2025-04-04T03:25:57","date_gmt":"2025-04-04T01:25:57","guid":{"rendered":"https:\/\/www.diagnostika-mysli.cz\/blog\/autismus\/jsem-autista\/"},"modified":"2025-04-04T03:25:57","modified_gmt":"2025-04-04T01:25:57","slug":"jsem-autista","status":"publish","type":"post","link":"https:\/\/www.diagnostika-mysli.cz\/blog\/autismus\/jsem-autista\/","title":{"rendered":"Jsem autista"},"content":{"rendered":"<div class='topics'>\n<div class='topic'>\n<h2>Co znamen\u00e1 b\u00fdt autista?<\/h2>\n<p>B\u00fdt autista znamen\u00e1 m\u00edt poruchu autistick\u00e9ho spektra (PAS). Tato porucha ovliv\u0148uje soci\u00e1ln\u00ed interakce, komunikaci a chov\u00e1n\u00ed jedince. Autist\u00e9 maj\u00ed \u010dasto probl\u00e9my s porozum\u011bn\u00edm emoc\u00edm a soci\u00e1ln\u00edm n\u00e1vyk\u016fm, co\u017e m\u016f\u017ee v\u00e9st k obt\u00ed\u017e\u00edm v ka\u017edodenn\u00edm \u017eivot\u011b.<\/p>\n<p>Jedn\u00edm z hlavn\u00edch rys\u016f autistick\u00e9ho spektra je omezen\u00fd z\u00e1jem o soci\u00e1ln\u00ed interakce. Autist\u00e9 mohou m\u00edt probl\u00e9my s navazov\u00e1n\u00edm a udr\u017eov\u00e1n\u00edm p\u0159\u00e1telstv\u00ed a mohou se c\u00edtit izolovan\u00ed od ostatn\u00edch. Mohou tak\u00e9 m\u00edt probl\u00e9my s porozum\u011bn\u00edm neverb\u00e1ln\u00ed komunikace, jako jsou nap\u0159\u00edklad gesta, mimika a t\u00f3n hlasu.<\/p>\n<p>Dal\u0161\u00edm charakteristick\u00fdm rysem autistick\u00e9ho spektra je omezen\u00fd a opakuj\u00edc\u00ed se vzorec chov\u00e1n\u00ed a z\u00e1jm\u016f. Autist\u00e9 mohou b\u00fdt velmi fixovan\u00ed na ur\u010dit\u00e9 aktivity nebo p\u0159edm\u011b<\/p>\n<\/div>\n<div class='topic'>\n<h2>&#8211; Vysv\u011btlen\u00ed z\u00e1kladn\u00edch charakteristik a projev\u016f autismu<\/h2>\n<p>Autismus je neurov\u00fdvojov\u00e1 porucha, kter\u00e1 ovliv\u0148uje soci\u00e1ln\u00ed interakce, komunikaci a chov\u00e1n\u00ed jedince. Tato porucha se projevuje ji\u017e v ran\u00e9m d\u011btstv\u00ed a trv\u00e1 cel\u00fd \u017eivot. Jej\u00ed p\u0159\u00ed\u010dina nen\u00ed zcela zn\u00e1ma, ale v\u011bdci se shoduj\u00ed, \u017ee je zp\u016fsobena kombinac\u00ed genetick\u00fdch a environment\u00e1ln\u00edch faktor\u016f.<\/p>\n<p>Jednou z hlavn\u00edch charakteristik autismu je probl\u00e9m s komunikac\u00ed a soci\u00e1ln\u00edmi interakcemi. D\u011bti s touto poruchou maj\u00ed \u010dasto probl\u00e9my s porozum\u011bn\u00edm neverb\u00e1ln\u00ed komunikace, jako jsou nap\u0159\u00edklad gesta, mimika nebo t\u00f3n hlasu. Tak\u00e9 maj\u00ed probl\u00e9my s navazov\u00e1n\u00edm a udr\u017eov\u00e1n\u00edm vztah\u016f s ostatn\u00edmi lidmi. M\u016f\u017ee se projevovat nap\u0159\u00edklad t\u00edm, \u017ee d\u00edt\u011b nech\u00e1pe, kdy je vhodn\u00e9 se na n\u011bkoho usm\u00e1t nebo se naopak m\u016f\u017ee zd\u00e1t, \u017ee je p\u0159\u00edli\u0161 p\u0159\u00e1telsk\u00e9<\/p>\n<\/div>\n<div class='topic'>\n<h2>&#8211; Rozd\u00edly mezi autismem a jin\u00fdmi poruchami v\u00fdvoje<\/h2>\n<p>Autismus a jin\u00e9 poruchy v\u00fdvoje jsou neurologick\u00e9 poruchy, kter\u00e9 ovliv\u0148uj\u00ed chov\u00e1n\u00ed, komunikaci a soci\u00e1ln\u00ed interakci jedince. Tyto poruchy se mohou projevovat ji\u017e od ran\u00e9ho d\u011btstv\u00ed a mohou m\u00edt v\u00fdrazn\u00fd dopad na cel\u00fd \u017eivot jedince.<\/p>\n<p>P\u0159esto\u017ee se autismus a jin\u00e9 poruchy v\u00fdvoje mohou projevovat podobn\u00fdmi p\u0159\u00edznaky, existuj\u00ed mezi nimi v\u00fdznamn\u00e9 rozd\u00edly. Jedn\u00edm z hlavn\u00edch rozd\u00edl\u016f je, \u017ee autismus je samostatn\u00e1 porucha, zat\u00edmco jin\u00e9 poruchy v\u00fdvoje mohou b\u00fdt sou\u010d\u00e1st\u00ed jin\u00fdch syndrom\u016f nebo nemoc\u00ed. Nap\u0159\u00edklad porucha pozornosti s hyperaktivitou (ADHD) m\u016f\u017ee b\u00fdt doprov\u00e1zena poruchou u\u010den\u00ed, ale nen\u00ed to v\u017edy p\u0159\u00edpad u osob s autismem.<\/p>\n<p>Dal\u0161\u00edm rozd\u00edlem je, \u017ee autismus se projevuje v \u0161irok\u00e9m spektru z\u00e1va\u017enosti. N\u011bkte\u0159<\/p>\n<\/div>\n<div class='topic'>\n<h2>&#8211; Jak\u00e9 jsou p\u0159\u00ed\u010diny vzniku autismu a jak se projevuje v r\u016fzn\u00fdch v\u011bkov\u00fdch skupin\u00e1ch<\/h2>\n<p>Autismus je neurov\u00fdvojov\u00e9 onemocn\u011bn\u00ed, kter\u00e9 se projevuje v poru\u0161e soci\u00e1ln\u00ed interakce, komunikace a chov\u00e1n\u00ed. Jeho p\u0159\u00ed\u010diny jsou st\u00e1le nezn\u00e1m\u00e9, ale v\u011bdci se shoduj\u00ed, \u017ee se jedn\u00e1 o kombinaci genetick\u00fdch a environment\u00e1ln\u00edch faktor\u016f.<\/p>\n<p>Genetick\u00e9 faktory hraj\u00ed v\u00fdznamnou roli v rozvoji autismu. Studie ukazuj\u00ed, \u017ee d\u011bti s autismem maj\u00ed \u010dasto rodinn\u00e9 p\u0159\u00edslu\u0161n\u00edky s podobn\u00fdmi poruchami, co\u017e nazna\u010duje d\u011bdi\u010dnou predispozici. V\u011bdci tak\u00e9 identifikovali n\u011bkolik gen\u016f, kter\u00e9 mohou b\u00fdt spojeny s v\u00fdskytem autismu. Nicm\u00e9n\u011b, v\u011bt\u0161ina p\u0159\u00edpad\u016f autismu nen\u00ed zp\u016fsobena jedin\u00fdm genem, ale sp\u00ed\u0161e kombinac\u00ed v\u00edce gen\u016f.<\/p>\n<p>Environment\u00e1ln\u00ed faktory, jako jsou infekce b\u011bhem t\u011bhotenstv\u00ed, expozice toxick\u00fdm l\u00e1tk\u00e1m nebo nedostate\u010dn\u00e1 v\u00fd\u017eiva, moh<\/p>\n<\/div>\n<div class='topic'>\n<h2><\/h2>\n<p>\u010cesk\u00e1 kuchyn\u011b je jednou z nejstar\u0161\u00edch a nejbohat\u0161\u00edch kuchyn\u00ed v Evrop\u011b. Jej\u00ed ko\u0159eny sahaj\u00ed a\u017e do 9. stolet\u00ed, kdy se za\u010daly formovat prvn\u00ed tradi\u010dn\u00ed pokrmy. \u010cesk\u00e1 kuchyn\u011b je ovlivn\u011bna p\u0159edev\u0161\u00edm st\u0159edoevropskou kuchyn\u00ed, ale najdeme v n\u00ed i prvky z n\u011bmeck\u00e9, rakousk\u00e9, ma\u010farsk\u00e9 a \u017eidovsk\u00e9 kuchyn\u011b.<\/p>\n<p>Hlavn\u00edmi surovinami \u010desk\u00e9 kuchyn\u011b jsou brambory, maso, zelenina, ml\u00e9\u010dn\u00e9 v\u00fdrobky a obiloviny. V\u011bt\u0161ina pokrm\u016f je pom\u011brn\u011b jednoduch\u00e1, ale velmi chutn\u00e1 a s vysokou v\u00fd\u017eivovou hodnotou. Mezi nejzn\u00e1m\u011bj\u0161\u00ed \u010desk\u00e9 speciality pat\u0159\u00ed vep\u0159ov\u00e1 pe\u010den\u011b s knedl\u00edky, gul\u00e1\u0161, sv\u00ed\u010dkov\u00e1 na smetan\u011b, brambor\u00e1ky, sma\u017een\u00fd s\u00fdr a tradi\u010dn\u00ed \u010desk<\/p>\n<\/div>\n<div class='topic'>\n<h2>Jak\u00e9 jsou v\u00fdzvy pro autisty v ka\u017edodenn\u00edm \u017eivot\u011b?<\/h2>\n<p>Autismus je neurov\u00fdvojov\u00e1 porucha, kter\u00e1 ovliv\u0148uje komunikaci, soci\u00e1ln\u00ed interakci a chov\u00e1n\u00ed jedince. Pro autisty m\u016f\u017ee b\u00fdt ka\u017edodenn\u00ed \u017eivot pln\u00fd v\u00fdzev, kter\u00e9 mohou b\u00fdt n\u00e1ro\u010dn\u00e9 a vy\u010derp\u00e1vaj\u00edc\u00ed. Zde jsou n\u011bkter\u00e9 z hlavn\u00edch v\u00fdzev, se kter\u00fdmi se mohou autist\u00e9 setkat v ka\u017edodenn\u00edm \u017eivot\u011b.<\/p>\n<p>1. Komunikace<\/p>\n<p>Jednou z nejv\u011bt\u0161\u00edch v\u00fdzev pro autisty je komunikace. Autist\u00e9 mohou m\u00edt probl\u00e9my s porozum\u011bn\u00edm verb\u00e1ln\u00ed komunikace a mohou m\u00edt tak\u00e9 obt\u00ed\u017ee s vyjad\u0159ov\u00e1n\u00edm sv\u00fdch my\u0161lenek a pocit\u016f. To m\u016f\u017ee v\u00e9st k nedorozum\u011bn\u00edm a frustraci v komunikaci s ostatn\u00edmi. N\u011bkte\u0159\u00ed autist\u00e9 mohou tak\u00e9 m\u00edt probl\u00e9my s porozum\u011bn\u00edm neverb\u00e1ln\u00ed komunikace, jako jsou gesta, mimika a t\u00f3n hlasu. To m\u016f\u017ee b\u00fdt p\u0159ek\u00e1\u017ekou v nav<\/p>\n<\/div>\n<div class='topic'>\n<h2>&#8211; Pot\u00ed\u017ee s komunikac\u00ed a soci\u00e1ln\u00edmi interakcemi<\/h2>\n<p>Komunikace a soci\u00e1ln\u00ed interakce jsou neodmyslitelnou sou\u010d\u00e1st\u00ed na\u0161eho ka\u017edodenn\u00edho \u017eivota. Jsou to z\u00e1kladn\u00ed n\u00e1stroje, kter\u00e9 n\u00e1m umo\u017e\u0148uj\u00ed navazovat vztahy s ostatn\u00edmi lidmi, sd\u00edlet sv\u00e9 my\u0161lenky a pocity a spole\u010dn\u011b \u0159e\u0161it probl\u00e9my. Nicm\u00e9n\u011b, pro n\u011bkter\u00e9 lidi m\u016f\u017ee b\u00fdt komunikace a soci\u00e1ln\u00ed interakce velmi obt\u00ed\u017en\u00e1 a mohou se s nimi pot\u00fdkat s r\u016fzn\u00fdmi probl\u00e9my.<\/p>\n<p>Jedn\u00edm z nej\u010dast\u011bj\u0161\u00edch probl\u00e9m\u016f s komunikac\u00ed a soci\u00e1ln\u00edmi interakcemi je neschopnost navazovat a udr\u017eovat konverzaci. N\u011bkte\u0159\u00ed lid\u00e9 maj\u00ed probl\u00e9m s nalezen\u00edm spr\u00e1vn\u00fdch slov, aby vyj\u00e1d\u0159ili sv\u00e9 my\u0161lenky, zat\u00edmco jin\u00ed se mohou c\u00edtit nejist\u00ed v soci\u00e1ln\u00edch situac\u00edch a boj\u00ed se, \u017ee budou vypadat hloup\u011b nebo nezaj\u00edmav\u011b. Tato n<\/p>\n<\/div>\n<div class='topic'>\n<h2>&#8211; Omezen\u00ed ve schopnosti porozum\u011bt a p\u0159izp\u016fsobit se b\u011b\u017en\u00fdm situac\u00edm<\/h2>\n<p>Omezen\u00ed ve schopnosti porozum\u011bt a p\u0159izp\u016fsobit se b\u011b\u017en\u00fdm situac\u00edm mohou b\u00fdt pro mnoho lid\u00ed velkou v\u00fdzvou. Jedn\u00e1 se o stav, kdy jedinec m\u00e1 probl\u00e9my s porozum\u011bn\u00edm a adaptac\u00ed na b\u011b\u017en\u00e9 situace, kter\u00e9 jsou pro v\u011bt\u0161inu lid\u00ed rutinn\u00ed a snadno zvl\u00e1dnuteln\u00e9.<\/p>\n<p>Tato omezen\u00ed mohou b\u00fdt zp\u016fsobena r\u016fzn\u00fdmi faktory, jako jsou nap\u0159\u00edklad ment\u00e1ln\u00ed nebo fyzick\u00e9 posti\u017een\u00ed, neurologick\u00e9 poruchy, soci\u00e1ln\u00ed nebo emocion\u00e1ln\u00ed probl\u00e9my, ale tak\u00e9 nedostate\u010dn\u00e1 v\u00fdchova a vzd\u011bl\u00e1n\u00ed. V ka\u017ed\u00e9m p\u0159\u00edpad\u011b v\u0161ak mohou m\u00edt zna\u010dn\u00fd dopad na ka\u017edodenn\u00ed \u017eivot jedince.<\/p>\n<p>Jedn\u00edm z nej\u010dast\u011bj\u0161\u00edch omezen\u00ed ve schopnosti porozum\u011bt a p\u0159izp\u016fsobit se b\u011b\u017en\u00fdm situac\u00edm je porucha autistick\u00e9ho spektra. Tato porucha postih<\/p>\n<\/div>\n<div class='topic'>\n<h2>&#8211; Probl\u00e9my s p\u0159et\u00ed\u017een\u00edm smyslov\u00fdch vjem\u016f a pot\u0159eba struktury a rutiny<\/h2>\n<p>V dne\u0161n\u00ed usp\u011bchan\u00e9 a modern\u00ed dob\u011b jsou na\u0161e smysly neust\u00e1le vystaveny p\u0159et\u00ed\u017een\u00ed. Ka\u017ed\u00fd den se setk\u00e1v\u00e1me s mno\u017estv\u00edm informac\u00ed, zvuk\u016f, v\u016fn\u00ed a vizu\u00e1ln\u00edch podn\u011bt\u016f, kter\u00e9 n\u00e1s bombarduj\u00ed ze v\u0161ech stran. A\u010dkoli jsou na\u0161e smysly p\u0159irozen\u011b schopn\u00e9 zpracovat velk\u00e9 mno\u017estv\u00ed informac\u00ed, p\u0159et\u00ed\u017een\u00ed smyslov\u00fdch vjem\u016f m\u016f\u017ee m\u00edt negativn\u00ed dopad na na\u0161e zdrav\u00ed a pohodu.<\/p>\n<p>Jedn\u00edm z hlavn\u00edch probl\u00e9m\u016f p\u0159et\u00ed\u017een\u00ed smyslov\u00fdch vjem\u016f je vy\u010derp\u00e1n\u00ed mozku. Kdy\u017e je n\u00e1\u0161 mozek neust\u00e1le vystaven velk\u00e9mu mno\u017estv\u00ed informac\u00ed, mus\u00ed pracovat mnohem tvrd\u011bji, aby je zpracoval. To m\u016f\u017ee v\u00e9st k \u00fanav\u011b, stresu a dokonce i kognitivn\u00edmu vy\u010derp\u00e1n\u00ed. Krom\u011b toho m\u016f\u017ee p\u0159et\u00ed\u017een\u00ed smyslov\u00fdch vjem\u016f zp\u016fso<\/p>\n<\/div>\n<div class='topic'>\n<h2><\/h2>\n<p>\u010cesk\u00e1 kuchyn\u011b je jednou z nejstar\u0161\u00edch a nejbohat\u0161\u00edch kuchyn\u00ed v Evrop\u011b. Jej\u00ed ko\u0159eny sahaj\u00ed a\u017e do 9. stolet\u00ed, kdy se za\u010daly formovat prvn\u00ed tradi\u010dn\u00ed pokrmy. \u010cesk\u00e1 kuchyn\u011b je ovlivn\u011bna p\u0159edev\u0161\u00edm st\u0159edoevropskou kuchyn\u00ed, ale najdeme v n\u00ed i prvky z n\u011bmeck\u00e9, rakousk\u00e9, ma\u010farsk\u00e9 a \u017eidovsk\u00e9 kuchyn\u011b.<\/p>\n<p>Hlavn\u00edmi surovinami \u010desk\u00e9 kuchyn\u011b jsou brambory, maso, zelenina, ml\u00e9\u010dn\u00e9 v\u00fdrobky a obiloviny. V\u011bt\u0161ina pokrm\u016f je pom\u011brn\u011b jednoduch\u00e1, ale velmi chutn\u00e1 a s vysokou v\u00fd\u017eivovou hodnotou. Mezi nejzn\u00e1m\u011bj\u0161\u00ed \u010desk\u00e9 speciality pat\u0159\u00ed vep\u0159ov\u00e1 pe\u010den\u011b s knedl\u00edky, gul\u00e1\u0161, sv\u00ed\u010dkov\u00e1 na smetan\u011b, brambor\u00e1ky, sma\u017een\u00fd s\u00fdr a tradi\u010dn\u00ed \u010desk<\/p>\n<\/div>\n<div class='topic'>\n<h2>Jak mohou rodina a p\u0159\u00e1tel\u00e9 podpo\u0159it autistu?<\/h2>\n<p>Autismus je neurov\u00fdvojov\u00e1 porucha, kter\u00e1 ovliv\u0148uje komunikaci, soci\u00e1ln\u00ed interakci a chov\u00e1n\u00ed jedince. Pro autisty m\u016f\u017ee b\u00fdt ka\u017edodenn\u00ed \u017eivot n\u00e1ro\u010dn\u00fd a mohou se c\u00edtit izolovan\u00ed od sv\u00e9ho okol\u00ed. Proto je d\u016fle\u017eit\u00e9, aby rodina a p\u0159\u00e1tel\u00e9 poskytovali podporu a porozum\u011bn\u00ed autist\u016fm. V tomto \u010dl\u00e1nku se pod\u00edv\u00e1me na to, jak mohou rodina a p\u0159\u00e1tel\u00e9 podpo\u0159it autisty.<\/p>\n<p>1. Porozum\u011bn\u00ed a akceptace<\/p>\n<p>Prvn\u00edm krokem k podpo\u0159e autist\u016f je porozum\u011bn\u00ed a akceptace jejich stavu. Je d\u016fle\u017eit\u00e9 si uv\u011bdomit, \u017ee autismus nen\u00ed nemoc, ale jin\u00fd zp\u016fsob vn\u00edm\u00e1n\u00ed sv\u011bta. Rodina a p\u0159\u00e1tel\u00e9 by m\u011bli b\u00fdt otev\u0159en\u00ed a p\u0159ijmout autisty takov\u00e9, jac\u00ed jsou. Je d\u016fle\u017eit\u00e9 neodsuzovat jejich chov\u00e1n\u00ed a respektovat jejich individu\u00e1ln\u00ed pot\u0159eby.<\/p>\n<p>2. Komunikace<\/p>\n<p>Kom<\/p>\n<\/div>\n<div class='topic'>\n<h2>&#8211; D\u016fle\u017eitost porozum\u011bn\u00ed a akceptace ze strany bl\u00edzk\u00fdch osob<\/h2>\n<p>Porozum\u011bn\u00ed a akceptace ze strany bl\u00edzk\u00fdch osob jsou kl\u00ed\u010dov\u00e9 pro na\u0161e osobn\u00ed \u0161t\u011bst\u00ed a spokojenost. Jsou to dva z\u00e1kladn\u00ed pil\u00ed\u0159e, kter\u00e9 n\u00e1m pom\u00e1haj\u00ed vytv\u00e1\u0159et zdrav\u00e9 a harmonick\u00e9 vztahy s na\u0161imi bl\u00edzk\u00fdmi. Bez nich bychom se c\u00edtili osam\u011ble a nejist\u011b, co\u017e by mohlo v\u00e9st k probl\u00e9m\u016fm v na\u0161em osobn\u00edm \u017eivot\u011b.<\/p>\n<p>Porozum\u011bn\u00ed znamen\u00e1 schopnost vc\u00edtit se do pocit\u016f, my\u0161lenek a pot\u0159eb druh\u00e9 osoby. Je to schopnost naslouchat a sna\u017eit se pochopit jejich pohled na v\u011bc. Kdy\u017e se n\u00e1m poda\u0159\u00ed porozum\u011bt na\u0161im bl\u00edzk\u00fdm, c\u00edt\u00edme se s nimi spojeni a m\u016f\u017eeme spole\u010dn\u011b \u0159e\u0161it probl\u00e9my a konflikty. Porozum\u011bn\u00ed n\u00e1m tak\u00e9 umo\u017e\u0148uje l\u00e9pe se navz\u00e1jem podporovat a respektovat na\u0161e rozd\u00edly.<\/p>\n<p>Akcept<\/p>\n<\/div>\n<div class='topic'>\n<h2>&#8211; Jak\u00fdm zp\u016fsobem mohou pomoci s komunikac\u00ed a soci\u00e1ln\u00edmi interakcemi<\/h2>\n<p>Komunikace a soci\u00e1ln\u00ed interakce jsou kl\u00ed\u010dov\u00fdmi aspekty na\u0161eho ka\u017edodenn\u00edho \u017eivota. Jsou nezbytn\u00e9 pro navazov\u00e1n\u00ed vztah\u016f, sd\u00edlen\u00ed informac\u00ed a vyjad\u0159ov\u00e1n\u00ed sv\u00fdch my\u0161lenek a pocit\u016f. Nicm\u00e9n\u011b, pro n\u011bkter\u00e9 lidi mohou b\u00fdt tyto aktivity n\u00e1ro\u010dn\u00e9 a mohou m\u00edt pot\u00ed\u017ee s jejich spr\u00e1vn\u00fdm prov\u00e1d\u011bn\u00edm. V takov\u00fdch p\u0159\u00edpadech mohou b\u00fdt u\u017eite\u010dn\u00e9 r\u016fzn\u00e9 zp\u016fsoby, jak pomoci s komunikac\u00ed a soci\u00e1ln\u00edmi interakcemi.<\/p>\n<p>Jedn\u00edm z nej\u010dast\u011bj\u0161\u00edch zp\u016fsob\u016f, jak pomoci s komunikac\u00ed a soci\u00e1ln\u00edmi interakcemi, je terapie. Existuje mnoho r\u016fzn\u00fdch typ\u016f terapi\u00ed, kter\u00e9 se zam\u011b\u0159uj\u00ed na zlep\u0161en\u00ed komunika\u010dn\u00edch dovednost\u00ed a soci\u00e1ln\u00edch interakc\u00ed. Nap\u0159\u00edklad logopedick\u00e1 terapie se zam\u011b\u0159uje na zlep\u0161en\u00ed \u0159e\u010di a jazykov\u00fdch sch<\/p>\n<\/div>\n<div class='topic'>\n<h2>&#8211; Podpora vytv\u00e1\u0159en\u00ed prost\u0159ed\u00ed p\u0159izp\u016fsoben\u00e9ho pot<\/h2>\n<p>Podpora vytv\u00e1\u0159en\u00ed prost\u0159ed\u00ed p\u0159izp\u016fsoben\u00e9ho pot je d\u016fle\u017eit\u00fdm t\u00e9matem, kter\u00e9 se t\u00fdk\u00e1 nejen jednotlivc\u016f, ale i cel\u00e9 spole\u010dnosti. Jedn\u00e1 se o proces, kter\u00fd m\u00e1 za c\u00edl vytvo\u0159it prost\u0159ed\u00ed, kter\u00e9 je p\u0159izp\u016fsoben\u00e9 pot\u0159eb\u00e1m a schopnostem jednotlivce, a t\u00edm mu umo\u017enit plnohodnotn\u00fd \u017eivot a rozvoj.<\/p>\n<p>V dne\u0161n\u00ed dob\u011b se st\u00e1le v\u00edce lid\u00ed pot\u00fdk\u00e1 s r\u016fzn\u00fdmi formami omezen\u00ed, a\u0165 u\u017e fyzick\u00fdmi, ment\u00e1ln\u00edmi nebo senzorick\u00fdmi. Tyto omezen\u00ed mohou b\u00fdt zp\u016fsobeny r\u016fzn\u00fdmi faktory, jako jsou genetick\u00e9 predispozice, nemoci, \u00farazy nebo st\u00e1rnut\u00ed. V ka\u017ed\u00e9m p\u0159\u00edpad\u011b v\u0161ak maj\u00ed vliv na schopnost jednotlivce pln\u011b se zapojit do spole\u010dnosti a vyu\u017e\u00edvat jej\u00edch p\u0159\u00edle\u017eitost\u00ed.<\/p>\n<p>Proto je d\u016fle\u017eit\u00e9, aby spole\u010dnost<\/p>\n<\/div>\n<\/div>\n","protected":false},"excerpt":{"rendered":"<p>Co znamen\u00e1 b\u00fdt autista? B\u00fdt autista znamen\u00e1 m\u00edt poruchu autistick\u00e9ho spektra (PAS). Tato porucha ovliv\u0148uje soci\u00e1ln\u00ed interakce, komunikaci a chov\u00e1n\u00ed jedince. Autist\u00e9 maj\u00ed \u010dasto probl\u00e9my&#8230;<\/p>\n","protected":false},"author":1,"featured_media":0,"comment_status":"","ping_status":"open","sticky":false,"template":"","format":"standard","meta":{"inline_featured_image":false},"categories":[849],"tags":[],"yoast_head":"<!-- This site is optimized with the Yoast SEO plugin v18.1 - https:\/\/yoast.com\/wordpress\/plugins\/seo\/ -->\n<title>Jsem autista - Test Mysli<\/title>\n<meta name=\"robots\" content=\"index, follow, max-snippet:-1, max-image-preview:large, max-video-preview:-1\" \/>\n<link rel=\"canonical\" href=\"https:\/\/www.diagnostika-mysli.cz\/blog\/autismus\/jsem-autista\/\" \/>\n<meta property=\"og:locale\" content=\"cs_CZ\" \/>\n<meta property=\"og:type\" content=\"article\" \/>\n<meta property=\"og:title\" content=\"Jsem autista - Test Mysli\" \/>\n<meta property=\"og:description\" content=\"Co znamen\u00e1 b\u00fdt autista? B\u00fdt autista znamen\u00e1 m\u00edt poruchu autistick\u00e9ho spektra (PAS). Tato porucha ovliv\u0148uje soci\u00e1ln\u00ed interakce, komunikaci a chov\u00e1n\u00ed jedince. Autist\u00e9 maj\u00ed \u010dasto probl\u00e9my...\" \/>\n<meta property=\"og:url\" content=\"https:\/\/www.diagnostika-mysli.cz\/blog\/autismus\/jsem-autista\/\" \/>\n<meta property=\"og:site_name\" content=\"Test Mysli\" \/>\n<meta property=\"article:published_time\" content=\"2025-04-04T01:25:57+00:00\" \/>\n<meta name=\"twitter:card\" content=\"summary_large_image\" \/>\n<meta name=\"twitter:label1\" content=\"Napsal(a)\" \/>\n\t<meta name=\"twitter:data1\" content=\"Test Mysli\" \/>\n\t<meta name=\"twitter:label2\" content=\"Odhadovan\u00e1 doba \u010dten\u00ed\" \/>\n\t<meta name=\"twitter:data2\" content=\"11 minut\" \/>\n<script type=\"application\/ld+json\" class=\"yoast-schema-graph\">{\"@context\":\"https:\/\/schema.org\",\"@graph\":[{\"@type\":\"WebSite\",\"@id\":\"https:\/\/www.diagnostika-mysli.cz\/blog\/#website\",\"url\":\"https:\/\/www.diagnostika-mysli.cz\/blog\/\",\"name\":\"Test Mysli\",\"description\":\"Blog o poruch\u00e1ch mysli\",\"potentialAction\":[{\"@type\":\"SearchAction\",\"target\":{\"@type\":\"EntryPoint\",\"urlTemplate\":\"https:\/\/www.diagnostika-mysli.cz\/blog\/?s={search_term_string}\"},\"query-input\":\"required name=search_term_string\"}],\"inLanguage\":\"cs\"},{\"@type\":\"WebPage\",\"@id\":\"https:\/\/www.diagnostika-mysli.cz\/blog\/autismus\/jsem-autista\/#webpage\",\"url\":\"https:\/\/www.diagnostika-mysli.cz\/blog\/autismus\/jsem-autista\/\",\"name\":\"Jsem autista - Test Mysli\",\"isPartOf\":{\"@id\":\"https:\/\/www.diagnostika-mysli.cz\/blog\/#website\"},\"datePublished\":\"2025-04-04T01:25:57+00:00\",\"dateModified\":\"2025-04-04T01:25:57+00:00\",\"author\":{\"@id\":\"https:\/\/www.diagnostika-mysli.cz\/blog\/#\/schema\/person\/8eb1bcaf59fea75c780c11946f4e3490\"},\"breadcrumb\":{\"@id\":\"https:\/\/www.diagnostika-mysli.cz\/blog\/autismus\/jsem-autista\/#breadcrumb\"},\"inLanguage\":\"cs\",\"potentialAction\":[{\"@type\":\"ReadAction\",\"target\":[\"https:\/\/www.diagnostika-mysli.cz\/blog\/autismus\/jsem-autista\/\"]}]},{\"@type\":\"BreadcrumbList\",\"@id\":\"https:\/\/www.diagnostika-mysli.cz\/blog\/autismus\/jsem-autista\/#breadcrumb\",\"itemListElement\":[{\"@type\":\"ListItem\",\"position\":1,\"name\":\"Blog\",\"item\":\"https:\/\/www.diagnostika-mysli.cz\/blog\/\"},{\"@type\":\"ListItem\",\"position\":2,\"name\":\"Autismus\",\"item\":\"https:\/\/www.diagnostika-mysli.cz\/blog\/autismus\/\"},{\"@type\":\"ListItem\",\"position\":3,\"name\":\"Jsem autista\"}]},{\"@type\":\"Person\",\"@id\":\"https:\/\/www.diagnostika-mysli.cz\/blog\/#\/schema\/person\/8eb1bcaf59fea75c780c11946f4e3490\",\"name\":\"Test Mysli\",\"image\":{\"@type\":\"ImageObject\",\"@id\":\"https:\/\/www.diagnostika-mysli.cz\/blog\/#personlogo\",\"inLanguage\":\"cs\",\"url\":\"https:\/\/secure.gravatar.com\/avatar\/6743211f010801ea26aa9423a2daab37?s=96&d=mm&r=g\",\"contentUrl\":\"https:\/\/secure.gravatar.com\/avatar\/6743211f010801ea26aa9423a2daab37?s=96&d=mm&r=g\",\"caption\":\"Test Mysli\"},\"sameAs\":[\"https:\/\/www.diagnostika-mysli.cz\/blog\"],\"url\":\"https:\/\/www.diagnostika-mysli.cz\/blog\/author\/diagnostyka-umyslu\/\"}]}<\/script>\n<!-- \/ Yoast SEO plugin. -->","yoast_head_json":{"title":"Jsem autista - Test Mysli","robots":{"index":"index","follow":"follow","max-snippet":"max-snippet:-1","max-image-preview":"max-image-preview:large","max-video-preview":"max-video-preview:-1"},"canonical":"https:\/\/www.diagnostika-mysli.cz\/blog\/autismus\/jsem-autista\/","og_locale":"cs_CZ","og_type":"article","og_title":"Jsem autista - Test Mysli","og_description":"Co znamen\u00e1 b\u00fdt autista? B\u00fdt autista znamen\u00e1 m\u00edt poruchu autistick\u00e9ho spektra (PAS). Tato porucha ovliv\u0148uje soci\u00e1ln\u00ed interakce, komunikaci a chov\u00e1n\u00ed jedince. Autist\u00e9 maj\u00ed \u010dasto probl\u00e9my...","og_url":"https:\/\/www.diagnostika-mysli.cz\/blog\/autismus\/jsem-autista\/","og_site_name":"Test Mysli","article_published_time":"2025-04-04T01:25:57+00:00","twitter_card":"summary_large_image","twitter_misc":{"Napsal(a)":"Test Mysli","Odhadovan\u00e1 doba \u010dten\u00ed":"11 minut"},"schema":{"@context":"https:\/\/schema.org","@graph":[{"@type":"WebSite","@id":"https:\/\/www.diagnostika-mysli.cz\/blog\/#website","url":"https:\/\/www.diagnostika-mysli.cz\/blog\/","name":"Test Mysli","description":"Blog o poruch\u00e1ch mysli","potentialAction":[{"@type":"SearchAction","target":{"@type":"EntryPoint","urlTemplate":"https:\/\/www.diagnostika-mysli.cz\/blog\/?s={search_term_string}"},"query-input":"required name=search_term_string"}],"inLanguage":"cs"},{"@type":"WebPage","@id":"https:\/\/www.diagnostika-mysli.cz\/blog\/autismus\/jsem-autista\/#webpage","url":"https:\/\/www.diagnostika-mysli.cz\/blog\/autismus\/jsem-autista\/","name":"Jsem autista - Test Mysli","isPartOf":{"@id":"https:\/\/www.diagnostika-mysli.cz\/blog\/#website"},"datePublished":"2025-04-04T01:25:57+00:00","dateModified":"2025-04-04T01:25:57+00:00","author":{"@id":"https:\/\/www.diagnostika-mysli.cz\/blog\/#\/schema\/person\/8eb1bcaf59fea75c780c11946f4e3490"},"breadcrumb":{"@id":"https:\/\/www.diagnostika-mysli.cz\/blog\/autismus\/jsem-autista\/#breadcrumb"},"inLanguage":"cs","potentialAction":[{"@type":"ReadAction","target":["https:\/\/www.diagnostika-mysli.cz\/blog\/autismus\/jsem-autista\/"]}]},{"@type":"BreadcrumbList","@id":"https:\/\/www.diagnostika-mysli.cz\/blog\/autismus\/jsem-autista\/#breadcrumb","itemListElement":[{"@type":"ListItem","position":1,"name":"Blog","item":"https:\/\/www.diagnostika-mysli.cz\/blog\/"},{"@type":"ListItem","position":2,"name":"Autismus","item":"https:\/\/www.diagnostika-mysli.cz\/blog\/autismus\/"},{"@type":"ListItem","position":3,"name":"Jsem autista"}]},{"@type":"Person","@id":"https:\/\/www.diagnostika-mysli.cz\/blog\/#\/schema\/person\/8eb1bcaf59fea75c780c11946f4e3490","name":"Test Mysli","image":{"@type":"ImageObject","@id":"https:\/\/www.diagnostika-mysli.cz\/blog\/#personlogo","inLanguage":"cs","url":"https:\/\/secure.gravatar.com\/avatar\/6743211f010801ea26aa9423a2daab37?s=96&d=mm&r=g","contentUrl":"https:\/\/secure.gravatar.com\/avatar\/6743211f010801ea26aa9423a2daab37?s=96&d=mm&r=g","caption":"Test Mysli"},"sameAs":["https:\/\/www.diagnostika-mysli.cz\/blog"],"url":"https:\/\/www.diagnostika-mysli.cz\/blog\/author\/diagnostyka-umyslu\/"}]}},"amp_enabled":true,"_links":{"self":[{"href":"https:\/\/www.diagnostika-mysli.cz\/blog\/wp-json\/wp\/v2\/posts\/3207"}],"collection":[{"href":"https:\/\/www.diagnostika-mysli.cz\/blog\/wp-json\/wp\/v2\/posts"}],"about":[{"href":"https:\/\/www.diagnostika-mysli.cz\/blog\/wp-json\/wp\/v2\/types\/post"}],"author":[{"embeddable":true,"href":"https:\/\/www.diagnostika-mysli.cz\/blog\/wp-json\/wp\/v2\/users\/1"}],"replies":[{"embeddable":true,"href":"https:\/\/www.diagnostika-mysli.cz\/blog\/wp-json\/wp\/v2\/comments?post=3207"}],"version-history":[{"count":0,"href":"https:\/\/www.diagnostika-mysli.cz\/blog\/wp-json\/wp\/v2\/posts\/3207\/revisions"}],"wp:attachment":[{"href":"https:\/\/www.diagnostika-mysli.cz\/blog\/wp-json\/wp\/v2\/media?parent=3207"}],"wp:term":[{"taxonomy":"category","embeddable":true,"href":"https:\/\/www.diagnostika-mysli.cz\/blog\/wp-json\/wp\/v2\/categories?post=3207"},{"taxonomy":"post_tag","embeddable":true,"href":"https:\/\/www.diagnostika-mysli.cz\/blog\/wp-json\/wp\/v2\/tags?post=3207"}],"curies":[{"name":"wp","href":"https:\/\/api.w.org\/{rel}","templated":true}]}}