{"id":3211,"date":"2025-04-06T03:25:20","date_gmt":"2025-04-06T01:25:20","guid":{"rendered":"https:\/\/www.diagnostika-mysli.cz\/blog\/autismus\/aspergeruv-syndrom-u-deti-2\/"},"modified":"2025-04-06T03:25:20","modified_gmt":"2025-04-06T01:25:20","slug":"aspergeruv-syndrom-u-deti-2","status":"publish","type":"post","link":"https:\/\/www.diagnostika-mysli.cz\/blog\/autismus\/aspergeruv-syndrom-u-deti-2\/","title":{"rendered":"Asperger\u016fv syndrom u d\u011bt\u00ed"},"content":{"rendered":"<div class='topics'>\n<div class='topic'>\n<h2>Co je Asperger\u016fv syndrom a jak se projevuje u d\u011bt\u00ed?<\/h2>\n<p>Asperger\u016fv syndrom je neurov\u00fdvojov\u00e9 onemocn\u011bn\u00ed, kter\u00e9 se projevuje u d\u011bt\u00ed od ran\u00e9ho d\u011btstv\u00ed. Jedn\u00e1 se o poruchu autistick\u00e9ho spektra, kter\u00e1 ovliv\u0148uje soci\u00e1ln\u00ed interakce, komunikaci a chov\u00e1n\u00ed jedince.<\/p>\n<p>D\u011bti s Aspergerov\u00fdm syndromem maj\u00ed \u010dasto probl\u00e9my s porozum\u011bn\u00edm soci\u00e1ln\u00edm n\u00e1vyk\u016fm a nespr\u00e1vn\u011b interpretuj\u00ed verb\u00e1ln\u00ed i neverb\u00e1ln\u00ed sign\u00e1ly. To m\u016f\u017ee v\u00e9st k obt\u00ed\u017e\u00edm v navazov\u00e1n\u00ed a udr\u017eov\u00e1n\u00ed p\u0159\u00e1telstv\u00ed a vytv\u00e1\u0159en\u00ed vztah\u016f s ostatn\u00edmi d\u011btmi. D\u011bti s Aspergerov\u00fdm syndromem tak\u00e9 \u010dasto projevuj\u00ed opakuj\u00edc\u00ed se chov\u00e1n\u00ed a z\u00e1jmy, kter\u00e9 mohou b\u00fdt intenzivn\u00ed a omezen\u00e9 pouze na ur\u010ditou oblast.<\/p>\n<p>Dal\u0161\u00edm charakteristick\u00fdm projevem Aspergerova syndromu je neschopnost porozum\u011bt emoc\u00edm a projevovat je. D\u011bti<\/p>\n<\/div>\n<div class='topic'>\n<h2>Jak\u00e9 jsou mo\u017en\u00e9 p\u0159\u00ed\u010diny vzniku Aspergerova syndromu u d\u011bt\u00ed?<\/h2>\n<p>Asperger\u016fv syndrom je neurov\u00fdvojov\u00e9 onemocn\u011bn\u00ed, kter\u00e9 se projevuje p\u0159edev\u0161\u00edm v soci\u00e1ln\u00edm chov\u00e1n\u00ed a komunikaci. Toto onemocn\u011bn\u00ed se obvykle projevuje ji\u017e v d\u011btstv\u00ed a m\u016f\u017ee m\u00edt r\u016fzn\u00e9 p\u0159\u00ed\u010diny. V tomto \u010dl\u00e1nku se pod\u00edv\u00e1me na mo\u017en\u00e9 p\u0159\u00ed\u010diny vzniku Aspergerova syndromu u d\u011bt\u00ed.<\/p>\n<p>1. Genetick\u00e9 faktory<br \/>Jednou z hlavn\u00edch p\u0159\u00ed\u010din Aspergerova syndromu jsou genetick\u00e9 faktory. V\u011bdci zjistili, \u017ee d\u011bti, jejich\u017e rodinn\u00ed p\u0159\u00edslu\u0161n\u00edci trp\u00ed Aspergerov\u00fdm syndromem, maj\u00ed vy\u0161\u0161\u00ed riziko vzniku tohoto onemocn\u011bn\u00ed. Studie ukazuj\u00ed, \u017ee genetick\u00e9 faktory mohou hr\u00e1t roli u 50-90% p\u0159\u00edpad\u016f Aspergerova syndromu. To znamen\u00e1, \u017ee pokud m\u00e1te v rodin\u011b n\u011bkoho s t\u00edmto onemocn\u011bn\u00edm, je pravd\u011bpodobn<\/p>\n<\/div>\n<div class='topic'>\n<h2>Jak mohou rodi\u010de a u\u010ditel\u00e9 pomoci d\u011btem s Aspergerov\u00fdm syndromem v jejich ka\u017edodenn\u00edm \u017eivot\u011b?<\/h2>\n<p>Asperger\u016fv syndrom je neurov\u00fdvojov\u00e9 onemocn\u011bn\u00ed, kter\u00e9 ovliv\u0148uje soci\u00e1ln\u00ed interakci, komunikaci a chov\u00e1n\u00ed jedince. D\u011bti s t\u00edmto syndromem se \u010dasto pot\u00fdkaj\u00ed s obt\u00ed\u017eemi v ka\u017edodenn\u00edm \u017eivot\u011b, a proto je d\u016fle\u017eit\u00e9, aby rodi\u010de a u\u010ditel\u00e9 poskytovali podporu a pomoc v jejich r\u016fstu a v\u00fdvoji.<\/p>\n<p>Prvn\u00edm krokem pro rodi\u010de a u\u010ditele je porozum\u011bt Aspergerovu syndromu a jeho projev\u016fm. Je d\u016fle\u017eit\u00e9 si uv\u011bdomit, \u017ee ka\u017ed\u00e9 d\u00edt\u011b s t\u00edmto syndromem je jedine\u010dn\u00e9 a m\u016f\u017ee m\u00edt odli\u0161n\u00e9 pot\u0159eby a schopnosti. Proto je d\u016fle\u017eit\u00e9 komunikovat s d\u00edt\u011btem a zjistit, jak\u00e9 jsou jeho siln\u00e9 str\u00e1nky a co mu d\u011bl\u00e1 probl\u00e9my.<\/p>\n<p>Dal\u0161\u00edm d\u016fle\u017eit\u00fdm krokem je vytvo\u0159it pro d\u00edt\u011b s Aspergerov\u00fdm syndromem strukturovan\u00e9 prost\u0159ed\u00ed.<\/p>\n<\/div>\n<div class='topic'>\n<h2>Jak\u00e9 jsou mo\u017enosti l\u00e9\u010dby a terapie pro d\u011bti s Aspergerov\u00fdm syndromem?<\/h2>\n<p>Asperger\u016fv syndrom je neurov\u00fdvojov\u00e9 onemocn\u011bn\u00ed, kter\u00e9 se projevuje p\u0159edev\u0161\u00edm poruchami soci\u00e1ln\u00ed interakce a komunikace, stereotypn\u00edmi chov\u00e1n\u00edmi a omezen\u00fdmi z\u00e1jmy. Toto onemocn\u011bn\u00ed se nej\u010dast\u011bji projevuje ji\u017e v d\u011btstv\u00ed a m\u016f\u017ee m\u00edt v\u00fdrazn\u00fd dopad na \u017eivot d\u00edt\u011bte i jeho rodiny. Proto je d\u016fle\u017eit\u00e9, aby bylo v\u010das diagnostikov\u00e1no a l\u00e9\u010deno.<\/p>\n<p>Existuje n\u011bkolik mo\u017enost\u00ed l\u00e9\u010dby a terapie pro d\u011bti s Aspergerov\u00fdm syndromem, kter\u00e9 mohou pomoci zlep\u0161it jejich soci\u00e1ln\u00ed interakci, komunikaci a celkovou kvalitu \u017eivota.<\/p>\n<p>1. Behavior\u00e1ln\u00ed terapie<br \/>Behavior\u00e1ln\u00ed terapie je jednou z nej\u010dast\u011bji pou\u017e\u00edvan\u00fdch metod l\u00e9\u010dby Aspergerova syndromu u d\u011bt\u00ed. Tato terapie se zam\u011b\u0159uje na zm\u011bnu ne\u017e\u00e1douc\u00edho chov\u00e1n\u00ed a u\u010den\u00ed nov\u00fdch dovednost\u00ed. Terapeut<\/p>\n<\/div>\n<\/div>\n","protected":false},"excerpt":{"rendered":"<p>Co je Asperger\u016fv syndrom a jak se projevuje u d\u011bt\u00ed? Asperger\u016fv syndrom je neurov\u00fdvojov\u00e9 onemocn\u011bn\u00ed, kter\u00e9 se projevuje u d\u011bt\u00ed od ran\u00e9ho d\u011btstv\u00ed. Jedn\u00e1 se&#8230;<\/p>\n","protected":false},"author":1,"featured_media":0,"comment_status":"","ping_status":"open","sticky":false,"template":"","format":"standard","meta":{"inline_featured_image":false},"categories":[849],"tags":[],"yoast_head":"<!-- This site is optimized with the Yoast SEO plugin v18.1 - https:\/\/yoast.com\/wordpress\/plugins\/seo\/ -->\n<title>Asperger\u016fv syndrom u d\u011bt\u00ed - Test Mysli<\/title>\n<meta name=\"robots\" content=\"index, follow, max-snippet:-1, max-image-preview:large, max-video-preview:-1\" \/>\n<link rel=\"canonical\" href=\"https:\/\/www.diagnostika-mysli.cz\/blog\/autismus\/aspergeruv-syndrom-u-deti-2\/\" \/>\n<meta property=\"og:locale\" content=\"cs_CZ\" \/>\n<meta property=\"og:type\" content=\"article\" \/>\n<meta property=\"og:title\" content=\"Asperger\u016fv syndrom u d\u011bt\u00ed - Test Mysli\" \/>\n<meta property=\"og:description\" content=\"Co je Asperger\u016fv syndrom a jak se projevuje u d\u011bt\u00ed? Asperger\u016fv syndrom je neurov\u00fdvojov\u00e9 onemocn\u011bn\u00ed, kter\u00e9 se projevuje u d\u011bt\u00ed od ran\u00e9ho d\u011btstv\u00ed. Jedn\u00e1 se...\" \/>\n<meta property=\"og:url\" content=\"https:\/\/www.diagnostika-mysli.cz\/blog\/autismus\/aspergeruv-syndrom-u-deti-2\/\" \/>\n<meta property=\"og:site_name\" content=\"Test Mysli\" \/>\n<meta property=\"article:published_time\" content=\"2025-04-06T01:25:20+00:00\" \/>\n<meta name=\"twitter:card\" content=\"summary_large_image\" \/>\n<meta name=\"twitter:label1\" content=\"Napsal(a)\" \/>\n\t<meta name=\"twitter:data1\" content=\"Test Mysli\" \/>\n\t<meta name=\"twitter:label2\" content=\"Odhadovan\u00e1 doba \u010dten\u00ed\" \/>\n\t<meta name=\"twitter:data2\" content=\"3 minuty\" \/>\n<script type=\"application\/ld+json\" class=\"yoast-schema-graph\">{\"@context\":\"https:\/\/schema.org\",\"@graph\":[{\"@type\":\"WebSite\",\"@id\":\"https:\/\/www.diagnostika-mysli.cz\/blog\/#website\",\"url\":\"https:\/\/www.diagnostika-mysli.cz\/blog\/\",\"name\":\"Test Mysli\",\"description\":\"Blog o poruch\u00e1ch mysli\",\"potentialAction\":[{\"@type\":\"SearchAction\",\"target\":{\"@type\":\"EntryPoint\",\"urlTemplate\":\"https:\/\/www.diagnostika-mysli.cz\/blog\/?s={search_term_string}\"},\"query-input\":\"required name=search_term_string\"}],\"inLanguage\":\"cs\"},{\"@type\":\"WebPage\",\"@id\":\"https:\/\/www.diagnostika-mysli.cz\/blog\/autismus\/aspergeruv-syndrom-u-deti-2\/#webpage\",\"url\":\"https:\/\/www.diagnostika-mysli.cz\/blog\/autismus\/aspergeruv-syndrom-u-deti-2\/\",\"name\":\"Asperger\u016fv syndrom u d\u011bt\u00ed - Test Mysli\",\"isPartOf\":{\"@id\":\"https:\/\/www.diagnostika-mysli.cz\/blog\/#website\"},\"datePublished\":\"2025-04-06T01:25:20+00:00\",\"dateModified\":\"2025-04-06T01:25:20+00:00\",\"author\":{\"@id\":\"https:\/\/www.diagnostika-mysli.cz\/blog\/#\/schema\/person\/8eb1bcaf59fea75c780c11946f4e3490\"},\"breadcrumb\":{\"@id\":\"https:\/\/www.diagnostika-mysli.cz\/blog\/autismus\/aspergeruv-syndrom-u-deti-2\/#breadcrumb\"},\"inLanguage\":\"cs\",\"potentialAction\":[{\"@type\":\"ReadAction\",\"target\":[\"https:\/\/www.diagnostika-mysli.cz\/blog\/autismus\/aspergeruv-syndrom-u-deti-2\/\"]}]},{\"@type\":\"BreadcrumbList\",\"@id\":\"https:\/\/www.diagnostika-mysli.cz\/blog\/autismus\/aspergeruv-syndrom-u-deti-2\/#breadcrumb\",\"itemListElement\":[{\"@type\":\"ListItem\",\"position\":1,\"name\":\"Blog\",\"item\":\"https:\/\/www.diagnostika-mysli.cz\/blog\/\"},{\"@type\":\"ListItem\",\"position\":2,\"name\":\"Autismus\",\"item\":\"https:\/\/www.diagnostika-mysli.cz\/blog\/autismus\/\"},{\"@type\":\"ListItem\",\"position\":3,\"name\":\"Asperger\u016fv syndrom u d\u011bt\u00ed\"}]},{\"@type\":\"Person\",\"@id\":\"https:\/\/www.diagnostika-mysli.cz\/blog\/#\/schema\/person\/8eb1bcaf59fea75c780c11946f4e3490\",\"name\":\"Test Mysli\",\"image\":{\"@type\":\"ImageObject\",\"@id\":\"https:\/\/www.diagnostika-mysli.cz\/blog\/#personlogo\",\"inLanguage\":\"cs\",\"url\":\"https:\/\/secure.gravatar.com\/avatar\/6743211f010801ea26aa9423a2daab37?s=96&d=mm&r=g\",\"contentUrl\":\"https:\/\/secure.gravatar.com\/avatar\/6743211f010801ea26aa9423a2daab37?s=96&d=mm&r=g\",\"caption\":\"Test Mysli\"},\"sameAs\":[\"https:\/\/www.diagnostika-mysli.cz\/blog\"],\"url\":\"https:\/\/www.diagnostika-mysli.cz\/blog\/author\/diagnostyka-umyslu\/\"}]}<\/script>\n<!-- \/ Yoast SEO plugin. -->","yoast_head_json":{"title":"Asperger\u016fv syndrom u d\u011bt\u00ed - Test Mysli","robots":{"index":"index","follow":"follow","max-snippet":"max-snippet:-1","max-image-preview":"max-image-preview:large","max-video-preview":"max-video-preview:-1"},"canonical":"https:\/\/www.diagnostika-mysli.cz\/blog\/autismus\/aspergeruv-syndrom-u-deti-2\/","og_locale":"cs_CZ","og_type":"article","og_title":"Asperger\u016fv syndrom u d\u011bt\u00ed - Test Mysli","og_description":"Co je Asperger\u016fv syndrom a jak se projevuje u d\u011bt\u00ed? Asperger\u016fv syndrom je neurov\u00fdvojov\u00e9 onemocn\u011bn\u00ed, kter\u00e9 se projevuje u d\u011bt\u00ed od ran\u00e9ho d\u011btstv\u00ed. Jedn\u00e1 se...","og_url":"https:\/\/www.diagnostika-mysli.cz\/blog\/autismus\/aspergeruv-syndrom-u-deti-2\/","og_site_name":"Test Mysli","article_published_time":"2025-04-06T01:25:20+00:00","twitter_card":"summary_large_image","twitter_misc":{"Napsal(a)":"Test Mysli","Odhadovan\u00e1 doba \u010dten\u00ed":"3 minuty"},"schema":{"@context":"https:\/\/schema.org","@graph":[{"@type":"WebSite","@id":"https:\/\/www.diagnostika-mysli.cz\/blog\/#website","url":"https:\/\/www.diagnostika-mysli.cz\/blog\/","name":"Test Mysli","description":"Blog o poruch\u00e1ch mysli","potentialAction":[{"@type":"SearchAction","target":{"@type":"EntryPoint","urlTemplate":"https:\/\/www.diagnostika-mysli.cz\/blog\/?s={search_term_string}"},"query-input":"required name=search_term_string"}],"inLanguage":"cs"},{"@type":"WebPage","@id":"https:\/\/www.diagnostika-mysli.cz\/blog\/autismus\/aspergeruv-syndrom-u-deti-2\/#webpage","url":"https:\/\/www.diagnostika-mysli.cz\/blog\/autismus\/aspergeruv-syndrom-u-deti-2\/","name":"Asperger\u016fv syndrom u d\u011bt\u00ed - Test Mysli","isPartOf":{"@id":"https:\/\/www.diagnostika-mysli.cz\/blog\/#website"},"datePublished":"2025-04-06T01:25:20+00:00","dateModified":"2025-04-06T01:25:20+00:00","author":{"@id":"https:\/\/www.diagnostika-mysli.cz\/blog\/#\/schema\/person\/8eb1bcaf59fea75c780c11946f4e3490"},"breadcrumb":{"@id":"https:\/\/www.diagnostika-mysli.cz\/blog\/autismus\/aspergeruv-syndrom-u-deti-2\/#breadcrumb"},"inLanguage":"cs","potentialAction":[{"@type":"ReadAction","target":["https:\/\/www.diagnostika-mysli.cz\/blog\/autismus\/aspergeruv-syndrom-u-deti-2\/"]}]},{"@type":"BreadcrumbList","@id":"https:\/\/www.diagnostika-mysli.cz\/blog\/autismus\/aspergeruv-syndrom-u-deti-2\/#breadcrumb","itemListElement":[{"@type":"ListItem","position":1,"name":"Blog","item":"https:\/\/www.diagnostika-mysli.cz\/blog\/"},{"@type":"ListItem","position":2,"name":"Autismus","item":"https:\/\/www.diagnostika-mysli.cz\/blog\/autismus\/"},{"@type":"ListItem","position":3,"name":"Asperger\u016fv syndrom u d\u011bt\u00ed"}]},{"@type":"Person","@id":"https:\/\/www.diagnostika-mysli.cz\/blog\/#\/schema\/person\/8eb1bcaf59fea75c780c11946f4e3490","name":"Test Mysli","image":{"@type":"ImageObject","@id":"https:\/\/www.diagnostika-mysli.cz\/blog\/#personlogo","inLanguage":"cs","url":"https:\/\/secure.gravatar.com\/avatar\/6743211f010801ea26aa9423a2daab37?s=96&d=mm&r=g","contentUrl":"https:\/\/secure.gravatar.com\/avatar\/6743211f010801ea26aa9423a2daab37?s=96&d=mm&r=g","caption":"Test Mysli"},"sameAs":["https:\/\/www.diagnostika-mysli.cz\/blog"],"url":"https:\/\/www.diagnostika-mysli.cz\/blog\/author\/diagnostyka-umyslu\/"}]}},"amp_enabled":true,"_links":{"self":[{"href":"https:\/\/www.diagnostika-mysli.cz\/blog\/wp-json\/wp\/v2\/posts\/3211"}],"collection":[{"href":"https:\/\/www.diagnostika-mysli.cz\/blog\/wp-json\/wp\/v2\/posts"}],"about":[{"href":"https:\/\/www.diagnostika-mysli.cz\/blog\/wp-json\/wp\/v2\/types\/post"}],"author":[{"embeddable":true,"href":"https:\/\/www.diagnostika-mysli.cz\/blog\/wp-json\/wp\/v2\/users\/1"}],"replies":[{"embeddable":true,"href":"https:\/\/www.diagnostika-mysli.cz\/blog\/wp-json\/wp\/v2\/comments?post=3211"}],"version-history":[{"count":0,"href":"https:\/\/www.diagnostika-mysli.cz\/blog\/wp-json\/wp\/v2\/posts\/3211\/revisions"}],"wp:attachment":[{"href":"https:\/\/www.diagnostika-mysli.cz\/blog\/wp-json\/wp\/v2\/media?parent=3211"}],"wp:term":[{"taxonomy":"category","embeddable":true,"href":"https:\/\/www.diagnostika-mysli.cz\/blog\/wp-json\/wp\/v2\/categories?post=3211"},{"taxonomy":"post_tag","embeddable":true,"href":"https:\/\/www.diagnostika-mysli.cz\/blog\/wp-json\/wp\/v2\/tags?post=3211"}],"curies":[{"name":"wp","href":"https:\/\/api.w.org\/{rel}","templated":true}]}}