{"id":3215,"date":"2025-04-08T03:25:34","date_gmt":"2025-04-08T01:25:34","guid":{"rendered":"https:\/\/www.diagnostika-mysli.cz\/blog\/autismus\/vysokofunkcni-autismus\/"},"modified":"2025-04-08T03:25:34","modified_gmt":"2025-04-08T01:25:34","slug":"vysokofunkcni-autismus","status":"publish","type":"post","link":"https:\/\/www.diagnostika-mysli.cz\/blog\/autismus\/vysokofunkcni-autismus\/","title":{"rendered":"Vysokofunk\u010dn\u00ed autismus"},"content":{"rendered":"<div class='topics'>\n<div class='topic'>\n<h2>Co je vysokofunk\u010dn\u00ed autismus a jak se projevuje?<\/h2>\n<p>Vysokofunk\u010dn\u00ed autismus, tak\u00e9 zn\u00e1m\u00fd jako Asperger\u016fv syndrom, je neurov\u00fdvojov\u00e9 onemocn\u011bn\u00ed, kter\u00e9 ovliv\u0148uje soci\u00e1ln\u00ed interakci, komunikaci a chov\u00e1n\u00ed jedince. Jedn\u00e1 se o formu autismu, kter\u00e1 se projevuje vysokou inteligenc\u00ed a schopnost\u00ed u\u010den\u00ed, co\u017e m\u016f\u017ee b\u00fdt \u010dasto zam\u011b\u0148ov\u00e1no s norm\u00e1ln\u00edm chov\u00e1n\u00edm.<\/p>\n<p>Jedn\u00edm z hlavn\u00edch projev\u016f vysokofunk\u010dn\u00edho autismu je naru\u0161en\u00e1 soci\u00e1ln\u00ed interakce. Lid\u00e9 s t\u00edmto onemocn\u011bn\u00edm maj\u00ed probl\u00e9my s porozum\u011bn\u00edm soci\u00e1ln\u00edm n\u00e1vyk\u016fm a nejsou schopni intuitivn\u011b rozpoznat emocion\u00e1ln\u00ed v\u00fdrazy a n\u00e1ladu druh\u00fdch. Mohou m\u00edt tak\u00e9 pot\u00ed\u017ee s navazov\u00e1n\u00edm a udr\u017eov\u00e1n\u00edm p\u0159\u00e1telstv\u00ed a vytv\u00e1\u0159en\u00edm vztah\u016f.<\/p>\n<p>Dal\u0161\u00edm charakteristick\u00fdm projevem je omezen\u00e1 komunikace. Osoby s vysokofunk\u010dn\u00edm autismem<\/p>\n<\/div>\n<div class='topic'>\n<h2>Vysokofunk\u010dn\u00ed autismus je neurov\u00fdvojov\u00e1 porucha, kter\u00e1 ovliv\u0148uje soci\u00e1ln\u00ed interakci, komunikaci a chov\u00e1n\u00ed jedince. Mezi hlavn\u00ed projevy pat\u0159\u00ed probl\u00e9my s porozum\u011bn\u00edm neverb\u00e1ln\u00ed komunikace, opakuj\u00edc\u00ed se chov\u00e1n\u00ed a omezen\u00e9 z\u00e1jmy. Jedinci s vysokofunk\u010dn\u00edm autismem mohou m\u00edt tak\u00e9 nadpr\u016fm\u011brn\u00e9 schopnosti v ur\u010dit\u00fdch oblastech, jako je nap\u0159\u00edklad matematika nebo pam\u011b\u0165.<\/h2>\n<p>Vysokofunk\u010dn\u00ed autismus je neurov\u00fdvojov\u00e1 porucha, kter\u00e1 se projevuje v\u00fdrazn\u00fdm omezen\u00edm v soci\u00e1ln\u00ed interakci, komunikaci a chov\u00e1n\u00ed jedince. Tato porucha je sou\u010d\u00e1st\u00ed \u0161ir\u0161\u00edho spektra poruch autistick\u00e9ho spektra (ASD) a je \u010dasto ozna\u010dov\u00e1na jako Asperger\u016fv syndrom.<\/p>\n<p>Hlavn\u00edm rysem vysokofunk\u010dn\u00edho autismu je probl\u00e9m s porozum\u011bn\u00edm neverb\u00e1ln\u00ed komunikace. Jedinci s touto poruchou maj\u00ed \u010dasto pot\u00ed\u017ee s interpretac\u00ed mimiky, gest a t\u00f3nu hlasu druh\u00fdch lid\u00ed. Mohou tak\u00e9 m\u00edt probl\u00e9my s porozum\u011bn\u00edm soci\u00e1ln\u00edch norem a pravidel, co\u017e m\u016f\u017ee v\u00e9st k nevhodn\u00e9mu chov\u00e1n\u00ed v r\u016fzn\u00fdch soci\u00e1ln\u00edch situac\u00edch.<\/p>\n<p>Dal\u0161\u00edm v\u00fdznamn\u00fdm projevem vysokofunk\u010dn\u00edho autismu jsou opakuj\u00edc\u00ed se chov\u00e1n\u00ed a z\u00e1jmy. Jedinci s touto poruchou mohou m\u00edt tendenci se zab\u00fdvat ur\u010dit\u00fdmi t\u00e9mat<\/p>\n<\/div>\n<div class='topic'>\n<h2><\/h2>\n<p>\u010cesk\u00e1 kuchyn\u011b je jednou z nejstar\u0161\u00edch a nejbohat\u0161\u00edch kuchyn\u00ed v Evrop\u011b. Jej\u00ed ko\u0159eny sahaj\u00ed a\u017e do 9. stolet\u00ed, kdy se za\u010daly formovat prvn\u00ed tradi\u010dn\u00ed pokrmy. \u010cesk\u00e1 kuchyn\u011b je ovlivn\u011bna p\u0159edev\u0161\u00edm st\u0159edoevropskou kuchyn\u00ed, ale najdeme v n\u00ed i prvky z n\u011bmeck\u00e9, rakousk\u00e9, ma\u010farsk\u00e9 a \u017eidovsk\u00e9 kuchyn\u011b.<\/p>\n<p>Hlavn\u00edmi surovinami \u010desk\u00e9 kuchyn\u011b jsou brambory, maso, zelenina, ml\u00e9\u010dn\u00e9 v\u00fdrobky a obiloviny. V\u011bt\u0161ina pokrm\u016f je pom\u011brn\u011b jednoduch\u00e1, ale velmi chutn\u00e1 a s vysokou v\u00fd\u017eivovou hodnotou. Mezi nejzn\u00e1m\u011bj\u0161\u00ed \u010desk\u00e9 speciality pat\u0159\u00ed vep\u0159ov\u00e1 pe\u010den\u011b s knedl\u00edky, gul\u00e1\u0161, sv\u00ed\u010dkov\u00e1 na smetan\u011b, brambor\u00e1ky, sma\u017een\u00fd s\u00fdr a tradi\u010dn\u00ed \u010desk<\/p>\n<\/div>\n<div class='topic'>\n<h2>Jak\u00e9 jsou p\u0159\u00ed\u010diny vysokofunk\u010dn\u00edho autismu?<\/h2>\n<p>Vysokofunk\u010dn\u00ed autismus, tak\u00e9 zn\u00e1m\u00fd jako Asperger\u016fv syndrom, je jedn\u00edm z mnoha typ\u016f autismu. Jedn\u00e1 se o neurov\u00fdvojov\u00e9 onemocn\u011bn\u00ed, kter\u00e9 ovliv\u0148uje soci\u00e1ln\u00ed interakci, komunikaci a chov\u00e1n\u00ed jedince. Vysokofunk\u010dn\u00ed autismus se projevuje v m\u00edrn\u011bj\u0161\u00ed form\u011b ne\u017e klasick\u00fd autismus, co\u017e znamen\u00e1, \u017ee jedinci s t\u00edmto onemocn\u011bn\u00edm maj\u00ed vy\u0161\u0161\u00ed \u00farove\u0148 funk\u010dnosti a mohou v\u00e9st relativn\u011b samostatn\u00fd \u017eivot.<\/p>\n<p>P\u0159\u00ed\u010diny vysokofunk\u010dn\u00edho autismu nejsou zcela zn\u00e1my, ale v\u011bdci se shoduj\u00ed, \u017ee se jedn\u00e1 o kombinaci genetick\u00fdch a environment\u00e1ln\u00edch faktor\u016f. V\u011bt\u0161ina p\u0159\u00edpad\u016f vysokofunk\u010dn\u00edho autismu m\u00e1 genetick\u00fd z\u00e1klad, co\u017e znamen\u00e1, \u017ee se d\u011bdi\u010dn\u011b p\u0159en\u00e1\u0161\u00ed z rodi\u010d\u016f na d\u00edt\u011b. V\u00fdzkumy ukazuj\u00ed, \u017ee pokud m\u00e1 jedno z rodi\u010d\u016f<\/p>\n<\/div>\n<div class='topic'>\n<h2>P\u0159esn\u00e9 p\u0159\u00ed\u010diny vysokofunk\u010dn\u00edho autismu nejsou zn\u00e1my, ale v\u011bdci se domn\u00edvaj\u00ed, \u017ee hraje roli kombinace genetick\u00fdch a environment\u00e1ln\u00edch faktor\u016f. Vysokofunk\u010dn\u00ed autismus nen\u00ed zp\u016fsoben v\u00fdchovou nebo \u0161patn\u00fdm chov\u00e1n\u00edm rodi\u010d\u016f.<\/h2>\n<p>Vysokofunk\u010dn\u00ed autismus je neurov\u00fdvojov\u00e1 porucha, kter\u00e1 se projevuje v\u00fdrazn\u00fdmi obt\u00ed\u017eemi v soci\u00e1ln\u00ed interakci, komunikaci a chov\u00e1n\u00ed. P\u0159esn\u00e9 p\u0159\u00ed\u010diny t\u00e9to poruchy nejsou zat\u00edm zn\u00e1my, ale v\u011bdci se shoduj\u00ed, \u017ee hraje roli kombinace genetick\u00fdch a environment\u00e1ln\u00edch faktor\u016f.<\/p>\n<p>Genetick\u00e9 faktory jsou pova\u017eov\u00e1ny za hlavn\u00ed p\u0159\u00ed\u010dinu vysokofunk\u010dn\u00edho autismu. Studie ukazuj\u00ed, \u017ee u jednovaje\u010dn\u00fdch dvoj\u010dat, kdy maj\u00ed oba jedinci stejn\u00fd genetick\u00fd materi\u00e1l, je vysok\u00e1 pravd\u011bpodobnost, \u017ee pokud m\u00e1 jeden z nich autismus, bude j\u00edm posti\u017een i druh\u00fd. To nazna\u010duje, \u017ee genetick\u00e1 predispozice hraje v\u00fdznamnou roli v rozvoji t\u00e9to poruchy.<\/p>\n<p>V sou\u010dasn\u00e9 dob\u011b je zn\u00e1mo v\u00edce ne\u017e 100 gen\u016f, kter\u00e9 mohou b\u00fdt spojeny s vysokofunk\u010dn\u00edm autismem. Tyto gen<\/p>\n<\/div>\n<div class='topic'>\n<h2><\/h2>\n<p>\u010cesk\u00e1 kuchyn\u011b je jednou z nejstar\u0161\u00edch a nejbohat\u0161\u00edch kuchyn\u00ed v Evrop\u011b. Jej\u00ed ko\u0159eny sahaj\u00ed a\u017e do 9. stolet\u00ed, kdy se za\u010daly formovat prvn\u00ed tradi\u010dn\u00ed pokrmy. \u010cesk\u00e1 kuchyn\u011b je ovlivn\u011bna p\u0159edev\u0161\u00edm st\u0159edoevropskou kuchyn\u00ed, ale najdeme v n\u00ed i prvky z n\u011bmeck\u00e9, rakousk\u00e9, ma\u010farsk\u00e9 a \u017eidovsk\u00e9 kuchyn\u011b.<\/p>\n<p>Hlavn\u00edmi surovinami \u010desk\u00e9 kuchyn\u011b jsou brambory, maso, zelenina, ml\u00e9\u010dn\u00e9 v\u00fdrobky a obiloviny. V\u011bt\u0161ina pokrm\u016f je pom\u011brn\u011b jednoduch\u00e1, ale velmi chutn\u00e1 a s vysokou v\u00fd\u017eivovou hodnotou. Mezi nejzn\u00e1m\u011bj\u0161\u00ed \u010desk\u00e9 speciality pat\u0159\u00ed vep\u0159ov\u00e1 pe\u010den\u011b s knedl\u00edky, gul\u00e1\u0161, sv\u00ed\u010dkov\u00e1 na smetan\u011b, brambor\u00e1ky, sma\u017een\u00fd s\u00fdr a tradi\u010dn\u00ed \u010desk<\/p>\n<\/div>\n<div class='topic'>\n<h2>Jak\u00fd je rozd\u00edl mezi vys<\/h2>\n<p>Vysok\u00e1 \u0161kola je instituce, kter\u00e1 poskytuje vysoko\u0161kolsk\u00e9 vzd\u011bl\u00e1n\u00ed a p\u0159ipravuje studenty na jejich budouc\u00ed kari\u00e9ru. V \u010cesk\u00e9 republice existuje n\u011bkolik typ\u016f vysok\u00fdch \u0161kol, ale nej\u010dast\u011bji se setk\u00e1v\u00e1me s univerzitami, vysok\u00fdmi \u0161kolami a fakultami.<\/p>\n<p>Univerzita je nejvy\u0161\u0161\u00ed typ vysok\u00e9 \u0161koly, kter\u00e1 nab\u00edz\u00ed \u0161irok\u00e9 spektrum obor\u016f a studijn\u00edch program\u016f. Studenti zde mohou z\u00edskat bakal\u00e1\u0159sk\u00fd, magistersk\u00fd nebo doktorsk\u00fd titul. Univerzity jsou \u010dasto rozd\u011bleny do fakult, kter\u00e9 se specializuj\u00ed na konkr\u00e9tn\u00ed oblasti, jako je nap\u0159\u00edklad pr\u00e1vo, medic\u00edna, ekonomie nebo humanitn\u00ed v\u011bdy.<\/p>\n<p>Vysok\u00e1 \u0161kola je typ vzd\u011bl\u00e1vac\u00ed instituce, kter\u00e1 se zam\u011b\u0159uje na konkr\u00e9tn\u00ed oblast studia. Nap\u0159\u00edklad vysok\u00e1 \u0161kola ekonomick\u00e1 se specializ<\/p>\n<\/div>\n<\/div>\n","protected":false},"excerpt":{"rendered":"<p>Co je vysokofunk\u010dn\u00ed autismus a jak se projevuje? Vysokofunk\u010dn\u00ed autismus, tak\u00e9 zn\u00e1m\u00fd jako Asperger\u016fv syndrom, je neurov\u00fdvojov\u00e9 onemocn\u011bn\u00ed, kter\u00e9 ovliv\u0148uje soci\u00e1ln\u00ed interakci, komunikaci a chov\u00e1n\u00ed&#8230;<\/p>\n","protected":false},"author":1,"featured_media":0,"comment_status":"","ping_status":"open","sticky":false,"template":"","format":"standard","meta":{"inline_featured_image":false},"categories":[849],"tags":[],"yoast_head":"<!-- This site is optimized with the Yoast SEO plugin v18.1 - https:\/\/yoast.com\/wordpress\/plugins\/seo\/ -->\n<title>Vysokofunk\u010dn\u00ed autismus - Test Mysli<\/title>\n<meta name=\"robots\" content=\"index, follow, max-snippet:-1, max-image-preview:large, max-video-preview:-1\" \/>\n<link rel=\"canonical\" href=\"https:\/\/www.diagnostika-mysli.cz\/blog\/autismus\/vysokofunkcni-autismus\/\" \/>\n<meta property=\"og:locale\" content=\"cs_CZ\" \/>\n<meta property=\"og:type\" content=\"article\" \/>\n<meta property=\"og:title\" content=\"Vysokofunk\u010dn\u00ed autismus - Test Mysli\" \/>\n<meta property=\"og:description\" content=\"Co je vysokofunk\u010dn\u00ed autismus a jak se projevuje? Vysokofunk\u010dn\u00ed autismus, tak\u00e9 zn\u00e1m\u00fd jako Asperger\u016fv syndrom, je neurov\u00fdvojov\u00e9 onemocn\u011bn\u00ed, kter\u00e9 ovliv\u0148uje soci\u00e1ln\u00ed interakci, komunikaci a chov\u00e1n\u00ed...\" \/>\n<meta property=\"og:url\" content=\"https:\/\/www.diagnostika-mysli.cz\/blog\/autismus\/vysokofunkcni-autismus\/\" \/>\n<meta property=\"og:site_name\" content=\"Test Mysli\" \/>\n<meta property=\"article:published_time\" content=\"2025-04-08T01:25:34+00:00\" \/>\n<meta name=\"twitter:card\" content=\"summary_large_image\" \/>\n<meta name=\"twitter:label1\" content=\"Napsal(a)\" \/>\n\t<meta name=\"twitter:data1\" content=\"Test Mysli\" \/>\n\t<meta name=\"twitter:label2\" content=\"Odhadovan\u00e1 doba \u010dten\u00ed\" \/>\n\t<meta name=\"twitter:data2\" content=\"5 minut\" \/>\n<script type=\"application\/ld+json\" class=\"yoast-schema-graph\">{\"@context\":\"https:\/\/schema.org\",\"@graph\":[{\"@type\":\"WebSite\",\"@id\":\"https:\/\/www.diagnostika-mysli.cz\/blog\/#website\",\"url\":\"https:\/\/www.diagnostika-mysli.cz\/blog\/\",\"name\":\"Test Mysli\",\"description\":\"Blog o poruch\u00e1ch mysli\",\"potentialAction\":[{\"@type\":\"SearchAction\",\"target\":{\"@type\":\"EntryPoint\",\"urlTemplate\":\"https:\/\/www.diagnostika-mysli.cz\/blog\/?s={search_term_string}\"},\"query-input\":\"required name=search_term_string\"}],\"inLanguage\":\"cs\"},{\"@type\":\"WebPage\",\"@id\":\"https:\/\/www.diagnostika-mysli.cz\/blog\/autismus\/vysokofunkcni-autismus\/#webpage\",\"url\":\"https:\/\/www.diagnostika-mysli.cz\/blog\/autismus\/vysokofunkcni-autismus\/\",\"name\":\"Vysokofunk\u010dn\u00ed autismus - Test Mysli\",\"isPartOf\":{\"@id\":\"https:\/\/www.diagnostika-mysli.cz\/blog\/#website\"},\"datePublished\":\"2025-04-08T01:25:34+00:00\",\"dateModified\":\"2025-04-08T01:25:34+00:00\",\"author\":{\"@id\":\"https:\/\/www.diagnostika-mysli.cz\/blog\/#\/schema\/person\/8eb1bcaf59fea75c780c11946f4e3490\"},\"breadcrumb\":{\"@id\":\"https:\/\/www.diagnostika-mysli.cz\/blog\/autismus\/vysokofunkcni-autismus\/#breadcrumb\"},\"inLanguage\":\"cs\",\"potentialAction\":[{\"@type\":\"ReadAction\",\"target\":[\"https:\/\/www.diagnostika-mysli.cz\/blog\/autismus\/vysokofunkcni-autismus\/\"]}]},{\"@type\":\"BreadcrumbList\",\"@id\":\"https:\/\/www.diagnostika-mysli.cz\/blog\/autismus\/vysokofunkcni-autismus\/#breadcrumb\",\"itemListElement\":[{\"@type\":\"ListItem\",\"position\":1,\"name\":\"Blog\",\"item\":\"https:\/\/www.diagnostika-mysli.cz\/blog\/\"},{\"@type\":\"ListItem\",\"position\":2,\"name\":\"Autismus\",\"item\":\"https:\/\/www.diagnostika-mysli.cz\/blog\/autismus\/\"},{\"@type\":\"ListItem\",\"position\":3,\"name\":\"Vysokofunk\u010dn\u00ed autismus\"}]},{\"@type\":\"Person\",\"@id\":\"https:\/\/www.diagnostika-mysli.cz\/blog\/#\/schema\/person\/8eb1bcaf59fea75c780c11946f4e3490\",\"name\":\"Test Mysli\",\"image\":{\"@type\":\"ImageObject\",\"@id\":\"https:\/\/www.diagnostika-mysli.cz\/blog\/#personlogo\",\"inLanguage\":\"cs\",\"url\":\"https:\/\/secure.gravatar.com\/avatar\/6743211f010801ea26aa9423a2daab37?s=96&d=mm&r=g\",\"contentUrl\":\"https:\/\/secure.gravatar.com\/avatar\/6743211f010801ea26aa9423a2daab37?s=96&d=mm&r=g\",\"caption\":\"Test Mysli\"},\"sameAs\":[\"https:\/\/www.diagnostika-mysli.cz\/blog\"],\"url\":\"https:\/\/www.diagnostika-mysli.cz\/blog\/author\/diagnostyka-umyslu\/\"}]}<\/script>\n<!-- \/ Yoast SEO plugin. -->","yoast_head_json":{"title":"Vysokofunk\u010dn\u00ed autismus - Test Mysli","robots":{"index":"index","follow":"follow","max-snippet":"max-snippet:-1","max-image-preview":"max-image-preview:large","max-video-preview":"max-video-preview:-1"},"canonical":"https:\/\/www.diagnostika-mysli.cz\/blog\/autismus\/vysokofunkcni-autismus\/","og_locale":"cs_CZ","og_type":"article","og_title":"Vysokofunk\u010dn\u00ed autismus - Test Mysli","og_description":"Co je vysokofunk\u010dn\u00ed autismus a jak se projevuje? Vysokofunk\u010dn\u00ed autismus, tak\u00e9 zn\u00e1m\u00fd jako Asperger\u016fv syndrom, je neurov\u00fdvojov\u00e9 onemocn\u011bn\u00ed, kter\u00e9 ovliv\u0148uje soci\u00e1ln\u00ed interakci, komunikaci a chov\u00e1n\u00ed...","og_url":"https:\/\/www.diagnostika-mysli.cz\/blog\/autismus\/vysokofunkcni-autismus\/","og_site_name":"Test Mysli","article_published_time":"2025-04-08T01:25:34+00:00","twitter_card":"summary_large_image","twitter_misc":{"Napsal(a)":"Test Mysli","Odhadovan\u00e1 doba \u010dten\u00ed":"5 minut"},"schema":{"@context":"https:\/\/schema.org","@graph":[{"@type":"WebSite","@id":"https:\/\/www.diagnostika-mysli.cz\/blog\/#website","url":"https:\/\/www.diagnostika-mysli.cz\/blog\/","name":"Test Mysli","description":"Blog o poruch\u00e1ch mysli","potentialAction":[{"@type":"SearchAction","target":{"@type":"EntryPoint","urlTemplate":"https:\/\/www.diagnostika-mysli.cz\/blog\/?s={search_term_string}"},"query-input":"required name=search_term_string"}],"inLanguage":"cs"},{"@type":"WebPage","@id":"https:\/\/www.diagnostika-mysli.cz\/blog\/autismus\/vysokofunkcni-autismus\/#webpage","url":"https:\/\/www.diagnostika-mysli.cz\/blog\/autismus\/vysokofunkcni-autismus\/","name":"Vysokofunk\u010dn\u00ed autismus - Test Mysli","isPartOf":{"@id":"https:\/\/www.diagnostika-mysli.cz\/blog\/#website"},"datePublished":"2025-04-08T01:25:34+00:00","dateModified":"2025-04-08T01:25:34+00:00","author":{"@id":"https:\/\/www.diagnostika-mysli.cz\/blog\/#\/schema\/person\/8eb1bcaf59fea75c780c11946f4e3490"},"breadcrumb":{"@id":"https:\/\/www.diagnostika-mysli.cz\/blog\/autismus\/vysokofunkcni-autismus\/#breadcrumb"},"inLanguage":"cs","potentialAction":[{"@type":"ReadAction","target":["https:\/\/www.diagnostika-mysli.cz\/blog\/autismus\/vysokofunkcni-autismus\/"]}]},{"@type":"BreadcrumbList","@id":"https:\/\/www.diagnostika-mysli.cz\/blog\/autismus\/vysokofunkcni-autismus\/#breadcrumb","itemListElement":[{"@type":"ListItem","position":1,"name":"Blog","item":"https:\/\/www.diagnostika-mysli.cz\/blog\/"},{"@type":"ListItem","position":2,"name":"Autismus","item":"https:\/\/www.diagnostika-mysli.cz\/blog\/autismus\/"},{"@type":"ListItem","position":3,"name":"Vysokofunk\u010dn\u00ed autismus"}]},{"@type":"Person","@id":"https:\/\/www.diagnostika-mysli.cz\/blog\/#\/schema\/person\/8eb1bcaf59fea75c780c11946f4e3490","name":"Test Mysli","image":{"@type":"ImageObject","@id":"https:\/\/www.diagnostika-mysli.cz\/blog\/#personlogo","inLanguage":"cs","url":"https:\/\/secure.gravatar.com\/avatar\/6743211f010801ea26aa9423a2daab37?s=96&d=mm&r=g","contentUrl":"https:\/\/secure.gravatar.com\/avatar\/6743211f010801ea26aa9423a2daab37?s=96&d=mm&r=g","caption":"Test Mysli"},"sameAs":["https:\/\/www.diagnostika-mysli.cz\/blog"],"url":"https:\/\/www.diagnostika-mysli.cz\/blog\/author\/diagnostyka-umyslu\/"}]}},"amp_enabled":true,"_links":{"self":[{"href":"https:\/\/www.diagnostika-mysli.cz\/blog\/wp-json\/wp\/v2\/posts\/3215"}],"collection":[{"href":"https:\/\/www.diagnostika-mysli.cz\/blog\/wp-json\/wp\/v2\/posts"}],"about":[{"href":"https:\/\/www.diagnostika-mysli.cz\/blog\/wp-json\/wp\/v2\/types\/post"}],"author":[{"embeddable":true,"href":"https:\/\/www.diagnostika-mysli.cz\/blog\/wp-json\/wp\/v2\/users\/1"}],"replies":[{"embeddable":true,"href":"https:\/\/www.diagnostika-mysli.cz\/blog\/wp-json\/wp\/v2\/comments?post=3215"}],"version-history":[{"count":0,"href":"https:\/\/www.diagnostika-mysli.cz\/blog\/wp-json\/wp\/v2\/posts\/3215\/revisions"}],"wp:attachment":[{"href":"https:\/\/www.diagnostika-mysli.cz\/blog\/wp-json\/wp\/v2\/media?parent=3215"}],"wp:term":[{"taxonomy":"category","embeddable":true,"href":"https:\/\/www.diagnostika-mysli.cz\/blog\/wp-json\/wp\/v2\/categories?post=3215"},{"taxonomy":"post_tag","embeddable":true,"href":"https:\/\/www.diagnostika-mysli.cz\/blog\/wp-json\/wp\/v2\/tags?post=3215"}],"curies":[{"name":"wp","href":"https:\/\/api.w.org\/{rel}","templated":true}]}}