{"id":3225,"date":"2025-04-13T02:05:18","date_gmt":"2025-04-13T00:05:18","guid":{"rendered":"https:\/\/www.diagnostika-mysli.cz\/blog\/adhd\/adhd-projevy-u-dospelych\/"},"modified":"2025-04-13T02:05:18","modified_gmt":"2025-04-13T00:05:18","slug":"adhd-projevy-u-dospelych","status":"publish","type":"post","link":"https:\/\/www.diagnostika-mysli.cz\/blog\/adhd\/adhd-projevy-u-dospelych\/","title":{"rendered":"ADHD projevy u dosp\u011bl\u00fdch"},"content":{"rendered":"<div class='topics'>\n<div class='topic'>\n<h2>&#8220;Jak\u00e9 jsou nej\u010dast\u011bj\u0161\u00ed projevy ADHD u dosp\u011bl\u00fdch a jak je rozpoznat?&#8221; <\/h2>\n<p>ADHD (Attention Deficit Hyperactivity Disorder) je neurov\u00fdvojov\u00e1 porucha, kter\u00e1 se projevuje p\u0159edev\u0161\u00edm u d\u011bt\u00ed, ale m\u016f\u017ee trvat i v dosp\u011blosti. U dosp\u011bl\u00fdch se projevuje jin\u00fdm zp\u016fsobem ne\u017e u d\u011bt\u00ed, co\u017e m\u016f\u017ee b\u00fdt p\u0159\u00ed\u010dinou nespr\u00e1vn\u00e9ho rozpozn\u00e1n\u00ed a n\u00e1sledn\u00e9ho nedostate\u010dn\u00e9ho l\u00e9\u010den\u00ed. Proto je d\u016fle\u017eit\u00e9 zn\u00e1t nej\u010dast\u011bj\u0161\u00ed projevy ADHD u dosp\u011bl\u00fdch a um\u011bt je rozpoznat.<\/p>\n<p>Jedn\u00edm z nej\u010dast\u011bj\u0161\u00edch projev\u016f ADHD u dosp\u011bl\u00fdch je probl\u00e9m s pozornost\u00ed. Ti, kte\u0159\u00ed trp\u00ed touto poruchou, maj\u00ed \u010dasto probl\u00e9m udr\u017eet pozornost na jedn\u00e9 v\u011bci, jsou rozpt\u00fdlen\u00ed a snadno se odv\u00e1d\u011bj\u00ed od sv\u00e9ho \u00fakolu. To m\u016f\u017ee v\u00e9st k nedokon\u010den\u00fdm \u00fakol\u016fm, zapom\u00edn\u00e1n\u00ed na d\u016fle\u017eit\u00e9 v\u011bci a neschopnosti pl\u00e1novat a organizovat sv\u016f<\/p>\n<\/div>\n<div class='topic'>\n<h2>&#8220;Vliv ADHD na ka\u017edodenn\u00ed \u017eivot dosp\u011bl\u00fdch: pr\u00e1ce, vztahy a zvl\u00e1d\u00e1n\u00ed povinnost\u00ed&#8221; <\/h2>\n<p>ADHD (Attention Deficit Hyperactivity Disorder) je neurov\u00fdvojov\u00e1 porucha, kter\u00e1 se projevuje p\u0159edev\u0161\u00edm poruchami pozornosti, hyperaktivitou a impulzivitou. Tato porucha se \u010dasto spojuje s d\u011btstv\u00edm, ale m\u016f\u017ee trvat i v dosp\u011blosti. Vliv ADHD na ka\u017edodenn\u00ed \u017eivot dosp\u011bl\u00fdch m\u016f\u017ee b\u00fdt velmi v\u00fdrazn\u00fd a ovliv\u0148ovat r\u016fzn\u00e9 oblasti, jako je pr\u00e1ce, vztahy a zvl\u00e1d\u00e1n\u00ed povinnost\u00ed.<\/p>\n<p>Pr\u00e1ce je pro mnoho dosp\u011bl\u00fdch neodmyslitelnou sou\u010d\u00e1st\u00ed \u017eivota a m\u016f\u017ee b\u00fdt pro n\u011b velkou v\u00fdzvou, pokud trp\u00ed ADHD. Porucha pozornosti m\u016f\u017ee zp\u016fsobovat probl\u00e9my s koncentrac\u00ed, zapom\u00edn\u00e1n\u00edm a nedokon\u010den\u00fdmi \u00fakoly. To m\u016f\u017ee v\u00e9st k neschopnosti plnit pracovn\u00ed \u00fakoly v\u010das a efektivn\u011b, co\u017e m\u016f\u017ee m\u00edt negativn\u00ed dopad na pracovn\u00ed v\u00fdkonnost a vztahy s kolegy<\/p>\n<\/div>\n<div class='topic'>\n<h2>&#8220;Mo\u017enosti l\u00e9\u010dby ADHD u dosp\u011bl\u00fdch: farmakoterapie a psychoterapie&#8221; <\/h2>\n<p>ADHD (Attention Deficit Hyperactivity Disorder) je neurov\u00fdvojov\u00e1 porucha, kter\u00e1 se projevuje p\u0159edev\u0161\u00edm u d\u011bt\u00ed, ale m\u016f\u017ee trvat i v dosp\u011blosti. Tato porucha se projevuje probl\u00e9my s pozornost\u00ed, hyperaktivitou a impulzivitou. V dosp\u011blosti m\u016f\u017ee ADHD zp\u016fsobovat v\u00e1\u017en\u00e9 probl\u00e9my v osobn\u00edm a pracovn\u00edm \u017eivot\u011b, proto je d\u016fle\u017eit\u00e9 tuto poruchu l\u00e9\u010dit.<\/p>\n<p>Existuje n\u011bkolik mo\u017enost\u00ed l\u00e9\u010dby ADHD u dosp\u011bl\u00fdch, mezi kter\u00e9 pat\u0159\u00ed farmakoterapie a psychoterapie. Ka\u017ed\u00e1 z t\u011bchto metod m\u00e1 sv\u00e9 v\u00fdhody a nev\u00fdhody a m\u016f\u017ee b\u00fdt \u00fa\u010dinn\u00e1 v r\u016fzn\u00fdch p\u0159\u00edpadech.<\/p>\n<p>Farmakoterapie je l\u00e9\u010dba pomoc\u00ed l\u00e9k\u016f, kter\u00e9 maj\u00ed za c\u00edl sn\u00ed\u017eit p\u0159\u00edznaky ADHD. Nej\u010dast\u011bji se pou\u017e\u00edvaj\u00ed stimulanty, jako je methylfenid\u00e1t a amfetaminy. Tyto l\u00e9ky pom\u00e1haj\u00ed zv\u00fd\u0161it hladinu neurotrans<\/p>\n<\/div>\n<div class='topic'>\n<h2>&#8220;Prevence a zvl\u00e1d\u00e1n\u00ed projev\u016f ADHD u dosp\u011bl\u00fdch: d\u016fle\u017eitost podp\u016frn\u00e9ho prost\u0159ed\u00ed a sebeobsluhy&#8221;<\/h2>\n<p>ADHD (Attention Deficit Hyperactivity Disorder) je neurov\u00fdvojov\u00e1 porucha, kter\u00e1 se projevuje p\u0159edev\u0161\u00edm u d\u011bt\u00ed, ale m\u016f\u017ee trvat i v dosp\u011blosti. Tato porucha ovliv\u0148uje schopnost soust\u0159edit se, pl\u00e1novat a organizovat, co\u017e m\u016f\u017ee m\u00edt negativn\u00ed dopad na ka\u017edodenn\u00ed \u017eivot dosp\u011bl\u00fdch. Proto je d\u016fle\u017eit\u00e9 v\u011bnovat pozornost prevenci a zvl\u00e1d\u00e1n\u00ed projev\u016f ADHD u dosp\u011bl\u00fdch.<\/p>\n<p>Jedn\u00edm z kl\u00ed\u010dov\u00fdch faktor\u016f pro prevenci a zvl\u00e1d\u00e1n\u00ed ADHD u dosp\u011bl\u00fdch je podp\u016frn\u00e9 prost\u0159ed\u00ed. To zahrnuje nejen fyzick\u00e9 prost\u0159ed\u00ed, jako je domov a pracovn\u00ed prost\u0159ed\u00ed, ale tak\u00e9 soci\u00e1ln\u00ed a emocion\u00e1ln\u00ed podporu. Dosp\u011bl\u00ed s ADHD pot\u0159ebuj\u00ed prost\u0159ed\u00ed, kter\u00e9 je podporuje a pom\u00e1h\u00e1 jim se soust\u0159edit a pl\u00e1novat sv\u00e9 \u010dinnosti. To m\u016f\u017ee zahrnovat nap\u0159\u00edklad klidn\u00e9 a p\u0159ehledn\u00e9 pracovn\u00ed m\u00edsto, p<\/p>\n<\/div>\n<\/div>\n","protected":false},"excerpt":{"rendered":"<p>&#8220;Jak\u00e9 jsou nej\u010dast\u011bj\u0161\u00ed projevy ADHD u dosp\u011bl\u00fdch a jak je rozpoznat?&#8221; ADHD (Attention Deficit Hyperactivity Disorder) je neurov\u00fdvojov\u00e1 porucha, kter\u00e1 se projevuje p\u0159edev\u0161\u00edm u d\u011bt\u00ed,&#8230;<\/p>\n","protected":false},"author":1,"featured_media":0,"comment_status":"","ping_status":"open","sticky":false,"template":"","format":"standard","meta":{"inline_featured_image":false},"categories":[780],"tags":[],"yoast_head":"<!-- This site is optimized with the Yoast SEO plugin v18.1 - https:\/\/yoast.com\/wordpress\/plugins\/seo\/ -->\n<title>ADHD projevy u dosp\u011bl\u00fdch - Test Mysli<\/title>\n<meta name=\"robots\" content=\"index, follow, max-snippet:-1, max-image-preview:large, max-video-preview:-1\" \/>\n<link rel=\"canonical\" href=\"https:\/\/www.diagnostika-mysli.cz\/blog\/adhd\/adhd-projevy-u-dospelych\/\" \/>\n<meta property=\"og:locale\" content=\"cs_CZ\" \/>\n<meta property=\"og:type\" content=\"article\" \/>\n<meta property=\"og:title\" content=\"ADHD projevy u dosp\u011bl\u00fdch - Test Mysli\" \/>\n<meta property=\"og:description\" content=\"&#8220;Jak\u00e9 jsou nej\u010dast\u011bj\u0161\u00ed projevy ADHD u dosp\u011bl\u00fdch a jak je rozpoznat?&#8221; ADHD (Attention Deficit Hyperactivity Disorder) je neurov\u00fdvojov\u00e1 porucha, kter\u00e1 se projevuje p\u0159edev\u0161\u00edm u d\u011bt\u00ed,...\" \/>\n<meta property=\"og:url\" content=\"https:\/\/www.diagnostika-mysli.cz\/blog\/adhd\/adhd-projevy-u-dospelych\/\" \/>\n<meta property=\"og:site_name\" content=\"Test Mysli\" \/>\n<meta property=\"article:published_time\" content=\"2025-04-13T00:05:18+00:00\" \/>\n<meta name=\"twitter:card\" content=\"summary_large_image\" \/>\n<meta name=\"twitter:label1\" content=\"Napsal(a)\" \/>\n\t<meta name=\"twitter:data1\" content=\"Test Mysli\" \/>\n\t<meta name=\"twitter:label2\" content=\"Odhadovan\u00e1 doba \u010dten\u00ed\" \/>\n\t<meta name=\"twitter:data2\" content=\"3 minuty\" \/>\n<script type=\"application\/ld+json\" class=\"yoast-schema-graph\">{\"@context\":\"https:\/\/schema.org\",\"@graph\":[{\"@type\":\"WebSite\",\"@id\":\"https:\/\/www.diagnostika-mysli.cz\/blog\/#website\",\"url\":\"https:\/\/www.diagnostika-mysli.cz\/blog\/\",\"name\":\"Test Mysli\",\"description\":\"Blog o poruch\u00e1ch mysli\",\"potentialAction\":[{\"@type\":\"SearchAction\",\"target\":{\"@type\":\"EntryPoint\",\"urlTemplate\":\"https:\/\/www.diagnostika-mysli.cz\/blog\/?s={search_term_string}\"},\"query-input\":\"required name=search_term_string\"}],\"inLanguage\":\"cs\"},{\"@type\":\"WebPage\",\"@id\":\"https:\/\/www.diagnostika-mysli.cz\/blog\/adhd\/adhd-projevy-u-dospelych\/#webpage\",\"url\":\"https:\/\/www.diagnostika-mysli.cz\/blog\/adhd\/adhd-projevy-u-dospelych\/\",\"name\":\"ADHD projevy u dosp\u011bl\u00fdch - Test Mysli\",\"isPartOf\":{\"@id\":\"https:\/\/www.diagnostika-mysli.cz\/blog\/#website\"},\"datePublished\":\"2025-04-13T00:05:18+00:00\",\"dateModified\":\"2025-04-13T00:05:18+00:00\",\"author\":{\"@id\":\"https:\/\/www.diagnostika-mysli.cz\/blog\/#\/schema\/person\/8eb1bcaf59fea75c780c11946f4e3490\"},\"breadcrumb\":{\"@id\":\"https:\/\/www.diagnostika-mysli.cz\/blog\/adhd\/adhd-projevy-u-dospelych\/#breadcrumb\"},\"inLanguage\":\"cs\",\"potentialAction\":[{\"@type\":\"ReadAction\",\"target\":[\"https:\/\/www.diagnostika-mysli.cz\/blog\/adhd\/adhd-projevy-u-dospelych\/\"]}]},{\"@type\":\"BreadcrumbList\",\"@id\":\"https:\/\/www.diagnostika-mysli.cz\/blog\/adhd\/adhd-projevy-u-dospelych\/#breadcrumb\",\"itemListElement\":[{\"@type\":\"ListItem\",\"position\":1,\"name\":\"Blog\",\"item\":\"https:\/\/www.diagnostika-mysli.cz\/blog\/\"},{\"@type\":\"ListItem\",\"position\":2,\"name\":\"ADHD\",\"item\":\"https:\/\/www.diagnostika-mysli.cz\/blog\/adhd\/\"},{\"@type\":\"ListItem\",\"position\":3,\"name\":\"ADHD projevy u dosp\u011bl\u00fdch\"}]},{\"@type\":\"Person\",\"@id\":\"https:\/\/www.diagnostika-mysli.cz\/blog\/#\/schema\/person\/8eb1bcaf59fea75c780c11946f4e3490\",\"name\":\"Test Mysli\",\"image\":{\"@type\":\"ImageObject\",\"@id\":\"https:\/\/www.diagnostika-mysli.cz\/blog\/#personlogo\",\"inLanguage\":\"cs\",\"url\":\"https:\/\/secure.gravatar.com\/avatar\/6743211f010801ea26aa9423a2daab37?s=96&d=mm&r=g\",\"contentUrl\":\"https:\/\/secure.gravatar.com\/avatar\/6743211f010801ea26aa9423a2daab37?s=96&d=mm&r=g\",\"caption\":\"Test Mysli\"},\"sameAs\":[\"https:\/\/www.diagnostika-mysli.cz\/blog\"],\"url\":\"https:\/\/www.diagnostika-mysli.cz\/blog\/author\/diagnostyka-umyslu\/\"}]}<\/script>\n<!-- \/ Yoast SEO plugin. -->","yoast_head_json":{"title":"ADHD projevy u dosp\u011bl\u00fdch - Test Mysli","robots":{"index":"index","follow":"follow","max-snippet":"max-snippet:-1","max-image-preview":"max-image-preview:large","max-video-preview":"max-video-preview:-1"},"canonical":"https:\/\/www.diagnostika-mysli.cz\/blog\/adhd\/adhd-projevy-u-dospelych\/","og_locale":"cs_CZ","og_type":"article","og_title":"ADHD projevy u dosp\u011bl\u00fdch - Test Mysli","og_description":"&#8220;Jak\u00e9 jsou nej\u010dast\u011bj\u0161\u00ed projevy ADHD u dosp\u011bl\u00fdch a jak je rozpoznat?&#8221; ADHD (Attention Deficit Hyperactivity Disorder) je neurov\u00fdvojov\u00e1 porucha, kter\u00e1 se projevuje p\u0159edev\u0161\u00edm u d\u011bt\u00ed,...","og_url":"https:\/\/www.diagnostika-mysli.cz\/blog\/adhd\/adhd-projevy-u-dospelych\/","og_site_name":"Test Mysli","article_published_time":"2025-04-13T00:05:18+00:00","twitter_card":"summary_large_image","twitter_misc":{"Napsal(a)":"Test Mysli","Odhadovan\u00e1 doba \u010dten\u00ed":"3 minuty"},"schema":{"@context":"https:\/\/schema.org","@graph":[{"@type":"WebSite","@id":"https:\/\/www.diagnostika-mysli.cz\/blog\/#website","url":"https:\/\/www.diagnostika-mysli.cz\/blog\/","name":"Test Mysli","description":"Blog o poruch\u00e1ch mysli","potentialAction":[{"@type":"SearchAction","target":{"@type":"EntryPoint","urlTemplate":"https:\/\/www.diagnostika-mysli.cz\/blog\/?s={search_term_string}"},"query-input":"required name=search_term_string"}],"inLanguage":"cs"},{"@type":"WebPage","@id":"https:\/\/www.diagnostika-mysli.cz\/blog\/adhd\/adhd-projevy-u-dospelych\/#webpage","url":"https:\/\/www.diagnostika-mysli.cz\/blog\/adhd\/adhd-projevy-u-dospelych\/","name":"ADHD projevy u dosp\u011bl\u00fdch - Test Mysli","isPartOf":{"@id":"https:\/\/www.diagnostika-mysli.cz\/blog\/#website"},"datePublished":"2025-04-13T00:05:18+00:00","dateModified":"2025-04-13T00:05:18+00:00","author":{"@id":"https:\/\/www.diagnostika-mysli.cz\/blog\/#\/schema\/person\/8eb1bcaf59fea75c780c11946f4e3490"},"breadcrumb":{"@id":"https:\/\/www.diagnostika-mysli.cz\/blog\/adhd\/adhd-projevy-u-dospelych\/#breadcrumb"},"inLanguage":"cs","potentialAction":[{"@type":"ReadAction","target":["https:\/\/www.diagnostika-mysli.cz\/blog\/adhd\/adhd-projevy-u-dospelych\/"]}]},{"@type":"BreadcrumbList","@id":"https:\/\/www.diagnostika-mysli.cz\/blog\/adhd\/adhd-projevy-u-dospelych\/#breadcrumb","itemListElement":[{"@type":"ListItem","position":1,"name":"Blog","item":"https:\/\/www.diagnostika-mysli.cz\/blog\/"},{"@type":"ListItem","position":2,"name":"ADHD","item":"https:\/\/www.diagnostika-mysli.cz\/blog\/adhd\/"},{"@type":"ListItem","position":3,"name":"ADHD projevy u dosp\u011bl\u00fdch"}]},{"@type":"Person","@id":"https:\/\/www.diagnostika-mysli.cz\/blog\/#\/schema\/person\/8eb1bcaf59fea75c780c11946f4e3490","name":"Test Mysli","image":{"@type":"ImageObject","@id":"https:\/\/www.diagnostika-mysli.cz\/blog\/#personlogo","inLanguage":"cs","url":"https:\/\/secure.gravatar.com\/avatar\/6743211f010801ea26aa9423a2daab37?s=96&d=mm&r=g","contentUrl":"https:\/\/secure.gravatar.com\/avatar\/6743211f010801ea26aa9423a2daab37?s=96&d=mm&r=g","caption":"Test Mysli"},"sameAs":["https:\/\/www.diagnostika-mysli.cz\/blog"],"url":"https:\/\/www.diagnostika-mysli.cz\/blog\/author\/diagnostyka-umyslu\/"}]}},"amp_enabled":true,"_links":{"self":[{"href":"https:\/\/www.diagnostika-mysli.cz\/blog\/wp-json\/wp\/v2\/posts\/3225"}],"collection":[{"href":"https:\/\/www.diagnostika-mysli.cz\/blog\/wp-json\/wp\/v2\/posts"}],"about":[{"href":"https:\/\/www.diagnostika-mysli.cz\/blog\/wp-json\/wp\/v2\/types\/post"}],"author":[{"embeddable":true,"href":"https:\/\/www.diagnostika-mysli.cz\/blog\/wp-json\/wp\/v2\/users\/1"}],"replies":[{"embeddable":true,"href":"https:\/\/www.diagnostika-mysli.cz\/blog\/wp-json\/wp\/v2\/comments?post=3225"}],"version-history":[{"count":0,"href":"https:\/\/www.diagnostika-mysli.cz\/blog\/wp-json\/wp\/v2\/posts\/3225\/revisions"}],"wp:attachment":[{"href":"https:\/\/www.diagnostika-mysli.cz\/blog\/wp-json\/wp\/v2\/media?parent=3225"}],"wp:term":[{"taxonomy":"category","embeddable":true,"href":"https:\/\/www.diagnostika-mysli.cz\/blog\/wp-json\/wp\/v2\/categories?post=3225"},{"taxonomy":"post_tag","embeddable":true,"href":"https:\/\/www.diagnostika-mysli.cz\/blog\/wp-json\/wp\/v2\/tags?post=3225"}],"curies":[{"name":"wp","href":"https:\/\/api.w.org\/{rel}","templated":true}]}}