{"id":3230,"date":"2025-04-15T03:25:19","date_gmt":"2025-04-15T01:25:19","guid":{"rendered":"https:\/\/www.diagnostika-mysli.cz\/blog\/autismus\/projevy-autismu-u-deti\/"},"modified":"2025-04-15T03:25:19","modified_gmt":"2025-04-15T01:25:19","slug":"projevy-autismu-u-deti","status":"publish","type":"post","link":"https:\/\/www.diagnostika-mysli.cz\/blog\/autismus\/projevy-autismu-u-deti\/","title":{"rendered":"Projevy autismu u d\u011bt\u00ed"},"content":{"rendered":"<div class='topics'>\n<div class='topic'>\n<h2>P\u0159\u00edznaky autismu u d\u011bt\u00ed: Jak je rozpoznat a jak s nimi pracovat<\/h2>\n<p>Autismus je neurov\u00fdvojov\u00e1 porucha, kter\u00e1 se projevuje v d\u011btstv\u00ed a ovliv\u0148uje soci\u00e1ln\u00ed interakce, komunikaci a chov\u00e1n\u00ed. P\u0159\u00edznaky autismu se mohou li\u0161it od d\u00edt\u011bte k d\u00edt\u011bti, ale existuj\u00ed ur\u010dit\u00e9 spole\u010dn\u00e9 znaky, kter\u00e9 mohou pomoci s rozpozn\u00e1n\u00edm t\u00e9to poruchy.<\/p>\n<p>Jedn\u00edm z nej\u010dast\u011bj\u0161\u00edch p\u0159\u00edznak\u016f autismu u d\u011bt\u00ed je probl\u00e9m s komunikac\u00ed a soci\u00e1ln\u00edmi interakcemi. D\u011bti s touto poruchou mohou m\u00edt probl\u00e9my s porozum\u011bn\u00edm neverb\u00e1ln\u00ed komunikace, jako jsou gesta, mimika a t\u00f3n hlasu. Mohou tak\u00e9 m\u00edt probl\u00e9my s navazov\u00e1n\u00edm a udr\u017eov\u00e1n\u00edm p\u0159\u00e1telstv\u00ed a mohou se vyh\u00fdbat o\u010dn\u00edmu kontaktu.<\/p>\n<p>Dal\u0161\u00edm v\u00fdznamn\u00fdm p\u0159\u00edznakem je omezen\u00fd z\u00e1jem o ur\u010dit\u00e9 aktivity nebo p\u0159edm\u011bty. D\u011bti s autismem se mohou siln\u011b soust\u0159edit na ur\u010dit\u00e9<\/p>\n<\/div>\n<div class='topic'>\n<h2>Vliv prost\u0159ed\u00ed na projevy autismu u d\u011bt\u00ed: Jak\u00fd vliv m\u00e1 rodina, \u0161kola a spole\u010dnost<\/h2>\n<p>Autismus je neurov\u00fdvojov\u00e9 onemocn\u011bn\u00ed, kter\u00e9 ovliv\u0148uje soci\u00e1ln\u00ed interakce, komunikaci a chov\u00e1n\u00ed jedince. Jedn\u00e1 se o poruchu, kter\u00e1 se projevuje ji\u017e v d\u011btstv\u00ed a m\u016f\u017ee m\u00edt r\u016fzn\u00e9 formy a z\u00e1va\u017enosti. Vliv prost\u0159ed\u00ed na projevy autismu u d\u011bt\u00ed je velmi d\u016fle\u017eit\u00fd a m\u016f\u017ee m\u00edt v\u00fdznamn\u00fd dopad na celkov\u00fd v\u00fdvoj a \u017eivot d\u00edt\u011bte s touto poruchou.<\/p>\n<p>Rodina je prvn\u00edm a nejd\u016fle\u017eit\u011bj\u0161\u00edm prost\u0159ed\u00edm, ve kter\u00e9m se d\u00edt\u011b s autismem vyv\u00edj\u00ed. Rodi\u010de a dal\u0161\u00ed \u010dlenov\u00e9 rodiny maj\u00ed kl\u00ed\u010dovou roli v podpo\u0159e a v\u00fdchov\u011b d\u00edt\u011bte s touto poruchou. Je d\u016fle\u017eit\u00e9, aby rodina byla informovan\u00e1 o autismu a jeho projevech, aby mohla l\u00e9pe porozum\u011bt pot\u0159eb\u00e1m sv\u00e9ho d\u00edt\u011bte. Rodi\u010de by m\u011bli b\u00fdt trp\u011bliv\u00ed a empatick\u00fdmi<\/p>\n<\/div>\n<div class='topic'>\n<h2>Terapie pro d\u011bti s autismem: Jak\u00e9 jsou mo\u017enosti a jak vybrat tu nejvhodn\u011bj\u0161\u00ed<\/h2>\n<p>Autismus je neurov\u00fdvojov\u00e9 onemocn\u011bn\u00ed, kter\u00e9 ovliv\u0148uje soci\u00e1ln\u00ed interakci, komunikaci a chov\u00e1n\u00ed jedince. Toto onemocn\u011bn\u00ed se projevuje ji\u017e v ran\u00e9m d\u011btstv\u00ed a m\u016f\u017ee m\u00edt r\u016fzn\u00e9 formy a z\u00e1va\u017enosti. Pro rodi\u010de d\u011bt\u00ed s autismem je velmi d\u016fle\u017eit\u00e9 naj\u00edt vhodnou terapii, kter\u00e1 pom\u016f\u017ee jejich d\u00edt\u011bti v jeho v\u00fdvoji a zlep\u0161en\u00ed jeho \u017eivota. V tomto \u010dl\u00e1nku se pod\u00edv\u00e1me na mo\u017enosti terapie pro d\u011bti s autismem a jak vybrat tu nejvhodn\u011bj\u0161\u00ed.<\/p>\n<p>1. ABA terapie<br \/>ABA (Applied Behavior Analysis) terapie je jednou z nej\u010dast\u011bji pou\u017e\u00edvan\u00fdch terapi\u00ed pro d\u011bti s autismem. Tato terapie se zam\u011b\u0159uje na u\u010den\u00ed se nov\u00fdch dovednost\u00ed a zm\u011bnu ne\u017e\u00e1douc\u00edho chov\u00e1n\u00ed pomoc\u00ed pozitivn\u00edho posilov\u00e1n\u00ed. Terapeuti vyu\u017e\u00edvaj\u00ed speci\u00e1ln\u00edch technik a metod, kte<\/p>\n<\/div>\n<div class='topic'>\n<h2>Prevence autismu u d\u011bt\u00ed: Jak m\u016f\u017eeme p\u0159edch\u00e1zet vzniku t\u00e9to poruchy a jak ji odhalit v\u010das<\/h2>\n<p>Autismus je neurov\u00fdvojov\u00e1 porucha, kter\u00e1 se projevuje v d\u011btstv\u00ed a ovliv\u0148uje soci\u00e1ln\u00ed interakce, komunikaci a chov\u00e1n\u00ed jedince. V sou\u010dasn\u00e9 dob\u011b se odhaduje, \u017ee jedno d\u00edt\u011b z 59 trp\u00ed touto poruchou, co\u017e z n\u00ed \u010din\u00ed jednu z nej\u010dast\u011bj\u0161\u00edch neurov\u00fdvojov\u00fdch poruch u d\u011bt\u00ed. Proto je velmi d\u016fle\u017eit\u00e9 v\u011bnovat pozornost prevenci autismu u d\u011bt\u00ed a v\u010dasn\u00e9mu odhalen\u00ed p\u0159\u00edznak\u016f t\u00e9to poruchy.<\/p>\n<p>Prevence autismu u d\u011bt\u00ed zahrnuje \u0159adu opat\u0159en\u00ed, kter\u00e1 mohou pomoci sn\u00ed\u017eit riziko vzniku t\u00e9to poruchy. Jedn\u00edm z nejd\u016fle\u017eit\u011bj\u0161\u00edch faktor\u016f je genetick\u00e1 predispozice, kter\u00e1 se v\u0161ak ned\u00e1 ovlivnit. Nicm\u00e9n\u011b existuj\u00ed i dal\u0161\u00ed faktory, kter\u00e9 mohou hr\u00e1t roli v rozvoji autismu a na kter\u00e9 m\u016f\u017eeme m\u00edt vliv.<\/p>\n<p>Prvn\u00edm krokem k prevenci autismu u<\/p>\n<\/div>\n<\/div>\n","protected":false},"excerpt":{"rendered":"<p>P\u0159\u00edznaky autismu u d\u011bt\u00ed: Jak je rozpoznat a jak s nimi pracovat Autismus je neurov\u00fdvojov\u00e1 porucha, kter\u00e1 se projevuje v d\u011btstv\u00ed a ovliv\u0148uje soci\u00e1ln\u00ed interakce,&#8230;<\/p>\n","protected":false},"author":1,"featured_media":0,"comment_status":"","ping_status":"open","sticky":false,"template":"","format":"standard","meta":{"inline_featured_image":false},"categories":[849],"tags":[],"yoast_head":"<!-- This site is optimized with the Yoast SEO plugin v18.1 - https:\/\/yoast.com\/wordpress\/plugins\/seo\/ -->\n<title>Projevy autismu u d\u011bt\u00ed - Test Mysli<\/title>\n<meta name=\"robots\" content=\"index, follow, max-snippet:-1, max-image-preview:large, max-video-preview:-1\" \/>\n<link rel=\"canonical\" href=\"https:\/\/www.diagnostika-mysli.cz\/blog\/autismus\/projevy-autismu-u-deti\/\" \/>\n<meta property=\"og:locale\" content=\"cs_CZ\" \/>\n<meta property=\"og:type\" content=\"article\" \/>\n<meta property=\"og:title\" content=\"Projevy autismu u d\u011bt\u00ed - Test Mysli\" \/>\n<meta property=\"og:description\" content=\"P\u0159\u00edznaky autismu u d\u011bt\u00ed: Jak je rozpoznat a jak s nimi pracovat Autismus je neurov\u00fdvojov\u00e1 porucha, kter\u00e1 se projevuje v d\u011btstv\u00ed a ovliv\u0148uje soci\u00e1ln\u00ed interakce,...\" \/>\n<meta property=\"og:url\" content=\"https:\/\/www.diagnostika-mysli.cz\/blog\/autismus\/projevy-autismu-u-deti\/\" \/>\n<meta property=\"og:site_name\" content=\"Test Mysli\" \/>\n<meta property=\"article:published_time\" content=\"2025-04-15T01:25:19+00:00\" \/>\n<meta name=\"twitter:card\" content=\"summary_large_image\" \/>\n<meta name=\"twitter:label1\" content=\"Napsal(a)\" \/>\n\t<meta name=\"twitter:data1\" content=\"Test Mysli\" \/>\n\t<meta name=\"twitter:label2\" content=\"Odhadovan\u00e1 doba \u010dten\u00ed\" \/>\n\t<meta name=\"twitter:data2\" content=\"3 minuty\" \/>\n<script type=\"application\/ld+json\" class=\"yoast-schema-graph\">{\"@context\":\"https:\/\/schema.org\",\"@graph\":[{\"@type\":\"WebSite\",\"@id\":\"https:\/\/www.diagnostika-mysli.cz\/blog\/#website\",\"url\":\"https:\/\/www.diagnostika-mysli.cz\/blog\/\",\"name\":\"Test Mysli\",\"description\":\"Blog o poruch\u00e1ch mysli\",\"potentialAction\":[{\"@type\":\"SearchAction\",\"target\":{\"@type\":\"EntryPoint\",\"urlTemplate\":\"https:\/\/www.diagnostika-mysli.cz\/blog\/?s={search_term_string}\"},\"query-input\":\"required name=search_term_string\"}],\"inLanguage\":\"cs\"},{\"@type\":\"WebPage\",\"@id\":\"https:\/\/www.diagnostika-mysli.cz\/blog\/autismus\/projevy-autismu-u-deti\/#webpage\",\"url\":\"https:\/\/www.diagnostika-mysli.cz\/blog\/autismus\/projevy-autismu-u-deti\/\",\"name\":\"Projevy autismu u d\u011bt\u00ed - Test Mysli\",\"isPartOf\":{\"@id\":\"https:\/\/www.diagnostika-mysli.cz\/blog\/#website\"},\"datePublished\":\"2025-04-15T01:25:19+00:00\",\"dateModified\":\"2025-04-15T01:25:19+00:00\",\"author\":{\"@id\":\"https:\/\/www.diagnostika-mysli.cz\/blog\/#\/schema\/person\/8eb1bcaf59fea75c780c11946f4e3490\"},\"breadcrumb\":{\"@id\":\"https:\/\/www.diagnostika-mysli.cz\/blog\/autismus\/projevy-autismu-u-deti\/#breadcrumb\"},\"inLanguage\":\"cs\",\"potentialAction\":[{\"@type\":\"ReadAction\",\"target\":[\"https:\/\/www.diagnostika-mysli.cz\/blog\/autismus\/projevy-autismu-u-deti\/\"]}]},{\"@type\":\"BreadcrumbList\",\"@id\":\"https:\/\/www.diagnostika-mysli.cz\/blog\/autismus\/projevy-autismu-u-deti\/#breadcrumb\",\"itemListElement\":[{\"@type\":\"ListItem\",\"position\":1,\"name\":\"Blog\",\"item\":\"https:\/\/www.diagnostika-mysli.cz\/blog\/\"},{\"@type\":\"ListItem\",\"position\":2,\"name\":\"Autismus\",\"item\":\"https:\/\/www.diagnostika-mysli.cz\/blog\/autismus\/\"},{\"@type\":\"ListItem\",\"position\":3,\"name\":\"Projevy autismu u d\u011bt\u00ed\"}]},{\"@type\":\"Person\",\"@id\":\"https:\/\/www.diagnostika-mysli.cz\/blog\/#\/schema\/person\/8eb1bcaf59fea75c780c11946f4e3490\",\"name\":\"Test Mysli\",\"image\":{\"@type\":\"ImageObject\",\"@id\":\"https:\/\/www.diagnostika-mysli.cz\/blog\/#personlogo\",\"inLanguage\":\"cs\",\"url\":\"https:\/\/secure.gravatar.com\/avatar\/6743211f010801ea26aa9423a2daab37?s=96&d=mm&r=g\",\"contentUrl\":\"https:\/\/secure.gravatar.com\/avatar\/6743211f010801ea26aa9423a2daab37?s=96&d=mm&r=g\",\"caption\":\"Test Mysli\"},\"sameAs\":[\"https:\/\/www.diagnostika-mysli.cz\/blog\"],\"url\":\"https:\/\/www.diagnostika-mysli.cz\/blog\/author\/diagnostyka-umyslu\/\"}]}<\/script>\n<!-- \/ Yoast SEO plugin. -->","yoast_head_json":{"title":"Projevy autismu u d\u011bt\u00ed - Test Mysli","robots":{"index":"index","follow":"follow","max-snippet":"max-snippet:-1","max-image-preview":"max-image-preview:large","max-video-preview":"max-video-preview:-1"},"canonical":"https:\/\/www.diagnostika-mysli.cz\/blog\/autismus\/projevy-autismu-u-deti\/","og_locale":"cs_CZ","og_type":"article","og_title":"Projevy autismu u d\u011bt\u00ed - Test Mysli","og_description":"P\u0159\u00edznaky autismu u d\u011bt\u00ed: Jak je rozpoznat a jak s nimi pracovat Autismus je neurov\u00fdvojov\u00e1 porucha, kter\u00e1 se projevuje v d\u011btstv\u00ed a ovliv\u0148uje soci\u00e1ln\u00ed interakce,...","og_url":"https:\/\/www.diagnostika-mysli.cz\/blog\/autismus\/projevy-autismu-u-deti\/","og_site_name":"Test Mysli","article_published_time":"2025-04-15T01:25:19+00:00","twitter_card":"summary_large_image","twitter_misc":{"Napsal(a)":"Test Mysli","Odhadovan\u00e1 doba \u010dten\u00ed":"3 minuty"},"schema":{"@context":"https:\/\/schema.org","@graph":[{"@type":"WebSite","@id":"https:\/\/www.diagnostika-mysli.cz\/blog\/#website","url":"https:\/\/www.diagnostika-mysli.cz\/blog\/","name":"Test Mysli","description":"Blog o poruch\u00e1ch mysli","potentialAction":[{"@type":"SearchAction","target":{"@type":"EntryPoint","urlTemplate":"https:\/\/www.diagnostika-mysli.cz\/blog\/?s={search_term_string}"},"query-input":"required name=search_term_string"}],"inLanguage":"cs"},{"@type":"WebPage","@id":"https:\/\/www.diagnostika-mysli.cz\/blog\/autismus\/projevy-autismu-u-deti\/#webpage","url":"https:\/\/www.diagnostika-mysli.cz\/blog\/autismus\/projevy-autismu-u-deti\/","name":"Projevy autismu u d\u011bt\u00ed - Test Mysli","isPartOf":{"@id":"https:\/\/www.diagnostika-mysli.cz\/blog\/#website"},"datePublished":"2025-04-15T01:25:19+00:00","dateModified":"2025-04-15T01:25:19+00:00","author":{"@id":"https:\/\/www.diagnostika-mysli.cz\/blog\/#\/schema\/person\/8eb1bcaf59fea75c780c11946f4e3490"},"breadcrumb":{"@id":"https:\/\/www.diagnostika-mysli.cz\/blog\/autismus\/projevy-autismu-u-deti\/#breadcrumb"},"inLanguage":"cs","potentialAction":[{"@type":"ReadAction","target":["https:\/\/www.diagnostika-mysli.cz\/blog\/autismus\/projevy-autismu-u-deti\/"]}]},{"@type":"BreadcrumbList","@id":"https:\/\/www.diagnostika-mysli.cz\/blog\/autismus\/projevy-autismu-u-deti\/#breadcrumb","itemListElement":[{"@type":"ListItem","position":1,"name":"Blog","item":"https:\/\/www.diagnostika-mysli.cz\/blog\/"},{"@type":"ListItem","position":2,"name":"Autismus","item":"https:\/\/www.diagnostika-mysli.cz\/blog\/autismus\/"},{"@type":"ListItem","position":3,"name":"Projevy autismu u d\u011bt\u00ed"}]},{"@type":"Person","@id":"https:\/\/www.diagnostika-mysli.cz\/blog\/#\/schema\/person\/8eb1bcaf59fea75c780c11946f4e3490","name":"Test Mysli","image":{"@type":"ImageObject","@id":"https:\/\/www.diagnostika-mysli.cz\/blog\/#personlogo","inLanguage":"cs","url":"https:\/\/secure.gravatar.com\/avatar\/6743211f010801ea26aa9423a2daab37?s=96&d=mm&r=g","contentUrl":"https:\/\/secure.gravatar.com\/avatar\/6743211f010801ea26aa9423a2daab37?s=96&d=mm&r=g","caption":"Test Mysli"},"sameAs":["https:\/\/www.diagnostika-mysli.cz\/blog"],"url":"https:\/\/www.diagnostika-mysli.cz\/blog\/author\/diagnostyka-umyslu\/"}]}},"amp_enabled":true,"_links":{"self":[{"href":"https:\/\/www.diagnostika-mysli.cz\/blog\/wp-json\/wp\/v2\/posts\/3230"}],"collection":[{"href":"https:\/\/www.diagnostika-mysli.cz\/blog\/wp-json\/wp\/v2\/posts"}],"about":[{"href":"https:\/\/www.diagnostika-mysli.cz\/blog\/wp-json\/wp\/v2\/types\/post"}],"author":[{"embeddable":true,"href":"https:\/\/www.diagnostika-mysli.cz\/blog\/wp-json\/wp\/v2\/users\/1"}],"replies":[{"embeddable":true,"href":"https:\/\/www.diagnostika-mysli.cz\/blog\/wp-json\/wp\/v2\/comments?post=3230"}],"version-history":[{"count":0,"href":"https:\/\/www.diagnostika-mysli.cz\/blog\/wp-json\/wp\/v2\/posts\/3230\/revisions"}],"wp:attachment":[{"href":"https:\/\/www.diagnostika-mysli.cz\/blog\/wp-json\/wp\/v2\/media?parent=3230"}],"wp:term":[{"taxonomy":"category","embeddable":true,"href":"https:\/\/www.diagnostika-mysli.cz\/blog\/wp-json\/wp\/v2\/categories?post=3230"},{"taxonomy":"post_tag","embeddable":true,"href":"https:\/\/www.diagnostika-mysli.cz\/blog\/wp-json\/wp\/v2\/tags?post=3230"}],"curies":[{"name":"wp","href":"https:\/\/api.w.org\/{rel}","templated":true}]}}