{"id":3232,"date":"2025-04-16T03:25:18","date_gmt":"2025-04-16T01:25:18","guid":{"rendered":"https:\/\/www.diagnostika-mysli.cz\/blog\/autismus\/jak-se-pozna-autismus\/"},"modified":"2025-04-16T03:25:18","modified_gmt":"2025-04-16T01:25:18","slug":"jak-se-pozna-autismus","status":"publish","type":"post","link":"https:\/\/www.diagnostika-mysli.cz\/blog\/autismus\/jak-se-pozna-autismus\/","title":{"rendered":"Jak se pozn\u00e1 autismus"},"content":{"rendered":"<div class='topics'>\n<div class='topic'>\n<h2>Co je autismus a jak\u00e9 jsou jeho p\u0159\u00edznaky?<\/h2>\n<p>Autismus je neurov\u00fdvojov\u00e1 porucha, kter\u00e1 ovliv\u0148uje komunikaci a soci\u00e1ln\u00ed interakci jedince. Tato porucha se projevuje ji\u017e v ran\u00e9m d\u011btstv\u00ed a trv\u00e1 cel\u00fd \u017eivot. Jej\u00ed p\u0159\u00ed\u010dina nen\u00ed zcela zn\u00e1ma, ale v\u011bdci se domn\u00edvaj\u00ed, \u017ee m\u016f\u017ee b\u00fdt zp\u016fsobena kombinac\u00ed genetick\u00fdch a environment\u00e1ln\u00edch faktor\u016f.<\/p>\n<p>Jedn\u00edm z hlavn\u00edch p\u0159\u00edznak\u016f autismu je probl\u00e9m s komunikac\u00ed. D\u011bti s touto poruchou maj\u00ed \u010dasto probl\u00e9my s verb\u00e1ln\u00ed komunikac\u00ed a mohou m\u00edt omezen\u00fd slovn\u00ed z\u00e1sobn\u00edk. Mnoho z nich tak\u00e9 nem\u00e1 schopnost porozum\u011bt nonverb\u00e1ln\u00edm sign\u00e1l\u016fm, jako jsou nap\u0159\u00edklad gesta a mimika. To m\u016f\u017ee v\u00e9st k nedorozum\u011bn\u00edm a probl\u00e9m\u016fm v komunikaci s ostatn\u00edmi.<\/p>\n<p>Dal\u0161\u00edm v\u00fdznamn\u00fdm p\u0159\u00edznakem autismu je omezen\u00fd z\u00e1jem o soci\u00e1ln\u00ed interakci. D\u011bti s touto poruchou<\/p>\n<\/div>\n<div class='topic'>\n<h2>Jak\u00e9 jsou mo\u017enosti diagnostiky autismu a kde se m\u016f\u017eete obr\u00e1tit pro pomoc?<\/h2>\n<p>Autismus je neurov\u00fdvojov\u00e9 onemocn\u011bn\u00ed, kter\u00e9 ovliv\u0148uje komunikaci, soci\u00e1ln\u00ed interakci a chov\u00e1n\u00ed jedince. Jeho p\u0159\u00edznaky se mohou projevovat ji\u017e v ran\u00e9m d\u011btstv\u00ed a mohou b\u00fdt r\u016fznorod\u00e9. Proto je d\u016fle\u017eit\u00e9, aby byl autismus diagnostikov\u00e1n co nejd\u0159\u00edve, aby mohl b\u00fdt poskytnut vhodn\u00fd terapeutick\u00fd a vzd\u011bl\u00e1vac\u00ed pl\u00e1n.<\/p>\n<p>Existuje n\u011bkolik mo\u017enost\u00ed, jak diagnostikovat autismus. Jednou z nich je klinick\u00e9 vy\u0161et\u0159en\u00ed, kter\u00e9 prov\u00e1d\u00ed l\u00e9ka\u0159 nebo psycholog. Toto vy\u0161et\u0159en\u00ed zahrnuje rozhovor s rodi\u010di nebo opatrovn\u00edky d\u00edt\u011bte, pozorov\u00e1n\u00ed chov\u00e1n\u00ed d\u00edt\u011bte a vypln\u011bn\u00ed dotazn\u00edk\u016f. L\u00e9ka\u0159 nebo psycholog tak\u00e9 m\u016f\u017ee prov\u00e9st fyzick\u00e9 vy\u0161et\u0159en\u00ed, aby vylou\u010dil jin\u00e9 mo\u017en\u00e9 p\u0159\u00ed\u010diny p\u0159\u00edznak\u016f.<\/p>\n<p>Dal\u0161\u00ed mo\u017enost\u00ed je neuropsychologick\u00e9<\/p>\n<\/div>\n<div class='topic'>\n<h2>Jak m\u016f\u017eeme podpo\u0159it d\u011bti s autismem v jejich ka\u017edodenn\u00edm \u017eivot\u011b?<\/h2>\n<p>Autismus je neurov\u00fdvojov\u00e9 onemocn\u011bn\u00ed, kter\u00e9 ovliv\u0148uje komunikaci, soci\u00e1ln\u00ed interakci a chov\u00e1n\u00ed jedince. D\u011bti s autismem maj\u00ed \u010dasto probl\u00e9my s adaptac\u00ed na b\u011b\u017en\u00e9 ka\u017edodenn\u00ed situace a pot\u0159ebuj\u00ed speci\u00e1ln\u00ed podporu a p\u00e9\u010di. V tomto \u010dl\u00e1nku se zam\u011b\u0159\u00edme na to, jak m\u016f\u017eeme podpo\u0159it d\u011bti s autismem v jejich ka\u017edodenn\u00edm \u017eivot\u011b.<\/p>\n<p>1. Vytvo\u0159en\u00ed struktury a rutiny<\/p>\n<p>D\u011bti s autismem maj\u00ed \u010dasto pot\u0159ebu jistoty a p\u0159edv\u00eddatelnosti. Proto je d\u016fle\u017eit\u00e9 vytvo\u0159it pro n\u011b strukturu a rutinu v jejich ka\u017edodenn\u00edm \u017eivot\u011b. To znamen\u00e1 m\u00edt pevn\u011b stanoven\u00fd harmonogram pro ka\u017ed\u00fd den, kter\u00fd bude obsahovat \u010das na j\u00eddlo, u\u010den\u00ed, hran\u00ed a odpo\u010dinek. D\u011bti s autismem se tak\u00e9 mohou l\u00e9pe orientovat v prostoru, pokud maj\u00ed sv\u00e9 vlastn\u00ed m\u00edsto, kde se m<\/p>\n<\/div>\n<div class='topic'>\n<h2>Jak\u00e9 jsou nejnov\u011bj\u0161\u00ed poznatky o l\u00e9\u010db\u011b a terapii autismu?<\/h2>\n<p>Autismus je neurov\u00fdvojov\u00e9 onemocn\u011bn\u00ed, kter\u00e9 ovliv\u0148uje soci\u00e1ln\u00ed interakce, komunikaci a chov\u00e1n\u00ed jedince. V posledn\u00edch letech se v\u00fdzkum a l\u00e9\u010dba autismu staly st\u0159edem pozornosti, proto\u017ee se jedn\u00e1 o st\u00e1le \u010dast\u011bj\u0161\u00ed diagn\u00f3zu u d\u011bt\u00ed i dosp\u011bl\u00fdch. D\u00edky tomu se tak\u00e9 objevuj\u00ed nov\u00e9 poznatky a metody l\u00e9\u010dby, kter\u00e9 mohou pomoci jedinc\u016fm s touto poruchou.<\/p>\n<p>Jedn\u00edm z nejnov\u011bj\u0161\u00edch poznatk\u016f je vyu\u017eit\u00ed behavior\u00e1ln\u00ed terapie p\u0159i l\u00e9\u010db\u011b autismu. Tato terapie se zam\u011b\u0159uje na zm\u011bnu chov\u00e1n\u00ed a u\u010den\u00ed nov\u00fdch dovednost\u00ed. Jedn\u00e1 se o individu\u00e1ln\u00ed p\u0159\u00edstup, kdy terapeut pracuje s jedincem na z\u00e1klad\u011b jeho specifick\u00fdch pot\u0159eb a schopnost\u00ed. Behavior\u00e1ln\u00ed terapie m\u016f\u017ee pomoci zlep\u0161it komunikaci, soci\u00e1ln\u00ed interakce a adaptaci na nov\u00e9 situace.<\/p>\n<p>Dal\u0161\u00edm v\u00fdznamn\u00fdm po<\/p>\n<\/div>\n<\/div>\n","protected":false},"excerpt":{"rendered":"<p>Co je autismus a jak\u00e9 jsou jeho p\u0159\u00edznaky? Autismus je neurov\u00fdvojov\u00e1 porucha, kter\u00e1 ovliv\u0148uje komunikaci a soci\u00e1ln\u00ed interakci jedince. Tato porucha se projevuje ji\u017e v&#8230;<\/p>\n","protected":false},"author":1,"featured_media":0,"comment_status":"","ping_status":"open","sticky":false,"template":"","format":"standard","meta":{"inline_featured_image":false},"categories":[849],"tags":[],"yoast_head":"<!-- This site is optimized with the Yoast SEO plugin v18.1 - https:\/\/yoast.com\/wordpress\/plugins\/seo\/ -->\n<title>Jak se pozn\u00e1 autismus - Test Mysli<\/title>\n<meta name=\"robots\" content=\"index, follow, max-snippet:-1, max-image-preview:large, max-video-preview:-1\" \/>\n<link rel=\"canonical\" href=\"https:\/\/www.diagnostika-mysli.cz\/blog\/autismus\/jak-se-pozna-autismus\/\" \/>\n<meta property=\"og:locale\" content=\"cs_CZ\" \/>\n<meta property=\"og:type\" content=\"article\" \/>\n<meta property=\"og:title\" content=\"Jak se pozn\u00e1 autismus - Test Mysli\" \/>\n<meta property=\"og:description\" content=\"Co je autismus a jak\u00e9 jsou jeho p\u0159\u00edznaky? Autismus je neurov\u00fdvojov\u00e1 porucha, kter\u00e1 ovliv\u0148uje komunikaci a soci\u00e1ln\u00ed interakci jedince. Tato porucha se projevuje ji\u017e v...\" \/>\n<meta property=\"og:url\" content=\"https:\/\/www.diagnostika-mysli.cz\/blog\/autismus\/jak-se-pozna-autismus\/\" \/>\n<meta property=\"og:site_name\" content=\"Test Mysli\" \/>\n<meta property=\"article:published_time\" content=\"2025-04-16T01:25:18+00:00\" \/>\n<meta name=\"twitter:card\" content=\"summary_large_image\" \/>\n<meta name=\"twitter:label1\" content=\"Napsal(a)\" \/>\n\t<meta name=\"twitter:data1\" content=\"Test Mysli\" \/>\n\t<meta name=\"twitter:label2\" content=\"Odhadovan\u00e1 doba \u010dten\u00ed\" \/>\n\t<meta name=\"twitter:data2\" content=\"3 minuty\" \/>\n<script type=\"application\/ld+json\" class=\"yoast-schema-graph\">{\"@context\":\"https:\/\/schema.org\",\"@graph\":[{\"@type\":\"WebSite\",\"@id\":\"https:\/\/www.diagnostika-mysli.cz\/blog\/#website\",\"url\":\"https:\/\/www.diagnostika-mysli.cz\/blog\/\",\"name\":\"Test Mysli\",\"description\":\"Blog o poruch\u00e1ch mysli\",\"potentialAction\":[{\"@type\":\"SearchAction\",\"target\":{\"@type\":\"EntryPoint\",\"urlTemplate\":\"https:\/\/www.diagnostika-mysli.cz\/blog\/?s={search_term_string}\"},\"query-input\":\"required name=search_term_string\"}],\"inLanguage\":\"cs\"},{\"@type\":\"WebPage\",\"@id\":\"https:\/\/www.diagnostika-mysli.cz\/blog\/autismus\/jak-se-pozna-autismus\/#webpage\",\"url\":\"https:\/\/www.diagnostika-mysli.cz\/blog\/autismus\/jak-se-pozna-autismus\/\",\"name\":\"Jak se pozn\u00e1 autismus - Test Mysli\",\"isPartOf\":{\"@id\":\"https:\/\/www.diagnostika-mysli.cz\/blog\/#website\"},\"datePublished\":\"2025-04-16T01:25:18+00:00\",\"dateModified\":\"2025-04-16T01:25:18+00:00\",\"author\":{\"@id\":\"https:\/\/www.diagnostika-mysli.cz\/blog\/#\/schema\/person\/8eb1bcaf59fea75c780c11946f4e3490\"},\"breadcrumb\":{\"@id\":\"https:\/\/www.diagnostika-mysli.cz\/blog\/autismus\/jak-se-pozna-autismus\/#breadcrumb\"},\"inLanguage\":\"cs\",\"potentialAction\":[{\"@type\":\"ReadAction\",\"target\":[\"https:\/\/www.diagnostika-mysli.cz\/blog\/autismus\/jak-se-pozna-autismus\/\"]}]},{\"@type\":\"BreadcrumbList\",\"@id\":\"https:\/\/www.diagnostika-mysli.cz\/blog\/autismus\/jak-se-pozna-autismus\/#breadcrumb\",\"itemListElement\":[{\"@type\":\"ListItem\",\"position\":1,\"name\":\"Blog\",\"item\":\"https:\/\/www.diagnostika-mysli.cz\/blog\/\"},{\"@type\":\"ListItem\",\"position\":2,\"name\":\"Autismus\",\"item\":\"https:\/\/www.diagnostika-mysli.cz\/blog\/autismus\/\"},{\"@type\":\"ListItem\",\"position\":3,\"name\":\"Jak se pozn\u00e1 autismus\"}]},{\"@type\":\"Person\",\"@id\":\"https:\/\/www.diagnostika-mysli.cz\/blog\/#\/schema\/person\/8eb1bcaf59fea75c780c11946f4e3490\",\"name\":\"Test Mysli\",\"image\":{\"@type\":\"ImageObject\",\"@id\":\"https:\/\/www.diagnostika-mysli.cz\/blog\/#personlogo\",\"inLanguage\":\"cs\",\"url\":\"https:\/\/secure.gravatar.com\/avatar\/6743211f010801ea26aa9423a2daab37?s=96&d=mm&r=g\",\"contentUrl\":\"https:\/\/secure.gravatar.com\/avatar\/6743211f010801ea26aa9423a2daab37?s=96&d=mm&r=g\",\"caption\":\"Test Mysli\"},\"sameAs\":[\"https:\/\/www.diagnostika-mysli.cz\/blog\"],\"url\":\"https:\/\/www.diagnostika-mysli.cz\/blog\/author\/diagnostyka-umyslu\/\"}]}<\/script>\n<!-- \/ Yoast SEO plugin. -->","yoast_head_json":{"title":"Jak se pozn\u00e1 autismus - Test Mysli","robots":{"index":"index","follow":"follow","max-snippet":"max-snippet:-1","max-image-preview":"max-image-preview:large","max-video-preview":"max-video-preview:-1"},"canonical":"https:\/\/www.diagnostika-mysli.cz\/blog\/autismus\/jak-se-pozna-autismus\/","og_locale":"cs_CZ","og_type":"article","og_title":"Jak se pozn\u00e1 autismus - Test Mysli","og_description":"Co je autismus a jak\u00e9 jsou jeho p\u0159\u00edznaky? Autismus je neurov\u00fdvojov\u00e1 porucha, kter\u00e1 ovliv\u0148uje komunikaci a soci\u00e1ln\u00ed interakci jedince. Tato porucha se projevuje ji\u017e v...","og_url":"https:\/\/www.diagnostika-mysli.cz\/blog\/autismus\/jak-se-pozna-autismus\/","og_site_name":"Test Mysli","article_published_time":"2025-04-16T01:25:18+00:00","twitter_card":"summary_large_image","twitter_misc":{"Napsal(a)":"Test Mysli","Odhadovan\u00e1 doba \u010dten\u00ed":"3 minuty"},"schema":{"@context":"https:\/\/schema.org","@graph":[{"@type":"WebSite","@id":"https:\/\/www.diagnostika-mysli.cz\/blog\/#website","url":"https:\/\/www.diagnostika-mysli.cz\/blog\/","name":"Test Mysli","description":"Blog o poruch\u00e1ch mysli","potentialAction":[{"@type":"SearchAction","target":{"@type":"EntryPoint","urlTemplate":"https:\/\/www.diagnostika-mysli.cz\/blog\/?s={search_term_string}"},"query-input":"required name=search_term_string"}],"inLanguage":"cs"},{"@type":"WebPage","@id":"https:\/\/www.diagnostika-mysli.cz\/blog\/autismus\/jak-se-pozna-autismus\/#webpage","url":"https:\/\/www.diagnostika-mysli.cz\/blog\/autismus\/jak-se-pozna-autismus\/","name":"Jak se pozn\u00e1 autismus - Test Mysli","isPartOf":{"@id":"https:\/\/www.diagnostika-mysli.cz\/blog\/#website"},"datePublished":"2025-04-16T01:25:18+00:00","dateModified":"2025-04-16T01:25:18+00:00","author":{"@id":"https:\/\/www.diagnostika-mysli.cz\/blog\/#\/schema\/person\/8eb1bcaf59fea75c780c11946f4e3490"},"breadcrumb":{"@id":"https:\/\/www.diagnostika-mysli.cz\/blog\/autismus\/jak-se-pozna-autismus\/#breadcrumb"},"inLanguage":"cs","potentialAction":[{"@type":"ReadAction","target":["https:\/\/www.diagnostika-mysli.cz\/blog\/autismus\/jak-se-pozna-autismus\/"]}]},{"@type":"BreadcrumbList","@id":"https:\/\/www.diagnostika-mysli.cz\/blog\/autismus\/jak-se-pozna-autismus\/#breadcrumb","itemListElement":[{"@type":"ListItem","position":1,"name":"Blog","item":"https:\/\/www.diagnostika-mysli.cz\/blog\/"},{"@type":"ListItem","position":2,"name":"Autismus","item":"https:\/\/www.diagnostika-mysli.cz\/blog\/autismus\/"},{"@type":"ListItem","position":3,"name":"Jak se pozn\u00e1 autismus"}]},{"@type":"Person","@id":"https:\/\/www.diagnostika-mysli.cz\/blog\/#\/schema\/person\/8eb1bcaf59fea75c780c11946f4e3490","name":"Test Mysli","image":{"@type":"ImageObject","@id":"https:\/\/www.diagnostika-mysli.cz\/blog\/#personlogo","inLanguage":"cs","url":"https:\/\/secure.gravatar.com\/avatar\/6743211f010801ea26aa9423a2daab37?s=96&d=mm&r=g","contentUrl":"https:\/\/secure.gravatar.com\/avatar\/6743211f010801ea26aa9423a2daab37?s=96&d=mm&r=g","caption":"Test Mysli"},"sameAs":["https:\/\/www.diagnostika-mysli.cz\/blog"],"url":"https:\/\/www.diagnostika-mysli.cz\/blog\/author\/diagnostyka-umyslu\/"}]}},"amp_enabled":true,"_links":{"self":[{"href":"https:\/\/www.diagnostika-mysli.cz\/blog\/wp-json\/wp\/v2\/posts\/3232"}],"collection":[{"href":"https:\/\/www.diagnostika-mysli.cz\/blog\/wp-json\/wp\/v2\/posts"}],"about":[{"href":"https:\/\/www.diagnostika-mysli.cz\/blog\/wp-json\/wp\/v2\/types\/post"}],"author":[{"embeddable":true,"href":"https:\/\/www.diagnostika-mysli.cz\/blog\/wp-json\/wp\/v2\/users\/1"}],"replies":[{"embeddable":true,"href":"https:\/\/www.diagnostika-mysli.cz\/blog\/wp-json\/wp\/v2\/comments?post=3232"}],"version-history":[{"count":0,"href":"https:\/\/www.diagnostika-mysli.cz\/blog\/wp-json\/wp\/v2\/posts\/3232\/revisions"}],"wp:attachment":[{"href":"https:\/\/www.diagnostika-mysli.cz\/blog\/wp-json\/wp\/v2\/media?parent=3232"}],"wp:term":[{"taxonomy":"category","embeddable":true,"href":"https:\/\/www.diagnostika-mysli.cz\/blog\/wp-json\/wp\/v2\/categories?post=3232"},{"taxonomy":"post_tag","embeddable":true,"href":"https:\/\/www.diagnostika-mysli.cz\/blog\/wp-json\/wp\/v2\/tags?post=3232"}],"curies":[{"name":"wp","href":"https:\/\/api.w.org\/{rel}","templated":true}]}}