{"id":3234,"date":"2025-04-17T02:05:52","date_gmt":"2025-04-17T00:05:52","guid":{"rendered":"https:\/\/www.diagnostika-mysli.cz\/blog\/adhd\/adhd-a-vyvojova-dysfazie\/"},"modified":"2025-04-17T02:05:52","modified_gmt":"2025-04-17T00:05:52","slug":"adhd-a-vyvojova-dysfazie","status":"publish","type":"post","link":"https:\/\/www.diagnostika-mysli.cz\/blog\/adhd\/adhd-a-vyvojova-dysfazie\/","title":{"rendered":"ADHD a v\u00fdvojov\u00e1 dysf\u00e1zie"},"content":{"rendered":"<div class='topics'>\n<div class='topic'>\n<h2>Co je ADHD a v\u00fdvojov\u00e1 dysf\u00e1zie a jak se projevuj\u00ed?<\/h2>\n<p>ADHD (Attention Deficit Hyperactivity Disorder) a v\u00fdvojov\u00e1 dysf\u00e1zie jsou dva z nej\u010dast\u011bj\u0161\u00edch neurov\u00fdvojov\u00fdch poruch, kter\u00e9 postihuj\u00ed d\u011bti. Tyto poruchy mohou m\u00edt v\u00fdrazn\u00fd vliv na \u017eivot d\u00edt\u011bte a jeho rodiny, proto je d\u016fle\u017eit\u00e9 je co nejd\u0159\u00edve rozpoznat a za\u010d\u00edt s l\u00e9\u010dbou.<\/p>\n<p>ADHD je porucha, kter\u00e1 se projevuje probl\u00e9my s pozornost\u00ed, hyperaktivitou a impulzivitou. D\u011bti s ADHD maj\u00ed \u010dasto probl\u00e9my se soust\u0159ed\u011bn\u00edm, zapamatov\u00e1n\u00edm informac\u00ed a pl\u00e1nov\u00e1n\u00edm. Jsou nesoust\u0159ed\u011bn\u00e9, roztr\u017eit\u00e9 a \u010dasto se p\u0159i u\u010den\u00ed snadno rozptyluj\u00ed. D\u00e1le mohou b\u00fdt velmi hyperaktivn\u00ed, co\u017e se projevuje neklidem, neust\u00e1l\u00fdm pohybem a pot\u0159ebou neust\u00e1le se h\u00fdbat. Impulzivita se projevuje nedostatkem sebekontroly a neschopnost\u00ed p\u0159em\u00fd\u0161let o n\u00e1sledc<\/p>\n<\/div>\n<div class='topic'>\n<h2>&#8211; Vysv\u011btlen\u00ed, co jsou to poruchy ADHD a v\u00fdvojov\u00e9 dysf\u00e1zie a jak se projevuj\u00ed u d\u011bt\u00ed i dosp\u011bl\u00fdch.<\/h2>\n<p>Poruchy ADHD (Attention Deficit Hyperactivity Disorder) a v\u00fdvojov\u00e9 dysf\u00e1zie jsou neurov\u00fdvojov\u00e9 poruchy, kter\u00e9 se mohou projevovat u d\u011bt\u00ed i dosp\u011bl\u00fdch. Tyto poruchy maj\u00ed vliv na kognitivn\u00ed, emo\u010dn\u00ed a behavior\u00e1ln\u00ed funkce jedince a mohou ovlivnit jeho schopnost u\u010dit se, komunikovat a interagovat s okol\u00edm.<\/p>\n<p>ADHD je porucha, kter\u00e1 se projevuje p\u0159edev\u0161\u00edm probl\u00e9my s pozornost\u00ed, hyperaktivitou a impulzivitou. D\u011bti s ADHD maj\u00ed \u010dasto probl\u00e9my se soust\u0159ed\u011bn\u00edm, zapamatov\u00e1n\u00edm informac\u00ed a pl\u00e1nov\u00e1n\u00edm \u00fakol\u016f. Mohou b\u00fdt tak\u00e9 velmi neposedn\u00e9, nerozhodn\u00e9 a impulzivn\u00ed, co\u017e m\u016f\u017ee v\u00e9st k probl\u00e9m\u016fm v soci\u00e1ln\u00edm chov\u00e1n\u00ed a vztaz\u00edch s ostatn\u00edmi. U dosp\u011bl\u00fdch se m\u016f\u017ee ADHD projevovat nap\u0159\u00edklad jako neschopnost dokon\u010dit \u00fakoly, nedostate\u010dn\u00e1 organizace a pl\u00e1nov\u00e1n\u00ed,<\/p>\n<\/div>\n<div class='topic'>\n<h2>&#8211; Popis jednotliv\u00fdch p\u0159\u00edznak\u016f a jejich vliv na ka\u017edodenn\u00ed \u017eivot jedince.<\/h2>\n<p>Ka\u017ed\u00fd jedinec je jedine\u010dn\u00fd a m\u00e1 sv\u00e9 vlastn\u00ed p\u0159\u00edznaky, kter\u00e9 ovliv\u0148uj\u00ed jeho ka\u017edodenn\u00ed \u017eivot. P\u0159\u00edznaky mohou b\u00fdt fyzick\u00e9, psychick\u00e9 nebo soci\u00e1ln\u00ed a mohou m\u00edt r\u016fzn\u00e9 \u00farovn\u011b z\u00e1va\u017enosti. V tomto \u010dl\u00e1nku se pod\u00edv\u00e1me na n\u011bkter\u00e9 z nej\u010dast\u011bj\u0161\u00edch p\u0159\u00edznak\u016f a jejich vliv na ka\u017edodenn\u00ed \u017eivot jedince.<\/p>\n<p>Fyzick\u00e9 p\u0159\u00edznaky jsou ty, kter\u00e9 se t\u00fdkaj\u00ed t\u011blesn\u00e9ho zdrav\u00ed jedince. Mohou zahrnovat bolesti, \u00fanavu, z\u00e1vrat\u011b, nevolnost, ztr\u00e1tu chuti k j\u00eddlu nebo probl\u00e9my s pohybem. Tyto p\u0159\u00edznaky mohou b\u00fdt zp\u016fsobeny r\u016fzn\u00fdmi faktory, jako jsou nemoci, \u00farazy, stres nebo nezdrav\u00fd \u017eivotn\u00ed styl. Mohou m\u00edt v\u00fdrazn\u00fd vliv na ka\u017edodenn\u00ed \u017eivot jedince, proto\u017ee mohou omezovat jeho<\/p>\n<\/div>\n<div class='topic'>\n<h2>&#8211; D\u016fle\u017eitost v\u010dasn\u00e9ho rozpozn\u00e1n\u00ed a diagnostiky t\u011bchto poruch.<\/h2>\n<p>V dne\u0161n\u00ed dob\u011b se st\u00e1le v\u00edce hovo\u0159\u00ed o du\u0161evn\u00edch poruch\u00e1ch, jako jsou deprese, \u00fazkostn\u00e9 poruchy, bipol\u00e1rn\u00ed porucha nebo schizofrenie. Tyto poruchy maj\u00ed vliv na na\u0161e my\u0161len\u00ed, emoce a chov\u00e1n\u00ed a mohou n\u00e1m zp\u016fsobovat velk\u00e9 probl\u00e9my v ka\u017edodenn\u00edm \u017eivot\u011b. Proto je d\u016fle\u017eit\u00e9, abychom tyto poruchy dok\u00e1zali v\u010das rozpoznat a diagnostikovat.<\/p>\n<p>V\u010dasn\u00e9 rozpozn\u00e1n\u00ed a diagnostika du\u0161evn\u00edch poruch je kl\u00ed\u010dov\u00e1 pro \u00fasp\u011b\u0161nou l\u00e9\u010dbu a zlep\u0161en\u00ed kvality \u017eivota pacient\u016f. Pokud jsou tyto poruchy ignorov\u00e1ny nebo nediagnostikov\u00e1ny, mohou se zhor\u0161ovat a v\u00e9st k v\u00e1\u017en\u00fdm n\u00e1sledk\u016fm, jako je sebevra\u017eedn\u00e9 chov\u00e1n\u00ed, z\u00e1vislost na drog\u00e1ch a alkoholu, nebo dokonce hospitalizace.<\/p>\n<p>V\u010dasn\u00e1 diagnostika tak\u00e9 umo\u017e\u0148uje l\u00e9ka\u0159\u016fm a terapeut\u016fm p\u0159<\/p>\n<\/div>\n<div class='topic'>\n<h2><\/h2>\n<p>\u010cesk\u00e1 kuchyn\u011b je jednou z nejstar\u0161\u00edch a nejbohat\u0161\u00edch kuchyn\u00ed v Evrop\u011b. Jej\u00ed ko\u0159eny sahaj\u00ed a\u017e do 9. stolet\u00ed, kdy se za\u010daly formovat prvn\u00ed tradi\u010dn\u00ed pokrmy. \u010cesk\u00e1 kuchyn\u011b je ovlivn\u011bna p\u0159edev\u0161\u00edm st\u0159edoevropskou kuchyn\u00ed, ale najdeme v n\u00ed i prvky z n\u011bmeck\u00e9, rakousk\u00e9, ma\u010farsk\u00e9 a \u017eidovsk\u00e9 kuchyn\u011b.<\/p>\n<p>Hlavn\u00edmi surovinami \u010desk\u00e9 kuchyn\u011b jsou brambory, maso, zelenina, ml\u00e9\u010dn\u00e9 v\u00fdrobky a obiloviny. V\u011bt\u0161ina pokrm\u016f je pom\u011brn\u011b jednoduch\u00e1, ale velmi chutn\u00e1 a s vysokou v\u00fd\u017eivovou hodnotou. Mezi nejzn\u00e1m\u011bj\u0161\u00ed \u010desk\u00e9 speciality pat\u0159\u00ed vep\u0159ov\u00e1 pe\u010den\u011b s knedl\u00edky, gul\u00e1\u0161, sv\u00ed\u010dkov\u00e1 na smetan\u011b, brambor\u00e1ky, sma\u017een\u00fd s\u00fdr a tradi\u010dn\u00ed \u010desk<\/p>\n<\/div>\n<div class='topic'>\n<h2>Diagnostika a l\u00e9\u010dba ADHD a v\u00fdvojov\u00e9 dysf\u00e1zie<\/h2>\n<p>ADHD (Attention Deficit Hyperactivity Disorder) a v\u00fdvojov\u00e1 dysf\u00e1zie jsou dva \u010dasto se vyskytuj\u00edc\u00ed neurov\u00fdvojov\u00e9 poruchy, kter\u00e9 mohou ovlivnit ka\u017edodenn\u00ed \u017eivot d\u011bt\u00ed i dosp\u011bl\u00fdch. Tyto poruchy maj\u00ed r\u016fzn\u00e9 p\u0159\u00edznaky a mohou se projevovat v r\u016fzn\u00fdch form\u00e1ch, co\u017e m\u016f\u017ee b\u00fdt pro rodi\u010de i pacienty velmi frustruj\u00edc\u00ed. V tomto \u010dl\u00e1nku se zam\u011b\u0159\u00edme na diagnostiku a l\u00e9\u010dbu ADHD a v\u00fdvojov\u00e9 dysf\u00e1zie.<\/p>\n<p>Diagnostika ADHD a v\u00fdvojov\u00e9 dysf\u00e1zie je slo\u017eit\u00fd proces, kter\u00fd vy\u017eaduje spolupr\u00e1ci mezi r\u016fzn\u00fdmi odborn\u00edky, jako jsou psychologov\u00e9, psychiat\u0159i, pediat\u0159i a logopedi. Prvn\u00edm krokem je d\u016fkladn\u00fd rozhovor s rodi\u010di a pozorov\u00e1n\u00ed chov\u00e1n\u00ed d\u00edt\u011bte. D\u016fle\u017eit\u00e9 je tak\u00e9 z\u00edskat informace o v\u00fdvoji d\u00edt\u011bte od narozen\u00ed a zjistit,<\/p>\n<\/div>\n<div class='topic'>\n<h2>&#8211; Jak prob\u00edh\u00e1 diagnostika poruch ADHD a v\u00fdvojov\u00e9 dysf\u00e1zie u d\u011bt\u00ed a dosp\u011bl\u00fdch?<\/h2>\n<p>Diagnostika poruchy ADHD (Attention Deficit Hyperactivity Disorder) a v\u00fdvojov\u00e9 dysf\u00e1zie je proces, kter\u00fdm se zji\u0161\u0165uje p\u0159\u00edtomnost t\u011bchto poruch u d\u011bt\u00ed a dosp\u011bl\u00fdch. Tato diagnostika je velmi d\u016fle\u017eit\u00e1, proto\u017ee umo\u017e\u0148uje v\u010dasnou intervenci a l\u00e9\u010dbu, kter\u00e1 m\u016f\u017ee v\u00fdrazn\u011b zlep\u0161it kvalitu \u017eivota pacienta.<\/p>\n<p>Prvn\u00edm krokem v diagnostice je d\u016fkladn\u00fd rozhovor s pacientem a jeho rodinou. L\u00e9ka\u0159 se pt\u00e1 na p\u0159\u00edznaky, kter\u00e9 pacient pro\u017e\u00edv\u00e1, a na jejich trv\u00e1n\u00ed. D\u00e1le se pt\u00e1 na rodinnou anamn\u00e9zu, tedy zda v rodin\u011b existuj\u00ed p\u0159\u00edpady ADHD nebo v\u00fdvojov\u00e9 dysf\u00e1zie. Rodinn\u00e1 anamn\u00e9za m\u016f\u017ee b\u00fdt d\u016fle\u017eit\u00e1, proto\u017ee tyto poruchy maj\u00ed \u010dasto genetick\u00fd z\u00e1klad.<\/p>\n<p>Dal\u0161\u00edm krokem je fyzick\u00e9 vy\u0161et\u0159en\u00ed, kter\u00e9 m\u016f\u017ee odhalit p\u0159\u00edpadn\u00e9 dal\u0161\u00ed zdravot<\/p>\n<\/div>\n<div class='topic'>\n<h2>&#8211; Mo\u017enosti l\u00e9\u010dby a terapie, v\u010detn\u011b farmakoterapie a psychoterapie.<\/h2>\n<p>L\u00e9\u010dba a terapie jsou d\u016fle\u017eitou sou\u010d\u00e1st\u00ed zdravotn\u00ed p\u00e9\u010de a pom\u00e1haj\u00ed lidem zvl\u00e1dat r\u016fzn\u00e9 zdravotn\u00ed probl\u00e9my a obt\u00ed\u017ee. Existuje mnoho r\u016fzn\u00fdch mo\u017enost\u00ed l\u00e9\u010dby a terapie, kter\u00e9 mohou b\u00fdt pou\u017eity v z\u00e1vislosti na konkr\u00e9tn\u00edm onemocn\u011bn\u00ed nebo stavu pacienta. Mezi nej\u010dast\u011bji pou\u017e\u00edvan\u00e9 metody pat\u0159\u00ed farmakoterapie a psychoterapie.<\/p>\n<p>Farmakoterapie je l\u00e9\u010dba pomoc\u00ed l\u00e9k\u016f. Tyto l\u00e9ky mohou b\u00fdt p\u0159edeps\u00e1ny l\u00e9ka\u0159em nebo psychiatrem a jsou ur\u010deny k l\u00e9\u010db\u011b r\u016fzn\u00fdch zdravotn\u00edch probl\u00e9m\u016f, jako jsou nap\u0159\u00edklad deprese, \u00fazkostn\u00e9 poruchy, schizofrenie, bipol\u00e1rn\u00ed porucha a dal\u0161\u00ed. Existuje mnoho r\u016fzn\u00fdch typ\u016f l\u00e9k\u016f, kter\u00e9 se pou\u017e\u00edvaj\u00ed v r\u016fzn\u00fdch oblastech medic\u00edny. N\u011bkter\u00e9 z nej\u010dast\u011bji pou\u017e\u00edvan\u00fdch l\u00e9k\u016f v psychiatri<\/p>\n<\/div>\n<div class='topic'>\n<h2>&#8211; D\u016fle\u017eitost multidisciplin\u00e1rn\u00edho p\u0159\u00edstupu a spolupr\u00e1ce s rodinou a \u0161kolou.<\/h2>\n<p>Multidisciplin\u00e1rn\u00ed p\u0159\u00edstup a spolupr\u00e1ce s rodinou a \u0161kolou jsou kl\u00ed\u010dov\u00e9 pro \u00fasp\u011b\u0161nou p\u00e9\u010di o d\u011bti a ml\u00e1de\u017e. Jedn\u00e1 se o dva d\u016fle\u017eit\u00e9 aspekty, kter\u00e9 maj\u00ed vliv na celkov\u00fd v\u00fdvoj a zdrav\u00ed d\u00edt\u011bte. V tomto \u010dl\u00e1nku se zam\u011b\u0159\u00edme na v\u00fdznam t\u011bchto dvou faktor\u016f a jak mohou pomoci vytvo\u0159it optim\u00e1ln\u00ed prost\u0159ed\u00ed pro d\u011bti.<\/p>\n<p>Multidisciplin\u00e1rn\u00ed p\u0159\u00edstup znamen\u00e1, \u017ee se do p\u00e9\u010de o d\u00edt\u011b zapojuj\u00ed r\u016fzn\u00ed odborn\u00edci z r\u016fzn\u00fdch oblast\u00ed. To zahrnuje l\u00e9ka\u0159e, psychologa, pedagoga, soci\u00e1ln\u00edho pracovn\u00edka a dal\u0161\u00ed. Ka\u017ed\u00fd z t\u011bchto odborn\u00edk\u016f m\u00e1 sv\u00e9 specifick\u00e9 znalosti a dovednosti, kter\u00e9 mohou p\u0159isp\u011bt k celkov\u00e9mu zdrav\u00ed a v\u00fdvoji d\u00edt\u011bte. Spolupr\u00e1ce mezi t\u011bmito odborn\u00edky je kl\u00ed\u010d<\/p>\n<\/div>\n<div class='topic'>\n<h2><\/h2>\n<p>\u010cesk\u00e1 kuchyn\u011b je jednou z nejstar\u0161\u00edch a nejbohat\u0161\u00edch kuchyn\u00ed v Evrop\u011b. Jej\u00ed ko\u0159eny sahaj\u00ed a\u017e do 9. stolet\u00ed, kdy se za\u010daly formovat prvn\u00ed tradi\u010dn\u00ed pokrmy. \u010cesk\u00e1 kuchyn\u011b je ovlivn\u011bna p\u0159edev\u0161\u00edm st\u0159edoevropskou kuchyn\u00ed, ale najdeme v n\u00ed i prvky z n\u011bmeck\u00e9, rakousk\u00e9, ma\u010farsk\u00e9 a \u017eidovsk\u00e9 kuchyn\u011b.<\/p>\n<p>Hlavn\u00edmi surovinami \u010desk\u00e9 kuchyn\u011b jsou brambory, maso, zelenina, ml\u00e9\u010dn\u00e9 v\u00fdrobky a obiloviny. V\u011bt\u0161ina pokrm\u016f je pom\u011brn\u011b jednoduch\u00e1, ale velmi chutn\u00e1 a s vysokou v\u00fd\u017eivovou hodnotou. Mezi nejzn\u00e1m\u011bj\u0161\u00ed \u010desk\u00e9 speciality pat\u0159\u00ed vep\u0159ov\u00e1 pe\u010den\u011b s knedl\u00edky, gul\u00e1\u0161, sv\u00ed\u010dkov\u00e1 na smetan\u011b, brambor\u00e1ky, sma\u017een\u00fd s\u00fdr a tradi\u010dn\u00ed \u010desk<\/p>\n<\/div>\n<div class='topic'>\n<h2>Vliv ADHD a v\u00fdvojov\u00e9 dysf\u00e1zie na vzd\u011bl\u00e1v\u00e1n\u00ed a pracovn\u00ed v\u00fdkon<\/h2>\n<p>ADHD (Attention Deficit Hyperactivity Disorder) a v\u00fdvojov\u00e1 dysf\u00e1zie jsou dva z nej\u010dast\u011bj\u0161\u00edch neurov\u00fdvojov\u00fdch poruch, kter\u00e9 mohou m\u00edt v\u00fdznamn\u00fd vliv na vzd\u011bl\u00e1v\u00e1n\u00ed a pracovn\u00ed v\u00fdkon jednotlivce. Tyto poruchy se mohou projevovat ji\u017e od d\u011btstv\u00ed a mohou trvat a\u017e do dosp\u011blosti.<\/p>\n<p>ADHD je charakterizov\u00e1no poruchou pozornosti, hyperaktivitou a impulzivitou. Jedinec s touto poruchou m\u016f\u017ee m\u00edt probl\u00e9my s udr\u017een\u00edm pozornosti, sn\u00ed\u017eenou schopnost\u00ed pl\u00e1nov\u00e1n\u00ed a organizace, neschopnost\u00ed dodr\u017eovat pravidla a ovl\u00e1dat sv\u00e9 impulzy. Tyto obt\u00ed\u017ee mohou m\u00edt v\u00fdrazn\u00fd dopad na vzd\u011bl\u00e1v\u00e1n\u00ed, proto\u017ee jedinec s ADHD m\u016f\u017ee m\u00edt probl\u00e9my s koncentrac\u00ed b\u011bhem vyu\u010dov\u00e1n\u00ed, s pln\u011bn\u00edm \u00fakol\u016f a s dodr\u017eov\u00e1n\u00edm pravidel ve \u0161kole. Mohou tak\u00e9 m\u00edt<\/p>\n<\/div>\n<div class='topic'>\n<h2>&#8211; Jak\u00e9 jsou v\u00fdzvy a obt\u00ed\u017ee, se kter\u00fdmi<\/h2>\n<p>V dne\u0161n\u00ed dob\u011b se ka\u017ed\u00fd z n\u00e1s pot\u00fdk\u00e1 s r\u016fzn\u00fdmi v\u00fdzvami a obt\u00ed\u017eemi, kter\u00e9 n\u00e1m \u017eivot p\u0159in\u00e1\u0161\u00ed. Tyto v\u00fdzvy a obt\u00ed\u017ee mohou b\u00fdt r\u016fzn\u00e9ho charakteru a mohou se t\u00fdkat r\u016fzn\u00fdch oblast\u00ed na\u0161eho \u017eivota. V tomto \u010dl\u00e1nku se zam\u011b\u0159\u00edme na n\u011bkter\u00e9 z nej\u010dast\u011bj\u0161\u00edch v\u00fdzev a obt\u00ed\u017e\u00ed, se kter\u00fdmi se m\u016f\u017eeme setkat.<\/p>\n<p>Jednou z nej\u010dast\u011bj\u0161\u00edch v\u00fdzev, se kter\u00fdmi se lid\u00e9 pot\u00fdkaj\u00ed, je finan\u010dn\u00ed situace. V dne\u0161n\u00ed dob\u011b je velmi obt\u00ed\u017en\u00e9 udr\u017eet si stabiln\u00ed p\u0159\u00edjem a z\u00e1rove\u0148 pokr\u00fdt v\u0161echny n\u00e1klady, kter\u00e9 n\u00e1m \u017eivot p\u0159in\u00e1\u0161\u00ed. Vysok\u00e9 n\u00e1klady na bydlen\u00ed, potraviny, energie a dal\u0161\u00ed z\u00e1kladn\u00ed pot\u0159eby mohou b\u00fdt pro mnoho lid\u00ed velk\u00fdm probl\u00e9mem. Nav\u00edc se m\u016f\u017eeme pot\u00fdkat s neo<\/p>\n<\/div>\n<\/div>\n","protected":false},"excerpt":{"rendered":"<p>Co je ADHD a v\u00fdvojov\u00e1 dysf\u00e1zie a jak se projevuj\u00ed? ADHD (Attention Deficit Hyperactivity Disorder) a v\u00fdvojov\u00e1 dysf\u00e1zie jsou dva z nej\u010dast\u011bj\u0161\u00edch neurov\u00fdvojov\u00fdch poruch, kter\u00e9&#8230;<\/p>\n","protected":false},"author":1,"featured_media":0,"comment_status":"","ping_status":"open","sticky":false,"template":"","format":"standard","meta":{"inline_featured_image":false},"categories":[780],"tags":[],"yoast_head":"<!-- This site is optimized with the Yoast SEO plugin v18.1 - https:\/\/yoast.com\/wordpress\/plugins\/seo\/ -->\n<title>ADHD a v\u00fdvojov\u00e1 dysf\u00e1zie - Test Mysli<\/title>\n<meta name=\"robots\" content=\"index, follow, max-snippet:-1, max-image-preview:large, max-video-preview:-1\" \/>\n<link rel=\"canonical\" href=\"https:\/\/www.diagnostika-mysli.cz\/blog\/adhd\/adhd-a-vyvojova-dysfazie\/\" \/>\n<meta property=\"og:locale\" content=\"cs_CZ\" \/>\n<meta property=\"og:type\" content=\"article\" \/>\n<meta property=\"og:title\" content=\"ADHD a v\u00fdvojov\u00e1 dysf\u00e1zie - Test Mysli\" \/>\n<meta property=\"og:description\" content=\"Co je ADHD a v\u00fdvojov\u00e1 dysf\u00e1zie a jak se projevuj\u00ed? ADHD (Attention Deficit Hyperactivity Disorder) a v\u00fdvojov\u00e1 dysf\u00e1zie jsou dva z nej\u010dast\u011bj\u0161\u00edch neurov\u00fdvojov\u00fdch poruch, kter\u00e9...\" \/>\n<meta property=\"og:url\" content=\"https:\/\/www.diagnostika-mysli.cz\/blog\/adhd\/adhd-a-vyvojova-dysfazie\/\" \/>\n<meta property=\"og:site_name\" content=\"Test Mysli\" \/>\n<meta property=\"article:published_time\" content=\"2025-04-17T00:05:52+00:00\" \/>\n<meta name=\"twitter:card\" content=\"summary_large_image\" \/>\n<meta name=\"twitter:label1\" content=\"Napsal(a)\" \/>\n\t<meta name=\"twitter:data1\" content=\"Test Mysli\" \/>\n\t<meta name=\"twitter:label2\" content=\"Odhadovan\u00e1 doba \u010dten\u00ed\" \/>\n\t<meta name=\"twitter:data2\" content=\"9 minut\" \/>\n<script type=\"application\/ld+json\" class=\"yoast-schema-graph\">{\"@context\":\"https:\/\/schema.org\",\"@graph\":[{\"@type\":\"WebSite\",\"@id\":\"https:\/\/www.diagnostika-mysli.cz\/blog\/#website\",\"url\":\"https:\/\/www.diagnostika-mysli.cz\/blog\/\",\"name\":\"Test Mysli\",\"description\":\"Blog o poruch\u00e1ch mysli\",\"potentialAction\":[{\"@type\":\"SearchAction\",\"target\":{\"@type\":\"EntryPoint\",\"urlTemplate\":\"https:\/\/www.diagnostika-mysli.cz\/blog\/?s={search_term_string}\"},\"query-input\":\"required name=search_term_string\"}],\"inLanguage\":\"cs\"},{\"@type\":\"WebPage\",\"@id\":\"https:\/\/www.diagnostika-mysli.cz\/blog\/adhd\/adhd-a-vyvojova-dysfazie\/#webpage\",\"url\":\"https:\/\/www.diagnostika-mysli.cz\/blog\/adhd\/adhd-a-vyvojova-dysfazie\/\",\"name\":\"ADHD a v\u00fdvojov\u00e1 dysf\u00e1zie - Test Mysli\",\"isPartOf\":{\"@id\":\"https:\/\/www.diagnostika-mysli.cz\/blog\/#website\"},\"datePublished\":\"2025-04-17T00:05:52+00:00\",\"dateModified\":\"2025-04-17T00:05:52+00:00\",\"author\":{\"@id\":\"https:\/\/www.diagnostika-mysli.cz\/blog\/#\/schema\/person\/8eb1bcaf59fea75c780c11946f4e3490\"},\"breadcrumb\":{\"@id\":\"https:\/\/www.diagnostika-mysli.cz\/blog\/adhd\/adhd-a-vyvojova-dysfazie\/#breadcrumb\"},\"inLanguage\":\"cs\",\"potentialAction\":[{\"@type\":\"ReadAction\",\"target\":[\"https:\/\/www.diagnostika-mysli.cz\/blog\/adhd\/adhd-a-vyvojova-dysfazie\/\"]}]},{\"@type\":\"BreadcrumbList\",\"@id\":\"https:\/\/www.diagnostika-mysli.cz\/blog\/adhd\/adhd-a-vyvojova-dysfazie\/#breadcrumb\",\"itemListElement\":[{\"@type\":\"ListItem\",\"position\":1,\"name\":\"Blog\",\"item\":\"https:\/\/www.diagnostika-mysli.cz\/blog\/\"},{\"@type\":\"ListItem\",\"position\":2,\"name\":\"ADHD\",\"item\":\"https:\/\/www.diagnostika-mysli.cz\/blog\/adhd\/\"},{\"@type\":\"ListItem\",\"position\":3,\"name\":\"ADHD a v\u00fdvojov\u00e1 dysf\u00e1zie\"}]},{\"@type\":\"Person\",\"@id\":\"https:\/\/www.diagnostika-mysli.cz\/blog\/#\/schema\/person\/8eb1bcaf59fea75c780c11946f4e3490\",\"name\":\"Test Mysli\",\"image\":{\"@type\":\"ImageObject\",\"@id\":\"https:\/\/www.diagnostika-mysli.cz\/blog\/#personlogo\",\"inLanguage\":\"cs\",\"url\":\"https:\/\/secure.gravatar.com\/avatar\/6743211f010801ea26aa9423a2daab37?s=96&d=mm&r=g\",\"contentUrl\":\"https:\/\/secure.gravatar.com\/avatar\/6743211f010801ea26aa9423a2daab37?s=96&d=mm&r=g\",\"caption\":\"Test Mysli\"},\"sameAs\":[\"https:\/\/www.diagnostika-mysli.cz\/blog\"],\"url\":\"https:\/\/www.diagnostika-mysli.cz\/blog\/author\/diagnostyka-umyslu\/\"}]}<\/script>\n<!-- \/ Yoast SEO plugin. -->","yoast_head_json":{"title":"ADHD a v\u00fdvojov\u00e1 dysf\u00e1zie - Test Mysli","robots":{"index":"index","follow":"follow","max-snippet":"max-snippet:-1","max-image-preview":"max-image-preview:large","max-video-preview":"max-video-preview:-1"},"canonical":"https:\/\/www.diagnostika-mysli.cz\/blog\/adhd\/adhd-a-vyvojova-dysfazie\/","og_locale":"cs_CZ","og_type":"article","og_title":"ADHD a v\u00fdvojov\u00e1 dysf\u00e1zie - Test Mysli","og_description":"Co je ADHD a v\u00fdvojov\u00e1 dysf\u00e1zie a jak se projevuj\u00ed? ADHD (Attention Deficit Hyperactivity Disorder) a v\u00fdvojov\u00e1 dysf\u00e1zie jsou dva z nej\u010dast\u011bj\u0161\u00edch neurov\u00fdvojov\u00fdch poruch, kter\u00e9...","og_url":"https:\/\/www.diagnostika-mysli.cz\/blog\/adhd\/adhd-a-vyvojova-dysfazie\/","og_site_name":"Test Mysli","article_published_time":"2025-04-17T00:05:52+00:00","twitter_card":"summary_large_image","twitter_misc":{"Napsal(a)":"Test Mysli","Odhadovan\u00e1 doba \u010dten\u00ed":"9 minut"},"schema":{"@context":"https:\/\/schema.org","@graph":[{"@type":"WebSite","@id":"https:\/\/www.diagnostika-mysli.cz\/blog\/#website","url":"https:\/\/www.diagnostika-mysli.cz\/blog\/","name":"Test Mysli","description":"Blog o poruch\u00e1ch mysli","potentialAction":[{"@type":"SearchAction","target":{"@type":"EntryPoint","urlTemplate":"https:\/\/www.diagnostika-mysli.cz\/blog\/?s={search_term_string}"},"query-input":"required name=search_term_string"}],"inLanguage":"cs"},{"@type":"WebPage","@id":"https:\/\/www.diagnostika-mysli.cz\/blog\/adhd\/adhd-a-vyvojova-dysfazie\/#webpage","url":"https:\/\/www.diagnostika-mysli.cz\/blog\/adhd\/adhd-a-vyvojova-dysfazie\/","name":"ADHD a v\u00fdvojov\u00e1 dysf\u00e1zie - Test Mysli","isPartOf":{"@id":"https:\/\/www.diagnostika-mysli.cz\/blog\/#website"},"datePublished":"2025-04-17T00:05:52+00:00","dateModified":"2025-04-17T00:05:52+00:00","author":{"@id":"https:\/\/www.diagnostika-mysli.cz\/blog\/#\/schema\/person\/8eb1bcaf59fea75c780c11946f4e3490"},"breadcrumb":{"@id":"https:\/\/www.diagnostika-mysli.cz\/blog\/adhd\/adhd-a-vyvojova-dysfazie\/#breadcrumb"},"inLanguage":"cs","potentialAction":[{"@type":"ReadAction","target":["https:\/\/www.diagnostika-mysli.cz\/blog\/adhd\/adhd-a-vyvojova-dysfazie\/"]}]},{"@type":"BreadcrumbList","@id":"https:\/\/www.diagnostika-mysli.cz\/blog\/adhd\/adhd-a-vyvojova-dysfazie\/#breadcrumb","itemListElement":[{"@type":"ListItem","position":1,"name":"Blog","item":"https:\/\/www.diagnostika-mysli.cz\/blog\/"},{"@type":"ListItem","position":2,"name":"ADHD","item":"https:\/\/www.diagnostika-mysli.cz\/blog\/adhd\/"},{"@type":"ListItem","position":3,"name":"ADHD a v\u00fdvojov\u00e1 dysf\u00e1zie"}]},{"@type":"Person","@id":"https:\/\/www.diagnostika-mysli.cz\/blog\/#\/schema\/person\/8eb1bcaf59fea75c780c11946f4e3490","name":"Test Mysli","image":{"@type":"ImageObject","@id":"https:\/\/www.diagnostika-mysli.cz\/blog\/#personlogo","inLanguage":"cs","url":"https:\/\/secure.gravatar.com\/avatar\/6743211f010801ea26aa9423a2daab37?s=96&d=mm&r=g","contentUrl":"https:\/\/secure.gravatar.com\/avatar\/6743211f010801ea26aa9423a2daab37?s=96&d=mm&r=g","caption":"Test Mysli"},"sameAs":["https:\/\/www.diagnostika-mysli.cz\/blog"],"url":"https:\/\/www.diagnostika-mysli.cz\/blog\/author\/diagnostyka-umyslu\/"}]}},"amp_enabled":true,"_links":{"self":[{"href":"https:\/\/www.diagnostika-mysli.cz\/blog\/wp-json\/wp\/v2\/posts\/3234"}],"collection":[{"href":"https:\/\/www.diagnostika-mysli.cz\/blog\/wp-json\/wp\/v2\/posts"}],"about":[{"href":"https:\/\/www.diagnostika-mysli.cz\/blog\/wp-json\/wp\/v2\/types\/post"}],"author":[{"embeddable":true,"href":"https:\/\/www.diagnostika-mysli.cz\/blog\/wp-json\/wp\/v2\/users\/1"}],"replies":[{"embeddable":true,"href":"https:\/\/www.diagnostika-mysli.cz\/blog\/wp-json\/wp\/v2\/comments?post=3234"}],"version-history":[{"count":0,"href":"https:\/\/www.diagnostika-mysli.cz\/blog\/wp-json\/wp\/v2\/posts\/3234\/revisions"}],"wp:attachment":[{"href":"https:\/\/www.diagnostika-mysli.cz\/blog\/wp-json\/wp\/v2\/media?parent=3234"}],"wp:term":[{"taxonomy":"category","embeddable":true,"href":"https:\/\/www.diagnostika-mysli.cz\/blog\/wp-json\/wp\/v2\/categories?post=3234"},{"taxonomy":"post_tag","embeddable":true,"href":"https:\/\/www.diagnostika-mysli.cz\/blog\/wp-json\/wp\/v2\/tags?post=3234"}],"curies":[{"name":"wp","href":"https:\/\/api.w.org\/{rel}","templated":true}]}}