{"id":3239,"date":"2025-04-19T03:25:23","date_gmt":"2025-04-19T01:25:23","guid":{"rendered":"https:\/\/www.diagnostika-mysli.cz\/blog\/autismus\/co-zpusobuje-autismus\/"},"modified":"2025-04-19T03:25:23","modified_gmt":"2025-04-19T01:25:23","slug":"co-zpusobuje-autismus","status":"publish","type":"post","link":"https:\/\/www.diagnostika-mysli.cz\/blog\/autismus\/co-zpusobuje-autismus\/","title":{"rendered":"Co zp\u016fsobuje autismus"},"content":{"rendered":"<div class='topics'>\n<div class='topic'>\n<h2>Genetick\u00e9 p\u0159\u00ed\u010diny autismu: V\u00fdzkumy ukazuj\u00ed, \u017ee autismus m\u016f\u017ee b\u00fdt zp\u016fsoben kombinac\u00ed genetick\u00fdch faktor\u016f, kter\u00e9 ovliv\u0148uj\u00ed v\u00fdvoj mozku. Tyto genetick\u00e9 mutace mohou b\u00fdt d\u011bd\u011bny od rodi\u010d\u016f nebo se mohou objevit spont\u00e1nn\u011b.<\/h2>\n<p>Autismus je neurov\u00fdvojov\u00e9 onemocn\u011bn\u00ed, kter\u00e9 ovliv\u0148uje soci\u00e1ln\u00ed interakce, komunikaci a chov\u00e1n\u00ed jedince. V posledn\u00edch letech se v\u00fdzkum zam\u011b\u0159il na hled\u00e1n\u00ed p\u0159\u00ed\u010din tohoto onemocn\u011bn\u00ed a jednou z hlavn\u00edch oblast\u00ed, kter\u00e1 byla zkoum\u00e1na, jsou genetick\u00e9 faktory.<\/p>\n<p>V\u00fdzkumy ukazuj\u00ed, \u017ee autismus m\u016f\u017ee b\u00fdt zp\u016fsoben kombinac\u00ed genetick\u00fdch mutac\u00ed, kter\u00e9 ovliv\u0148uj\u00ed v\u00fdvoj mozku. Tyto mutace mohou b\u00fdt d\u011bd\u011bny od rodi\u010d\u016f nebo se mohou objevit spont\u00e1nn\u011b b\u011bhem v\u00fdvoje plodu. V\u011bdci odhaduj\u00ed, \u017ee genetick\u00e9 faktory mohou hr\u00e1t roli v a\u017e 80% p\u0159\u00edpad\u016f autismu.<\/p>\n<p>Jedn\u00edm z hlavn\u00edch genetick\u00fdch faktor\u016f spojen\u00fdch s autismem jsou mutace v genech, kter\u00e9 jsou zodpov\u011bdn\u00e9 za tvorbu a fungov\u00e1n\u00ed synaps\u00ed &#8211; spojen\u00ed mezi nervov\u00fd<\/p>\n<\/div>\n<div class='topic'>\n<h2><\/h2>\n<p>\u010cesk\u00e1 kuchyn\u011b je jednou z nejstar\u0161\u00edch a nejbohat\u0161\u00edch kuchyn\u00ed v Evrop\u011b. Jej\u00ed ko\u0159eny sahaj\u00ed a\u017e do 9. stolet\u00ed, kdy se za\u010daly formovat prvn\u00ed tradi\u010dn\u00ed pokrmy. \u010cesk\u00e1 kuchyn\u011b je ovlivn\u011bna p\u0159edev\u0161\u00edm st\u0159edoevropskou kuchyn\u00ed, ale najdeme v n\u00ed i prvky z n\u011bmeck\u00e9, rakousk\u00e9, ma\u010farsk\u00e9 a \u017eidovsk\u00e9 kuchyn\u011b.<\/p>\n<p>Hlavn\u00edmi surovinami \u010desk\u00e9 kuchyn\u011b jsou brambory, maso, zelenina, ml\u00e9\u010dn\u00e9 v\u00fdrobky a obiloviny. V\u011bt\u0161ina pokrm\u016f je pom\u011brn\u011b jednoduch\u00e1, ale velmi chutn\u00e1 a s vysokou v\u00fd\u017eivovou hodnotou. Mezi nejzn\u00e1m\u011bj\u0161\u00ed \u010desk\u00e9 speciality pat\u0159\u00ed vep\u0159ov\u00e1 pe\u010den\u011b s knedl\u00edky, gul\u00e1\u0161, sv\u00ed\u010dkov\u00e1 na smetan\u011b, brambor\u00e1ky, sma\u017een\u00fd s\u00fdr a tradi\u010dn\u00ed \u010desk<\/p>\n<\/div>\n<div class='topic'>\n<h2>Vliv prost\u0159ed\u00ed na vznik autismu: N\u011bkter\u00e9 studie nazna\u010duj\u00ed, \u017ee prost\u0159ed\u00ed, jako je nap\u0159\u00edklad vystaven\u00ed toxick\u00fdm l\u00e1tk\u00e1m nebo infekc\u00edm b\u011bhem t\u011bhotenstv\u00ed, m\u016f\u017ee hr\u00e1t roli v rozvoji autismu. Nicm\u00e9n\u011b, p\u0159esn\u00fd vliv prost\u0159ed\u00ed na vznik autismu je st\u00e1le nejasn\u00fd.<\/h2>\n<p>Autismus je neurov\u00fdvojov\u00e9 onemocn\u011bn\u00ed, kter\u00e9 ovliv\u0148uje komunikaci, soci\u00e1ln\u00ed interakci a chov\u00e1n\u00ed jedince. P\u0159esn\u00e9 p\u0159\u00ed\u010diny vzniku autismu nejsou dosud zn\u00e1my, ale v\u011bdci se domn\u00edvaj\u00ed, \u017ee genetick\u00e9 faktory a prost\u0159ed\u00ed mohou hr\u00e1t d\u016fle\u017eitou roli.<\/p>\n<p>N\u011bkter\u00e9 studie nazna\u010duj\u00ed, \u017ee prost\u0159ed\u00ed m\u016f\u017ee b\u00fdt jedn\u00edm z faktor\u016f, kter\u00e9 p\u0159isp\u00edvaj\u00ed k v\u00fdvoji autismu. Jedn\u00edm z mo\u017en\u00fdch vliv\u016f prost\u0159ed\u00ed je vystaven\u00ed toxick\u00fdm l\u00e1tk\u00e1m b\u011bhem t\u011bhotenstv\u00ed. T\u011bhotn\u00e9 \u017eeny jsou vystaveny r\u016fzn\u00fdm chemik\u00e1li\u00edm, jako jsou pesticidy, rtu\u0165, olovo a dal\u0161\u00ed, kter\u00e9 mohou m\u00edt negativn\u00ed vliv na v\u00fdvoj plodu. Tyto l\u00e1tky mohou ovlivnit v\u00fdvoj mozku a nervov\u00e9ho syst\u00e9mu plodu a mohou b\u00fdt spojov\u00e1ny s v\u00fdskytem autismu.<\/p>\n<p>Dal\u0161\u00edm mo\u017en<\/p>\n<\/div>\n<div class='topic'>\n<h2><\/h2>\n<p>\u010cesk\u00e1 kuchyn\u011b je jednou z nejstar\u0161\u00edch a nejbohat\u0161\u00edch kuchyn\u00ed v Evrop\u011b. Jej\u00ed ko\u0159eny sahaj\u00ed a\u017e do 9. stolet\u00ed, kdy se za\u010daly formovat prvn\u00ed tradi\u010dn\u00ed pokrmy. \u010cesk\u00e1 kuchyn\u011b je ovlivn\u011bna p\u0159edev\u0161\u00edm st\u0159edoevropskou kuchyn\u00ed, ale najdeme v n\u00ed i prvky z n\u011bmeck\u00e9, rakousk\u00e9, ma\u010farsk\u00e9 a \u017eidovsk\u00e9 kuchyn\u011b.<\/p>\n<p>Hlavn\u00edmi surovinami \u010desk\u00e9 kuchyn\u011b jsou brambory, maso, zelenina, ml\u00e9\u010dn\u00e9 v\u00fdrobky a obiloviny. V\u011bt\u0161ina pokrm\u016f je pom\u011brn\u011b jednoduch\u00e1, ale velmi chutn\u00e1 a s vysokou v\u00fd\u017eivovou hodnotou. Mezi nejzn\u00e1m\u011bj\u0161\u00ed \u010desk\u00e9 speciality pat\u0159\u00ed vep\u0159ov\u00e1 pe\u010den\u011b s knedl\u00edky, gul\u00e1\u0161, sv\u00ed\u010dkov\u00e1 na smetan\u011b, brambor\u00e1ky, sma\u017een\u00fd s\u00fdr a tradi\u010dn\u00ed \u010desk<\/p>\n<\/div>\n<div class='topic'>\n<h2>Neurologick\u00e9 faktory spojen\u00e9 s autismem: V\u00fdzkumy ukazuj\u00ed, \u017ee u osob s autismem m\u016f\u017ee b\u00fdt naru\u0161ena komunikace mezi r\u016fzn\u00fdmi \u010d\u00e1stmi mozku, co\u017e m\u016f\u017ee v\u00e9st k probl\u00e9m\u016fm s vn\u00edm\u00e1n\u00edm a zpracov\u00e1n\u00edm informac\u00ed.<\/h2>\n<p>Autismus je neurov\u00fdvojov\u00e9 onemocn\u011bn\u00ed, kter\u00e9 ovliv\u0148uje soci\u00e1ln\u00ed interakce, komunikaci a chov\u00e1n\u00ed jedince. V posledn\u00edch letech se v\u00fdzkum zam\u011b\u0159il na identifikaci neurologick\u00fdch faktor\u016f, kter\u00e9 mohou b\u00fdt spojeny s touto poruchou. V\u00fdsledky studi\u00ed ukazuj\u00ed, \u017ee u osob s autismem m\u016f\u017ee b\u00fdt naru\u0161ena komunikace mezi r\u016fzn\u00fdmi \u010d\u00e1stmi mozku, co\u017e m\u016f\u017ee m\u00edt vliv na jejich vn\u00edm\u00e1n\u00ed a zpracov\u00e1n\u00ed informac\u00ed.<\/p>\n<p>Jedn\u00edm z hlavn\u00edch neurologick\u00fdch faktor\u016f spojen\u00fdch s autismem je naru\u0161en\u00e1 funkce neuron\u016f v mozku. Neurony jsou z\u00e1kladn\u00edmi stavebn\u00edmi kameny mozku a jsou zodpov\u011bdn\u00e9 za p\u0159enos informac\u00ed mezi r\u016fzn\u00fdmi \u010d\u00e1stmi mozku. U osob s autismem m\u016f\u017ee b\u00fdt naru\u0161ena komunikace mezi t\u011bmito neurony, co\u017e m\u016f\u017ee v\u00e9st k probl\u00e9m\u016fm s vn\u00edm\u00e1n\u00edm a zpracov\u00e1n\u00edm informac\u00ed. To m<\/p>\n<\/div>\n<\/div>\n","protected":false},"excerpt":{"rendered":"<p>Genetick\u00e9 p\u0159\u00ed\u010diny autismu: V\u00fdzkumy ukazuj\u00ed, \u017ee autismus m\u016f\u017ee b\u00fdt zp\u016fsoben kombinac\u00ed genetick\u00fdch faktor\u016f, kter\u00e9 ovliv\u0148uj\u00ed v\u00fdvoj mozku. Tyto genetick\u00e9 mutace mohou b\u00fdt d\u011bd\u011bny od rodi\u010d\u016f&#8230;<\/p>\n","protected":false},"author":1,"featured_media":0,"comment_status":"","ping_status":"open","sticky":false,"template":"","format":"standard","meta":{"inline_featured_image":false},"categories":[849],"tags":[],"yoast_head":"<!-- This site is optimized with the Yoast SEO plugin v18.1 - https:\/\/yoast.com\/wordpress\/plugins\/seo\/ -->\n<title>Co zp\u016fsobuje autismus - Test Mysli<\/title>\n<meta name=\"robots\" content=\"index, follow, max-snippet:-1, max-image-preview:large, max-video-preview:-1\" \/>\n<link rel=\"canonical\" href=\"https:\/\/www.diagnostika-mysli.cz\/blog\/autismus\/co-zpusobuje-autismus\/\" \/>\n<meta property=\"og:locale\" content=\"cs_CZ\" \/>\n<meta property=\"og:type\" content=\"article\" \/>\n<meta property=\"og:title\" content=\"Co zp\u016fsobuje autismus - Test Mysli\" \/>\n<meta property=\"og:description\" content=\"Genetick\u00e9 p\u0159\u00ed\u010diny autismu: V\u00fdzkumy ukazuj\u00ed, \u017ee autismus m\u016f\u017ee b\u00fdt zp\u016fsoben kombinac\u00ed genetick\u00fdch faktor\u016f, kter\u00e9 ovliv\u0148uj\u00ed v\u00fdvoj mozku. Tyto genetick\u00e9 mutace mohou b\u00fdt d\u011bd\u011bny od rodi\u010d\u016f...\" \/>\n<meta property=\"og:url\" content=\"https:\/\/www.diagnostika-mysli.cz\/blog\/autismus\/co-zpusobuje-autismus\/\" \/>\n<meta property=\"og:site_name\" content=\"Test Mysli\" \/>\n<meta property=\"article:published_time\" content=\"2025-04-19T01:25:23+00:00\" \/>\n<meta name=\"twitter:card\" content=\"summary_large_image\" \/>\n<meta name=\"twitter:label1\" content=\"Napsal(a)\" \/>\n\t<meta name=\"twitter:data1\" content=\"Test Mysli\" \/>\n\t<meta name=\"twitter:label2\" content=\"Odhadovan\u00e1 doba \u010dten\u00ed\" \/>\n\t<meta name=\"twitter:data2\" content=\"4 minuty\" \/>\n<script type=\"application\/ld+json\" class=\"yoast-schema-graph\">{\"@context\":\"https:\/\/schema.org\",\"@graph\":[{\"@type\":\"WebSite\",\"@id\":\"https:\/\/www.diagnostika-mysli.cz\/blog\/#website\",\"url\":\"https:\/\/www.diagnostika-mysli.cz\/blog\/\",\"name\":\"Test Mysli\",\"description\":\"Blog o poruch\u00e1ch mysli\",\"potentialAction\":[{\"@type\":\"SearchAction\",\"target\":{\"@type\":\"EntryPoint\",\"urlTemplate\":\"https:\/\/www.diagnostika-mysli.cz\/blog\/?s={search_term_string}\"},\"query-input\":\"required name=search_term_string\"}],\"inLanguage\":\"cs\"},{\"@type\":\"WebPage\",\"@id\":\"https:\/\/www.diagnostika-mysli.cz\/blog\/autismus\/co-zpusobuje-autismus\/#webpage\",\"url\":\"https:\/\/www.diagnostika-mysli.cz\/blog\/autismus\/co-zpusobuje-autismus\/\",\"name\":\"Co zp\u016fsobuje autismus - Test Mysli\",\"isPartOf\":{\"@id\":\"https:\/\/www.diagnostika-mysli.cz\/blog\/#website\"},\"datePublished\":\"2025-04-19T01:25:23+00:00\",\"dateModified\":\"2025-04-19T01:25:23+00:00\",\"author\":{\"@id\":\"https:\/\/www.diagnostika-mysli.cz\/blog\/#\/schema\/person\/8eb1bcaf59fea75c780c11946f4e3490\"},\"breadcrumb\":{\"@id\":\"https:\/\/www.diagnostika-mysli.cz\/blog\/autismus\/co-zpusobuje-autismus\/#breadcrumb\"},\"inLanguage\":\"cs\",\"potentialAction\":[{\"@type\":\"ReadAction\",\"target\":[\"https:\/\/www.diagnostika-mysli.cz\/blog\/autismus\/co-zpusobuje-autismus\/\"]}]},{\"@type\":\"BreadcrumbList\",\"@id\":\"https:\/\/www.diagnostika-mysli.cz\/blog\/autismus\/co-zpusobuje-autismus\/#breadcrumb\",\"itemListElement\":[{\"@type\":\"ListItem\",\"position\":1,\"name\":\"Blog\",\"item\":\"https:\/\/www.diagnostika-mysli.cz\/blog\/\"},{\"@type\":\"ListItem\",\"position\":2,\"name\":\"Autismus\",\"item\":\"https:\/\/www.diagnostika-mysli.cz\/blog\/autismus\/\"},{\"@type\":\"ListItem\",\"position\":3,\"name\":\"Co zp\u016fsobuje autismus\"}]},{\"@type\":\"Person\",\"@id\":\"https:\/\/www.diagnostika-mysli.cz\/blog\/#\/schema\/person\/8eb1bcaf59fea75c780c11946f4e3490\",\"name\":\"Test Mysli\",\"image\":{\"@type\":\"ImageObject\",\"@id\":\"https:\/\/www.diagnostika-mysli.cz\/blog\/#personlogo\",\"inLanguage\":\"cs\",\"url\":\"https:\/\/secure.gravatar.com\/avatar\/6743211f010801ea26aa9423a2daab37?s=96&d=mm&r=g\",\"contentUrl\":\"https:\/\/secure.gravatar.com\/avatar\/6743211f010801ea26aa9423a2daab37?s=96&d=mm&r=g\",\"caption\":\"Test Mysli\"},\"sameAs\":[\"https:\/\/www.diagnostika-mysli.cz\/blog\"],\"url\":\"https:\/\/www.diagnostika-mysli.cz\/blog\/author\/diagnostyka-umyslu\/\"}]}<\/script>\n<!-- \/ Yoast SEO plugin. -->","yoast_head_json":{"title":"Co zp\u016fsobuje autismus - Test Mysli","robots":{"index":"index","follow":"follow","max-snippet":"max-snippet:-1","max-image-preview":"max-image-preview:large","max-video-preview":"max-video-preview:-1"},"canonical":"https:\/\/www.diagnostika-mysli.cz\/blog\/autismus\/co-zpusobuje-autismus\/","og_locale":"cs_CZ","og_type":"article","og_title":"Co zp\u016fsobuje autismus - Test Mysli","og_description":"Genetick\u00e9 p\u0159\u00ed\u010diny autismu: V\u00fdzkumy ukazuj\u00ed, \u017ee autismus m\u016f\u017ee b\u00fdt zp\u016fsoben kombinac\u00ed genetick\u00fdch faktor\u016f, kter\u00e9 ovliv\u0148uj\u00ed v\u00fdvoj mozku. Tyto genetick\u00e9 mutace mohou b\u00fdt d\u011bd\u011bny od rodi\u010d\u016f...","og_url":"https:\/\/www.diagnostika-mysli.cz\/blog\/autismus\/co-zpusobuje-autismus\/","og_site_name":"Test Mysli","article_published_time":"2025-04-19T01:25:23+00:00","twitter_card":"summary_large_image","twitter_misc":{"Napsal(a)":"Test Mysli","Odhadovan\u00e1 doba \u010dten\u00ed":"4 minuty"},"schema":{"@context":"https:\/\/schema.org","@graph":[{"@type":"WebSite","@id":"https:\/\/www.diagnostika-mysli.cz\/blog\/#website","url":"https:\/\/www.diagnostika-mysli.cz\/blog\/","name":"Test Mysli","description":"Blog o poruch\u00e1ch mysli","potentialAction":[{"@type":"SearchAction","target":{"@type":"EntryPoint","urlTemplate":"https:\/\/www.diagnostika-mysli.cz\/blog\/?s={search_term_string}"},"query-input":"required name=search_term_string"}],"inLanguage":"cs"},{"@type":"WebPage","@id":"https:\/\/www.diagnostika-mysli.cz\/blog\/autismus\/co-zpusobuje-autismus\/#webpage","url":"https:\/\/www.diagnostika-mysli.cz\/blog\/autismus\/co-zpusobuje-autismus\/","name":"Co zp\u016fsobuje autismus - Test Mysli","isPartOf":{"@id":"https:\/\/www.diagnostika-mysli.cz\/blog\/#website"},"datePublished":"2025-04-19T01:25:23+00:00","dateModified":"2025-04-19T01:25:23+00:00","author":{"@id":"https:\/\/www.diagnostika-mysli.cz\/blog\/#\/schema\/person\/8eb1bcaf59fea75c780c11946f4e3490"},"breadcrumb":{"@id":"https:\/\/www.diagnostika-mysli.cz\/blog\/autismus\/co-zpusobuje-autismus\/#breadcrumb"},"inLanguage":"cs","potentialAction":[{"@type":"ReadAction","target":["https:\/\/www.diagnostika-mysli.cz\/blog\/autismus\/co-zpusobuje-autismus\/"]}]},{"@type":"BreadcrumbList","@id":"https:\/\/www.diagnostika-mysli.cz\/blog\/autismus\/co-zpusobuje-autismus\/#breadcrumb","itemListElement":[{"@type":"ListItem","position":1,"name":"Blog","item":"https:\/\/www.diagnostika-mysli.cz\/blog\/"},{"@type":"ListItem","position":2,"name":"Autismus","item":"https:\/\/www.diagnostika-mysli.cz\/blog\/autismus\/"},{"@type":"ListItem","position":3,"name":"Co zp\u016fsobuje autismus"}]},{"@type":"Person","@id":"https:\/\/www.diagnostika-mysli.cz\/blog\/#\/schema\/person\/8eb1bcaf59fea75c780c11946f4e3490","name":"Test Mysli","image":{"@type":"ImageObject","@id":"https:\/\/www.diagnostika-mysli.cz\/blog\/#personlogo","inLanguage":"cs","url":"https:\/\/secure.gravatar.com\/avatar\/6743211f010801ea26aa9423a2daab37?s=96&d=mm&r=g","contentUrl":"https:\/\/secure.gravatar.com\/avatar\/6743211f010801ea26aa9423a2daab37?s=96&d=mm&r=g","caption":"Test Mysli"},"sameAs":["https:\/\/www.diagnostika-mysli.cz\/blog"],"url":"https:\/\/www.diagnostika-mysli.cz\/blog\/author\/diagnostyka-umyslu\/"}]}},"amp_enabled":true,"_links":{"self":[{"href":"https:\/\/www.diagnostika-mysli.cz\/blog\/wp-json\/wp\/v2\/posts\/3239"}],"collection":[{"href":"https:\/\/www.diagnostika-mysli.cz\/blog\/wp-json\/wp\/v2\/posts"}],"about":[{"href":"https:\/\/www.diagnostika-mysli.cz\/blog\/wp-json\/wp\/v2\/types\/post"}],"author":[{"embeddable":true,"href":"https:\/\/www.diagnostika-mysli.cz\/blog\/wp-json\/wp\/v2\/users\/1"}],"replies":[{"embeddable":true,"href":"https:\/\/www.diagnostika-mysli.cz\/blog\/wp-json\/wp\/v2\/comments?post=3239"}],"version-history":[{"count":0,"href":"https:\/\/www.diagnostika-mysli.cz\/blog\/wp-json\/wp\/v2\/posts\/3239\/revisions"}],"wp:attachment":[{"href":"https:\/\/www.diagnostika-mysli.cz\/blog\/wp-json\/wp\/v2\/media?parent=3239"}],"wp:term":[{"taxonomy":"category","embeddable":true,"href":"https:\/\/www.diagnostika-mysli.cz\/blog\/wp-json\/wp\/v2\/categories?post=3239"},{"taxonomy":"post_tag","embeddable":true,"href":"https:\/\/www.diagnostika-mysli.cz\/blog\/wp-json\/wp\/v2\/tags?post=3239"}],"curies":[{"name":"wp","href":"https:\/\/api.w.org\/{rel}","templated":true}]}}