{"id":3242,"date":"2025-04-21T02:05:25","date_gmt":"2025-04-21T00:05:25","guid":{"rendered":"https:\/\/www.diagnostika-mysli.cz\/blog\/adhd\/jak-se-projevuje-adhd-u-dospelych\/"},"modified":"2025-04-21T02:05:25","modified_gmt":"2025-04-21T00:05:25","slug":"jak-se-projevuje-adhd-u-dospelych","status":"publish","type":"post","link":"https:\/\/www.diagnostika-mysli.cz\/blog\/adhd\/jak-se-projevuje-adhd-u-dospelych\/","title":{"rendered":"Jak se projevuje ADHD u dosp\u011bl\u00fdch"},"content":{"rendered":"<div class='topics'>\n<div class='topic'>\n<h2>Jak\u00e9 jsou nej\u010dast\u011bj\u0161\u00ed p\u0159\u00edznaky ADHD u dosp\u011bl\u00fdch a jak se projevuj\u00ed v b\u011b\u017en\u00e9m \u017eivot\u011b?<\/h2>\n<p>ADHD (Attention Deficit Hyperactivity Disorder) je porucha, kter\u00e1 se obvykle spojuje s d\u011btmi, ale m\u016f\u017ee se projevovat i u dosp\u011bl\u00fdch. Tato porucha ovliv\u0148uje schopnost jedince soust\u0159edit se, pl\u00e1novat a kontrolovat sv\u00e9 chov\u00e1n\u00ed. U dosp\u011bl\u00fdch se projevuje jinak ne\u017e u d\u011bt\u00ed, co\u017e m\u016f\u017ee v\u00e9st k nespr\u00e1vn\u00e9 diagn\u00f3ze nebo nedostate\u010dn\u00e9mu l\u00e9\u010den\u00ed.<\/p>\n<p>Nej\u010dast\u011bj\u0161\u00edmi p\u0159\u00edznaky ADHD u dosp\u011bl\u00fdch jsou probl\u00e9my s pozornost\u00ed, hyperaktivita a impulzivita. Jedinci s ADHD maj\u00ed \u010dasto probl\u00e9my se soust\u0159ed\u011bn\u00edm na jednu v\u011bc, jsou snadno rozpt\u00fdlen\u00ed a maj\u00ed probl\u00e9my s pl\u00e1nov\u00e1n\u00edm a organizac\u00ed sv\u00e9ho \u010dasu. Mohou se tak\u00e9 st\u00e1vat zapomn\u011btliv\u00fdmi a maj\u00ed probl\u00e9my s dokon\u010den\u00edm \u00fakol\u016f. Tyto probl\u00e9my mohou v\u00e9st k neschopnosti udr\u017eet si pr\u00e1ci, \u0161kolu nebo vztahy.<\/p>\n<p>Dal\u0161<\/p>\n<\/div>\n<div class='topic'>\n<h2>Vliv ADHD na pracovn\u00ed v\u00fdkon a jak se s n\u00edm dosp\u011bl\u00ed jedinci mohou vyrovn\u00e1vat?<\/h2>\n<p>ADHD (Attention Deficit Hyperactivity Disorder) je neurov\u00fdvojov\u00e1 porucha, kter\u00e1 se projevuje p\u0159edev\u0161\u00edm poruchami pozornosti, hyperaktivitou a impulzivitou. Tato porucha m\u016f\u017ee m\u00edt v\u00fdrazn\u00fd vliv na pracovn\u00ed v\u00fdkon dosp\u011bl\u00fdch jedinc\u016f, kte\u0159\u00ed s n\u00ed \u017eij\u00ed. V tomto \u010dl\u00e1nku se pod\u00edv\u00e1me na to, jak\u00e9 jsou mo\u017en\u00e9 dopady ADHD na pracovn\u00ed v\u00fdkon a jak se s nimi mohou dosp\u011bl\u00ed jedinci vyrovn\u00e1vat.<\/p>\n<p>Vliv ADHD na pracovn\u00ed v\u00fdkon m\u016f\u017ee b\u00fdt r\u016fznorod\u00fd a z\u00e1vis\u00ed na konkr\u00e9tn\u00edch projevech poruchy u jednotliv\u00fdch jedinc\u016f. N\u011bkte\u0159\u00ed lid\u00e9 s ADHD mohou m\u00edt probl\u00e9my s udr\u017een\u00edm pozornosti, co\u017e se m\u016f\u017ee projevovat jako neschopnost soust\u0159edit se na jednu \u00falohu po del\u0161\u00ed dobu. To m\u016f\u017ee v\u00e9st k nedokon\u010den\u00fdm \u00fakol\u016fm, neschopnosti pl\u00e1novat a organizovat sv\u016fj \u010das a n\u00edzk\u00e9<\/p>\n<\/div>\n<div class='topic'>\n<h2>Jak\u00e9 jsou mo\u017enosti l\u00e9\u010dby ADHD u dosp\u011bl\u00fdch a jak mohou pomoci zlep\u0161it kvalitu \u017eivota?<\/h2>\n<p>ADHD (Attention Deficit Hyperactivity Disorder) je neurov\u00fdvojov\u00e1 porucha, kter\u00e1 se projevuje probl\u00e9my s pozornost\u00ed, hyperaktivitou a impulzivitou. Tato porucha se \u010dasto spojuje s d\u011btstv\u00edm, ale m\u016f\u017ee trvat i v dosp\u011blosti. U dosp\u011bl\u00fdch m\u016f\u017ee ADHD zp\u016fsobovat \u0159adu probl\u00e9m\u016f, jako jsou pot\u00ed\u017ee s organizac\u00ed, nedostate\u010dn\u00e1 pozornost, neschopnost pl\u00e1novat a dokon\u010dit \u00fakoly, n\u00edzk\u00e1 sebe\u00facta a probl\u00e9my v mezilidsk\u00fdch vztaz\u00edch. Nicm\u00e9n\u011b existuj\u00ed r\u016fzn\u00e9 mo\u017enosti l\u00e9\u010dby, kter\u00e9 mohou pomoci dosp\u011bl\u00fdm s ADHD zlep\u0161it kvalitu sv\u00e9ho \u017eivota.<\/p>\n<p>1. Farmakoterapie<br \/>Farmakoterapie je jednou z nej\u010dast\u011bji pou\u017e\u00edvan\u00fdch metod l\u00e9\u010dby ADHD u dosp\u011bl\u00fdch. L\u00e9ky, jako jsou stimulanty (nap\u0159. methylfenid\u00e1t nebo amfetaminy) a nesteroidn\u00ed antidepresiva, mohou pomoci sn\u00ed<\/p>\n<\/div>\n<div class='topic'>\n<h2>Jak\u00e9 jsou doporu\u010den\u00e9 strategie pro zvl\u00e1d\u00e1n\u00ed ka\u017edodenn\u00edch v\u00fdzev spojen\u00fdch s ADHD u dosp\u011bl\u00fdch?<\/h2>\n<p>ADHD (Attention Deficit Hyperactivity Disorder) je neurov\u00fdvojov\u00e1 porucha, kter\u00e1 se projevuje p\u0159edev\u0161\u00edm probl\u00e9my s pozornost\u00ed, hyperaktivitou a impulzivitou. Tato porucha m\u016f\u017ee ovlivnit ka\u017edodenn\u00ed \u017eivot dosp\u011bl\u00fdch a p\u0159in\u00e1\u0161\u00ed s sebou mnoho v\u00fdzev. Nicm\u00e9n\u011b existuje n\u011bkolik doporu\u010den\u00fdch strategi\u00ed, kter\u00e9 mohou pomoci dosp\u011bl\u00fdm s ADHD zvl\u00e1dat tyto v\u00fdzvy a v\u00e9st plnohodnotn\u00fd \u017eivot.<\/p>\n<p>1. Vytvo\u0159en\u00ed struktury a rutiny<br \/>Jedn\u00edm z nejd\u016fle\u017eit\u011bj\u0161\u00edch krok\u016f pro zvl\u00e1d\u00e1n\u00ed ADHD je vytvo\u0159en\u00ed struktury a rutiny v ka\u017edodenn\u00edm \u017eivot\u011b. To znamen\u00e1 stanovit si pevn\u00fd harmonogram pro d\u016fle\u017eit\u00e9 aktivity, jako jsou pr\u00e1ce, \u0161kola, cvi\u010den\u00ed a odpo\u010dinek. Dosp\u011bl\u00ed s ADHD maj\u00ed \u010dasto probl\u00e9my s organizac\u00ed a pl\u00e1nov\u00e1n\u00edm, a proto je d\u016fle\u017eit\u00e9 m\u00edt jasn\u00fd pl\u00e1n, kte<\/p>\n<\/div>\n<\/div>\n","protected":false},"excerpt":{"rendered":"<p>Jak\u00e9 jsou nej\u010dast\u011bj\u0161\u00ed p\u0159\u00edznaky ADHD u dosp\u011bl\u00fdch a jak se projevuj\u00ed v b\u011b\u017en\u00e9m \u017eivot\u011b? ADHD (Attention Deficit Hyperactivity Disorder) je porucha, kter\u00e1 se obvykle spojuje&#8230;<\/p>\n","protected":false},"author":1,"featured_media":0,"comment_status":"","ping_status":"open","sticky":false,"template":"","format":"standard","meta":{"inline_featured_image":false},"categories":[780],"tags":[],"yoast_head":"<!-- This site is optimized with the Yoast SEO plugin v18.1 - https:\/\/yoast.com\/wordpress\/plugins\/seo\/ -->\n<title>Jak se projevuje ADHD u dosp\u011bl\u00fdch - Test Mysli<\/title>\n<meta name=\"robots\" content=\"index, follow, max-snippet:-1, max-image-preview:large, max-video-preview:-1\" \/>\n<link rel=\"canonical\" href=\"https:\/\/www.diagnostika-mysli.cz\/blog\/adhd\/jak-se-projevuje-adhd-u-dospelych\/\" \/>\n<meta property=\"og:locale\" content=\"cs_CZ\" \/>\n<meta property=\"og:type\" content=\"article\" \/>\n<meta property=\"og:title\" content=\"Jak se projevuje ADHD u dosp\u011bl\u00fdch - Test Mysli\" \/>\n<meta property=\"og:description\" content=\"Jak\u00e9 jsou nej\u010dast\u011bj\u0161\u00ed p\u0159\u00edznaky ADHD u dosp\u011bl\u00fdch a jak se projevuj\u00ed v b\u011b\u017en\u00e9m \u017eivot\u011b? ADHD (Attention Deficit Hyperactivity Disorder) je porucha, kter\u00e1 se obvykle spojuje...\" \/>\n<meta property=\"og:url\" content=\"https:\/\/www.diagnostika-mysli.cz\/blog\/adhd\/jak-se-projevuje-adhd-u-dospelych\/\" \/>\n<meta property=\"og:site_name\" content=\"Test Mysli\" \/>\n<meta property=\"article:published_time\" content=\"2025-04-21T00:05:25+00:00\" \/>\n<meta name=\"twitter:card\" content=\"summary_large_image\" \/>\n<meta name=\"twitter:label1\" content=\"Napsal(a)\" \/>\n\t<meta name=\"twitter:data1\" content=\"Test Mysli\" \/>\n\t<meta name=\"twitter:label2\" content=\"Odhadovan\u00e1 doba \u010dten\u00ed\" \/>\n\t<meta name=\"twitter:data2\" content=\"3 minuty\" \/>\n<script type=\"application\/ld+json\" class=\"yoast-schema-graph\">{\"@context\":\"https:\/\/schema.org\",\"@graph\":[{\"@type\":\"WebSite\",\"@id\":\"https:\/\/www.diagnostika-mysli.cz\/blog\/#website\",\"url\":\"https:\/\/www.diagnostika-mysli.cz\/blog\/\",\"name\":\"Test Mysli\",\"description\":\"Blog o poruch\u00e1ch mysli\",\"potentialAction\":[{\"@type\":\"SearchAction\",\"target\":{\"@type\":\"EntryPoint\",\"urlTemplate\":\"https:\/\/www.diagnostika-mysli.cz\/blog\/?s={search_term_string}\"},\"query-input\":\"required name=search_term_string\"}],\"inLanguage\":\"cs\"},{\"@type\":\"WebPage\",\"@id\":\"https:\/\/www.diagnostika-mysli.cz\/blog\/adhd\/jak-se-projevuje-adhd-u-dospelych\/#webpage\",\"url\":\"https:\/\/www.diagnostika-mysli.cz\/blog\/adhd\/jak-se-projevuje-adhd-u-dospelych\/\",\"name\":\"Jak se projevuje ADHD u dosp\u011bl\u00fdch - Test Mysli\",\"isPartOf\":{\"@id\":\"https:\/\/www.diagnostika-mysli.cz\/blog\/#website\"},\"datePublished\":\"2025-04-21T00:05:25+00:00\",\"dateModified\":\"2025-04-21T00:05:25+00:00\",\"author\":{\"@id\":\"https:\/\/www.diagnostika-mysli.cz\/blog\/#\/schema\/person\/8eb1bcaf59fea75c780c11946f4e3490\"},\"breadcrumb\":{\"@id\":\"https:\/\/www.diagnostika-mysli.cz\/blog\/adhd\/jak-se-projevuje-adhd-u-dospelych\/#breadcrumb\"},\"inLanguage\":\"cs\",\"potentialAction\":[{\"@type\":\"ReadAction\",\"target\":[\"https:\/\/www.diagnostika-mysli.cz\/blog\/adhd\/jak-se-projevuje-adhd-u-dospelych\/\"]}]},{\"@type\":\"BreadcrumbList\",\"@id\":\"https:\/\/www.diagnostika-mysli.cz\/blog\/adhd\/jak-se-projevuje-adhd-u-dospelych\/#breadcrumb\",\"itemListElement\":[{\"@type\":\"ListItem\",\"position\":1,\"name\":\"Blog\",\"item\":\"https:\/\/www.diagnostika-mysli.cz\/blog\/\"},{\"@type\":\"ListItem\",\"position\":2,\"name\":\"ADHD\",\"item\":\"https:\/\/www.diagnostika-mysli.cz\/blog\/adhd\/\"},{\"@type\":\"ListItem\",\"position\":3,\"name\":\"Jak se projevuje ADHD u dosp\u011bl\u00fdch\"}]},{\"@type\":\"Person\",\"@id\":\"https:\/\/www.diagnostika-mysli.cz\/blog\/#\/schema\/person\/8eb1bcaf59fea75c780c11946f4e3490\",\"name\":\"Test Mysli\",\"image\":{\"@type\":\"ImageObject\",\"@id\":\"https:\/\/www.diagnostika-mysli.cz\/blog\/#personlogo\",\"inLanguage\":\"cs\",\"url\":\"https:\/\/secure.gravatar.com\/avatar\/6743211f010801ea26aa9423a2daab37?s=96&d=mm&r=g\",\"contentUrl\":\"https:\/\/secure.gravatar.com\/avatar\/6743211f010801ea26aa9423a2daab37?s=96&d=mm&r=g\",\"caption\":\"Test Mysli\"},\"sameAs\":[\"https:\/\/www.diagnostika-mysli.cz\/blog\"],\"url\":\"https:\/\/www.diagnostika-mysli.cz\/blog\/author\/diagnostyka-umyslu\/\"}]}<\/script>\n<!-- \/ Yoast SEO plugin. -->","yoast_head_json":{"title":"Jak se projevuje ADHD u dosp\u011bl\u00fdch - Test Mysli","robots":{"index":"index","follow":"follow","max-snippet":"max-snippet:-1","max-image-preview":"max-image-preview:large","max-video-preview":"max-video-preview:-1"},"canonical":"https:\/\/www.diagnostika-mysli.cz\/blog\/adhd\/jak-se-projevuje-adhd-u-dospelych\/","og_locale":"cs_CZ","og_type":"article","og_title":"Jak se projevuje ADHD u dosp\u011bl\u00fdch - Test Mysli","og_description":"Jak\u00e9 jsou nej\u010dast\u011bj\u0161\u00ed p\u0159\u00edznaky ADHD u dosp\u011bl\u00fdch a jak se projevuj\u00ed v b\u011b\u017en\u00e9m \u017eivot\u011b? ADHD (Attention Deficit Hyperactivity Disorder) je porucha, kter\u00e1 se obvykle spojuje...","og_url":"https:\/\/www.diagnostika-mysli.cz\/blog\/adhd\/jak-se-projevuje-adhd-u-dospelych\/","og_site_name":"Test Mysli","article_published_time":"2025-04-21T00:05:25+00:00","twitter_card":"summary_large_image","twitter_misc":{"Napsal(a)":"Test Mysli","Odhadovan\u00e1 doba \u010dten\u00ed":"3 minuty"},"schema":{"@context":"https:\/\/schema.org","@graph":[{"@type":"WebSite","@id":"https:\/\/www.diagnostika-mysli.cz\/blog\/#website","url":"https:\/\/www.diagnostika-mysli.cz\/blog\/","name":"Test Mysli","description":"Blog o poruch\u00e1ch mysli","potentialAction":[{"@type":"SearchAction","target":{"@type":"EntryPoint","urlTemplate":"https:\/\/www.diagnostika-mysli.cz\/blog\/?s={search_term_string}"},"query-input":"required name=search_term_string"}],"inLanguage":"cs"},{"@type":"WebPage","@id":"https:\/\/www.diagnostika-mysli.cz\/blog\/adhd\/jak-se-projevuje-adhd-u-dospelych\/#webpage","url":"https:\/\/www.diagnostika-mysli.cz\/blog\/adhd\/jak-se-projevuje-adhd-u-dospelych\/","name":"Jak se projevuje ADHD u dosp\u011bl\u00fdch - Test Mysli","isPartOf":{"@id":"https:\/\/www.diagnostika-mysli.cz\/blog\/#website"},"datePublished":"2025-04-21T00:05:25+00:00","dateModified":"2025-04-21T00:05:25+00:00","author":{"@id":"https:\/\/www.diagnostika-mysli.cz\/blog\/#\/schema\/person\/8eb1bcaf59fea75c780c11946f4e3490"},"breadcrumb":{"@id":"https:\/\/www.diagnostika-mysli.cz\/blog\/adhd\/jak-se-projevuje-adhd-u-dospelych\/#breadcrumb"},"inLanguage":"cs","potentialAction":[{"@type":"ReadAction","target":["https:\/\/www.diagnostika-mysli.cz\/blog\/adhd\/jak-se-projevuje-adhd-u-dospelych\/"]}]},{"@type":"BreadcrumbList","@id":"https:\/\/www.diagnostika-mysli.cz\/blog\/adhd\/jak-se-projevuje-adhd-u-dospelych\/#breadcrumb","itemListElement":[{"@type":"ListItem","position":1,"name":"Blog","item":"https:\/\/www.diagnostika-mysli.cz\/blog\/"},{"@type":"ListItem","position":2,"name":"ADHD","item":"https:\/\/www.diagnostika-mysli.cz\/blog\/adhd\/"},{"@type":"ListItem","position":3,"name":"Jak se projevuje ADHD u dosp\u011bl\u00fdch"}]},{"@type":"Person","@id":"https:\/\/www.diagnostika-mysli.cz\/blog\/#\/schema\/person\/8eb1bcaf59fea75c780c11946f4e3490","name":"Test Mysli","image":{"@type":"ImageObject","@id":"https:\/\/www.diagnostika-mysli.cz\/blog\/#personlogo","inLanguage":"cs","url":"https:\/\/secure.gravatar.com\/avatar\/6743211f010801ea26aa9423a2daab37?s=96&d=mm&r=g","contentUrl":"https:\/\/secure.gravatar.com\/avatar\/6743211f010801ea26aa9423a2daab37?s=96&d=mm&r=g","caption":"Test Mysli"},"sameAs":["https:\/\/www.diagnostika-mysli.cz\/blog"],"url":"https:\/\/www.diagnostika-mysli.cz\/blog\/author\/diagnostyka-umyslu\/"}]}},"amp_enabled":true,"_links":{"self":[{"href":"https:\/\/www.diagnostika-mysli.cz\/blog\/wp-json\/wp\/v2\/posts\/3242"}],"collection":[{"href":"https:\/\/www.diagnostika-mysli.cz\/blog\/wp-json\/wp\/v2\/posts"}],"about":[{"href":"https:\/\/www.diagnostika-mysli.cz\/blog\/wp-json\/wp\/v2\/types\/post"}],"author":[{"embeddable":true,"href":"https:\/\/www.diagnostika-mysli.cz\/blog\/wp-json\/wp\/v2\/users\/1"}],"replies":[{"embeddable":true,"href":"https:\/\/www.diagnostika-mysli.cz\/blog\/wp-json\/wp\/v2\/comments?post=3242"}],"version-history":[{"count":0,"href":"https:\/\/www.diagnostika-mysli.cz\/blog\/wp-json\/wp\/v2\/posts\/3242\/revisions"}],"wp:attachment":[{"href":"https:\/\/www.diagnostika-mysli.cz\/blog\/wp-json\/wp\/v2\/media?parent=3242"}],"wp:term":[{"taxonomy":"category","embeddable":true,"href":"https:\/\/www.diagnostika-mysli.cz\/blog\/wp-json\/wp\/v2\/categories?post=3242"},{"taxonomy":"post_tag","embeddable":true,"href":"https:\/\/www.diagnostika-mysli.cz\/blog\/wp-json\/wp\/v2\/tags?post=3242"}],"curies":[{"name":"wp","href":"https:\/\/api.w.org\/{rel}","templated":true}]}}