{"id":3245,"date":"2025-04-22T03:25:19","date_gmt":"2025-04-22T01:25:19","guid":{"rendered":"https:\/\/www.diagnostika-mysli.cz\/blog\/autismus\/porucha-autistickeho-spektra-u-dospelych\/"},"modified":"2025-04-22T03:25:19","modified_gmt":"2025-04-22T01:25:19","slug":"porucha-autistickeho-spektra-u-dospelych","status":"publish","type":"post","link":"https:\/\/www.diagnostika-mysli.cz\/blog\/autismus\/porucha-autistickeho-spektra-u-dospelych\/","title":{"rendered":"Porucha autistick\u00e9ho spektra u dosp\u011bl\u00fdch"},"content":{"rendered":"<div class='topics'>\n<div class='topic'>\n<h2>Diagnostika poruchy autistick\u00e9ho spektra u dosp\u011bl\u00fdch: Jak\u00e9 jsou hlavn\u00ed p\u0159\u00edznaky a jak prob\u00edh\u00e1 diagnostick\u00fd proces?<\/h2>\n<p>Diagnostika poruchy autistick\u00e9ho spektra u dosp\u011bl\u00fdch je proces, kter\u00fdm se zji\u0161\u0165uje p\u0159\u00edtomnost t\u00e9to poruchy u jedince. Autistick\u00e9 spektrum zahrnuje \u0161irokou \u0161k\u00e1lu poruch, kter\u00e9 maj\u00ed spole\u010dn\u00fdm znakem probl\u00e9my v soci\u00e1ln\u00ed interakci, komunikaci a omezen\u00e9 z\u00e1jmy a chov\u00e1n\u00ed. Tyto poruchy se mohou projevovat v r\u016fzn\u00fdch m\u00edr\u00e1ch a mohou m\u00edt r\u016fzn\u00e9 p\u0159\u00ed\u010diny.<\/p>\n<p>Hlavn\u00edmi p\u0159\u00edznaky poruchy autistick\u00e9ho spektra u dosp\u011bl\u00fdch jsou probl\u00e9my v soci\u00e1ln\u00ed interakci a komunikaci. Jedinci s touto poruchou mohou m\u00edt pot\u00ed\u017ee s porozum\u011bn\u00edm neverb\u00e1ln\u00ed komunikace, jako jsou gesta, mimika a t\u00f3n hlasu. Mohou tak\u00e9 m\u00edt probl\u00e9my s porozum\u011bn\u00edm soci\u00e1ln\u00edm n\u00e1vyk\u016fm a pravidl\u016fm, co\u017e m\u016f\u017ee v\u00e9st k nedorozum\u011bn\u00edm a konflikt\u016fm v mezilidsk\u00fdch vztaz\u00ed<\/p>\n<\/div>\n<div class='topic'>\n<h2>\u017divot s poruchou autistick\u00e9ho spektra v dosp\u011blosti: Jak\u00e9 jsou nej\u010dast\u011bj\u0161\u00ed v\u00fdzvy a jak se s nimi m\u016f\u017eeme vypo\u0159\u00e1dat?<\/h2>\n<p>\u017divot s poruchou autistick\u00e9ho spektra v dosp\u011blosti m\u016f\u017ee b\u00fdt pro mnoho jedinc\u016f velmi n\u00e1ro\u010dn\u00fd a pln\u00fd v\u00fdzev. Autistick\u00e9 spektrum zahrnuje \u0161irokou \u0161k\u00e1lu poruch, kter\u00e9 se projevuj\u00ed v r\u016fzn\u00fdch oblastech \u017eivota, jako jsou soci\u00e1ln\u00ed interakce, komunikace a chov\u00e1n\u00ed. V dosp\u011blosti se mohou tyto v\u00fdzvy projevovat je\u0161t\u011b intenzivn\u011bji, proto\u017ee se jedinec mus\u00ed vyrovn\u00e1vat s nov\u00fdmi situacemi a n\u00e1roky, kter\u00e9 s sebou p\u0159in\u00e1\u0161\u00ed dosp\u011blost.<\/p>\n<p>Jednou z nej\u010dast\u011bj\u0161\u00edch v\u00fdzev, se kter\u00fdmi se jedinec s poruchou autistick\u00e9ho spektra m\u016f\u017ee pot\u00fdkat v dosp\u011blosti, je obt\u00ed\u017enost v navazov\u00e1n\u00ed a udr\u017eov\u00e1n\u00ed soci\u00e1ln\u00edch vztah\u016f. Autistick\u00e9 jedince m\u016f\u017ee b\u00fdt obt\u00ed\u017en\u00e9 porozum\u011bt soci\u00e1ln\u00edm sign\u00e1l\u016fm a n\u00e1vyk\u016fm, co\u017e m\u016f\u017ee<\/p>\n<\/div>\n<div class='topic'>\n<h2>Terapie a podpora pro dosp\u011bl\u00e9 s poruchou autistick\u00e9ho spektra: Jak\u00e9 jsou dostupn\u00e9 mo\u017enosti a jak mohou pomoci zlep\u0161it kvalitu \u017eivota?<\/h2>\n<p>Porucha autistick\u00e9ho spektra (PAS) je neurov\u00fdvojov\u00e1 porucha, kter\u00e1 ovliv\u0148uje soci\u00e1ln\u00ed interakce, komunikaci a chov\u00e1n\u00ed jednotlivce. Tato porucha se projevuje ji\u017e v d\u011btstv\u00ed, ale m\u016f\u017ee trvat po cel\u00fd \u017eivot. V posledn\u00edch letech se v\u0161ak st\u00e1le v\u00edce hovo\u0159\u00ed o dosp\u011bl\u00fdch s PAS, kte\u0159\u00ed pot\u0159ebuj\u00ed speci\u00e1ln\u00ed terapii a podporu pro zlep\u0161en\u00ed sv\u00e9 kvality \u017eivota.<\/p>\n<p>Existuje mnoho r\u016fzn\u00fdch terapi\u00ed a podp\u016frn\u00fdch opat\u0159en\u00ed pro dosp\u011bl\u00e9 s PAS, kter\u00e9 mohou pomoci zlep\u0161it jejich soci\u00e1ln\u00ed interakce, komunikaci a schopnost p\u0159izp\u016fsobit se b\u011b\u017en\u00e9mu \u017eivotu. N\u011bkter\u00e9 z t\u011bchto mo\u017enost\u00ed jsou:<\/p>\n<p>1. Terapie chov\u00e1n\u00ed: Tato terapie se zam\u011b\u0159uje na zm\u011bnu ne\u017e\u00e1douc\u00edho chov\u00e1n\u00ed a u\u010den\u00ed nov\u00fdch dovednost\u00ed. Terapeut pracuje s dosp\u011bl\u00fdm s PAS na zlep\u0161<\/p>\n<\/div>\n<div class='topic'>\n<h2>Porucha autistick\u00e9ho spektra a zam\u011bstn\u00e1n\u00ed: Jak\u00e9 jsou p\u0159ek\u00e1\u017eky a jak se m\u016f\u017eeme p\u0159ipravit na pracovn\u00ed prost\u0159ed\u00ed?<\/h2>\n<p>Autismus je neurov\u00fdvojov\u00e1 porucha, kter\u00e1 ovliv\u0148uje soci\u00e1ln\u00ed interakce, komunikaci a chov\u00e1n\u00ed jedince. Jednou z v\u00fdznamn\u00fdch oblast\u00ed, kter\u00e9 jsou ovlivn\u011bny touto poruchou, je zam\u011bstn\u00e1n\u00ed. Osoby s poruchou autistick\u00e9ho spektra (PAS) se \u010dasto pot\u00fdkaj\u00ed s mnoha p\u0159ek\u00e1\u017ekami p\u0159i hled\u00e1n\u00ed a udr\u017een\u00ed zam\u011bstn\u00e1n\u00ed. V tomto \u010dl\u00e1nku se pod\u00edv\u00e1me na n\u011bkter\u00e9 z t\u011bchto p\u0159ek\u00e1\u017eek a jak se m\u016f\u017eeme p\u0159ipravit na pracovn\u00ed prost\u0159ed\u00ed, aby bylo pro osoby s PAS p\u0159ijateln\u011bj\u0161\u00ed.<\/p>\n<p>Jednou z nejv\u011bt\u0161\u00edch p\u0159ek\u00e1\u017eek pro osoby s PAS je nedostate\u010dn\u00e9 porozum\u011bn\u00ed jejich pot\u0159eb\u00e1m a schopnostem ze strany zam\u011bstnavatel\u016f a koleg\u016f. Mnoho lid\u00ed m\u00e1 st\u00e1le nespr\u00e1vn\u00e9 p\u0159edstavy o autismu a \u010dasto se setk\u00e1vaj\u00ed s p\u0159edsudky a stereotypy. To m\u016f\u017ee v\u00e9st k<\/p>\n<\/div>\n<\/div>\n","protected":false},"excerpt":{"rendered":"<p>Diagnostika poruchy autistick\u00e9ho spektra u dosp\u011bl\u00fdch: Jak\u00e9 jsou hlavn\u00ed p\u0159\u00edznaky a jak prob\u00edh\u00e1 diagnostick\u00fd proces? Diagnostika poruchy autistick\u00e9ho spektra u dosp\u011bl\u00fdch je proces, kter\u00fdm se&#8230;<\/p>\n","protected":false},"author":1,"featured_media":0,"comment_status":"","ping_status":"open","sticky":false,"template":"","format":"standard","meta":{"inline_featured_image":false},"categories":[849],"tags":[],"yoast_head":"<!-- This site is optimized with the Yoast SEO plugin v18.1 - https:\/\/yoast.com\/wordpress\/plugins\/seo\/ -->\n<title>Porucha autistick\u00e9ho spektra u dosp\u011bl\u00fdch - Test Mysli<\/title>\n<meta name=\"robots\" content=\"index, follow, max-snippet:-1, max-image-preview:large, max-video-preview:-1\" \/>\n<link rel=\"canonical\" href=\"https:\/\/www.diagnostika-mysli.cz\/blog\/autismus\/porucha-autistickeho-spektra-u-dospelych\/\" \/>\n<meta property=\"og:locale\" content=\"cs_CZ\" \/>\n<meta property=\"og:type\" content=\"article\" \/>\n<meta property=\"og:title\" content=\"Porucha autistick\u00e9ho spektra u dosp\u011bl\u00fdch - Test Mysli\" \/>\n<meta property=\"og:description\" content=\"Diagnostika poruchy autistick\u00e9ho spektra u dosp\u011bl\u00fdch: Jak\u00e9 jsou hlavn\u00ed p\u0159\u00edznaky a jak prob\u00edh\u00e1 diagnostick\u00fd proces? Diagnostika poruchy autistick\u00e9ho spektra u dosp\u011bl\u00fdch je proces, kter\u00fdm se...\" \/>\n<meta property=\"og:url\" content=\"https:\/\/www.diagnostika-mysli.cz\/blog\/autismus\/porucha-autistickeho-spektra-u-dospelych\/\" \/>\n<meta property=\"og:site_name\" content=\"Test Mysli\" \/>\n<meta property=\"article:published_time\" content=\"2025-04-22T01:25:19+00:00\" \/>\n<meta name=\"twitter:card\" content=\"summary_large_image\" \/>\n<meta name=\"twitter:label1\" content=\"Napsal(a)\" \/>\n\t<meta name=\"twitter:data1\" content=\"Test Mysli\" \/>\n\t<meta name=\"twitter:label2\" content=\"Odhadovan\u00e1 doba \u010dten\u00ed\" \/>\n\t<meta name=\"twitter:data2\" content=\"3 minuty\" \/>\n<script type=\"application\/ld+json\" class=\"yoast-schema-graph\">{\"@context\":\"https:\/\/schema.org\",\"@graph\":[{\"@type\":\"WebSite\",\"@id\":\"https:\/\/www.diagnostika-mysli.cz\/blog\/#website\",\"url\":\"https:\/\/www.diagnostika-mysli.cz\/blog\/\",\"name\":\"Test Mysli\",\"description\":\"Blog o poruch\u00e1ch mysli\",\"potentialAction\":[{\"@type\":\"SearchAction\",\"target\":{\"@type\":\"EntryPoint\",\"urlTemplate\":\"https:\/\/www.diagnostika-mysli.cz\/blog\/?s={search_term_string}\"},\"query-input\":\"required name=search_term_string\"}],\"inLanguage\":\"cs\"},{\"@type\":\"WebPage\",\"@id\":\"https:\/\/www.diagnostika-mysli.cz\/blog\/autismus\/porucha-autistickeho-spektra-u-dospelych\/#webpage\",\"url\":\"https:\/\/www.diagnostika-mysli.cz\/blog\/autismus\/porucha-autistickeho-spektra-u-dospelych\/\",\"name\":\"Porucha autistick\u00e9ho spektra u dosp\u011bl\u00fdch - Test Mysli\",\"isPartOf\":{\"@id\":\"https:\/\/www.diagnostika-mysli.cz\/blog\/#website\"},\"datePublished\":\"2025-04-22T01:25:19+00:00\",\"dateModified\":\"2025-04-22T01:25:19+00:00\",\"author\":{\"@id\":\"https:\/\/www.diagnostika-mysli.cz\/blog\/#\/schema\/person\/8eb1bcaf59fea75c780c11946f4e3490\"},\"breadcrumb\":{\"@id\":\"https:\/\/www.diagnostika-mysli.cz\/blog\/autismus\/porucha-autistickeho-spektra-u-dospelych\/#breadcrumb\"},\"inLanguage\":\"cs\",\"potentialAction\":[{\"@type\":\"ReadAction\",\"target\":[\"https:\/\/www.diagnostika-mysli.cz\/blog\/autismus\/porucha-autistickeho-spektra-u-dospelych\/\"]}]},{\"@type\":\"BreadcrumbList\",\"@id\":\"https:\/\/www.diagnostika-mysli.cz\/blog\/autismus\/porucha-autistickeho-spektra-u-dospelych\/#breadcrumb\",\"itemListElement\":[{\"@type\":\"ListItem\",\"position\":1,\"name\":\"Blog\",\"item\":\"https:\/\/www.diagnostika-mysli.cz\/blog\/\"},{\"@type\":\"ListItem\",\"position\":2,\"name\":\"Autismus\",\"item\":\"https:\/\/www.diagnostika-mysli.cz\/blog\/autismus\/\"},{\"@type\":\"ListItem\",\"position\":3,\"name\":\"Porucha autistick\u00e9ho spektra u dosp\u011bl\u00fdch\"}]},{\"@type\":\"Person\",\"@id\":\"https:\/\/www.diagnostika-mysli.cz\/blog\/#\/schema\/person\/8eb1bcaf59fea75c780c11946f4e3490\",\"name\":\"Test Mysli\",\"image\":{\"@type\":\"ImageObject\",\"@id\":\"https:\/\/www.diagnostika-mysli.cz\/blog\/#personlogo\",\"inLanguage\":\"cs\",\"url\":\"https:\/\/secure.gravatar.com\/avatar\/6743211f010801ea26aa9423a2daab37?s=96&d=mm&r=g\",\"contentUrl\":\"https:\/\/secure.gravatar.com\/avatar\/6743211f010801ea26aa9423a2daab37?s=96&d=mm&r=g\",\"caption\":\"Test Mysli\"},\"sameAs\":[\"https:\/\/www.diagnostika-mysli.cz\/blog\"],\"url\":\"https:\/\/www.diagnostika-mysli.cz\/blog\/author\/diagnostyka-umyslu\/\"}]}<\/script>\n<!-- \/ Yoast SEO plugin. -->","yoast_head_json":{"title":"Porucha autistick\u00e9ho spektra u dosp\u011bl\u00fdch - Test Mysli","robots":{"index":"index","follow":"follow","max-snippet":"max-snippet:-1","max-image-preview":"max-image-preview:large","max-video-preview":"max-video-preview:-1"},"canonical":"https:\/\/www.diagnostika-mysli.cz\/blog\/autismus\/porucha-autistickeho-spektra-u-dospelych\/","og_locale":"cs_CZ","og_type":"article","og_title":"Porucha autistick\u00e9ho spektra u dosp\u011bl\u00fdch - Test Mysli","og_description":"Diagnostika poruchy autistick\u00e9ho spektra u dosp\u011bl\u00fdch: Jak\u00e9 jsou hlavn\u00ed p\u0159\u00edznaky a jak prob\u00edh\u00e1 diagnostick\u00fd proces? Diagnostika poruchy autistick\u00e9ho spektra u dosp\u011bl\u00fdch je proces, kter\u00fdm se...","og_url":"https:\/\/www.diagnostika-mysli.cz\/blog\/autismus\/porucha-autistickeho-spektra-u-dospelych\/","og_site_name":"Test Mysli","article_published_time":"2025-04-22T01:25:19+00:00","twitter_card":"summary_large_image","twitter_misc":{"Napsal(a)":"Test Mysli","Odhadovan\u00e1 doba \u010dten\u00ed":"3 minuty"},"schema":{"@context":"https:\/\/schema.org","@graph":[{"@type":"WebSite","@id":"https:\/\/www.diagnostika-mysli.cz\/blog\/#website","url":"https:\/\/www.diagnostika-mysli.cz\/blog\/","name":"Test Mysli","description":"Blog o poruch\u00e1ch mysli","potentialAction":[{"@type":"SearchAction","target":{"@type":"EntryPoint","urlTemplate":"https:\/\/www.diagnostika-mysli.cz\/blog\/?s={search_term_string}"},"query-input":"required name=search_term_string"}],"inLanguage":"cs"},{"@type":"WebPage","@id":"https:\/\/www.diagnostika-mysli.cz\/blog\/autismus\/porucha-autistickeho-spektra-u-dospelych\/#webpage","url":"https:\/\/www.diagnostika-mysli.cz\/blog\/autismus\/porucha-autistickeho-spektra-u-dospelych\/","name":"Porucha autistick\u00e9ho spektra u dosp\u011bl\u00fdch - Test Mysli","isPartOf":{"@id":"https:\/\/www.diagnostika-mysli.cz\/blog\/#website"},"datePublished":"2025-04-22T01:25:19+00:00","dateModified":"2025-04-22T01:25:19+00:00","author":{"@id":"https:\/\/www.diagnostika-mysli.cz\/blog\/#\/schema\/person\/8eb1bcaf59fea75c780c11946f4e3490"},"breadcrumb":{"@id":"https:\/\/www.diagnostika-mysli.cz\/blog\/autismus\/porucha-autistickeho-spektra-u-dospelych\/#breadcrumb"},"inLanguage":"cs","potentialAction":[{"@type":"ReadAction","target":["https:\/\/www.diagnostika-mysli.cz\/blog\/autismus\/porucha-autistickeho-spektra-u-dospelych\/"]}]},{"@type":"BreadcrumbList","@id":"https:\/\/www.diagnostika-mysli.cz\/blog\/autismus\/porucha-autistickeho-spektra-u-dospelych\/#breadcrumb","itemListElement":[{"@type":"ListItem","position":1,"name":"Blog","item":"https:\/\/www.diagnostika-mysli.cz\/blog\/"},{"@type":"ListItem","position":2,"name":"Autismus","item":"https:\/\/www.diagnostika-mysli.cz\/blog\/autismus\/"},{"@type":"ListItem","position":3,"name":"Porucha autistick\u00e9ho spektra u dosp\u011bl\u00fdch"}]},{"@type":"Person","@id":"https:\/\/www.diagnostika-mysli.cz\/blog\/#\/schema\/person\/8eb1bcaf59fea75c780c11946f4e3490","name":"Test Mysli","image":{"@type":"ImageObject","@id":"https:\/\/www.diagnostika-mysli.cz\/blog\/#personlogo","inLanguage":"cs","url":"https:\/\/secure.gravatar.com\/avatar\/6743211f010801ea26aa9423a2daab37?s=96&d=mm&r=g","contentUrl":"https:\/\/secure.gravatar.com\/avatar\/6743211f010801ea26aa9423a2daab37?s=96&d=mm&r=g","caption":"Test Mysli"},"sameAs":["https:\/\/www.diagnostika-mysli.cz\/blog"],"url":"https:\/\/www.diagnostika-mysli.cz\/blog\/author\/diagnostyka-umyslu\/"}]}},"amp_enabled":true,"_links":{"self":[{"href":"https:\/\/www.diagnostika-mysli.cz\/blog\/wp-json\/wp\/v2\/posts\/3245"}],"collection":[{"href":"https:\/\/www.diagnostika-mysli.cz\/blog\/wp-json\/wp\/v2\/posts"}],"about":[{"href":"https:\/\/www.diagnostika-mysli.cz\/blog\/wp-json\/wp\/v2\/types\/post"}],"author":[{"embeddable":true,"href":"https:\/\/www.diagnostika-mysli.cz\/blog\/wp-json\/wp\/v2\/users\/1"}],"replies":[{"embeddable":true,"href":"https:\/\/www.diagnostika-mysli.cz\/blog\/wp-json\/wp\/v2\/comments?post=3245"}],"version-history":[{"count":0,"href":"https:\/\/www.diagnostika-mysli.cz\/blog\/wp-json\/wp\/v2\/posts\/3245\/revisions"}],"wp:attachment":[{"href":"https:\/\/www.diagnostika-mysli.cz\/blog\/wp-json\/wp\/v2\/media?parent=3245"}],"wp:term":[{"taxonomy":"category","embeddable":true,"href":"https:\/\/www.diagnostika-mysli.cz\/blog\/wp-json\/wp\/v2\/categories?post=3245"},{"taxonomy":"post_tag","embeddable":true,"href":"https:\/\/www.diagnostika-mysli.cz\/blog\/wp-json\/wp\/v2\/tags?post=3245"}],"curies":[{"name":"wp","href":"https:\/\/api.w.org\/{rel}","templated":true}]}}