{"id":3247,"date":"2025-04-23T03:25:19","date_gmt":"2025-04-23T01:25:19","guid":{"rendered":"https:\/\/www.diagnostika-mysli.cz\/blog\/autismus\/aspergeruv-syndrom-u-zen-2\/"},"modified":"2025-04-23T03:25:19","modified_gmt":"2025-04-23T01:25:19","slug":"aspergeruv-syndrom-u-zen-2","status":"publish","type":"post","link":"https:\/\/www.diagnostika-mysli.cz\/blog\/autismus\/aspergeruv-syndrom-u-zen-2\/","title":{"rendered":"Asperger\u016fv syndrom u \u017een"},"content":{"rendered":"<div class='topics'>\n<div class='topic'>\n<h2>P\u0159\u00edznaky Aspergerova syndromu u \u017een: Jak je rozpoznat a jak se projevuj\u00ed?<\/h2>\n<p>Asperger\u016fv syndrom je neurov\u00fdvojov\u00e9 onemocn\u011bn\u00ed, kter\u00e9 se projevuje poruchou soci\u00e1ln\u00ed interakce, komunikace a omezen\u00fdmi z\u00e1jmy a aktivitami. Toto onemocn\u011bn\u00ed je \u010dasto spojov\u00e1no s mu\u017ei, ale m\u00e9n\u011b se hovo\u0159\u00ed o jeho v\u00fdskytu u \u017een. P\u0159esto\u017ee se u \u017een projevuje podobn\u011b jako u mu\u017e\u016f, existuj\u00ed ur\u010dit\u00e9 rozd\u00edly v p\u0159\u00edznac\u00edch Aspergerova syndromu u \u017een.<\/p>\n<p>Jedn\u00edm z hlavn\u00edch p\u0159\u00edznak\u016f Aspergerova syndromu u \u017een je probl\u00e9m s porozum\u011bn\u00edm soci\u00e1ln\u00edm interakc\u00edm. \u017deny s t\u00edmto syndromem mohou m\u00edt pot\u00ed\u017ee s \u010dten\u00edm neverb\u00e1ln\u00edch sign\u00e1l\u016f, jako jsou nap\u0159\u00edklad mimika, gesta a t\u00f3n hlasu. Mohou tak\u00e9 m\u00edt probl\u00e9my s porozum\u011bn\u00edm soci\u00e1ln\u00edm n\u00e1vyk\u016fm a pravidl\u016fm, co\u017e m\u016f\u017ee v\u00e9st k nevhodn\u00e9mu chov\u00e1n\u00ed v r\u016fzn\u00fdch soci\u00e1ln\u00ed<\/p>\n<\/div>\n<div class='topic'>\n<h2>Soci\u00e1ln\u00ed interakce u \u017een s Aspergerov\u00fdm syndromem: V\u00fdzvy a strategie pro zvl\u00e1d\u00e1n\u00ed<\/h2>\n<p>Asperger\u016fv syndrom je neurov\u00fdvojov\u00e9 onemocn\u011bn\u00ed, kter\u00e9 ovliv\u0148uje soci\u00e1ln\u00ed interakce a komunikaci. A\u010dkoli se \u010dasto spojuje s mu\u017ei, m\u016f\u017ee b\u00fdt tak\u00e9 diagnostikov\u00e1n u \u017een. \u017deny s Aspergerov\u00fdm syndromem se \u010dasto pot\u00fdkaj\u00ed s mnoha v\u00fdzvami v oblasti soci\u00e1ln\u00ed interakce, kter\u00e9 mohou m\u00edt vliv na jejich ka\u017edodenn\u00ed \u017eivot.<\/p>\n<p>Jednou z hlavn\u00edch v\u00fdzev pro \u017eeny s Aspergerov\u00fdm syndromem je porozum\u011bn\u00ed soci\u00e1ln\u00edm n\u00e1vyk\u016fm a nevysloven\u00fdm pravidl\u016fm. Tyto n\u00e1vyky jsou pro v\u011bt\u0161inu lid\u00ed intuitivn\u00ed, ale pro \u017eeny s Aspergerov\u00fdm syndromem mohou b\u00fdt matouc\u00ed a t\u011b\u017eko pochopiteln\u00e9. Nap\u0159\u00edklad mohou m\u00edt probl\u00e9my s pochopen\u00edm neverb\u00e1ln\u00ed komunikace, jako jsou gesta, mimika a t\u00f3n hlasu. To m\u016f\u017ee v\u00e9st k nedorozum\u011bn\u00ed<\/p>\n<\/div>\n<div class='topic'>\n<h2>Asperger\u016fv syndrom u \u017een a diagnostika: Jak\u00e9 jsou rozd\u00edly v diagnostick\u00fdch krit\u00e9ri\u00edch pro mu\u017ee a \u017eeny?<\/h2>\n<p>Asperger\u016fv syndrom je neurov\u00fdvojov\u00e1 porucha, kter\u00e1 se projevuje p\u0159edev\u0161\u00edm obt\u00ed\u017eemi v soci\u00e1ln\u00edm interakci a komunikaci, stereotypn\u00edmi chov\u00e1n\u00edmi a omezen\u00fdmi z\u00e1jmy. Tato porucha je \u010dasto spojov\u00e1na s mu\u017ei, ale v posledn\u00edch letech se st\u00e1le v\u00edce hovo\u0159\u00ed o Aspergerov\u011b syndromu u \u017een. Jak\u00e9 jsou v\u0161ak rozd\u00edly v diagnostick\u00fdch krit\u00e9ri\u00edch pro mu\u017ee a \u017eeny?<\/p>\n<p>Prvn\u00edm rozd\u00edlem je, \u017ee Asperger\u016fv syndrom u \u017een je \u010dasto diagnostikov\u00e1n pozd\u011bji ne\u017e u mu\u017e\u016f. To m\u016f\u017ee b\u00fdt zp\u016fsobeno t\u00edm, \u017ee u \u017een jsou p\u0159\u00edznaky \u010dasto m\u00e9n\u011b v\u00fdrazn\u00e9 a projevuj\u00ed se jin\u00fdm zp\u016fsobem ne\u017e u mu\u017e\u016f. Nap\u0159\u00edklad \u017eeny s Aspergerov\u00fdm syndromem mohou b\u00fdt schopn\u00e9 l\u00e9pe maskovat sv\u00e9 obt\u00ed\u017ee v soci\u00e1ln\u00ed interakci a p\u0159izp\u016fsobit se spole\u010densk\u00fdm norm\u00e1m,<\/p>\n<\/div>\n<div class='topic'>\n<h2>\u017divotn\u00ed zku\u0161enosti \u017een s Aspergerov\u00fdm syndromem: Jak se li\u0161\u00ed od mu\u017e\u016f a jak m\u016f\u017eeme podpo\u0159it jejich integraci do spole\u010dnosti?<\/h2>\n<p>Asperger\u016fv syndrom je porucha zahrnuj\u00edc\u00ed poruchu autistick\u00e9ho spektra, kter\u00e1 se projevuje obt\u00ed\u017eemi v soci\u00e1ln\u00ed interakci, komunikaci a omezen\u00fdmi z\u00e1jmy a aktivitami. Tato porucha postihuje p\u0159edev\u0161\u00edm mu\u017ee, ale m\u016f\u017ee se vyskytovat i u \u017een. \u017deny s Aspergerov\u00fdm syndromem maj\u00ed v\u0161ak \u010dasto odli\u0161n\u00e9 zku\u0161enosti ne\u017e mu\u017ei a jejich integrace do spole\u010dnosti m\u016f\u017ee b\u00fdt n\u00e1ro\u010dn\u011bj\u0161\u00ed.<\/p>\n<p>Jedn\u00edm z hlavn\u00edch rozd\u00edl\u016f mezi mu\u017ei a \u017eenami s Aspergerov\u00fdm syndromem je zp\u016fsob, jak\u00fdm se projevuje jejich porucha. Mu\u017ei maj\u00ed \u010dasto v\u00fdrazn\u011bj\u0161\u00ed p\u0159\u00edznaky, jako jsou probl\u00e9my s komunikac\u00ed a soci\u00e1ln\u00ed interakc\u00ed, zat\u00edmco u \u017een mohou b\u00fdt tyto obt\u00ed\u017ee m\u00e9n\u011b z\u0159eteln\u00e9. To m\u016f\u017ee v\u00e9st k tomu, \u017ee u \u017een je porucha \u010dasto pozd\u011bji diagnostikov<\/p>\n<\/div>\n<\/div>\n","protected":false},"excerpt":{"rendered":"<p>P\u0159\u00edznaky Aspergerova syndromu u \u017een: Jak je rozpoznat a jak se projevuj\u00ed? Asperger\u016fv syndrom je neurov\u00fdvojov\u00e9 onemocn\u011bn\u00ed, kter\u00e9 se projevuje poruchou soci\u00e1ln\u00ed interakce, komunikace a&#8230;<\/p>\n","protected":false},"author":1,"featured_media":0,"comment_status":"","ping_status":"open","sticky":false,"template":"","format":"standard","meta":{"inline_featured_image":false},"categories":[849],"tags":[],"yoast_head":"<!-- This site is optimized with the Yoast SEO plugin v18.1 - https:\/\/yoast.com\/wordpress\/plugins\/seo\/ -->\n<title>Asperger\u016fv syndrom u \u017een - Test Mysli<\/title>\n<meta name=\"robots\" content=\"index, follow, max-snippet:-1, max-image-preview:large, max-video-preview:-1\" \/>\n<link rel=\"canonical\" href=\"https:\/\/www.diagnostika-mysli.cz\/blog\/autismus\/aspergeruv-syndrom-u-zen-2\/\" \/>\n<meta property=\"og:locale\" content=\"cs_CZ\" \/>\n<meta property=\"og:type\" content=\"article\" \/>\n<meta property=\"og:title\" content=\"Asperger\u016fv syndrom u \u017een - Test Mysli\" \/>\n<meta property=\"og:description\" content=\"P\u0159\u00edznaky Aspergerova syndromu u \u017een: Jak je rozpoznat a jak se projevuj\u00ed? Asperger\u016fv syndrom je neurov\u00fdvojov\u00e9 onemocn\u011bn\u00ed, kter\u00e9 se projevuje poruchou soci\u00e1ln\u00ed interakce, komunikace a...\" \/>\n<meta property=\"og:url\" content=\"https:\/\/www.diagnostika-mysli.cz\/blog\/autismus\/aspergeruv-syndrom-u-zen-2\/\" \/>\n<meta property=\"og:site_name\" content=\"Test Mysli\" \/>\n<meta property=\"article:published_time\" content=\"2025-04-23T01:25:19+00:00\" \/>\n<meta name=\"twitter:card\" content=\"summary_large_image\" \/>\n<meta name=\"twitter:label1\" content=\"Napsal(a)\" \/>\n\t<meta name=\"twitter:data1\" content=\"Test Mysli\" \/>\n\t<meta name=\"twitter:label2\" content=\"Odhadovan\u00e1 doba \u010dten\u00ed\" \/>\n\t<meta name=\"twitter:data2\" content=\"3 minuty\" \/>\n<script type=\"application\/ld+json\" class=\"yoast-schema-graph\">{\"@context\":\"https:\/\/schema.org\",\"@graph\":[{\"@type\":\"WebSite\",\"@id\":\"https:\/\/www.diagnostika-mysli.cz\/blog\/#website\",\"url\":\"https:\/\/www.diagnostika-mysli.cz\/blog\/\",\"name\":\"Test Mysli\",\"description\":\"Blog o poruch\u00e1ch mysli\",\"potentialAction\":[{\"@type\":\"SearchAction\",\"target\":{\"@type\":\"EntryPoint\",\"urlTemplate\":\"https:\/\/www.diagnostika-mysli.cz\/blog\/?s={search_term_string}\"},\"query-input\":\"required name=search_term_string\"}],\"inLanguage\":\"cs\"},{\"@type\":\"WebPage\",\"@id\":\"https:\/\/www.diagnostika-mysli.cz\/blog\/autismus\/aspergeruv-syndrom-u-zen-2\/#webpage\",\"url\":\"https:\/\/www.diagnostika-mysli.cz\/blog\/autismus\/aspergeruv-syndrom-u-zen-2\/\",\"name\":\"Asperger\u016fv syndrom u \u017een - Test Mysli\",\"isPartOf\":{\"@id\":\"https:\/\/www.diagnostika-mysli.cz\/blog\/#website\"},\"datePublished\":\"2025-04-23T01:25:19+00:00\",\"dateModified\":\"2025-04-23T01:25:19+00:00\",\"author\":{\"@id\":\"https:\/\/www.diagnostika-mysli.cz\/blog\/#\/schema\/person\/8eb1bcaf59fea75c780c11946f4e3490\"},\"breadcrumb\":{\"@id\":\"https:\/\/www.diagnostika-mysli.cz\/blog\/autismus\/aspergeruv-syndrom-u-zen-2\/#breadcrumb\"},\"inLanguage\":\"cs\",\"potentialAction\":[{\"@type\":\"ReadAction\",\"target\":[\"https:\/\/www.diagnostika-mysli.cz\/blog\/autismus\/aspergeruv-syndrom-u-zen-2\/\"]}]},{\"@type\":\"BreadcrumbList\",\"@id\":\"https:\/\/www.diagnostika-mysli.cz\/blog\/autismus\/aspergeruv-syndrom-u-zen-2\/#breadcrumb\",\"itemListElement\":[{\"@type\":\"ListItem\",\"position\":1,\"name\":\"Blog\",\"item\":\"https:\/\/www.diagnostika-mysli.cz\/blog\/\"},{\"@type\":\"ListItem\",\"position\":2,\"name\":\"Autismus\",\"item\":\"https:\/\/www.diagnostika-mysli.cz\/blog\/autismus\/\"},{\"@type\":\"ListItem\",\"position\":3,\"name\":\"Asperger\u016fv syndrom u \u017een\"}]},{\"@type\":\"Person\",\"@id\":\"https:\/\/www.diagnostika-mysli.cz\/blog\/#\/schema\/person\/8eb1bcaf59fea75c780c11946f4e3490\",\"name\":\"Test Mysli\",\"image\":{\"@type\":\"ImageObject\",\"@id\":\"https:\/\/www.diagnostika-mysli.cz\/blog\/#personlogo\",\"inLanguage\":\"cs\",\"url\":\"https:\/\/secure.gravatar.com\/avatar\/6743211f010801ea26aa9423a2daab37?s=96&d=mm&r=g\",\"contentUrl\":\"https:\/\/secure.gravatar.com\/avatar\/6743211f010801ea26aa9423a2daab37?s=96&d=mm&r=g\",\"caption\":\"Test Mysli\"},\"sameAs\":[\"https:\/\/www.diagnostika-mysli.cz\/blog\"],\"url\":\"https:\/\/www.diagnostika-mysli.cz\/blog\/author\/diagnostyka-umyslu\/\"}]}<\/script>\n<!-- \/ Yoast SEO plugin. -->","yoast_head_json":{"title":"Asperger\u016fv syndrom u \u017een - Test Mysli","robots":{"index":"index","follow":"follow","max-snippet":"max-snippet:-1","max-image-preview":"max-image-preview:large","max-video-preview":"max-video-preview:-1"},"canonical":"https:\/\/www.diagnostika-mysli.cz\/blog\/autismus\/aspergeruv-syndrom-u-zen-2\/","og_locale":"cs_CZ","og_type":"article","og_title":"Asperger\u016fv syndrom u \u017een - Test Mysli","og_description":"P\u0159\u00edznaky Aspergerova syndromu u \u017een: Jak je rozpoznat a jak se projevuj\u00ed? Asperger\u016fv syndrom je neurov\u00fdvojov\u00e9 onemocn\u011bn\u00ed, kter\u00e9 se projevuje poruchou soci\u00e1ln\u00ed interakce, komunikace a...","og_url":"https:\/\/www.diagnostika-mysli.cz\/blog\/autismus\/aspergeruv-syndrom-u-zen-2\/","og_site_name":"Test Mysli","article_published_time":"2025-04-23T01:25:19+00:00","twitter_card":"summary_large_image","twitter_misc":{"Napsal(a)":"Test Mysli","Odhadovan\u00e1 doba \u010dten\u00ed":"3 minuty"},"schema":{"@context":"https:\/\/schema.org","@graph":[{"@type":"WebSite","@id":"https:\/\/www.diagnostika-mysli.cz\/blog\/#website","url":"https:\/\/www.diagnostika-mysli.cz\/blog\/","name":"Test Mysli","description":"Blog o poruch\u00e1ch mysli","potentialAction":[{"@type":"SearchAction","target":{"@type":"EntryPoint","urlTemplate":"https:\/\/www.diagnostika-mysli.cz\/blog\/?s={search_term_string}"},"query-input":"required name=search_term_string"}],"inLanguage":"cs"},{"@type":"WebPage","@id":"https:\/\/www.diagnostika-mysli.cz\/blog\/autismus\/aspergeruv-syndrom-u-zen-2\/#webpage","url":"https:\/\/www.diagnostika-mysli.cz\/blog\/autismus\/aspergeruv-syndrom-u-zen-2\/","name":"Asperger\u016fv syndrom u \u017een - Test Mysli","isPartOf":{"@id":"https:\/\/www.diagnostika-mysli.cz\/blog\/#website"},"datePublished":"2025-04-23T01:25:19+00:00","dateModified":"2025-04-23T01:25:19+00:00","author":{"@id":"https:\/\/www.diagnostika-mysli.cz\/blog\/#\/schema\/person\/8eb1bcaf59fea75c780c11946f4e3490"},"breadcrumb":{"@id":"https:\/\/www.diagnostika-mysli.cz\/blog\/autismus\/aspergeruv-syndrom-u-zen-2\/#breadcrumb"},"inLanguage":"cs","potentialAction":[{"@type":"ReadAction","target":["https:\/\/www.diagnostika-mysli.cz\/blog\/autismus\/aspergeruv-syndrom-u-zen-2\/"]}]},{"@type":"BreadcrumbList","@id":"https:\/\/www.diagnostika-mysli.cz\/blog\/autismus\/aspergeruv-syndrom-u-zen-2\/#breadcrumb","itemListElement":[{"@type":"ListItem","position":1,"name":"Blog","item":"https:\/\/www.diagnostika-mysli.cz\/blog\/"},{"@type":"ListItem","position":2,"name":"Autismus","item":"https:\/\/www.diagnostika-mysli.cz\/blog\/autismus\/"},{"@type":"ListItem","position":3,"name":"Asperger\u016fv syndrom u \u017een"}]},{"@type":"Person","@id":"https:\/\/www.diagnostika-mysli.cz\/blog\/#\/schema\/person\/8eb1bcaf59fea75c780c11946f4e3490","name":"Test Mysli","image":{"@type":"ImageObject","@id":"https:\/\/www.diagnostika-mysli.cz\/blog\/#personlogo","inLanguage":"cs","url":"https:\/\/secure.gravatar.com\/avatar\/6743211f010801ea26aa9423a2daab37?s=96&d=mm&r=g","contentUrl":"https:\/\/secure.gravatar.com\/avatar\/6743211f010801ea26aa9423a2daab37?s=96&d=mm&r=g","caption":"Test Mysli"},"sameAs":["https:\/\/www.diagnostika-mysli.cz\/blog"],"url":"https:\/\/www.diagnostika-mysli.cz\/blog\/author\/diagnostyka-umyslu\/"}]}},"amp_enabled":true,"_links":{"self":[{"href":"https:\/\/www.diagnostika-mysli.cz\/blog\/wp-json\/wp\/v2\/posts\/3247"}],"collection":[{"href":"https:\/\/www.diagnostika-mysli.cz\/blog\/wp-json\/wp\/v2\/posts"}],"about":[{"href":"https:\/\/www.diagnostika-mysli.cz\/blog\/wp-json\/wp\/v2\/types\/post"}],"author":[{"embeddable":true,"href":"https:\/\/www.diagnostika-mysli.cz\/blog\/wp-json\/wp\/v2\/users\/1"}],"replies":[{"embeddable":true,"href":"https:\/\/www.diagnostika-mysli.cz\/blog\/wp-json\/wp\/v2\/comments?post=3247"}],"version-history":[{"count":0,"href":"https:\/\/www.diagnostika-mysli.cz\/blog\/wp-json\/wp\/v2\/posts\/3247\/revisions"}],"wp:attachment":[{"href":"https:\/\/www.diagnostika-mysli.cz\/blog\/wp-json\/wp\/v2\/media?parent=3247"}],"wp:term":[{"taxonomy":"category","embeddable":true,"href":"https:\/\/www.diagnostika-mysli.cz\/blog\/wp-json\/wp\/v2\/categories?post=3247"},{"taxonomy":"post_tag","embeddable":true,"href":"https:\/\/www.diagnostika-mysli.cz\/blog\/wp-json\/wp\/v2\/tags?post=3247"}],"curies":[{"name":"wp","href":"https:\/\/api.w.org\/{rel}","templated":true}]}}