{"id":3254,"date":"2025-04-26T03:25:17","date_gmt":"2025-04-26T01:25:17","guid":{"rendered":"https:\/\/www.diagnostika-mysli.cz\/blog\/autismus\/autismus-priznaky-dospelych\/"},"modified":"2025-04-26T03:25:17","modified_gmt":"2025-04-26T01:25:17","slug":"autismus-priznaky-dospelych","status":"publish","type":"post","link":"https:\/\/www.diagnostika-mysli.cz\/blog\/autismus\/autismus-priznaky-dospelych\/","title":{"rendered":"Autismus p\u0159\u00edznaky dosp\u011bl\u00fdch"},"content":{"rendered":"<div class='topics'>\n<div class='topic'>\n<h2>Co jsou nej\u010dast\u011bj\u0161\u00ed p\u0159\u00edznaky autismu u dosp\u011bl\u00fdch a jak je rozpoznat?<\/h2>\n<p>Autismus je neurov\u00fdvojov\u00e1 porucha, kter\u00e1 se projevuje od ran\u00e9ho d\u011btstv\u00ed a m\u016f\u017ee trvat po cel\u00fd \u017eivot. V minulosti byla tato porucha pova\u017eov\u00e1na pouze za d\u011btsk\u00e9 onemocn\u011bn\u00ed, ale v posledn\u00edch letech se st\u00e1le v\u00edce hovo\u0159\u00ed o autismu u dosp\u011bl\u00fdch. Je d\u016fle\u017eit\u00e9 si uv\u011bdomit, \u017ee autismus nen\u00ed nemoc, ale odli\u0161n\u00fd zp\u016fsob vn\u00edm\u00e1n\u00ed sv\u011bta a interakce s n\u00edm.<\/p>\n<p>Nej\u010dast\u011bj\u0161\u00edmi p\u0159\u00edznaky autismu u dosp\u011bl\u00fdch jsou probl\u00e9my s komunikac\u00ed a soci\u00e1ln\u00edmi interakcemi, stereotypn\u00ed chov\u00e1n\u00ed a omezen\u00e9 z\u00e1jmy. Tyto p\u0159\u00edznaky se mohou projevovat v r\u016fzn\u00e9 m\u00ed\u0159e a kombinac\u00ed u ka\u017ed\u00e9ho jedince s autismem.<\/p>\n<p>Jedn\u00edm z hlavn\u00edch p\u0159\u00edznak\u016f autismu u dosp\u011bl\u00fdch je probl\u00e9m s komunikac\u00ed. Ti, kte\u0159\u00ed trp\u00ed touto poruchou, maj\u00ed \u010dasto probl\u00e9my s poroz<\/p>\n<\/div>\n<div class='topic'>\n<h2>Jak\u00e9 jsou mo\u017enosti l\u00e9\u010dby a podpory pro dosp\u011bl\u00e9 s autismem?<\/h2>\n<p>Autismus je neurov\u00fdvojov\u00e1 porucha, kter\u00e1 ovliv\u0148uje soci\u00e1ln\u00ed interakce, komunikaci a chov\u00e1n\u00ed jedince. Tato porucha se projevuje ji\u017e v d\u011btstv\u00ed, ale m\u016f\u017ee trvat po cel\u00fd \u017eivot. V sou\u010dasn\u00e9 dob\u011b se odhaduje, \u017ee a\u017e 1 % dosp\u011bl\u00e9 populace trp\u00ed touto poruchou.<\/p>\n<p>Pro dosp\u011bl\u00e9 s autismem je d\u016fle\u017eit\u00e9 z\u00edskat vhodnou l\u00e9\u010dbu a podporu, aby mohli v\u00e9st co nejplnohodnotn\u011bj\u0161\u00ed \u017eivot. Existuje n\u011bkolik mo\u017enost\u00ed l\u00e9\u010dby a podpory, kter\u00e9 mohou pomoci t\u011bmto jedinc\u016fm.<\/p>\n<p>1. Terapie<\/p>\n<p>Terapie je jednou z nej\u010dast\u011bj\u0161\u00edch forem l\u00e9\u010dby pro dosp\u011bl\u00e9 s autismem. Existuje n\u011bkolik typ\u016f terapi\u00ed, kter\u00e9 mohou b\u00fdt u\u017eite\u010dn\u00e9:<\/p>\n<p>&#8211; Behavior\u00e1ln\u00ed terapie: Tato terapie se zam\u011b\u0159uje na zm\u011bnu ne\u017e\u00e1douc\u00edho chov\u00e1n\u00ed a u\u010den\u00ed nov\u00fdch dovednost\u00ed. Jednou z nejzn<\/p>\n<\/div>\n<div class='topic'>\n<h2>Jak m\u016f\u017ee b\u00fdt autismus diagnostikov\u00e1n u dosp\u011bl\u00fdch a jak\u00fd je v\u00fdznam v\u010dasn\u00e9ho zji\u0161t\u011bn\u00ed?<\/h2>\n<p>Autismus je neurov\u00fdvojov\u00e1 porucha, kter\u00e1 se projevuje v poru\u0161en\u00ed soci\u00e1ln\u00ed interakce, komunikace a chov\u00e1n\u00ed. Tato porucha se obvykle projevuje ji\u017e v d\u011btstv\u00ed, ale m\u016f\u017ee b\u00fdt diagnostikov\u00e1na i u dosp\u011bl\u00fdch. V\u010dasn\u00e1 diagn\u00f3za autismu u dosp\u011bl\u00fdch je velmi d\u016fle\u017eit\u00e1, proto\u017ee m\u016f\u017ee pomoci jedinci l\u00e9pe porozum\u011bt sv\u00fdm obt\u00ed\u017e\u00edm a z\u00edskat vhodnou podporu a l\u00e9\u010dbu.<\/p>\n<p>Diagnostika autismu u dosp\u011bl\u00fdch je slo\u017eit\u00fd proces, kter\u00fd vy\u017eaduje spolupr\u00e1ci mezi r\u016fzn\u00fdmi odborn\u00edky, jako jsou psychiat\u0159i, psychologov\u00e9, logopedov\u00e9 a dal\u0161\u00ed specialist\u00e9. Prvn\u00edm krokem je z\u00edsk\u00e1n\u00ed podrobn\u00e9ho anamnestick\u00e9ho dotazn\u00edku od pacienta a jeho bl\u00edzk\u00fdch. Tento dotazn\u00edk obsahuje informace o v\u00fdvoji jedince, jeho chov\u00e1n\u00ed, soci\u00e1ln\u00ed interakci a komunikaci.<\/p>\n<p>Dal\u0161\u00edm d\u016fle\u017eit\u00fdm k<\/p>\n<\/div>\n<div class='topic'>\n<h2>Jak\u00fd vliv m\u00e1 autismus na ka\u017edodenn\u00ed \u017eivot dosp\u011bl\u00fdch a jak se s n\u00edm mohou vyrovn\u00e1vat?<\/h2>\n<p>Autismus je neurov\u00fdvojov\u00e1 porucha, kter\u00e1 ovliv\u0148uje komunikaci, soci\u00e1ln\u00ed interakci a chov\u00e1n\u00ed jedince. Tato porucha se projevuje ji\u017e v d\u011btstv\u00ed, ale m\u016f\u017ee trvat po cel\u00fd \u017eivot. V dosp\u011blosti mohou lid\u00e9 s autismem \u010delit mnoha v\u00fdzv\u00e1m, kter\u00e9 ovliv\u0148uj\u00ed jejich ka\u017edodenn\u00ed \u017eivot.<\/p>\n<p>Jedn\u00edm z hlavn\u00edch vliv\u016f autismu na ka\u017edodenn\u00ed \u017eivot dosp\u011bl\u00fdch je obt\u00ed\u017enost v komunikaci. Lid\u00e9 s touto poruchou maj\u00ed \u010dasto probl\u00e9my s porozum\u011bn\u00edm neverb\u00e1ln\u00ed komunikace, jako jsou gesta, mimika a t\u00f3n hlasu. Mohou tak\u00e9 m\u00edt probl\u00e9my s porozum\u011bn\u00edm ironie, sarkasmu a metafor. To m\u016f\u017ee v\u00e9st k nedorozum\u011bn\u00edm a probl\u00e9m\u016fm v komunikaci s ostatn\u00edmi.<\/p>\n<p>Dal\u0161\u00edm vlivem autismu je obt\u00ed\u017enost v soci\u00e1ln\u00ed interakci. Lid\u00e9 s touto poruchou maj\u00ed \u010dasto probl\u00e9my s navazov\u00e1n\u00edm a ud<\/p>\n<\/div>\n<\/div>\n","protected":false},"excerpt":{"rendered":"<p>Co jsou nej\u010dast\u011bj\u0161\u00ed p\u0159\u00edznaky autismu u dosp\u011bl\u00fdch a jak je rozpoznat? Autismus je neurov\u00fdvojov\u00e1 porucha, kter\u00e1 se projevuje od ran\u00e9ho d\u011btstv\u00ed a m\u016f\u017ee trvat po&#8230;<\/p>\n","protected":false},"author":1,"featured_media":0,"comment_status":"","ping_status":"open","sticky":false,"template":"","format":"standard","meta":{"inline_featured_image":false},"categories":[849],"tags":[],"yoast_head":"<!-- This site is optimized with the Yoast SEO plugin v18.1 - https:\/\/yoast.com\/wordpress\/plugins\/seo\/ -->\n<title>Autismus p\u0159\u00edznaky dosp\u011bl\u00fdch - Test Mysli<\/title>\n<meta name=\"robots\" content=\"index, follow, max-snippet:-1, max-image-preview:large, max-video-preview:-1\" \/>\n<link rel=\"canonical\" href=\"https:\/\/www.diagnostika-mysli.cz\/blog\/autismus\/autismus-priznaky-dospelych\/\" \/>\n<meta property=\"og:locale\" content=\"cs_CZ\" \/>\n<meta property=\"og:type\" content=\"article\" \/>\n<meta property=\"og:title\" content=\"Autismus p\u0159\u00edznaky dosp\u011bl\u00fdch - Test Mysli\" \/>\n<meta property=\"og:description\" content=\"Co jsou nej\u010dast\u011bj\u0161\u00ed p\u0159\u00edznaky autismu u dosp\u011bl\u00fdch a jak je rozpoznat? Autismus je neurov\u00fdvojov\u00e1 porucha, kter\u00e1 se projevuje od ran\u00e9ho d\u011btstv\u00ed a m\u016f\u017ee trvat po...\" \/>\n<meta property=\"og:url\" content=\"https:\/\/www.diagnostika-mysli.cz\/blog\/autismus\/autismus-priznaky-dospelych\/\" \/>\n<meta property=\"og:site_name\" content=\"Test Mysli\" \/>\n<meta property=\"article:published_time\" content=\"2025-04-26T01:25:17+00:00\" \/>\n<meta name=\"twitter:card\" content=\"summary_large_image\" \/>\n<meta name=\"twitter:label1\" content=\"Napsal(a)\" \/>\n\t<meta name=\"twitter:data1\" content=\"Test Mysli\" \/>\n\t<meta name=\"twitter:label2\" content=\"Odhadovan\u00e1 doba \u010dten\u00ed\" \/>\n\t<meta name=\"twitter:data2\" content=\"3 minuty\" \/>\n<script type=\"application\/ld+json\" class=\"yoast-schema-graph\">{\"@context\":\"https:\/\/schema.org\",\"@graph\":[{\"@type\":\"WebSite\",\"@id\":\"https:\/\/www.diagnostika-mysli.cz\/blog\/#website\",\"url\":\"https:\/\/www.diagnostika-mysli.cz\/blog\/\",\"name\":\"Test Mysli\",\"description\":\"Blog o poruch\u00e1ch mysli\",\"potentialAction\":[{\"@type\":\"SearchAction\",\"target\":{\"@type\":\"EntryPoint\",\"urlTemplate\":\"https:\/\/www.diagnostika-mysli.cz\/blog\/?s={search_term_string}\"},\"query-input\":\"required name=search_term_string\"}],\"inLanguage\":\"cs\"},{\"@type\":\"WebPage\",\"@id\":\"https:\/\/www.diagnostika-mysli.cz\/blog\/autismus\/autismus-priznaky-dospelych\/#webpage\",\"url\":\"https:\/\/www.diagnostika-mysli.cz\/blog\/autismus\/autismus-priznaky-dospelych\/\",\"name\":\"Autismus p\u0159\u00edznaky dosp\u011bl\u00fdch - Test Mysli\",\"isPartOf\":{\"@id\":\"https:\/\/www.diagnostika-mysli.cz\/blog\/#website\"},\"datePublished\":\"2025-04-26T01:25:17+00:00\",\"dateModified\":\"2025-04-26T01:25:17+00:00\",\"author\":{\"@id\":\"https:\/\/www.diagnostika-mysli.cz\/blog\/#\/schema\/person\/8eb1bcaf59fea75c780c11946f4e3490\"},\"breadcrumb\":{\"@id\":\"https:\/\/www.diagnostika-mysli.cz\/blog\/autismus\/autismus-priznaky-dospelych\/#breadcrumb\"},\"inLanguage\":\"cs\",\"potentialAction\":[{\"@type\":\"ReadAction\",\"target\":[\"https:\/\/www.diagnostika-mysli.cz\/blog\/autismus\/autismus-priznaky-dospelych\/\"]}]},{\"@type\":\"BreadcrumbList\",\"@id\":\"https:\/\/www.diagnostika-mysli.cz\/blog\/autismus\/autismus-priznaky-dospelych\/#breadcrumb\",\"itemListElement\":[{\"@type\":\"ListItem\",\"position\":1,\"name\":\"Blog\",\"item\":\"https:\/\/www.diagnostika-mysli.cz\/blog\/\"},{\"@type\":\"ListItem\",\"position\":2,\"name\":\"Autismus\",\"item\":\"https:\/\/www.diagnostika-mysli.cz\/blog\/autismus\/\"},{\"@type\":\"ListItem\",\"position\":3,\"name\":\"Autismus p\u0159\u00edznaky dosp\u011bl\u00fdch\"}]},{\"@type\":\"Person\",\"@id\":\"https:\/\/www.diagnostika-mysli.cz\/blog\/#\/schema\/person\/8eb1bcaf59fea75c780c11946f4e3490\",\"name\":\"Test Mysli\",\"image\":{\"@type\":\"ImageObject\",\"@id\":\"https:\/\/www.diagnostika-mysli.cz\/blog\/#personlogo\",\"inLanguage\":\"cs\",\"url\":\"https:\/\/secure.gravatar.com\/avatar\/6743211f010801ea26aa9423a2daab37?s=96&d=mm&r=g\",\"contentUrl\":\"https:\/\/secure.gravatar.com\/avatar\/6743211f010801ea26aa9423a2daab37?s=96&d=mm&r=g\",\"caption\":\"Test Mysli\"},\"sameAs\":[\"https:\/\/www.diagnostika-mysli.cz\/blog\"],\"url\":\"https:\/\/www.diagnostika-mysli.cz\/blog\/author\/diagnostyka-umyslu\/\"}]}<\/script>\n<!-- \/ Yoast SEO plugin. -->","yoast_head_json":{"title":"Autismus p\u0159\u00edznaky dosp\u011bl\u00fdch - Test Mysli","robots":{"index":"index","follow":"follow","max-snippet":"max-snippet:-1","max-image-preview":"max-image-preview:large","max-video-preview":"max-video-preview:-1"},"canonical":"https:\/\/www.diagnostika-mysli.cz\/blog\/autismus\/autismus-priznaky-dospelych\/","og_locale":"cs_CZ","og_type":"article","og_title":"Autismus p\u0159\u00edznaky dosp\u011bl\u00fdch - Test Mysli","og_description":"Co jsou nej\u010dast\u011bj\u0161\u00ed p\u0159\u00edznaky autismu u dosp\u011bl\u00fdch a jak je rozpoznat? Autismus je neurov\u00fdvojov\u00e1 porucha, kter\u00e1 se projevuje od ran\u00e9ho d\u011btstv\u00ed a m\u016f\u017ee trvat po...","og_url":"https:\/\/www.diagnostika-mysli.cz\/blog\/autismus\/autismus-priznaky-dospelych\/","og_site_name":"Test Mysli","article_published_time":"2025-04-26T01:25:17+00:00","twitter_card":"summary_large_image","twitter_misc":{"Napsal(a)":"Test Mysli","Odhadovan\u00e1 doba \u010dten\u00ed":"3 minuty"},"schema":{"@context":"https:\/\/schema.org","@graph":[{"@type":"WebSite","@id":"https:\/\/www.diagnostika-mysli.cz\/blog\/#website","url":"https:\/\/www.diagnostika-mysli.cz\/blog\/","name":"Test Mysli","description":"Blog o poruch\u00e1ch mysli","potentialAction":[{"@type":"SearchAction","target":{"@type":"EntryPoint","urlTemplate":"https:\/\/www.diagnostika-mysli.cz\/blog\/?s={search_term_string}"},"query-input":"required name=search_term_string"}],"inLanguage":"cs"},{"@type":"WebPage","@id":"https:\/\/www.diagnostika-mysli.cz\/blog\/autismus\/autismus-priznaky-dospelych\/#webpage","url":"https:\/\/www.diagnostika-mysli.cz\/blog\/autismus\/autismus-priznaky-dospelych\/","name":"Autismus p\u0159\u00edznaky dosp\u011bl\u00fdch - Test Mysli","isPartOf":{"@id":"https:\/\/www.diagnostika-mysli.cz\/blog\/#website"},"datePublished":"2025-04-26T01:25:17+00:00","dateModified":"2025-04-26T01:25:17+00:00","author":{"@id":"https:\/\/www.diagnostika-mysli.cz\/blog\/#\/schema\/person\/8eb1bcaf59fea75c780c11946f4e3490"},"breadcrumb":{"@id":"https:\/\/www.diagnostika-mysli.cz\/blog\/autismus\/autismus-priznaky-dospelych\/#breadcrumb"},"inLanguage":"cs","potentialAction":[{"@type":"ReadAction","target":["https:\/\/www.diagnostika-mysli.cz\/blog\/autismus\/autismus-priznaky-dospelych\/"]}]},{"@type":"BreadcrumbList","@id":"https:\/\/www.diagnostika-mysli.cz\/blog\/autismus\/autismus-priznaky-dospelych\/#breadcrumb","itemListElement":[{"@type":"ListItem","position":1,"name":"Blog","item":"https:\/\/www.diagnostika-mysli.cz\/blog\/"},{"@type":"ListItem","position":2,"name":"Autismus","item":"https:\/\/www.diagnostika-mysli.cz\/blog\/autismus\/"},{"@type":"ListItem","position":3,"name":"Autismus p\u0159\u00edznaky dosp\u011bl\u00fdch"}]},{"@type":"Person","@id":"https:\/\/www.diagnostika-mysli.cz\/blog\/#\/schema\/person\/8eb1bcaf59fea75c780c11946f4e3490","name":"Test Mysli","image":{"@type":"ImageObject","@id":"https:\/\/www.diagnostika-mysli.cz\/blog\/#personlogo","inLanguage":"cs","url":"https:\/\/secure.gravatar.com\/avatar\/6743211f010801ea26aa9423a2daab37?s=96&d=mm&r=g","contentUrl":"https:\/\/secure.gravatar.com\/avatar\/6743211f010801ea26aa9423a2daab37?s=96&d=mm&r=g","caption":"Test Mysli"},"sameAs":["https:\/\/www.diagnostika-mysli.cz\/blog"],"url":"https:\/\/www.diagnostika-mysli.cz\/blog\/author\/diagnostyka-umyslu\/"}]}},"amp_enabled":true,"_links":{"self":[{"href":"https:\/\/www.diagnostika-mysli.cz\/blog\/wp-json\/wp\/v2\/posts\/3254"}],"collection":[{"href":"https:\/\/www.diagnostika-mysli.cz\/blog\/wp-json\/wp\/v2\/posts"}],"about":[{"href":"https:\/\/www.diagnostika-mysli.cz\/blog\/wp-json\/wp\/v2\/types\/post"}],"author":[{"embeddable":true,"href":"https:\/\/www.diagnostika-mysli.cz\/blog\/wp-json\/wp\/v2\/users\/1"}],"replies":[{"embeddable":true,"href":"https:\/\/www.diagnostika-mysli.cz\/blog\/wp-json\/wp\/v2\/comments?post=3254"}],"version-history":[{"count":0,"href":"https:\/\/www.diagnostika-mysli.cz\/blog\/wp-json\/wp\/v2\/posts\/3254\/revisions"}],"wp:attachment":[{"href":"https:\/\/www.diagnostika-mysli.cz\/blog\/wp-json\/wp\/v2\/media?parent=3254"}],"wp:term":[{"taxonomy":"category","embeddable":true,"href":"https:\/\/www.diagnostika-mysli.cz\/blog\/wp-json\/wp\/v2\/categories?post=3254"},{"taxonomy":"post_tag","embeddable":true,"href":"https:\/\/www.diagnostika-mysli.cz\/blog\/wp-json\/wp\/v2\/tags?post=3254"}],"curies":[{"name":"wp","href":"https:\/\/api.w.org\/{rel}","templated":true}]}}