{"id":3256,"date":"2025-04-27T03:25:17","date_gmt":"2025-04-27T01:25:17","guid":{"rendered":"https:\/\/www.diagnostika-mysli.cz\/blog\/autismus\/porucha-autistickeho-spektra-u-deti\/"},"modified":"2025-04-27T03:25:17","modified_gmt":"2025-04-27T01:25:17","slug":"porucha-autistickeho-spektra-u-deti","status":"publish","type":"post","link":"https:\/\/www.diagnostika-mysli.cz\/blog\/autismus\/porucha-autistickeho-spektra-u-deti\/","title":{"rendered":"Porucha autistick\u00e9ho spektra u d\u011bt\u00ed"},"content":{"rendered":"<div class='topics'>\n<div class='topic'>\n<h2>Co je porucha autistick\u00e9ho spektra u d\u011bt\u00ed a jak\u00e9 jsou jej\u00ed p\u0159\u00edznaky?<\/h2>\n<p>Porucha autistick\u00e9ho spektra (PAS) je neurov\u00fdvojov\u00e1 porucha, kter\u00e1 ovliv\u0148uje soci\u00e1ln\u00ed interakce, komunikaci a chov\u00e1n\u00ed u d\u011bt\u00ed. Tato porucha se projevuje ji\u017e v ran\u00e9m d\u011btstv\u00ed a m\u016f\u017ee m\u00edt r\u016fzn\u00e9 formy a z\u00e1va\u017enosti.<\/p>\n<p>Jedn\u00edm z hlavn\u00edch p\u0159\u00edznak\u016f PAS je probl\u00e9m s komunikac\u00ed a soci\u00e1ln\u00edmi interakcemi. D\u011bti s touto poruchou maj\u00ed \u010dasto probl\u00e9my s porozum\u011bn\u00edm neverb\u00e1ln\u00ed komunikace, jako jsou nap\u0159\u00edklad gesta, mimika nebo t\u00f3n hlasu. Mohou tak\u00e9 m\u00edt probl\u00e9my s navazov\u00e1n\u00edm a udr\u017eov\u00e1n\u00edm p\u0159\u00e1telstv\u00ed a vytv\u00e1\u0159en\u00edm vztah\u016f s vrstevn\u00edky.<\/p>\n<p>Dal\u0161\u00edm v\u00fdznamn\u00fdm p\u0159\u00edznakem je omezen\u00fd a stereotypn\u00ed z\u00e1jem a chov\u00e1n\u00ed. D\u011bti s PAS se mohou siln\u011b soust\u0159edit na ur\u010dit\u00e9 aktivity nebo p\u0159edm\u011bty a mohou m\u00edt probl\u00e9my s p\u0159izp\u016fs<\/p>\n<\/div>\n<div class='topic'>\n<h2>Jak\u00e9 jsou mo\u017enosti l\u00e9\u010dby a podpory pro d\u011bti s poruchou autistick\u00e9ho spektra?<\/h2>\n<p>Porucha autistick\u00e9ho spektra (PAS) je neurov\u00fdvojov\u00e1 porucha, kter\u00e1 ovliv\u0148uje soci\u00e1ln\u00ed interakce, komunikaci a chov\u00e1n\u00ed jedince. Tato porucha se projevuje ji\u017e v d\u011btstv\u00ed a m\u016f\u017ee m\u00edt r\u016fzn\u00e9 formy a z\u00e1va\u017enosti. Pro rodi\u010de d\u011bt\u00ed s PAS m\u016f\u017ee b\u00fdt obt\u00ed\u017en\u00e9 naj\u00edt vhodnou l\u00e9\u010dbu a podporu pro sv\u00e9 d\u00edt\u011b. V tomto \u010dl\u00e1nku se pod\u00edv\u00e1me na mo\u017enosti l\u00e9\u010dby a podpory pro d\u011bti s poruchou autistick\u00e9ho spektra.<\/p>\n<p>1. Terapie chov\u00e1n\u00ed<\/p>\n<p>Terapie chov\u00e1n\u00ed je jednou z nej\u010dast\u011bj\u0161\u00edch forem l\u00e9\u010dby pro d\u011bti s PAS. Tato terapie se zam\u011b\u0159uje na zm\u011bnu ne\u017e\u00e1douc\u00edho chov\u00e1n\u00ed a u\u010den\u00ed nov\u00fdch dovednost\u00ed. Terapeut pracuje s d\u00edt\u011btem na zlep\u0161en\u00ed jeho soci\u00e1ln\u00edch interakc\u00ed, komunikace a adaptivn\u00edho chov\u00e1n\u00ed. Terapie chov\u00e1n\u00ed m\u016f\u017ee b\u00fdt individu\u00e1ln\u00ed nebo skup<\/p>\n<\/div>\n<div class='topic'>\n<h2>Jak mohou rodi\u010de a u\u010ditel\u00e9 pomoci d\u011btem s poruchou autistick\u00e9ho spektra v jejich ka\u017edodenn\u00edm \u017eivot\u011b?<\/h2>\n<p>Porucha autistick\u00e9ho spektra (PAS) je neurov\u00fdvojov\u00e1 porucha, kter\u00e1 ovliv\u0148uje soci\u00e1ln\u00ed interakce, komunikaci a chov\u00e1n\u00ed jedince. D\u011bti s PAS maj\u00ed \u010dasto probl\u00e9my s porozum\u011bn\u00edm emoc\u00ed, soci\u00e1ln\u00edmi situacemi a mohou m\u00edt omezen\u00e9 z\u00e1jmy a opakuj\u00edc\u00ed se chov\u00e1n\u00ed. Pro rodi\u010de a u\u010ditele m\u016f\u017ee b\u00fdt n\u00e1ro\u010dn\u00e9 porozum\u011bt a pomoci d\u011btem s PAS v jejich ka\u017edodenn\u00edm \u017eivot\u011b. Nicm\u00e9n\u011b, existuje n\u011bkolik zp\u016fsob\u016f, jak mohou rodi\u010de a u\u010ditel\u00e9 podpo\u0159it d\u011bti s PAS a pomoci jim rozv\u00edjet sv\u00e9 schopnosti a dovednosti.<\/p>\n<p>1. Porozum\u011bn\u00ed poru\u0161e autistick\u00e9ho spektra<\/p>\n<p>Prvn\u00edm krokem pro rodi\u010de a u\u010ditele je porozum\u011bt poru\u0161e autistick\u00e9ho spektra a jej\u00edm r\u016fzn\u00fdm projev\u016fm. Je d\u016fle\u017eit\u00e9 si uv\u011bdomit, \u017ee ka\u017ed\u00e9 d\u00edt\u011b s PAS je jedine\u010dn\u00e9 a<\/p>\n<\/div>\n<div class='topic'>\n<h2>Jak\u00e9 jsou nejnov\u011bj\u0161\u00ed v\u00fdzkumy a poznatky o poru\u0161e autistick\u00e9ho spektra u d\u011bt\u00ed a jak mohou pomoci v jej\u00ed diagnostice a l\u00e9\u010db\u011b?<\/h2>\n<p>Porucha autistick\u00e9ho spektra (PAS) je neurov\u00fdvojov\u00e1 porucha, kter\u00e1 ovliv\u0148uje soci\u00e1ln\u00ed interakce, komunikaci a chov\u00e1n\u00ed u d\u011bt\u00ed. V posledn\u00edch letech se v\u00fdzkum v oblasti PAS v\u00fdrazn\u011b roz\u0161\u00ed\u0159il a p\u0159inesl nov\u00e9 poznatky, kter\u00e9 mohou pomoci v diagnostice a l\u00e9\u010db\u011b t\u00e9to poruchy.<\/p>\n<p>Jedn\u00edm z nejnov\u011bj\u0161\u00edch v\u00fdzkum\u016f je studie publikovan\u00e1 v roce 2018 v \u010dasopise Nature Genetics. Tato studie se zam\u011b\u0159ila na genetick\u00e9 p\u0159\u00ed\u010diny PAS a zjistila, \u017ee existuje v\u00edce ne\u017e 100 gen\u016f, kter\u00e9 mohou b\u00fdt spojeny s touto poruchou. Tato zji\u0161t\u011bn\u00ed mohou pomoci vytvo\u0159it lep\u0161\u00ed genetick\u00e9 testy pro diagnostiku PAS a tak\u00e9 p\u0159isp\u011bt k v\u00fdvoji nov\u00fdch l\u00e9\u010debn\u00fdch metod.<\/p>\n<p>Dal\u0161\u00edm v\u00fdzkumem, kter\u00fd p\u0159inesl nov\u00e9 poznatky, je studie z roku 2019, kter\u00e1 se zam\u011b\u0159ila na mozkovou aktiv<\/p>\n<\/div>\n<\/div>\n","protected":false},"excerpt":{"rendered":"<p>Co je porucha autistick\u00e9ho spektra u d\u011bt\u00ed a jak\u00e9 jsou jej\u00ed p\u0159\u00edznaky? Porucha autistick\u00e9ho spektra (PAS) je neurov\u00fdvojov\u00e1 porucha, kter\u00e1 ovliv\u0148uje soci\u00e1ln\u00ed interakce, komunikaci a&#8230;<\/p>\n","protected":false},"author":1,"featured_media":0,"comment_status":"","ping_status":"open","sticky":false,"template":"","format":"standard","meta":{"inline_featured_image":false},"categories":[849],"tags":[],"yoast_head":"<!-- This site is optimized with the Yoast SEO plugin v18.1 - https:\/\/yoast.com\/wordpress\/plugins\/seo\/ -->\n<title>Porucha autistick\u00e9ho spektra u d\u011bt\u00ed - Test Mysli<\/title>\n<meta name=\"robots\" content=\"index, follow, max-snippet:-1, max-image-preview:large, max-video-preview:-1\" \/>\n<link rel=\"canonical\" href=\"https:\/\/www.diagnostika-mysli.cz\/blog\/autismus\/porucha-autistickeho-spektra-u-deti\/\" \/>\n<meta property=\"og:locale\" content=\"cs_CZ\" \/>\n<meta property=\"og:type\" content=\"article\" \/>\n<meta property=\"og:title\" content=\"Porucha autistick\u00e9ho spektra u d\u011bt\u00ed - Test Mysli\" \/>\n<meta property=\"og:description\" content=\"Co je porucha autistick\u00e9ho spektra u d\u011bt\u00ed a jak\u00e9 jsou jej\u00ed p\u0159\u00edznaky? Porucha autistick\u00e9ho spektra (PAS) je neurov\u00fdvojov\u00e1 porucha, kter\u00e1 ovliv\u0148uje soci\u00e1ln\u00ed interakce, komunikaci a...\" \/>\n<meta property=\"og:url\" content=\"https:\/\/www.diagnostika-mysli.cz\/blog\/autismus\/porucha-autistickeho-spektra-u-deti\/\" \/>\n<meta property=\"og:site_name\" content=\"Test Mysli\" \/>\n<meta property=\"article:published_time\" content=\"2025-04-27T01:25:17+00:00\" \/>\n<meta name=\"twitter:card\" content=\"summary_large_image\" \/>\n<meta name=\"twitter:label1\" content=\"Napsal(a)\" \/>\n\t<meta name=\"twitter:data1\" content=\"Test Mysli\" \/>\n\t<meta name=\"twitter:label2\" content=\"Odhadovan\u00e1 doba \u010dten\u00ed\" \/>\n\t<meta name=\"twitter:data2\" content=\"3 minuty\" \/>\n<script type=\"application\/ld+json\" class=\"yoast-schema-graph\">{\"@context\":\"https:\/\/schema.org\",\"@graph\":[{\"@type\":\"WebSite\",\"@id\":\"https:\/\/www.diagnostika-mysli.cz\/blog\/#website\",\"url\":\"https:\/\/www.diagnostika-mysli.cz\/blog\/\",\"name\":\"Test Mysli\",\"description\":\"Blog o poruch\u00e1ch mysli\",\"potentialAction\":[{\"@type\":\"SearchAction\",\"target\":{\"@type\":\"EntryPoint\",\"urlTemplate\":\"https:\/\/www.diagnostika-mysli.cz\/blog\/?s={search_term_string}\"},\"query-input\":\"required name=search_term_string\"}],\"inLanguage\":\"cs\"},{\"@type\":\"WebPage\",\"@id\":\"https:\/\/www.diagnostika-mysli.cz\/blog\/autismus\/porucha-autistickeho-spektra-u-deti\/#webpage\",\"url\":\"https:\/\/www.diagnostika-mysli.cz\/blog\/autismus\/porucha-autistickeho-spektra-u-deti\/\",\"name\":\"Porucha autistick\u00e9ho spektra u d\u011bt\u00ed - Test Mysli\",\"isPartOf\":{\"@id\":\"https:\/\/www.diagnostika-mysli.cz\/blog\/#website\"},\"datePublished\":\"2025-04-27T01:25:17+00:00\",\"dateModified\":\"2025-04-27T01:25:17+00:00\",\"author\":{\"@id\":\"https:\/\/www.diagnostika-mysli.cz\/blog\/#\/schema\/person\/8eb1bcaf59fea75c780c11946f4e3490\"},\"breadcrumb\":{\"@id\":\"https:\/\/www.diagnostika-mysli.cz\/blog\/autismus\/porucha-autistickeho-spektra-u-deti\/#breadcrumb\"},\"inLanguage\":\"cs\",\"potentialAction\":[{\"@type\":\"ReadAction\",\"target\":[\"https:\/\/www.diagnostika-mysli.cz\/blog\/autismus\/porucha-autistickeho-spektra-u-deti\/\"]}]},{\"@type\":\"BreadcrumbList\",\"@id\":\"https:\/\/www.diagnostika-mysli.cz\/blog\/autismus\/porucha-autistickeho-spektra-u-deti\/#breadcrumb\",\"itemListElement\":[{\"@type\":\"ListItem\",\"position\":1,\"name\":\"Blog\",\"item\":\"https:\/\/www.diagnostika-mysli.cz\/blog\/\"},{\"@type\":\"ListItem\",\"position\":2,\"name\":\"Autismus\",\"item\":\"https:\/\/www.diagnostika-mysli.cz\/blog\/autismus\/\"},{\"@type\":\"ListItem\",\"position\":3,\"name\":\"Porucha autistick\u00e9ho spektra u d\u011bt\u00ed\"}]},{\"@type\":\"Person\",\"@id\":\"https:\/\/www.diagnostika-mysli.cz\/blog\/#\/schema\/person\/8eb1bcaf59fea75c780c11946f4e3490\",\"name\":\"Test Mysli\",\"image\":{\"@type\":\"ImageObject\",\"@id\":\"https:\/\/www.diagnostika-mysli.cz\/blog\/#personlogo\",\"inLanguage\":\"cs\",\"url\":\"https:\/\/secure.gravatar.com\/avatar\/6743211f010801ea26aa9423a2daab37?s=96&d=mm&r=g\",\"contentUrl\":\"https:\/\/secure.gravatar.com\/avatar\/6743211f010801ea26aa9423a2daab37?s=96&d=mm&r=g\",\"caption\":\"Test Mysli\"},\"sameAs\":[\"https:\/\/www.diagnostika-mysli.cz\/blog\"],\"url\":\"https:\/\/www.diagnostika-mysli.cz\/blog\/author\/diagnostyka-umyslu\/\"}]}<\/script>\n<!-- \/ Yoast SEO plugin. -->","yoast_head_json":{"title":"Porucha autistick\u00e9ho spektra u d\u011bt\u00ed - Test Mysli","robots":{"index":"index","follow":"follow","max-snippet":"max-snippet:-1","max-image-preview":"max-image-preview:large","max-video-preview":"max-video-preview:-1"},"canonical":"https:\/\/www.diagnostika-mysli.cz\/blog\/autismus\/porucha-autistickeho-spektra-u-deti\/","og_locale":"cs_CZ","og_type":"article","og_title":"Porucha autistick\u00e9ho spektra u d\u011bt\u00ed - Test Mysli","og_description":"Co je porucha autistick\u00e9ho spektra u d\u011bt\u00ed a jak\u00e9 jsou jej\u00ed p\u0159\u00edznaky? Porucha autistick\u00e9ho spektra (PAS) je neurov\u00fdvojov\u00e1 porucha, kter\u00e1 ovliv\u0148uje soci\u00e1ln\u00ed interakce, komunikaci a...","og_url":"https:\/\/www.diagnostika-mysli.cz\/blog\/autismus\/porucha-autistickeho-spektra-u-deti\/","og_site_name":"Test Mysli","article_published_time":"2025-04-27T01:25:17+00:00","twitter_card":"summary_large_image","twitter_misc":{"Napsal(a)":"Test Mysli","Odhadovan\u00e1 doba \u010dten\u00ed":"3 minuty"},"schema":{"@context":"https:\/\/schema.org","@graph":[{"@type":"WebSite","@id":"https:\/\/www.diagnostika-mysli.cz\/blog\/#website","url":"https:\/\/www.diagnostika-mysli.cz\/blog\/","name":"Test Mysli","description":"Blog o poruch\u00e1ch mysli","potentialAction":[{"@type":"SearchAction","target":{"@type":"EntryPoint","urlTemplate":"https:\/\/www.diagnostika-mysli.cz\/blog\/?s={search_term_string}"},"query-input":"required name=search_term_string"}],"inLanguage":"cs"},{"@type":"WebPage","@id":"https:\/\/www.diagnostika-mysli.cz\/blog\/autismus\/porucha-autistickeho-spektra-u-deti\/#webpage","url":"https:\/\/www.diagnostika-mysli.cz\/blog\/autismus\/porucha-autistickeho-spektra-u-deti\/","name":"Porucha autistick\u00e9ho spektra u d\u011bt\u00ed - Test Mysli","isPartOf":{"@id":"https:\/\/www.diagnostika-mysli.cz\/blog\/#website"},"datePublished":"2025-04-27T01:25:17+00:00","dateModified":"2025-04-27T01:25:17+00:00","author":{"@id":"https:\/\/www.diagnostika-mysli.cz\/blog\/#\/schema\/person\/8eb1bcaf59fea75c780c11946f4e3490"},"breadcrumb":{"@id":"https:\/\/www.diagnostika-mysli.cz\/blog\/autismus\/porucha-autistickeho-spektra-u-deti\/#breadcrumb"},"inLanguage":"cs","potentialAction":[{"@type":"ReadAction","target":["https:\/\/www.diagnostika-mysli.cz\/blog\/autismus\/porucha-autistickeho-spektra-u-deti\/"]}]},{"@type":"BreadcrumbList","@id":"https:\/\/www.diagnostika-mysli.cz\/blog\/autismus\/porucha-autistickeho-spektra-u-deti\/#breadcrumb","itemListElement":[{"@type":"ListItem","position":1,"name":"Blog","item":"https:\/\/www.diagnostika-mysli.cz\/blog\/"},{"@type":"ListItem","position":2,"name":"Autismus","item":"https:\/\/www.diagnostika-mysli.cz\/blog\/autismus\/"},{"@type":"ListItem","position":3,"name":"Porucha autistick\u00e9ho spektra u d\u011bt\u00ed"}]},{"@type":"Person","@id":"https:\/\/www.diagnostika-mysli.cz\/blog\/#\/schema\/person\/8eb1bcaf59fea75c780c11946f4e3490","name":"Test Mysli","image":{"@type":"ImageObject","@id":"https:\/\/www.diagnostika-mysli.cz\/blog\/#personlogo","inLanguage":"cs","url":"https:\/\/secure.gravatar.com\/avatar\/6743211f010801ea26aa9423a2daab37?s=96&d=mm&r=g","contentUrl":"https:\/\/secure.gravatar.com\/avatar\/6743211f010801ea26aa9423a2daab37?s=96&d=mm&r=g","caption":"Test Mysli"},"sameAs":["https:\/\/www.diagnostika-mysli.cz\/blog"],"url":"https:\/\/www.diagnostika-mysli.cz\/blog\/author\/diagnostyka-umyslu\/"}]}},"amp_enabled":true,"_links":{"self":[{"href":"https:\/\/www.diagnostika-mysli.cz\/blog\/wp-json\/wp\/v2\/posts\/3256"}],"collection":[{"href":"https:\/\/www.diagnostika-mysli.cz\/blog\/wp-json\/wp\/v2\/posts"}],"about":[{"href":"https:\/\/www.diagnostika-mysli.cz\/blog\/wp-json\/wp\/v2\/types\/post"}],"author":[{"embeddable":true,"href":"https:\/\/www.diagnostika-mysli.cz\/blog\/wp-json\/wp\/v2\/users\/1"}],"replies":[{"embeddable":true,"href":"https:\/\/www.diagnostika-mysli.cz\/blog\/wp-json\/wp\/v2\/comments?post=3256"}],"version-history":[{"count":0,"href":"https:\/\/www.diagnostika-mysli.cz\/blog\/wp-json\/wp\/v2\/posts\/3256\/revisions"}],"wp:attachment":[{"href":"https:\/\/www.diagnostika-mysli.cz\/blog\/wp-json\/wp\/v2\/media?parent=3256"}],"wp:term":[{"taxonomy":"category","embeddable":true,"href":"https:\/\/www.diagnostika-mysli.cz\/blog\/wp-json\/wp\/v2\/categories?post=3256"},{"taxonomy":"post_tag","embeddable":true,"href":"https:\/\/www.diagnostika-mysli.cz\/blog\/wp-json\/wp\/v2\/tags?post=3256"}],"curies":[{"name":"wp","href":"https:\/\/api.w.org\/{rel}","templated":true}]}}