{"id":3260,"date":"2025-04-29T03:25:30","date_gmt":"2025-04-29T01:25:30","guid":{"rendered":"https:\/\/www.diagnostika-mysli.cz\/blog\/autismus\/jak-se-projevuje-autismus-u-deti\/"},"modified":"2025-04-29T03:25:30","modified_gmt":"2025-04-29T01:25:30","slug":"jak-se-projevuje-autismus-u-deti","status":"publish","type":"post","link":"https:\/\/www.diagnostika-mysli.cz\/blog\/autismus\/jak-se-projevuje-autismus-u-deti\/","title":{"rendered":"Jak se projevuje autismus u d\u011bt\u00ed"},"content":{"rendered":"<div class='topics'>\n<div class='topic'>\n<h2>Jak rozpoznat p\u0159\u00edznaky autismu u d\u011bt\u00ed?<\/h2>\n<p>Autismus je neurov\u00fdvojov\u00e1 porucha, kter\u00e1 ovliv\u0148uje komunikaci, soci\u00e1ln\u00ed interakci a chov\u00e1n\u00ed jedince. Tato porucha se obvykle projevuje ji\u017e v d\u011btstv\u00ed a m\u016f\u017ee m\u00edt r\u016fzn\u00e9 formy a z\u00e1va\u017enosti. Je d\u016fle\u017eit\u00e9 rozpoznat p\u0159\u00edznaky autismu u d\u011bt\u00ed co nejd\u0159\u00edve, aby bylo mo\u017en\u00e9 poskytnout jim vhodnou podporu a terapii.<\/p>\n<p>Prvn\u00edm a nejv\u00fdrazn\u011bj\u0161\u00edm p\u0159\u00edznakem autismu u d\u011bt\u00ed je probl\u00e9m s komunikac\u00ed a soci\u00e1ln\u00ed interakc\u00ed. D\u00edt\u011b s autismem m\u016f\u017ee m\u00edt pot\u00ed\u017ee s navazov\u00e1n\u00edm o\u010dn\u00edho kontaktu, projevov\u00e1n\u00edm emoc\u00ed a porozum\u011bn\u00edm verb\u00e1ln\u00ed a neverb\u00e1ln\u00ed komunikaci. M\u016f\u017ee se tak\u00e9 vyh\u00fdbat kontaktu s ostatn\u00edmi d\u011btmi a preferovat samot\u00e1\u0159sk\u00e9 aktivity.<\/p>\n<p>Dal\u0161\u00edm d\u016fle\u017eit\u00fdm p\u0159\u00edznakem je omezen\u00fd a stereotypn\u00ed z\u00e1jem a chov\u00e1n\u00ed. D\u00edt\u011b s autismem se<\/p>\n<\/div>\n<div class='topic'>\n<h2>&#8211; Autistick\u00e9 d\u011bti se mohou projevovat r\u016fzn\u00fdmi zp\u016fsoby, jako nap\u0159\u00edklad opo\u017ed\u011bn\u00fdm v\u00fdvojem \u0159e\u010di, probl\u00e9my s komunikac\u00ed a soci\u00e1ln\u00edmi interakcemi, stereotypn\u00edmi chov\u00e1n\u00edmi nebo omezen\u00fdmi z\u00e1jmy. Je d\u016fle\u017eit\u00e9 v\u011bnovat pozornost t\u011bmto p\u0159\u00edznak\u016fm a v\u010das vyhledat odbornou pomoc.<\/h2>\n<p>Autismus je neurov\u00fdvojov\u00e9 onemocn\u011bn\u00ed, kter\u00e9 se projevuje v r\u016fzn\u00fdch form\u00e1ch a stupn\u00edch z\u00e1va\u017enosti. Jedn\u00e1 se o poruchu, kter\u00e1 ovliv\u0148uje soci\u00e1ln\u00ed interakce, komunikaci a chov\u00e1n\u00ed jedince. Mezi nej\u010dast\u011bj\u0161\u00ed formy autismu pat\u0159\u00ed Asperger\u016fv syndrom, d\u011btsk\u00fd autismus a atypick\u00fd autismus.<\/p>\n<p>Jedn\u00edm z hlavn\u00edch p\u0159\u00edznak\u016f autismu je opo\u017ed\u011bn\u00fd v\u00fdvoj \u0159e\u010di. D\u011bti s touto poruchou mohou m\u00edt probl\u00e9my s porozum\u011bn\u00edm a pou\u017e\u00edv\u00e1n\u00edm jazyka. Mohou m\u00edt omezenou slovn\u00ed z\u00e1sobu, nespr\u00e1vnou intonaci nebo opakovat slova a v\u011bty. N\u011bkter\u00e9 d\u011bti s autismem mohou m\u00edt tak\u00e9 probl\u00e9my s porozum\u011bn\u00edm nonverb\u00e1ln\u00ed komunikace, jako jsou gesta, mimika a t\u00f3n hlasu.<\/p>\n<p>Dal\u0161\u00edm v\u00fdznamn\u00fdm p\u0159\u00edznakem autismu jsou probl\u00e9my s komunikac\u00ed a<\/p>\n<\/div>\n<div class='topic'>\n<h2><\/h2>\n<p>\u010cesk\u00e1 kuchyn\u011b je jednou z nejstar\u0161\u00edch a nejbohat\u0161\u00edch kuchyn\u00ed v Evrop\u011b. Jej\u00ed ko\u0159eny sahaj\u00ed a\u017e do 9. stolet\u00ed, kdy se za\u010daly formovat prvn\u00ed tradi\u010dn\u00ed pokrmy. \u010cesk\u00e1 kuchyn\u011b je ovlivn\u011bna p\u0159edev\u0161\u00edm st\u0159edoevropskou kuchyn\u00ed, ale najdeme v n\u00ed i prvky z n\u011bmeck\u00e9, rakousk\u00e9, ma\u010farsk\u00e9 a \u017eidovsk\u00e9 kuchyn\u011b.<\/p>\n<p>Hlavn\u00edmi surovinami \u010desk\u00e9 kuchyn\u011b jsou brambory, maso, zelenina, ml\u00e9\u010dn\u00e9 v\u00fdrobky a obiloviny. V\u011bt\u0161ina pokrm\u016f je pom\u011brn\u011b jednoduch\u00e1, ale velmi chutn\u00e1 a s vysokou v\u00fd\u017eivovou hodnotou. Mezi nejzn\u00e1m\u011bj\u0161\u00ed \u010desk\u00e9 speciality pat\u0159\u00ed vep\u0159ov\u00e1 pe\u010den\u011b s knedl\u00edky, gul\u00e1\u0161, sv\u00ed\u010dkov\u00e1 na smetan\u011b, brambor\u00e1ky, sma\u017een\u00fd s\u00fdr a tradi\u010dn\u00ed \u010desk<\/p>\n<\/div>\n<div class='topic'>\n<h2>Jak\u00e9 jsou mo\u017en\u00e9 p\u0159\u00ed\u010diny autismu u d\u011bt\u00ed?<\/h2>\n<p>Autismus je neurov\u00fdvojov\u00e9 onemocn\u011bn\u00ed, kter\u00e9 ovliv\u0148uje soci\u00e1ln\u00ed interakce, komunikaci a chov\u00e1n\u00ed jedince. Toto onemocn\u011bn\u00ed se obvykle projevuje ji\u017e v d\u011btstv\u00ed a m\u016f\u017ee m\u00edt r\u016fzn\u00e9 p\u0159\u00ed\u010diny. V\u011bdci se st\u00e1le sna\u017e\u00ed pochopit, co p\u0159esn\u011b zp\u016fsobuje autismus u d\u011bt\u00ed, ale zat\u00edm nen\u00ed zn\u00e1mo jednozna\u010dn\u00e9 vysv\u011btlen\u00ed.<\/p>\n<p>Jednou z mo\u017en\u00fdch p\u0159\u00ed\u010din autismu m\u016f\u017ee b\u00fdt genetick\u00e1 predispozice. V\u011bdci zjistili, \u017ee u d\u011bt\u00ed s autismem jsou \u010dasto p\u0159\u00edtomny ur\u010dit\u00e9 genetick\u00e9 mutace nebo abnormality. Tyto genetick\u00e9 zm\u011bny mohou ovlivnit v\u00fdvoj mozku a nervov\u00e9ho syst\u00e9mu, co\u017e m\u016f\u017ee v\u00e9st k projev\u016fm autismu. Nicm\u00e9n\u011b, nen\u00ed to jedin\u00fd faktor, kter\u00fd m\u016f\u017ee zp\u016fsobit autismus, proto\u017ee ne v\u0161echny d\u011bti s t\u011b<\/p>\n<\/div>\n<div class='topic'>\n<h2>&#8211; P\u0159esn\u00e9 p\u0159\u00ed\u010diny autismu nejsou zat\u00edm zn\u00e1my, ale v\u011bdci se domn\u00edvaj\u00ed, \u017ee m\u016f\u017ee hr\u00e1t roli genetick\u00e1 predispozice, poruchy v mozku nebo vliv prost\u0159ed\u00ed. V\u011bt\u0161ina p\u0159\u00edpad\u016f autismu se projevuje ji\u017e v ran\u00e9m d\u011btstv\u00ed, ale n\u011bkdy m\u016f\u017ee b\u00fdt diagn\u00f3za stanovena a\u017e v pozd\u011bj\u0161\u00edm v\u011bku.<\/h2>\n<p>Autismus je neurov\u00fdvojov\u00e1 porucha, kter\u00e1 ovliv\u0148uje komunikaci, soci\u00e1ln\u00ed interakci a chov\u00e1n\u00ed jedince. P\u0159esn\u00e9 p\u0159\u00ed\u010diny t\u00e9to poruchy nejsou zat\u00edm zn\u00e1my, ale v\u011bdci se domn\u00edvaj\u00ed, \u017ee m\u016f\u017ee hr\u00e1t roli kombinace genetick\u00e9 predispozice, poruch v mozku a vlivu prost\u0159ed\u00ed.<\/p>\n<p>Genetick\u00e1 predispozice znamen\u00e1, \u017ee n\u011bkter\u00e9 d\u011bti jsou n\u00e1chyln\u011bj\u0161\u00ed k rozvoji autismu ne\u017e jin\u00e9. Studie ukazuj\u00ed, \u017ee pokud m\u00e1 jedno d\u00edt\u011b autismus, je pravd\u011bpodobnost, \u017ee dal\u0161\u00ed d\u00edt\u011b v rodin\u011b bude m\u00edt tak\u00e9 autismus, vy\u0161\u0161\u00ed ne\u017e u b\u011b\u017en\u00e9 populace. Nicm\u00e9n\u011b, ne v\u0161echny d\u011bti s genetickou predispozic\u00ed pro autismus tak\u00e9 tuto poruchu vyvinou. To nazna\u010duje, \u017ee existuj\u00ed i dal\u0161\u00ed faktory, kter\u00e9 mohou hr\u00e1t roli v rozvoji autismu.<\/p>\n<p>Dal\u0161\u00edm mo\u017en\u00fdm faktorem je porucha v mozku. V\u011bd<\/p>\n<\/div>\n<div class='topic'>\n<h2><\/h2>\n<p>\u010cesk\u00e1 kuchyn\u011b je jednou z nejstar\u0161\u00edch a nejbohat\u0161\u00edch kuchyn\u00ed v Evrop\u011b. Jej\u00ed ko\u0159eny sahaj\u00ed a\u017e do 9. stolet\u00ed, kdy se za\u010daly formovat prvn\u00ed tradi\u010dn\u00ed pokrmy. \u010cesk\u00e1 kuchyn\u011b je ovlivn\u011bna p\u0159edev\u0161\u00edm st\u0159edoevropskou kuchyn\u00ed, ale najdeme v n\u00ed i prvky z n\u011bmeck\u00e9, rakousk\u00e9, ma\u010farsk\u00e9 a \u017eidovsk\u00e9 kuchyn\u011b.<\/p>\n<p>Hlavn\u00edmi surovinami \u010desk\u00e9 kuchyn\u011b jsou brambory, maso, zelenina, ml\u00e9\u010dn\u00e9 v\u00fdrobky a obiloviny. V\u011bt\u0161ina pokrm\u016f je pom\u011brn\u011b jednoduch\u00e1, ale velmi chutn\u00e1 a s vysokou v\u00fd\u017eivovou hodnotou. Mezi nejzn\u00e1m\u011bj\u0161\u00ed \u010desk\u00e9 speciality pat\u0159\u00ed vep\u0159ov\u00e1 pe\u010den\u011b s knedl\u00edky, gul\u00e1\u0161, sv\u00ed\u010dkov\u00e1 na smetan\u011b, brambor\u00e1ky, sma\u017een\u00fd s\u00fdr a tradi\u010dn\u00ed \u010desk<\/p>\n<\/div>\n<div class='topic'>\n<h2>Jak mohou rodi\u010de pom<\/h2>\n<p>Rodi\u010de jsou pro d\u011bti nejd\u016fle\u017eit\u011bj\u0161\u00edmi osobami v jejich \u017eivot\u011b. Jsou to ti, kte\u0159\u00ed je vychov\u00e1vaj\u00ed, chr\u00e1n\u00ed a podporuj\u00ed ve v\u0161ech jejich snah\u00e1ch. Proto je d\u016fle\u017eit\u00e9, aby rodi\u010de byli v\u017edy p\u0159ipraveni pomoci sv\u00fdm d\u011btem v ka\u017ed\u00e9 situaci, a\u0165 u\u017e se jedn\u00e1 o probl\u00e9my ve \u0161kole, s p\u0159\u00e1teli nebo s emocemi.<\/p>\n<p>Existuje mnoho zp\u016fsob\u016f, jak mohou rodi\u010de pomoci sv\u00fdm d\u011btem. Jedn\u00edm z nich je poskytnut\u00ed emocion\u00e1ln\u00ed podpory. D\u011bti pot\u0159ebuj\u00ed c\u00edtit, \u017ee jsou milovan\u00e9 a podporovan\u00e9, a to zejm\u00e9na v obt\u00ed\u017en\u00fdch situac\u00edch. Rodi\u010de by m\u011bli b\u00fdt schopni naslouchat a porozum\u011bt pocit\u016fm sv\u00fdch d\u011bt\u00ed a pomoci jim naj\u00edt \u0159e\u0161en\u00ed jejich probl\u00e9m\u016f.<\/p>\n<p>Dal\u0161\u00edm zp\u016fsobem, jak mohou rodi\u010de pomoci, je podpora vzd\u011bl\u00e1v\u00e1n\u00ed. \u0160kol<\/p>\n<\/div>\n<\/div>\n","protected":false},"excerpt":{"rendered":"<p>Jak rozpoznat p\u0159\u00edznaky autismu u d\u011bt\u00ed? Autismus je neurov\u00fdvojov\u00e1 porucha, kter\u00e1 ovliv\u0148uje komunikaci, soci\u00e1ln\u00ed interakci a chov\u00e1n\u00ed jedince. Tato porucha se obvykle projevuje ji\u017e v&#8230;<\/p>\n","protected":false},"author":1,"featured_media":0,"comment_status":"","ping_status":"open","sticky":false,"template":"","format":"standard","meta":{"inline_featured_image":false},"categories":[849],"tags":[],"yoast_head":"<!-- This site is optimized with the Yoast SEO plugin v18.1 - https:\/\/yoast.com\/wordpress\/plugins\/seo\/ -->\n<title>Jak se projevuje autismus u d\u011bt\u00ed - Test Mysli<\/title>\n<meta name=\"robots\" content=\"index, follow, max-snippet:-1, max-image-preview:large, max-video-preview:-1\" \/>\n<link rel=\"canonical\" href=\"https:\/\/www.diagnostika-mysli.cz\/blog\/autismus\/jak-se-projevuje-autismus-u-deti\/\" \/>\n<meta property=\"og:locale\" content=\"cs_CZ\" \/>\n<meta property=\"og:type\" content=\"article\" \/>\n<meta property=\"og:title\" content=\"Jak se projevuje autismus u d\u011bt\u00ed - Test Mysli\" \/>\n<meta property=\"og:description\" content=\"Jak rozpoznat p\u0159\u00edznaky autismu u d\u011bt\u00ed? Autismus je neurov\u00fdvojov\u00e1 porucha, kter\u00e1 ovliv\u0148uje komunikaci, soci\u00e1ln\u00ed interakci a chov\u00e1n\u00ed jedince. Tato porucha se obvykle projevuje ji\u017e v...\" \/>\n<meta property=\"og:url\" content=\"https:\/\/www.diagnostika-mysli.cz\/blog\/autismus\/jak-se-projevuje-autismus-u-deti\/\" \/>\n<meta property=\"og:site_name\" content=\"Test Mysli\" \/>\n<meta property=\"article:published_time\" content=\"2025-04-29T01:25:30+00:00\" \/>\n<meta name=\"twitter:card\" content=\"summary_large_image\" \/>\n<meta name=\"twitter:label1\" content=\"Napsal(a)\" \/>\n\t<meta name=\"twitter:data1\" content=\"Test Mysli\" \/>\n\t<meta name=\"twitter:label2\" content=\"Odhadovan\u00e1 doba \u010dten\u00ed\" \/>\n\t<meta name=\"twitter:data2\" content=\"6 minut\" \/>\n<script type=\"application\/ld+json\" class=\"yoast-schema-graph\">{\"@context\":\"https:\/\/schema.org\",\"@graph\":[{\"@type\":\"WebSite\",\"@id\":\"https:\/\/www.diagnostika-mysli.cz\/blog\/#website\",\"url\":\"https:\/\/www.diagnostika-mysli.cz\/blog\/\",\"name\":\"Test Mysli\",\"description\":\"Blog o poruch\u00e1ch mysli\",\"potentialAction\":[{\"@type\":\"SearchAction\",\"target\":{\"@type\":\"EntryPoint\",\"urlTemplate\":\"https:\/\/www.diagnostika-mysli.cz\/blog\/?s={search_term_string}\"},\"query-input\":\"required name=search_term_string\"}],\"inLanguage\":\"cs\"},{\"@type\":\"WebPage\",\"@id\":\"https:\/\/www.diagnostika-mysli.cz\/blog\/autismus\/jak-se-projevuje-autismus-u-deti\/#webpage\",\"url\":\"https:\/\/www.diagnostika-mysli.cz\/blog\/autismus\/jak-se-projevuje-autismus-u-deti\/\",\"name\":\"Jak se projevuje autismus u d\u011bt\u00ed - Test Mysli\",\"isPartOf\":{\"@id\":\"https:\/\/www.diagnostika-mysli.cz\/blog\/#website\"},\"datePublished\":\"2025-04-29T01:25:30+00:00\",\"dateModified\":\"2025-04-29T01:25:30+00:00\",\"author\":{\"@id\":\"https:\/\/www.diagnostika-mysli.cz\/blog\/#\/schema\/person\/8eb1bcaf59fea75c780c11946f4e3490\"},\"breadcrumb\":{\"@id\":\"https:\/\/www.diagnostika-mysli.cz\/blog\/autismus\/jak-se-projevuje-autismus-u-deti\/#breadcrumb\"},\"inLanguage\":\"cs\",\"potentialAction\":[{\"@type\":\"ReadAction\",\"target\":[\"https:\/\/www.diagnostika-mysli.cz\/blog\/autismus\/jak-se-projevuje-autismus-u-deti\/\"]}]},{\"@type\":\"BreadcrumbList\",\"@id\":\"https:\/\/www.diagnostika-mysli.cz\/blog\/autismus\/jak-se-projevuje-autismus-u-deti\/#breadcrumb\",\"itemListElement\":[{\"@type\":\"ListItem\",\"position\":1,\"name\":\"Blog\",\"item\":\"https:\/\/www.diagnostika-mysli.cz\/blog\/\"},{\"@type\":\"ListItem\",\"position\":2,\"name\":\"Autismus\",\"item\":\"https:\/\/www.diagnostika-mysli.cz\/blog\/autismus\/\"},{\"@type\":\"ListItem\",\"position\":3,\"name\":\"Jak se projevuje autismus u d\u011bt\u00ed\"}]},{\"@type\":\"Person\",\"@id\":\"https:\/\/www.diagnostika-mysli.cz\/blog\/#\/schema\/person\/8eb1bcaf59fea75c780c11946f4e3490\",\"name\":\"Test Mysli\",\"image\":{\"@type\":\"ImageObject\",\"@id\":\"https:\/\/www.diagnostika-mysli.cz\/blog\/#personlogo\",\"inLanguage\":\"cs\",\"url\":\"https:\/\/secure.gravatar.com\/avatar\/6743211f010801ea26aa9423a2daab37?s=96&d=mm&r=g\",\"contentUrl\":\"https:\/\/secure.gravatar.com\/avatar\/6743211f010801ea26aa9423a2daab37?s=96&d=mm&r=g\",\"caption\":\"Test Mysli\"},\"sameAs\":[\"https:\/\/www.diagnostika-mysli.cz\/blog\"],\"url\":\"https:\/\/www.diagnostika-mysli.cz\/blog\/author\/diagnostyka-umyslu\/\"}]}<\/script>\n<!-- \/ Yoast SEO plugin. -->","yoast_head_json":{"title":"Jak se projevuje autismus u d\u011bt\u00ed - Test Mysli","robots":{"index":"index","follow":"follow","max-snippet":"max-snippet:-1","max-image-preview":"max-image-preview:large","max-video-preview":"max-video-preview:-1"},"canonical":"https:\/\/www.diagnostika-mysli.cz\/blog\/autismus\/jak-se-projevuje-autismus-u-deti\/","og_locale":"cs_CZ","og_type":"article","og_title":"Jak se projevuje autismus u d\u011bt\u00ed - Test Mysli","og_description":"Jak rozpoznat p\u0159\u00edznaky autismu u d\u011bt\u00ed? Autismus je neurov\u00fdvojov\u00e1 porucha, kter\u00e1 ovliv\u0148uje komunikaci, soci\u00e1ln\u00ed interakci a chov\u00e1n\u00ed jedince. Tato porucha se obvykle projevuje ji\u017e v...","og_url":"https:\/\/www.diagnostika-mysli.cz\/blog\/autismus\/jak-se-projevuje-autismus-u-deti\/","og_site_name":"Test Mysli","article_published_time":"2025-04-29T01:25:30+00:00","twitter_card":"summary_large_image","twitter_misc":{"Napsal(a)":"Test Mysli","Odhadovan\u00e1 doba \u010dten\u00ed":"6 minut"},"schema":{"@context":"https:\/\/schema.org","@graph":[{"@type":"WebSite","@id":"https:\/\/www.diagnostika-mysli.cz\/blog\/#website","url":"https:\/\/www.diagnostika-mysli.cz\/blog\/","name":"Test Mysli","description":"Blog o poruch\u00e1ch mysli","potentialAction":[{"@type":"SearchAction","target":{"@type":"EntryPoint","urlTemplate":"https:\/\/www.diagnostika-mysli.cz\/blog\/?s={search_term_string}"},"query-input":"required name=search_term_string"}],"inLanguage":"cs"},{"@type":"WebPage","@id":"https:\/\/www.diagnostika-mysli.cz\/blog\/autismus\/jak-se-projevuje-autismus-u-deti\/#webpage","url":"https:\/\/www.diagnostika-mysli.cz\/blog\/autismus\/jak-se-projevuje-autismus-u-deti\/","name":"Jak se projevuje autismus u d\u011bt\u00ed - Test Mysli","isPartOf":{"@id":"https:\/\/www.diagnostika-mysli.cz\/blog\/#website"},"datePublished":"2025-04-29T01:25:30+00:00","dateModified":"2025-04-29T01:25:30+00:00","author":{"@id":"https:\/\/www.diagnostika-mysli.cz\/blog\/#\/schema\/person\/8eb1bcaf59fea75c780c11946f4e3490"},"breadcrumb":{"@id":"https:\/\/www.diagnostika-mysli.cz\/blog\/autismus\/jak-se-projevuje-autismus-u-deti\/#breadcrumb"},"inLanguage":"cs","potentialAction":[{"@type":"ReadAction","target":["https:\/\/www.diagnostika-mysli.cz\/blog\/autismus\/jak-se-projevuje-autismus-u-deti\/"]}]},{"@type":"BreadcrumbList","@id":"https:\/\/www.diagnostika-mysli.cz\/blog\/autismus\/jak-se-projevuje-autismus-u-deti\/#breadcrumb","itemListElement":[{"@type":"ListItem","position":1,"name":"Blog","item":"https:\/\/www.diagnostika-mysli.cz\/blog\/"},{"@type":"ListItem","position":2,"name":"Autismus","item":"https:\/\/www.diagnostika-mysli.cz\/blog\/autismus\/"},{"@type":"ListItem","position":3,"name":"Jak se projevuje autismus u d\u011bt\u00ed"}]},{"@type":"Person","@id":"https:\/\/www.diagnostika-mysli.cz\/blog\/#\/schema\/person\/8eb1bcaf59fea75c780c11946f4e3490","name":"Test Mysli","image":{"@type":"ImageObject","@id":"https:\/\/www.diagnostika-mysli.cz\/blog\/#personlogo","inLanguage":"cs","url":"https:\/\/secure.gravatar.com\/avatar\/6743211f010801ea26aa9423a2daab37?s=96&d=mm&r=g","contentUrl":"https:\/\/secure.gravatar.com\/avatar\/6743211f010801ea26aa9423a2daab37?s=96&d=mm&r=g","caption":"Test Mysli"},"sameAs":["https:\/\/www.diagnostika-mysli.cz\/blog"],"url":"https:\/\/www.diagnostika-mysli.cz\/blog\/author\/diagnostyka-umyslu\/"}]}},"amp_enabled":true,"_links":{"self":[{"href":"https:\/\/www.diagnostika-mysli.cz\/blog\/wp-json\/wp\/v2\/posts\/3260"}],"collection":[{"href":"https:\/\/www.diagnostika-mysli.cz\/blog\/wp-json\/wp\/v2\/posts"}],"about":[{"href":"https:\/\/www.diagnostika-mysli.cz\/blog\/wp-json\/wp\/v2\/types\/post"}],"author":[{"embeddable":true,"href":"https:\/\/www.diagnostika-mysli.cz\/blog\/wp-json\/wp\/v2\/users\/1"}],"replies":[{"embeddable":true,"href":"https:\/\/www.diagnostika-mysli.cz\/blog\/wp-json\/wp\/v2\/comments?post=3260"}],"version-history":[{"count":0,"href":"https:\/\/www.diagnostika-mysli.cz\/blog\/wp-json\/wp\/v2\/posts\/3260\/revisions"}],"wp:attachment":[{"href":"https:\/\/www.diagnostika-mysli.cz\/blog\/wp-json\/wp\/v2\/media?parent=3260"}],"wp:term":[{"taxonomy":"category","embeddable":true,"href":"https:\/\/www.diagnostika-mysli.cz\/blog\/wp-json\/wp\/v2\/categories?post=3260"},{"taxonomy":"post_tag","embeddable":true,"href":"https:\/\/www.diagnostika-mysli.cz\/blog\/wp-json\/wp\/v2\/tags?post=3260"}],"curies":[{"name":"wp","href":"https:\/\/api.w.org\/{rel}","templated":true}]}}