{"id":3262,"date":"2025-04-30T03:25:17","date_gmt":"2025-04-30T01:25:17","guid":{"rendered":"https:\/\/www.diagnostika-mysli.cz\/blog\/autismus\/atypicky-autismus-u-deti\/"},"modified":"2025-04-30T03:25:17","modified_gmt":"2025-04-30T01:25:17","slug":"atypicky-autismus-u-deti","status":"publish","type":"post","link":"https:\/\/www.diagnostika-mysli.cz\/blog\/autismus\/atypicky-autismus-u-deti\/","title":{"rendered":"Atypick\u00fd autismus u d\u011bt\u00ed"},"content":{"rendered":"<div class='topics'>\n<div class='topic'>\n<h2>Co je atypick\u00fd autismus u d\u011bt\u00ed a jak se projevuje?<\/h2>\n<p>Atypick\u00fd autismus je neurov\u00fdvojov\u00e9 onemocn\u011bn\u00ed, kter\u00e9 se projevuje u d\u011bt\u00ed ji\u017e od ran\u00e9ho d\u011btstv\u00ed. Jedn\u00e1 se o poruchu, kter\u00e1 ovliv\u0148uje soci\u00e1ln\u00ed interakce, komunikaci a chov\u00e1n\u00ed d\u00edt\u011bte. Tato porucha je pova\u017eov\u00e1na za atypickou, proto\u017ee se li\u0161\u00ed od klasick\u00e9ho autismu, kter\u00fd je nej\u010dast\u011bji zn\u00e1m\u00fd.<\/p>\n<p>Jedn\u00edm z hlavn\u00edch projev\u016f atypick\u00e9ho autismu je naru\u0161en\u00e1 soci\u00e1ln\u00ed interakce. D\u011bti s touto poruchou maj\u00ed probl\u00e9my s navazov\u00e1n\u00edm kontaktu s ostatn\u00edmi lidmi, nedok\u00e1\u017eou se p\u0159izp\u016fsobit soci\u00e1ln\u00edm situac\u00edm a maj\u00ed omezen\u00e9 porozum\u011bn\u00ed soci\u00e1ln\u00edm n\u00e1vyk\u016fm. Mohou se vyh\u00fdbat o\u010dn\u00edmu kontaktu, nech\u00e1pou nonverb\u00e1ln\u00ed komunikaci a maj\u00ed probl\u00e9my s porozum\u011bn\u00edm emoc\u00edm druh\u00fdch lid\u00ed.<\/p>\n<p>Dal\u0161\u00edm v\u00fdznamn\u00fdm projevem atypick\u00e9ho autismu je o<\/p>\n<\/div>\n<div class='topic'>\n<h2>Diagnostika a l\u00e9\u010dba atypick\u00e9ho autismu u d\u011bt\u00ed.<\/h2>\n<p>Atypick\u00fd autismus je neurov\u00fdvojov\u00e9 onemocn\u011bn\u00ed, kter\u00e9 postihuje d\u011bti ji\u017e od ran\u00e9ho v\u011bku. Jedn\u00e1 se o poruchu, kter\u00e1 ovliv\u0148uje soci\u00e1ln\u00ed interakce, komunikaci a chov\u00e1n\u00ed d\u00edt\u011bte. Atypick\u00fd autismus se li\u0161\u00ed od klasick\u00e9ho autismu t\u00edm, \u017ee d\u00edt\u011b nevykazuje v\u0161echny p\u0159\u00edznaky t\u00e9to poruchy, ale pouze n\u011bkter\u00e9 z nich. To m\u016f\u017ee b\u00fdt zpo\u010d\u00e1tku matouc\u00ed pro rodi\u010de, kte\u0159\u00ed si nejsou jist\u00ed, zda jejich d\u00edt\u011b trp\u00ed touto poruchou.<\/p>\n<p>Diagnostika atypick\u00e9ho autismu u d\u011bt\u00ed je slo\u017eit\u00fd proces, kter\u00fd vy\u017eaduje spolupr\u00e1ci mezi r\u016fzn\u00fdmi odborn\u00edky, jako jsou psychologov\u00e9, psychiat\u0159i, logopedov\u00e9 a pediat\u0159i. Prvn\u00edm krokem je d\u016fkladn\u00fd rozhovor s rodi\u010di, kte\u0159\u00ed mohou poskytnout cenn\u00e9 informace o v\u00fdvoji d\u00edt\u011bte a jeho ch<\/p>\n<\/div>\n<div class='topic'>\n<h2>Jak mohou rodi\u010de pomoci d\u011btem s atypick\u00fdm autismem v ka\u017edodenn\u00edm \u017eivot\u011b?<\/h2>\n<p>Atypick\u00e9 autismus je neurov\u00fdvojov\u00e9 onemocn\u011bn\u00ed, kter\u00e9 ovliv\u0148uje soci\u00e1ln\u00ed interakce, komunikaci a chov\u00e1n\u00ed jedince. Pro rodi\u010de d\u011bt\u00ed s touto poruchou m\u016f\u017ee b\u00fdt ka\u017edodenn\u00ed \u017eivot n\u00e1ro\u010dn\u00fd a vy\u017eaduje zvl\u00e1\u0161tn\u00ed p\u0159\u00edstup. Nicm\u00e9n\u011b, existuje mnoho zp\u016fsob\u016f, jak mohou rodi\u010de pomoci sv\u00fdm d\u011btem s atypick\u00fdm autismem v ka\u017edodenn\u00edm \u017eivot\u011b.<\/p>\n<p>1. Vytvo\u0159te strukturu a rutinu<br \/>D\u011bti s atypick\u00fdm autismem maj\u00ed \u010dasto pot\u00ed\u017ee s p\u0159izp\u016fsoben\u00edm se zm\u011bn\u00e1m a nov\u00fdm situac\u00edm. Proto je d\u016fle\u017eit\u00e9 vytvo\u0159it pro d\u00edt\u011b pevnou strukturu a rutinu, kter\u00e1 mu pom\u016f\u017ee c\u00edtit se bezpe\u010dn\u011b a v\u011bd\u011bt, co m\u00e1 o\u010dek\u00e1vat. To m\u016f\u017ee zahrnovat pravideln\u00fd j\u00eddeln\u00ed\u010dek, stejn\u00fd \u010das na span\u00ed a pl\u00e1nov\u00e1n\u00ed aktivit.<\/p>\n<p>2. Komunikujte j<\/p>\n<\/div>\n<div class='topic'>\n<h2>Vliv atypick\u00e9ho autismu na vzd\u011bl\u00e1v\u00e1n\u00ed a soci\u00e1ln\u00ed interakce u d\u011bt\u00ed.<\/h2>\n<p>Atypick\u00fd autismus je neurov\u00fdvojov\u00e1 porucha, kter\u00e1 ovliv\u0148uje soci\u00e1ln\u00ed interakci, komunikaci a chov\u00e1n\u00ed u d\u011bt\u00ed. Tato porucha se projevuje odli\u0161n\u00fdm zp\u016fsobem ne\u017e klasick\u00fd autismus a m\u016f\u017ee m\u00edt r\u016fzn\u00e9 formy a stupn\u011b z\u00e1va\u017enosti. Vliv atypick\u00e9ho autismu na vzd\u011bl\u00e1v\u00e1n\u00ed a soci\u00e1ln\u00ed interakci u d\u011bt\u00ed je velmi v\u00fdznamn\u00fd a vy\u017eaduje speci\u00e1ln\u00ed p\u0159\u00edstup a podporu.<\/p>\n<p>Vzd\u011bl\u00e1v\u00e1n\u00ed d\u011bt\u00ed s atypick\u00fdm autismem je n\u00e1ro\u010dn\u00fd proces, kter\u00fd vy\u017eaduje individu\u00e1ln\u00ed p\u0159\u00edstup a speci\u00e1ln\u00ed vzd\u011bl\u00e1vac\u00ed pl\u00e1n. D\u011bti s touto poruchou maj\u00ed \u010dasto probl\u00e9my s komunikac\u00ed a soci\u00e1ln\u00edmi interakcemi, co\u017e m\u016f\u017ee ovlivnit jejich schopnost u\u010dit se a zapojovat se do vzd\u011bl\u00e1vac\u00edho procesu. Proto je d\u016fle\u017eit\u00e9, aby byly tyto d\u011bti za\u010dlen\u011bny do speci\u00e1ln<\/p>\n<\/div>\n<\/div>\n","protected":false},"excerpt":{"rendered":"<p>Co je atypick\u00fd autismus u d\u011bt\u00ed a jak se projevuje? Atypick\u00fd autismus je neurov\u00fdvojov\u00e9 onemocn\u011bn\u00ed, kter\u00e9 se projevuje u d\u011bt\u00ed ji\u017e od ran\u00e9ho d\u011btstv\u00ed. Jedn\u00e1&#8230;<\/p>\n","protected":false},"author":1,"featured_media":0,"comment_status":"","ping_status":"open","sticky":false,"template":"","format":"standard","meta":{"inline_featured_image":false},"categories":[849],"tags":[],"yoast_head":"<!-- This site is optimized with the Yoast SEO plugin v18.1 - https:\/\/yoast.com\/wordpress\/plugins\/seo\/ -->\n<title>Atypick\u00fd autismus u d\u011bt\u00ed - Test Mysli<\/title>\n<meta name=\"robots\" content=\"index, follow, max-snippet:-1, max-image-preview:large, max-video-preview:-1\" \/>\n<link rel=\"canonical\" href=\"https:\/\/www.diagnostika-mysli.cz\/blog\/autismus\/atypicky-autismus-u-deti\/\" \/>\n<meta property=\"og:locale\" content=\"cs_CZ\" \/>\n<meta property=\"og:type\" content=\"article\" \/>\n<meta property=\"og:title\" content=\"Atypick\u00fd autismus u d\u011bt\u00ed - Test Mysli\" \/>\n<meta property=\"og:description\" content=\"Co je atypick\u00fd autismus u d\u011bt\u00ed a jak se projevuje? Atypick\u00fd autismus je neurov\u00fdvojov\u00e9 onemocn\u011bn\u00ed, kter\u00e9 se projevuje u d\u011bt\u00ed ji\u017e od ran\u00e9ho d\u011btstv\u00ed. Jedn\u00e1...\" \/>\n<meta property=\"og:url\" content=\"https:\/\/www.diagnostika-mysli.cz\/blog\/autismus\/atypicky-autismus-u-deti\/\" \/>\n<meta property=\"og:site_name\" content=\"Test Mysli\" \/>\n<meta property=\"article:published_time\" content=\"2025-04-30T01:25:17+00:00\" \/>\n<meta name=\"twitter:card\" content=\"summary_large_image\" \/>\n<meta name=\"twitter:label1\" content=\"Napsal(a)\" \/>\n\t<meta name=\"twitter:data1\" content=\"Test Mysli\" \/>\n\t<meta name=\"twitter:label2\" content=\"Odhadovan\u00e1 doba \u010dten\u00ed\" \/>\n\t<meta name=\"twitter:data2\" content=\"3 minuty\" \/>\n<script type=\"application\/ld+json\" class=\"yoast-schema-graph\">{\"@context\":\"https:\/\/schema.org\",\"@graph\":[{\"@type\":\"WebSite\",\"@id\":\"https:\/\/www.diagnostika-mysli.cz\/blog\/#website\",\"url\":\"https:\/\/www.diagnostika-mysli.cz\/blog\/\",\"name\":\"Test Mysli\",\"description\":\"Blog o poruch\u00e1ch mysli\",\"potentialAction\":[{\"@type\":\"SearchAction\",\"target\":{\"@type\":\"EntryPoint\",\"urlTemplate\":\"https:\/\/www.diagnostika-mysli.cz\/blog\/?s={search_term_string}\"},\"query-input\":\"required name=search_term_string\"}],\"inLanguage\":\"cs\"},{\"@type\":\"WebPage\",\"@id\":\"https:\/\/www.diagnostika-mysli.cz\/blog\/autismus\/atypicky-autismus-u-deti\/#webpage\",\"url\":\"https:\/\/www.diagnostika-mysli.cz\/blog\/autismus\/atypicky-autismus-u-deti\/\",\"name\":\"Atypick\u00fd autismus u d\u011bt\u00ed - Test Mysli\",\"isPartOf\":{\"@id\":\"https:\/\/www.diagnostika-mysli.cz\/blog\/#website\"},\"datePublished\":\"2025-04-30T01:25:17+00:00\",\"dateModified\":\"2025-04-30T01:25:17+00:00\",\"author\":{\"@id\":\"https:\/\/www.diagnostika-mysli.cz\/blog\/#\/schema\/person\/8eb1bcaf59fea75c780c11946f4e3490\"},\"breadcrumb\":{\"@id\":\"https:\/\/www.diagnostika-mysli.cz\/blog\/autismus\/atypicky-autismus-u-deti\/#breadcrumb\"},\"inLanguage\":\"cs\",\"potentialAction\":[{\"@type\":\"ReadAction\",\"target\":[\"https:\/\/www.diagnostika-mysli.cz\/blog\/autismus\/atypicky-autismus-u-deti\/\"]}]},{\"@type\":\"BreadcrumbList\",\"@id\":\"https:\/\/www.diagnostika-mysli.cz\/blog\/autismus\/atypicky-autismus-u-deti\/#breadcrumb\",\"itemListElement\":[{\"@type\":\"ListItem\",\"position\":1,\"name\":\"Blog\",\"item\":\"https:\/\/www.diagnostika-mysli.cz\/blog\/\"},{\"@type\":\"ListItem\",\"position\":2,\"name\":\"Autismus\",\"item\":\"https:\/\/www.diagnostika-mysli.cz\/blog\/autismus\/\"},{\"@type\":\"ListItem\",\"position\":3,\"name\":\"Atypick\u00fd autismus u d\u011bt\u00ed\"}]},{\"@type\":\"Person\",\"@id\":\"https:\/\/www.diagnostika-mysli.cz\/blog\/#\/schema\/person\/8eb1bcaf59fea75c780c11946f4e3490\",\"name\":\"Test Mysli\",\"image\":{\"@type\":\"ImageObject\",\"@id\":\"https:\/\/www.diagnostika-mysli.cz\/blog\/#personlogo\",\"inLanguage\":\"cs\",\"url\":\"https:\/\/secure.gravatar.com\/avatar\/6743211f010801ea26aa9423a2daab37?s=96&d=mm&r=g\",\"contentUrl\":\"https:\/\/secure.gravatar.com\/avatar\/6743211f010801ea26aa9423a2daab37?s=96&d=mm&r=g\",\"caption\":\"Test Mysli\"},\"sameAs\":[\"https:\/\/www.diagnostika-mysli.cz\/blog\"],\"url\":\"https:\/\/www.diagnostika-mysli.cz\/blog\/author\/diagnostyka-umyslu\/\"}]}<\/script>\n<!-- \/ Yoast SEO plugin. -->","yoast_head_json":{"title":"Atypick\u00fd autismus u d\u011bt\u00ed - Test Mysli","robots":{"index":"index","follow":"follow","max-snippet":"max-snippet:-1","max-image-preview":"max-image-preview:large","max-video-preview":"max-video-preview:-1"},"canonical":"https:\/\/www.diagnostika-mysli.cz\/blog\/autismus\/atypicky-autismus-u-deti\/","og_locale":"cs_CZ","og_type":"article","og_title":"Atypick\u00fd autismus u d\u011bt\u00ed - Test Mysli","og_description":"Co je atypick\u00fd autismus u d\u011bt\u00ed a jak se projevuje? Atypick\u00fd autismus je neurov\u00fdvojov\u00e9 onemocn\u011bn\u00ed, kter\u00e9 se projevuje u d\u011bt\u00ed ji\u017e od ran\u00e9ho d\u011btstv\u00ed. Jedn\u00e1...","og_url":"https:\/\/www.diagnostika-mysli.cz\/blog\/autismus\/atypicky-autismus-u-deti\/","og_site_name":"Test Mysli","article_published_time":"2025-04-30T01:25:17+00:00","twitter_card":"summary_large_image","twitter_misc":{"Napsal(a)":"Test Mysli","Odhadovan\u00e1 doba \u010dten\u00ed":"3 minuty"},"schema":{"@context":"https:\/\/schema.org","@graph":[{"@type":"WebSite","@id":"https:\/\/www.diagnostika-mysli.cz\/blog\/#website","url":"https:\/\/www.diagnostika-mysli.cz\/blog\/","name":"Test Mysli","description":"Blog o poruch\u00e1ch mysli","potentialAction":[{"@type":"SearchAction","target":{"@type":"EntryPoint","urlTemplate":"https:\/\/www.diagnostika-mysli.cz\/blog\/?s={search_term_string}"},"query-input":"required name=search_term_string"}],"inLanguage":"cs"},{"@type":"WebPage","@id":"https:\/\/www.diagnostika-mysli.cz\/blog\/autismus\/atypicky-autismus-u-deti\/#webpage","url":"https:\/\/www.diagnostika-mysli.cz\/blog\/autismus\/atypicky-autismus-u-deti\/","name":"Atypick\u00fd autismus u d\u011bt\u00ed - Test Mysli","isPartOf":{"@id":"https:\/\/www.diagnostika-mysli.cz\/blog\/#website"},"datePublished":"2025-04-30T01:25:17+00:00","dateModified":"2025-04-30T01:25:17+00:00","author":{"@id":"https:\/\/www.diagnostika-mysli.cz\/blog\/#\/schema\/person\/8eb1bcaf59fea75c780c11946f4e3490"},"breadcrumb":{"@id":"https:\/\/www.diagnostika-mysli.cz\/blog\/autismus\/atypicky-autismus-u-deti\/#breadcrumb"},"inLanguage":"cs","potentialAction":[{"@type":"ReadAction","target":["https:\/\/www.diagnostika-mysli.cz\/blog\/autismus\/atypicky-autismus-u-deti\/"]}]},{"@type":"BreadcrumbList","@id":"https:\/\/www.diagnostika-mysli.cz\/blog\/autismus\/atypicky-autismus-u-deti\/#breadcrumb","itemListElement":[{"@type":"ListItem","position":1,"name":"Blog","item":"https:\/\/www.diagnostika-mysli.cz\/blog\/"},{"@type":"ListItem","position":2,"name":"Autismus","item":"https:\/\/www.diagnostika-mysli.cz\/blog\/autismus\/"},{"@type":"ListItem","position":3,"name":"Atypick\u00fd autismus u d\u011bt\u00ed"}]},{"@type":"Person","@id":"https:\/\/www.diagnostika-mysli.cz\/blog\/#\/schema\/person\/8eb1bcaf59fea75c780c11946f4e3490","name":"Test Mysli","image":{"@type":"ImageObject","@id":"https:\/\/www.diagnostika-mysli.cz\/blog\/#personlogo","inLanguage":"cs","url":"https:\/\/secure.gravatar.com\/avatar\/6743211f010801ea26aa9423a2daab37?s=96&d=mm&r=g","contentUrl":"https:\/\/secure.gravatar.com\/avatar\/6743211f010801ea26aa9423a2daab37?s=96&d=mm&r=g","caption":"Test Mysli"},"sameAs":["https:\/\/www.diagnostika-mysli.cz\/blog"],"url":"https:\/\/www.diagnostika-mysli.cz\/blog\/author\/diagnostyka-umyslu\/"}]}},"amp_enabled":true,"_links":{"self":[{"href":"https:\/\/www.diagnostika-mysli.cz\/blog\/wp-json\/wp\/v2\/posts\/3262"}],"collection":[{"href":"https:\/\/www.diagnostika-mysli.cz\/blog\/wp-json\/wp\/v2\/posts"}],"about":[{"href":"https:\/\/www.diagnostika-mysli.cz\/blog\/wp-json\/wp\/v2\/types\/post"}],"author":[{"embeddable":true,"href":"https:\/\/www.diagnostika-mysli.cz\/blog\/wp-json\/wp\/v2\/users\/1"}],"replies":[{"embeddable":true,"href":"https:\/\/www.diagnostika-mysli.cz\/blog\/wp-json\/wp\/v2\/comments?post=3262"}],"version-history":[{"count":0,"href":"https:\/\/www.diagnostika-mysli.cz\/blog\/wp-json\/wp\/v2\/posts\/3262\/revisions"}],"wp:attachment":[{"href":"https:\/\/www.diagnostika-mysli.cz\/blog\/wp-json\/wp\/v2\/media?parent=3262"}],"wp:term":[{"taxonomy":"category","embeddable":true,"href":"https:\/\/www.diagnostika-mysli.cz\/blog\/wp-json\/wp\/v2\/categories?post=3262"},{"taxonomy":"post_tag","embeddable":true,"href":"https:\/\/www.diagnostika-mysli.cz\/blog\/wp-json\/wp\/v2\/tags?post=3262"}],"curies":[{"name":"wp","href":"https:\/\/api.w.org\/{rel}","templated":true}]}}