{"id":3269,"date":"2025-05-03T03:25:17","date_gmt":"2025-05-03T01:25:17","guid":{"rendered":"https:\/\/www.diagnostika-mysli.cz\/blog\/autismus\/detsky-autismus-priznaky\/"},"modified":"2025-05-03T03:25:17","modified_gmt":"2025-05-03T01:25:17","slug":"detsky-autismus-priznaky","status":"publish","type":"post","link":"https:\/\/www.diagnostika-mysli.cz\/blog\/autismus\/detsky-autismus-priznaky\/","title":{"rendered":"D\u011btsk\u00fd autismus p\u0159\u00edznaky"},"content":{"rendered":"<div class='topics'>\n<div class='topic'>\n<h2>Co je d\u011btsk\u00fd autismus a jak\u00e9 jsou jeho p\u0159\u00edznaky?<\/h2>\n<p>D\u011btsk\u00fd autismus je neurov\u00fdvojov\u00e1 porucha, kter\u00e1 ovliv\u0148uje komunikaci, soci\u00e1ln\u00ed interakci a chov\u00e1n\u00ed d\u00edt\u011bte. Tato porucha se obvykle projevuje ji\u017e v ran\u00e9m d\u011btstv\u00ed a m\u016f\u017ee m\u00edt r\u016fzn\u00e9 stupn\u011b z\u00e1va\u017enosti. Je to celo\u017eivotn\u00ed stav, kter\u00fd ovliv\u0148uje ka\u017edodenn\u00ed \u017eivot d\u00edt\u011bte i jeho rodiny.<\/p>\n<p>Jedn\u00edm z hlavn\u00edch p\u0159\u00edznak\u016f d\u011btsk\u00e9ho autismu je probl\u00e9m s komunikac\u00ed. D\u011bti s touto poruchou maj\u00ed \u010dasto probl\u00e9my s verb\u00e1ln\u00ed komunikac\u00ed a mohou m\u00edt omezen\u00fd slovn\u00ed z\u00e1sobn\u00edk. Mnoho z nich tak\u00e9 nem\u00e1 schopnost porozum\u011bt nonverb\u00e1ln\u00ed komunikaci, jako jsou nap\u0159\u00edklad gesta, mimika nebo t\u00f3n hlasu. Mohou m\u00edt tak\u00e9 probl\u00e9my s vyjad\u0159ov\u00e1n\u00edm sv\u00fdch pocit\u016f a pot\u0159eb.<\/p>\n<p>Dal\u0161\u00edm v\u00fdznamn\u00fdm p\u0159\u00edznakem je omezen\u00ed soci\u00e1ln\u00ed interakce. D\u011bti<\/p>\n<\/div>\n<div class='topic'>\n<h2>Jak rozpoznat d\u011btsk\u00fd autismus u d\u00edt\u011bte a kdy vyhledat odbornou pomoc?<\/h2>\n<p>Autismus je neurov\u00fdvojov\u00e9 onemocn\u011bn\u00ed, kter\u00e9 ovliv\u0148uje komunikaci, soci\u00e1ln\u00ed interakci a chov\u00e1n\u00ed jedince. U d\u011bt\u00ed se projevuje ji\u017e v ran\u00e9m v\u011bku a m\u016f\u017ee m\u00edt r\u016fzn\u00e9 formy a z\u00e1va\u017enosti. Je d\u016fle\u017eit\u00e9 rozpoznat p\u0159\u00edznaky autismu co nejd\u0159\u00edve, aby d\u00edt\u011b mohlo z\u00edskat vhodnou podporu a terapii.<\/p>\n<p>Prvn\u00edm krokem k rozpozn\u00e1n\u00ed d\u011btsk\u00e9ho autismu je pozorov\u00e1n\u00ed chov\u00e1n\u00ed d\u00edt\u011bte. D\u011bti s autismem maj\u00ed \u010dasto probl\u00e9my s komunikac\u00ed a soci\u00e1ln\u00ed interakc\u00ed. Mohou se vyh\u00fdbat o\u010dn\u00edmu kontaktu, neodpov\u00eddat na osloven\u00ed nebo m\u00edt probl\u00e9my s porozum\u011bn\u00edm verb\u00e1ln\u00edch a neverb\u00e1ln\u00edch sign\u00e1l\u016f. Tak\u00e9 mohou m\u00edt omezen\u00e9 z\u00e1jmy a stereotypn\u00ed chov\u00e1n\u00ed, jako nap\u0159\u00edklad opakovan\u00e9 pohyby nebo hran\u00ed s p\u0159edm\u011bty.<\/p>\n<p>Dal\u0161\u00edm d\u016fle\u017eit\u00fdm faktorem je poz<\/p>\n<\/div>\n<div class='topic'>\n<h2>Jak\u00e9 jsou mo\u017enosti l\u00e9\u010dby a podpory pro d\u011bti s autismem?<\/h2>\n<p>Autismus je neurov\u00fdvojov\u00e9 onemocn\u011bn\u00ed, kter\u00e9 ovliv\u0148uje soci\u00e1ln\u00ed interakce, komunikaci a chov\u00e1n\u00ed jedince. Toto onemocn\u011bn\u00ed se obvykle projevuje ji\u017e v d\u011btstv\u00ed a m\u016f\u017ee m\u00edt r\u016fzn\u00e9 formy a z\u00e1va\u017enosti. Pro d\u011bti s autismem je d\u016fle\u017eit\u00e1 v\u010dasn\u00e1 diagn\u00f3za a n\u00e1sledn\u00e1 l\u00e9\u010dba a podpora, kter\u00e1 jim pom\u016f\u017ee zlep\u0161it jejich kvalitu \u017eivota.<\/p>\n<p>Existuje n\u011bkolik mo\u017enost\u00ed l\u00e9\u010dby a podpory pro d\u011bti s autismem, kter\u00e9 mohou b\u00fdt kombinov\u00e1ny a p\u0159izp\u016fsobeny individu\u00e1ln\u00edm pot\u0159eb\u00e1m ka\u017ed\u00e9ho d\u00edt\u011bte. Mezi nej\u010dast\u011bji pou\u017e\u00edvan\u00e9 pat\u0159\u00ed:<\/p>\n<p>1. Terapie chov\u00e1n\u00edm a komunikace &#8211; Tato terapie se zam\u011b\u0159uje na zlep\u0161en\u00ed soci\u00e1ln\u00edch interakc\u00ed a komunika\u010dn\u00edch dovednost\u00ed d\u00edt\u011bte. Terapeut pracuje s d\u00edt\u011btem individu\u00e1ln\u011b nebo ve skupin\u011b a pom\u00e1h\u00e1 mu roz<\/p>\n<\/div>\n<div class='topic'>\n<h2>Jak mohou rodi\u010de a bl\u00edzc\u00ed pomoci d\u00edt\u011bti s d\u011btsk\u00fdm autismem a jak\u00e9 jsou d\u016fle\u017eit\u00e9 faktory pro jeho rozvoj?<\/h2>\n<p>D\u011btsk\u00e9 autismus je neurov\u00fdvojov\u00e9 onemocn\u011bn\u00ed, kter\u00e9 ovliv\u0148uje komunikaci, soci\u00e1ln\u00ed interakci a chov\u00e1n\u00ed d\u00edt\u011bte. Pro rodi\u010de a bl\u00edzk\u00e9 je to \u010dasto velk\u00e1 v\u00fdzva, proto\u017ee se sna\u017e\u00ed porozum\u011bt a pomoci sv\u00e9mu d\u00edt\u011bti s touto poruchou. V tomto \u010dl\u00e1nku se pod\u00edv\u00e1me na to, jak mohou rodi\u010de a bl\u00edzc\u00ed pomoci d\u00edt\u011bti s d\u011btsk\u00fdm autismem a jak\u00e9 jsou d\u016fle\u017eit\u00e9 faktory pro jeho rozvoj.<\/p>\n<p>1. Vzd\u011bl\u00e1n\u00ed a informovanost<\/p>\n<p>Prvn\u00edm krokem pro rodi\u010de a bl\u00edzk\u00e9 je z\u00edskat co nejv\u00edce informac\u00ed o d\u011btsk\u00e9m autismu. Je d\u016fle\u017eit\u00e9 porozum\u011bt tomu, jak\u00e9 jsou p\u0159\u00edznaky a jak mohou ovlivnit chov\u00e1n\u00ed a komunikaci d\u00edt\u011bte. Existuje mnoho zdroj\u016f, jako jsou knihy, webov\u00e9 str\u00e1nky a organizace, kter\u00e9 poskytuj\u00ed informace a podporu pro rodiny s d<\/p>\n<\/div>\n<\/div>\n","protected":false},"excerpt":{"rendered":"<p>Co je d\u011btsk\u00fd autismus a jak\u00e9 jsou jeho p\u0159\u00edznaky? D\u011btsk\u00fd autismus je neurov\u00fdvojov\u00e1 porucha, kter\u00e1 ovliv\u0148uje komunikaci, soci\u00e1ln\u00ed interakci a chov\u00e1n\u00ed d\u00edt\u011bte. Tato porucha se&#8230;<\/p>\n","protected":false},"author":1,"featured_media":0,"comment_status":"","ping_status":"open","sticky":false,"template":"","format":"standard","meta":{"inline_featured_image":false},"categories":[849],"tags":[],"yoast_head":"<!-- This site is optimized with the Yoast SEO plugin v18.1 - https:\/\/yoast.com\/wordpress\/plugins\/seo\/ -->\n<title>D\u011btsk\u00fd autismus p\u0159\u00edznaky - Test Mysli<\/title>\n<meta name=\"robots\" content=\"index, follow, max-snippet:-1, max-image-preview:large, max-video-preview:-1\" \/>\n<link rel=\"canonical\" href=\"https:\/\/www.diagnostika-mysli.cz\/blog\/autismus\/detsky-autismus-priznaky\/\" \/>\n<meta property=\"og:locale\" content=\"cs_CZ\" \/>\n<meta property=\"og:type\" content=\"article\" \/>\n<meta property=\"og:title\" content=\"D\u011btsk\u00fd autismus p\u0159\u00edznaky - Test Mysli\" \/>\n<meta property=\"og:description\" content=\"Co je d\u011btsk\u00fd autismus a jak\u00e9 jsou jeho p\u0159\u00edznaky? D\u011btsk\u00fd autismus je neurov\u00fdvojov\u00e1 porucha, kter\u00e1 ovliv\u0148uje komunikaci, soci\u00e1ln\u00ed interakci a chov\u00e1n\u00ed d\u00edt\u011bte. Tato porucha se...\" \/>\n<meta property=\"og:url\" content=\"https:\/\/www.diagnostika-mysli.cz\/blog\/autismus\/detsky-autismus-priznaky\/\" \/>\n<meta property=\"og:site_name\" content=\"Test Mysli\" \/>\n<meta property=\"article:published_time\" content=\"2025-05-03T01:25:17+00:00\" \/>\n<meta name=\"twitter:card\" content=\"summary_large_image\" \/>\n<meta name=\"twitter:label1\" content=\"Napsal(a)\" \/>\n\t<meta name=\"twitter:data1\" content=\"Test Mysli\" \/>\n\t<meta name=\"twitter:label2\" content=\"Odhadovan\u00e1 doba \u010dten\u00ed\" \/>\n\t<meta name=\"twitter:data2\" content=\"3 minuty\" \/>\n<script type=\"application\/ld+json\" class=\"yoast-schema-graph\">{\"@context\":\"https:\/\/schema.org\",\"@graph\":[{\"@type\":\"WebSite\",\"@id\":\"https:\/\/www.diagnostika-mysli.cz\/blog\/#website\",\"url\":\"https:\/\/www.diagnostika-mysli.cz\/blog\/\",\"name\":\"Test Mysli\",\"description\":\"Blog o poruch\u00e1ch mysli\",\"potentialAction\":[{\"@type\":\"SearchAction\",\"target\":{\"@type\":\"EntryPoint\",\"urlTemplate\":\"https:\/\/www.diagnostika-mysli.cz\/blog\/?s={search_term_string}\"},\"query-input\":\"required name=search_term_string\"}],\"inLanguage\":\"cs\"},{\"@type\":\"WebPage\",\"@id\":\"https:\/\/www.diagnostika-mysli.cz\/blog\/autismus\/detsky-autismus-priznaky\/#webpage\",\"url\":\"https:\/\/www.diagnostika-mysli.cz\/blog\/autismus\/detsky-autismus-priznaky\/\",\"name\":\"D\u011btsk\u00fd autismus p\u0159\u00edznaky - Test Mysli\",\"isPartOf\":{\"@id\":\"https:\/\/www.diagnostika-mysli.cz\/blog\/#website\"},\"datePublished\":\"2025-05-03T01:25:17+00:00\",\"dateModified\":\"2025-05-03T01:25:17+00:00\",\"author\":{\"@id\":\"https:\/\/www.diagnostika-mysli.cz\/blog\/#\/schema\/person\/8eb1bcaf59fea75c780c11946f4e3490\"},\"breadcrumb\":{\"@id\":\"https:\/\/www.diagnostika-mysli.cz\/blog\/autismus\/detsky-autismus-priznaky\/#breadcrumb\"},\"inLanguage\":\"cs\",\"potentialAction\":[{\"@type\":\"ReadAction\",\"target\":[\"https:\/\/www.diagnostika-mysli.cz\/blog\/autismus\/detsky-autismus-priznaky\/\"]}]},{\"@type\":\"BreadcrumbList\",\"@id\":\"https:\/\/www.diagnostika-mysli.cz\/blog\/autismus\/detsky-autismus-priznaky\/#breadcrumb\",\"itemListElement\":[{\"@type\":\"ListItem\",\"position\":1,\"name\":\"Blog\",\"item\":\"https:\/\/www.diagnostika-mysli.cz\/blog\/\"},{\"@type\":\"ListItem\",\"position\":2,\"name\":\"Autismus\",\"item\":\"https:\/\/www.diagnostika-mysli.cz\/blog\/autismus\/\"},{\"@type\":\"ListItem\",\"position\":3,\"name\":\"D\u011btsk\u00fd autismus p\u0159\u00edznaky\"}]},{\"@type\":\"Person\",\"@id\":\"https:\/\/www.diagnostika-mysli.cz\/blog\/#\/schema\/person\/8eb1bcaf59fea75c780c11946f4e3490\",\"name\":\"Test Mysli\",\"image\":{\"@type\":\"ImageObject\",\"@id\":\"https:\/\/www.diagnostika-mysli.cz\/blog\/#personlogo\",\"inLanguage\":\"cs\",\"url\":\"https:\/\/secure.gravatar.com\/avatar\/6743211f010801ea26aa9423a2daab37?s=96&d=mm&r=g\",\"contentUrl\":\"https:\/\/secure.gravatar.com\/avatar\/6743211f010801ea26aa9423a2daab37?s=96&d=mm&r=g\",\"caption\":\"Test Mysli\"},\"sameAs\":[\"https:\/\/www.diagnostika-mysli.cz\/blog\"],\"url\":\"https:\/\/www.diagnostika-mysli.cz\/blog\/author\/diagnostyka-umyslu\/\"}]}<\/script>\n<!-- \/ Yoast SEO plugin. -->","yoast_head_json":{"title":"D\u011btsk\u00fd autismus p\u0159\u00edznaky - Test Mysli","robots":{"index":"index","follow":"follow","max-snippet":"max-snippet:-1","max-image-preview":"max-image-preview:large","max-video-preview":"max-video-preview:-1"},"canonical":"https:\/\/www.diagnostika-mysli.cz\/blog\/autismus\/detsky-autismus-priznaky\/","og_locale":"cs_CZ","og_type":"article","og_title":"D\u011btsk\u00fd autismus p\u0159\u00edznaky - Test Mysli","og_description":"Co je d\u011btsk\u00fd autismus a jak\u00e9 jsou jeho p\u0159\u00edznaky? D\u011btsk\u00fd autismus je neurov\u00fdvojov\u00e1 porucha, kter\u00e1 ovliv\u0148uje komunikaci, soci\u00e1ln\u00ed interakci a chov\u00e1n\u00ed d\u00edt\u011bte. Tato porucha se...","og_url":"https:\/\/www.diagnostika-mysli.cz\/blog\/autismus\/detsky-autismus-priznaky\/","og_site_name":"Test Mysli","article_published_time":"2025-05-03T01:25:17+00:00","twitter_card":"summary_large_image","twitter_misc":{"Napsal(a)":"Test Mysli","Odhadovan\u00e1 doba \u010dten\u00ed":"3 minuty"},"schema":{"@context":"https:\/\/schema.org","@graph":[{"@type":"WebSite","@id":"https:\/\/www.diagnostika-mysli.cz\/blog\/#website","url":"https:\/\/www.diagnostika-mysli.cz\/blog\/","name":"Test Mysli","description":"Blog o poruch\u00e1ch mysli","potentialAction":[{"@type":"SearchAction","target":{"@type":"EntryPoint","urlTemplate":"https:\/\/www.diagnostika-mysli.cz\/blog\/?s={search_term_string}"},"query-input":"required name=search_term_string"}],"inLanguage":"cs"},{"@type":"WebPage","@id":"https:\/\/www.diagnostika-mysli.cz\/blog\/autismus\/detsky-autismus-priznaky\/#webpage","url":"https:\/\/www.diagnostika-mysli.cz\/blog\/autismus\/detsky-autismus-priznaky\/","name":"D\u011btsk\u00fd autismus p\u0159\u00edznaky - Test Mysli","isPartOf":{"@id":"https:\/\/www.diagnostika-mysli.cz\/blog\/#website"},"datePublished":"2025-05-03T01:25:17+00:00","dateModified":"2025-05-03T01:25:17+00:00","author":{"@id":"https:\/\/www.diagnostika-mysli.cz\/blog\/#\/schema\/person\/8eb1bcaf59fea75c780c11946f4e3490"},"breadcrumb":{"@id":"https:\/\/www.diagnostika-mysli.cz\/blog\/autismus\/detsky-autismus-priznaky\/#breadcrumb"},"inLanguage":"cs","potentialAction":[{"@type":"ReadAction","target":["https:\/\/www.diagnostika-mysli.cz\/blog\/autismus\/detsky-autismus-priznaky\/"]}]},{"@type":"BreadcrumbList","@id":"https:\/\/www.diagnostika-mysli.cz\/blog\/autismus\/detsky-autismus-priznaky\/#breadcrumb","itemListElement":[{"@type":"ListItem","position":1,"name":"Blog","item":"https:\/\/www.diagnostika-mysli.cz\/blog\/"},{"@type":"ListItem","position":2,"name":"Autismus","item":"https:\/\/www.diagnostika-mysli.cz\/blog\/autismus\/"},{"@type":"ListItem","position":3,"name":"D\u011btsk\u00fd autismus p\u0159\u00edznaky"}]},{"@type":"Person","@id":"https:\/\/www.diagnostika-mysli.cz\/blog\/#\/schema\/person\/8eb1bcaf59fea75c780c11946f4e3490","name":"Test Mysli","image":{"@type":"ImageObject","@id":"https:\/\/www.diagnostika-mysli.cz\/blog\/#personlogo","inLanguage":"cs","url":"https:\/\/secure.gravatar.com\/avatar\/6743211f010801ea26aa9423a2daab37?s=96&d=mm&r=g","contentUrl":"https:\/\/secure.gravatar.com\/avatar\/6743211f010801ea26aa9423a2daab37?s=96&d=mm&r=g","caption":"Test Mysli"},"sameAs":["https:\/\/www.diagnostika-mysli.cz\/blog"],"url":"https:\/\/www.diagnostika-mysli.cz\/blog\/author\/diagnostyka-umyslu\/"}]}},"amp_enabled":true,"_links":{"self":[{"href":"https:\/\/www.diagnostika-mysli.cz\/blog\/wp-json\/wp\/v2\/posts\/3269"}],"collection":[{"href":"https:\/\/www.diagnostika-mysli.cz\/blog\/wp-json\/wp\/v2\/posts"}],"about":[{"href":"https:\/\/www.diagnostika-mysli.cz\/blog\/wp-json\/wp\/v2\/types\/post"}],"author":[{"embeddable":true,"href":"https:\/\/www.diagnostika-mysli.cz\/blog\/wp-json\/wp\/v2\/users\/1"}],"replies":[{"embeddable":true,"href":"https:\/\/www.diagnostika-mysli.cz\/blog\/wp-json\/wp\/v2\/comments?post=3269"}],"version-history":[{"count":0,"href":"https:\/\/www.diagnostika-mysli.cz\/blog\/wp-json\/wp\/v2\/posts\/3269\/revisions"}],"wp:attachment":[{"href":"https:\/\/www.diagnostika-mysli.cz\/blog\/wp-json\/wp\/v2\/media?parent=3269"}],"wp:term":[{"taxonomy":"category","embeddable":true,"href":"https:\/\/www.diagnostika-mysli.cz\/blog\/wp-json\/wp\/v2\/categories?post=3269"},{"taxonomy":"post_tag","embeddable":true,"href":"https:\/\/www.diagnostika-mysli.cz\/blog\/wp-json\/wp\/v2\/tags?post=3269"}],"curies":[{"name":"wp","href":"https:\/\/api.w.org\/{rel}","templated":true}]}}