{"id":3273,"date":"2025-05-05T03:25:20","date_gmt":"2025-05-05T01:25:20","guid":{"rendered":"https:\/\/www.diagnostika-mysli.cz\/blog\/autismus\/autista-v-dospelosti\/"},"modified":"2025-05-05T03:25:20","modified_gmt":"2025-05-05T01:25:20","slug":"autista-v-dospelosti","status":"publish","type":"post","link":"https:\/\/www.diagnostika-mysli.cz\/blog\/autismus\/autista-v-dospelosti\/","title":{"rendered":"Autista v dosp\u011blosti"},"content":{"rendered":"<div class='topics'>\n<div class='topic'>\n<h2>&#8220;Jak se projevuje autismus u dosp\u011bl\u00fdch a jak\u00e9 jsou mo\u017enosti l\u00e9\u010dby?&#8221;<\/h2>\n<p>Autismus je neurov\u00fdvojov\u00e1 porucha, kter\u00e1 se projevuje ji\u017e v d\u011btstv\u00ed a trv\u00e1 po cel\u00fd \u017eivot. V posledn\u00edch letech se v\u0161ak st\u00e1le v\u00edce hovo\u0159\u00ed o autismu u dosp\u011bl\u00fdch, kte\u0159\u00ed nebyli v d\u011btstv\u00ed diagnostikov\u00e1ni. Jak se tato porucha projevuje u dosp\u011bl\u00fdch a jak\u00e9 jsou mo\u017enosti l\u00e9\u010dby?<\/p>\n<p>Projevy autismu u dosp\u011bl\u00fdch se mohou li\u0161it v z\u00e1vislosti na jednotliv\u00fdch p\u0159\u00edpadech. N\u011bkte\u0159\u00ed dosp\u011bl\u00ed s autismem mohou m\u00edt probl\u00e9my s komunikac\u00ed a soci\u00e1ln\u00edmi interakcemi, zat\u00edmco jin\u00ed mohou m\u00edt omezen\u00e9 z\u00e1jmy a stereotypn\u00ed chov\u00e1n\u00ed. N\u011bkte\u0159\u00ed mohou m\u00edt tak\u00e9 probl\u00e9my s p\u0159izp\u016fsoben\u00edm se zm\u011bn\u00e1m a rutinn\u00edmi \u010dinnostmi. V\u0161echny tyto projevy mohou m\u00edt vliv na ka\u017edodenn\u00ed \u017eivot dosp\u011bl\u00fdch s autismem a mohou zp\u016fso<\/p>\n<\/div>\n<div class='topic'>\n<h2>&#8220;V\u00fdzvy a p\u0159ek\u00e1\u017eky, kter\u00fdm \u010del\u00ed dosp\u011bl\u00ed s autismem v ka\u017edodenn\u00edm \u017eivot\u011b&#8221;<\/h2>\n<p>Autismus je neurov\u00fdvojov\u00e9 onemocn\u011bn\u00ed, kter\u00e9 ovliv\u0148uje soci\u00e1ln\u00ed interakce, komunikaci a chov\u00e1n\u00ed jedince. A\u010dkoli se \u010dasto spojuje s d\u011btstv\u00edm, autismus m\u016f\u017ee trvat po cel\u00fd \u017eivot a m\u016f\u017ee b\u00fdt v\u00fdzvou pro dosp\u011bl\u00e9, kte\u0159\u00ed s n\u00edm \u017eij\u00ed. V ka\u017edodenn\u00edm \u017eivot\u011b se mohou setkat s r\u016fzn\u00fdmi p\u0159ek\u00e1\u017ekami a v\u00fdzvami, kter\u00e9 mohou ovlivnit jejich schopnost fungovat v b\u011b\u017en\u00e9m sv\u011bt\u011b.<\/p>\n<p>Jednou z nejv\u011bt\u0161\u00edch v\u00fdzev, kter\u00fdm dosp\u011bl\u00ed s autismem \u010del\u00ed, je soci\u00e1ln\u00ed interakce. Autistick\u00e9 jedince \u010dasto tr\u00e1p\u00ed probl\u00e9my s porozum\u011bn\u00edm soci\u00e1ln\u00edm n\u00e1vyk\u016fm a nespr\u00e1vn\u00fdm \u010dten\u00edm emoc\u00ed u druh\u00fdch. To m\u016f\u017ee v\u00e9st k nespr\u00e1vn\u00fdm reakc\u00edm a nepochopen\u00ed v komunikaci s ostatn\u00edmi. Dosp\u011bl\u00ed s autismem se mohou c\u00edt<\/p>\n<\/div>\n<div class='topic'>\n<h2>&#8220;Vliv autismu na vztahy a soci\u00e1ln\u00ed interakce v dosp\u011blosti&#8221;<\/h2>\n<p>Autismus je neurov\u00fdvojov\u00e1 porucha, kter\u00e1 ovliv\u0148uje soci\u00e1ln\u00ed interakce, komunikaci a chov\u00e1n\u00ed jedince. Tato porucha se projevuje ji\u017e v d\u011btstv\u00ed, ale m\u016f\u017ee m\u00edt v\u00fdrazn\u00fd vliv i na vztahy a soci\u00e1ln\u00ed interakce v dosp\u011blosti.<\/p>\n<p>Vztahy jsou pro ka\u017ed\u00e9ho \u010dlov\u011bka d\u016fle\u017eitou sou\u010d\u00e1st\u00ed \u017eivota a pro osoby s autismem mohou b\u00fdt v\u00fdzvou. Jedn\u00edm z hlavn\u00edch probl\u00e9m\u016f je porozum\u011bn\u00ed emoc\u00edm a soci\u00e1ln\u00edm sign\u00e1l\u016fm. Osoby s autismem maj\u00ed \u010dasto probl\u00e9m s interpretac\u00ed neverb\u00e1ln\u00ed komunikace, jako jsou nap\u0159\u00edklad gesta, mimika nebo t\u00f3n hlasu. To m\u016f\u017ee v\u00e9st k nedorozum\u011bn\u00edm a nespr\u00e1vn\u00e9mu vyhodnocen\u00ed situace, co\u017e m\u016f\u017ee negativn\u011b ovlivnit vztahy s ostatn\u00edmi.<\/p>\n<p>Dal\u0161\u00edm v\u00fdznamn\u00fdm faktorem je omezen\u00e1 schopnost empatie. Osoby s autismem maj\u00ed \u010dasto probl\u00e9m vc\u00edt<\/p>\n<\/div>\n<div class='topic'>\n<h2>&#8220;Zam\u011bstn\u00e1v\u00e1n\u00ed a integrace dosp\u011bl\u00fdch s autismem do pracovn\u00edho prost\u0159ed\u00ed&#8221;<\/h2>\n<p>Zam\u011bstn\u00e1v\u00e1n\u00ed a integrace dosp\u011bl\u00fdch s autismem do pracovn\u00edho prost\u0159ed\u00ed je d\u016fle\u017eit\u00fdm t\u00e9matem, kter\u00e9 se t\u00fdk\u00e1 nejen samotn\u00fdch jedinc\u016f s touto poruchou, ale i cel\u00e9 spole\u010dnosti. Autismus je neurov\u00fdvojov\u00e1 porucha, kter\u00e1 se projevuje p\u0159edev\u0161\u00edm obt\u00ed\u017eemi v komunikaci a soci\u00e1ln\u00edm chov\u00e1n\u00ed. Tito jedinci maj\u00ed \u010dasto specifick\u00e9 z\u00e1jmy a pot\u0159ebuj\u00ed strukturovan\u00e9 prost\u0159ed\u00ed, aby se mohli pln\u011b rozv\u00edjet.<\/p>\n<p>V dosp\u011blosti se mnoho jedinc\u016f s autismem pot\u00fdk\u00e1 s probl\u00e9my p\u0159i hled\u00e1n\u00ed zam\u011bstn\u00e1n\u00ed a integraci do pracovn\u00edho prost\u0159ed\u00ed. To m\u016f\u017ee b\u00fdt zp\u016fsobeno nedostate\u010dnou podporou a porozum\u011bn\u00edm ze strany zam\u011bstnavatel\u016f, ale tak\u00e9 nedostate\u010dnou p\u0159\u00edpravou a podporou b\u011bhem jejich vzd\u011bl\u00e1v\u00e1n\u00ed. D\u016fsledkem toho m\u016f\u017ee b\u00fdt vysok\u00e1 m\u00edra nezam\u011bstnan<\/p>\n<\/div>\n<\/div>\n","protected":false},"excerpt":{"rendered":"<p>&#8220;Jak se projevuje autismus u dosp\u011bl\u00fdch a jak\u00e9 jsou mo\u017enosti l\u00e9\u010dby?&#8221; Autismus je neurov\u00fdvojov\u00e1 porucha, kter\u00e1 se projevuje ji\u017e v d\u011btstv\u00ed a trv\u00e1 po cel\u00fd&#8230;<\/p>\n","protected":false},"author":1,"featured_media":0,"comment_status":"","ping_status":"open","sticky":false,"template":"","format":"standard","meta":{"inline_featured_image":false},"categories":[849],"tags":[],"yoast_head":"<!-- This site is optimized with the Yoast SEO plugin v18.1 - https:\/\/yoast.com\/wordpress\/plugins\/seo\/ -->\n<title>Autista v dosp\u011blosti - Test Mysli<\/title>\n<meta name=\"robots\" content=\"index, follow, max-snippet:-1, max-image-preview:large, max-video-preview:-1\" \/>\n<link rel=\"canonical\" href=\"https:\/\/www.diagnostika-mysli.cz\/blog\/autismus\/autista-v-dospelosti\/\" \/>\n<meta property=\"og:locale\" content=\"cs_CZ\" \/>\n<meta property=\"og:type\" content=\"article\" \/>\n<meta property=\"og:title\" content=\"Autista v dosp\u011blosti - Test Mysli\" \/>\n<meta property=\"og:description\" content=\"&#8220;Jak se projevuje autismus u dosp\u011bl\u00fdch a jak\u00e9 jsou mo\u017enosti l\u00e9\u010dby?&#8221; Autismus je neurov\u00fdvojov\u00e1 porucha, kter\u00e1 se projevuje ji\u017e v d\u011btstv\u00ed a trv\u00e1 po cel\u00fd...\" \/>\n<meta property=\"og:url\" content=\"https:\/\/www.diagnostika-mysli.cz\/blog\/autismus\/autista-v-dospelosti\/\" \/>\n<meta property=\"og:site_name\" content=\"Test Mysli\" \/>\n<meta property=\"article:published_time\" content=\"2025-05-05T01:25:20+00:00\" \/>\n<meta name=\"twitter:card\" content=\"summary_large_image\" \/>\n<meta name=\"twitter:label1\" content=\"Napsal(a)\" \/>\n\t<meta name=\"twitter:data1\" content=\"Test Mysli\" \/>\n\t<meta name=\"twitter:label2\" content=\"Odhadovan\u00e1 doba \u010dten\u00ed\" \/>\n\t<meta name=\"twitter:data2\" content=\"3 minuty\" \/>\n<script type=\"application\/ld+json\" class=\"yoast-schema-graph\">{\"@context\":\"https:\/\/schema.org\",\"@graph\":[{\"@type\":\"WebSite\",\"@id\":\"https:\/\/www.diagnostika-mysli.cz\/blog\/#website\",\"url\":\"https:\/\/www.diagnostika-mysli.cz\/blog\/\",\"name\":\"Test Mysli\",\"description\":\"Blog o poruch\u00e1ch mysli\",\"potentialAction\":[{\"@type\":\"SearchAction\",\"target\":{\"@type\":\"EntryPoint\",\"urlTemplate\":\"https:\/\/www.diagnostika-mysli.cz\/blog\/?s={search_term_string}\"},\"query-input\":\"required name=search_term_string\"}],\"inLanguage\":\"cs\"},{\"@type\":\"WebPage\",\"@id\":\"https:\/\/www.diagnostika-mysli.cz\/blog\/autismus\/autista-v-dospelosti\/#webpage\",\"url\":\"https:\/\/www.diagnostika-mysli.cz\/blog\/autismus\/autista-v-dospelosti\/\",\"name\":\"Autista v dosp\u011blosti - Test Mysli\",\"isPartOf\":{\"@id\":\"https:\/\/www.diagnostika-mysli.cz\/blog\/#website\"},\"datePublished\":\"2025-05-05T01:25:20+00:00\",\"dateModified\":\"2025-05-05T01:25:20+00:00\",\"author\":{\"@id\":\"https:\/\/www.diagnostika-mysli.cz\/blog\/#\/schema\/person\/8eb1bcaf59fea75c780c11946f4e3490\"},\"breadcrumb\":{\"@id\":\"https:\/\/www.diagnostika-mysli.cz\/blog\/autismus\/autista-v-dospelosti\/#breadcrumb\"},\"inLanguage\":\"cs\",\"potentialAction\":[{\"@type\":\"ReadAction\",\"target\":[\"https:\/\/www.diagnostika-mysli.cz\/blog\/autismus\/autista-v-dospelosti\/\"]}]},{\"@type\":\"BreadcrumbList\",\"@id\":\"https:\/\/www.diagnostika-mysli.cz\/blog\/autismus\/autista-v-dospelosti\/#breadcrumb\",\"itemListElement\":[{\"@type\":\"ListItem\",\"position\":1,\"name\":\"Blog\",\"item\":\"https:\/\/www.diagnostika-mysli.cz\/blog\/\"},{\"@type\":\"ListItem\",\"position\":2,\"name\":\"Autismus\",\"item\":\"https:\/\/www.diagnostika-mysli.cz\/blog\/autismus\/\"},{\"@type\":\"ListItem\",\"position\":3,\"name\":\"Autista v dosp\u011blosti\"}]},{\"@type\":\"Person\",\"@id\":\"https:\/\/www.diagnostika-mysli.cz\/blog\/#\/schema\/person\/8eb1bcaf59fea75c780c11946f4e3490\",\"name\":\"Test Mysli\",\"image\":{\"@type\":\"ImageObject\",\"@id\":\"https:\/\/www.diagnostika-mysli.cz\/blog\/#personlogo\",\"inLanguage\":\"cs\",\"url\":\"https:\/\/secure.gravatar.com\/avatar\/6743211f010801ea26aa9423a2daab37?s=96&d=mm&r=g\",\"contentUrl\":\"https:\/\/secure.gravatar.com\/avatar\/6743211f010801ea26aa9423a2daab37?s=96&d=mm&r=g\",\"caption\":\"Test Mysli\"},\"sameAs\":[\"https:\/\/www.diagnostika-mysli.cz\/blog\"],\"url\":\"https:\/\/www.diagnostika-mysli.cz\/blog\/author\/diagnostyka-umyslu\/\"}]}<\/script>\n<!-- \/ Yoast SEO plugin. -->","yoast_head_json":{"title":"Autista v dosp\u011blosti - Test Mysli","robots":{"index":"index","follow":"follow","max-snippet":"max-snippet:-1","max-image-preview":"max-image-preview:large","max-video-preview":"max-video-preview:-1"},"canonical":"https:\/\/www.diagnostika-mysli.cz\/blog\/autismus\/autista-v-dospelosti\/","og_locale":"cs_CZ","og_type":"article","og_title":"Autista v dosp\u011blosti - Test Mysli","og_description":"&#8220;Jak se projevuje autismus u dosp\u011bl\u00fdch a jak\u00e9 jsou mo\u017enosti l\u00e9\u010dby?&#8221; Autismus je neurov\u00fdvojov\u00e1 porucha, kter\u00e1 se projevuje ji\u017e v d\u011btstv\u00ed a trv\u00e1 po cel\u00fd...","og_url":"https:\/\/www.diagnostika-mysli.cz\/blog\/autismus\/autista-v-dospelosti\/","og_site_name":"Test Mysli","article_published_time":"2025-05-05T01:25:20+00:00","twitter_card":"summary_large_image","twitter_misc":{"Napsal(a)":"Test Mysli","Odhadovan\u00e1 doba \u010dten\u00ed":"3 minuty"},"schema":{"@context":"https:\/\/schema.org","@graph":[{"@type":"WebSite","@id":"https:\/\/www.diagnostika-mysli.cz\/blog\/#website","url":"https:\/\/www.diagnostika-mysli.cz\/blog\/","name":"Test Mysli","description":"Blog o poruch\u00e1ch mysli","potentialAction":[{"@type":"SearchAction","target":{"@type":"EntryPoint","urlTemplate":"https:\/\/www.diagnostika-mysli.cz\/blog\/?s={search_term_string}"},"query-input":"required name=search_term_string"}],"inLanguage":"cs"},{"@type":"WebPage","@id":"https:\/\/www.diagnostika-mysli.cz\/blog\/autismus\/autista-v-dospelosti\/#webpage","url":"https:\/\/www.diagnostika-mysli.cz\/blog\/autismus\/autista-v-dospelosti\/","name":"Autista v dosp\u011blosti - Test Mysli","isPartOf":{"@id":"https:\/\/www.diagnostika-mysli.cz\/blog\/#website"},"datePublished":"2025-05-05T01:25:20+00:00","dateModified":"2025-05-05T01:25:20+00:00","author":{"@id":"https:\/\/www.diagnostika-mysli.cz\/blog\/#\/schema\/person\/8eb1bcaf59fea75c780c11946f4e3490"},"breadcrumb":{"@id":"https:\/\/www.diagnostika-mysli.cz\/blog\/autismus\/autista-v-dospelosti\/#breadcrumb"},"inLanguage":"cs","potentialAction":[{"@type":"ReadAction","target":["https:\/\/www.diagnostika-mysli.cz\/blog\/autismus\/autista-v-dospelosti\/"]}]},{"@type":"BreadcrumbList","@id":"https:\/\/www.diagnostika-mysli.cz\/blog\/autismus\/autista-v-dospelosti\/#breadcrumb","itemListElement":[{"@type":"ListItem","position":1,"name":"Blog","item":"https:\/\/www.diagnostika-mysli.cz\/blog\/"},{"@type":"ListItem","position":2,"name":"Autismus","item":"https:\/\/www.diagnostika-mysli.cz\/blog\/autismus\/"},{"@type":"ListItem","position":3,"name":"Autista v dosp\u011blosti"}]},{"@type":"Person","@id":"https:\/\/www.diagnostika-mysli.cz\/blog\/#\/schema\/person\/8eb1bcaf59fea75c780c11946f4e3490","name":"Test Mysli","image":{"@type":"ImageObject","@id":"https:\/\/www.diagnostika-mysli.cz\/blog\/#personlogo","inLanguage":"cs","url":"https:\/\/secure.gravatar.com\/avatar\/6743211f010801ea26aa9423a2daab37?s=96&d=mm&r=g","contentUrl":"https:\/\/secure.gravatar.com\/avatar\/6743211f010801ea26aa9423a2daab37?s=96&d=mm&r=g","caption":"Test Mysli"},"sameAs":["https:\/\/www.diagnostika-mysli.cz\/blog"],"url":"https:\/\/www.diagnostika-mysli.cz\/blog\/author\/diagnostyka-umyslu\/"}]}},"amp_enabled":true,"_links":{"self":[{"href":"https:\/\/www.diagnostika-mysli.cz\/blog\/wp-json\/wp\/v2\/posts\/3273"}],"collection":[{"href":"https:\/\/www.diagnostika-mysli.cz\/blog\/wp-json\/wp\/v2\/posts"}],"about":[{"href":"https:\/\/www.diagnostika-mysli.cz\/blog\/wp-json\/wp\/v2\/types\/post"}],"author":[{"embeddable":true,"href":"https:\/\/www.diagnostika-mysli.cz\/blog\/wp-json\/wp\/v2\/users\/1"}],"replies":[{"embeddable":true,"href":"https:\/\/www.diagnostika-mysli.cz\/blog\/wp-json\/wp\/v2\/comments?post=3273"}],"version-history":[{"count":0,"href":"https:\/\/www.diagnostika-mysli.cz\/blog\/wp-json\/wp\/v2\/posts\/3273\/revisions"}],"wp:attachment":[{"href":"https:\/\/www.diagnostika-mysli.cz\/blog\/wp-json\/wp\/v2\/media?parent=3273"}],"wp:term":[{"taxonomy":"category","embeddable":true,"href":"https:\/\/www.diagnostika-mysli.cz\/blog\/wp-json\/wp\/v2\/categories?post=3273"},{"taxonomy":"post_tag","embeddable":true,"href":"https:\/\/www.diagnostika-mysli.cz\/blog\/wp-json\/wp\/v2\/tags?post=3273"}],"curies":[{"name":"wp","href":"https:\/\/api.w.org\/{rel}","templated":true}]}}