{"id":3275,"date":"2025-05-06T03:25:17","date_gmt":"2025-05-06T01:25:17","guid":{"rendered":"https:\/\/www.diagnostika-mysli.cz\/blog\/autismus\/autismus-u-deti-2\/"},"modified":"2025-05-06T03:25:17","modified_gmt":"2025-05-06T01:25:17","slug":"autismus-u-deti-2","status":"publish","type":"post","link":"https:\/\/www.diagnostika-mysli.cz\/blog\/autismus\/autismus-u-deti-2\/","title":{"rendered":"Autismus u deti"},"content":{"rendered":"<div class='topics'>\n<div class='topic'>\n<h2>Co je autismus u d\u011bt\u00ed a jak\u00e9 jsou jeho p\u0159\u00edznaky?<\/h2>\n<p>Autismus u d\u011bt\u00ed je neurov\u00fdvojov\u00e1 porucha, kter\u00e1 ovliv\u0148uje soci\u00e1ln\u00ed interakce, komunikaci a chov\u00e1n\u00ed. Tato porucha se obvykle projevuje ji\u017e v ran\u00e9m d\u011btstv\u00ed a m\u016f\u017ee m\u00edt r\u016fzn\u00e9 formy a z\u00e1va\u017enosti. Jedn\u00e1 se o celo\u017eivotn\u00ed stav, kter\u00fd ovliv\u0148uje ka\u017edodenn\u00ed \u017eivot d\u00edt\u011bte i jeho rodiny.<\/p>\n<p>Jedn\u00edm z hlavn\u00edch p\u0159\u00edznak\u016f autismu u d\u011bt\u00ed je probl\u00e9m s komunikac\u00ed a soci\u00e1ln\u00edmi interakcemi. D\u011bti s touto poruchou maj\u00ed \u010dasto probl\u00e9my s porozum\u011bn\u00edm neverb\u00e1ln\u00ed komunikace, jako jsou nap\u0159\u00edklad gesta, mimika nebo t\u00f3n hlasu. Mohou tak\u00e9 m\u00edt probl\u00e9my s navazov\u00e1n\u00edm a udr\u017eov\u00e1n\u00edm p\u0159\u00e1telstv\u00ed a vytv\u00e1\u0159en\u00edm vztah\u016f s ostatn\u00edmi d\u011btmi.<\/p>\n<p>Dal\u0161\u00edm v\u00fdznamn\u00fdm p\u0159\u00edznakem je omezen\u00fd a stereotypn\u00ed z\u00e1jem a chov\u00e1n\u00ed. D\u011bti s<\/p>\n<\/div>\n<div class='topic'>\n<h2>Jak\u00e9 jsou mo\u017enosti l\u00e9\u010dby a podpory pro d\u011bti s autismem?<\/h2>\n<p>Autismus je neurov\u00fdvojov\u00e9 onemocn\u011bn\u00ed, kter\u00e9 ovliv\u0148uje soci\u00e1ln\u00ed interakce, komunikaci a chov\u00e1n\u00ed jedince. Toto onemocn\u011bn\u00ed se obvykle projevuje ji\u017e v d\u011btstv\u00ed a m\u016f\u017ee m\u00edt r\u016fzn\u00e9 formy a z\u00e1va\u017enosti. Pro d\u011bti s autismem je d\u016fle\u017eit\u00e1 v\u010dasn\u00e1 diagn\u00f3za a n\u00e1sledn\u00e1 l\u00e9\u010dba a podpora, kter\u00e1 jim pom\u016f\u017ee zlep\u0161it jejich kvalitu \u017eivota.<\/p>\n<p>Existuje mnoho mo\u017enost\u00ed l\u00e9\u010dby a podpory pro d\u011bti s autismem, kter\u00e9 jsou zam\u011b\u0159eny na r\u016fzn\u00e9 aspekty jejich \u017eivota. Jednou z nejd\u016fle\u017eit\u011bj\u0161\u00edch forem l\u00e9\u010dby je terapie, kter\u00e1 pom\u00e1h\u00e1 d\u011btem s autismem zlep\u0161it sv\u00e9 soci\u00e1ln\u00ed a komunika\u010dn\u00ed schopnosti. Mezi nej\u010dast\u011bji pou\u017e\u00edvan\u00e9 terapie pat\u0159\u00ed behavior\u00e1ln\u00ed terapie, kter\u00e1 se zam\u011b\u0159uje na zm\u011bnu ne\u017e\u00e1douc\u00edho chov\u00e1n\u00ed a posilov\u00e1n\u00ed pozitivn\u00edho<\/p>\n<\/div>\n<div class='topic'>\n<h2>Vliv autismu na vzd\u011bl\u00e1v\u00e1n\u00ed a soci\u00e1ln\u00ed interakci u d\u011bt\u00ed.<\/h2>\n<p>Autismus je neurov\u00fdvojov\u00e1 porucha, kter\u00e1 ovliv\u0148uje soci\u00e1ln\u00ed interakci, komunikaci a chov\u00e1n\u00ed jedince. Tato porucha se obvykle projevuje ji\u017e v d\u011btstv\u00ed a m\u016f\u017ee m\u00edt v\u00fdrazn\u00fd vliv na vzd\u011bl\u00e1v\u00e1n\u00ed a soci\u00e1ln\u00ed interakci u d\u011bt\u00ed.<\/p>\n<p>Vzd\u011bl\u00e1v\u00e1n\u00ed je pro d\u011bti s autismem velmi d\u016fle\u017eit\u00e9, proto\u017ee jim pom\u00e1h\u00e1 rozv\u00edjet jejich schopnosti a dovednosti a p\u0159ipravuje je na budouc\u00ed \u017eivot. Nicm\u00e9n\u011b, vzd\u011bl\u00e1v\u00e1n\u00ed d\u011bt\u00ed s autismem m\u016f\u017ee b\u00fdt n\u00e1ro\u010dn\u00e9 pro u\u010ditele, rodi\u010de a samotn\u00e9 d\u011bti. D\u011bti s autismem maj\u00ed \u010dasto probl\u00e9my s komunikac\u00ed a soci\u00e1ln\u00edmi interakcemi, co\u017e m\u016f\u017ee b\u00fdt p\u0159ek\u00e1\u017ekou p\u0159i u\u010den\u00ed se nov\u00fdch v\u011bc\u00ed a navazov\u00e1n\u00ed vztah\u016f s ostatn\u00edmi d\u011btmi.<\/p>\n<p>Jedn\u00edm z hlavn\u00edch vliv\u016f autismu na vzd\u011bl\u00e1v\u00e1n\u00ed je pot\u0159eba individu\u00e1ln\u00ed<\/p>\n<\/div>\n<div class='topic'>\n<h2>Jak mohou rodi\u010de a rodina pomoci d\u00edt\u011bti s autismem?<\/h2>\n<p>Autismus je neurov\u00fdvojov\u00e9 onemocn\u011bn\u00ed, kter\u00e9 ovliv\u0148uje komunikaci, soci\u00e1ln\u00ed interakci a chov\u00e1n\u00ed jedince. Pro rodi\u010de d\u00edt\u011bte s autismem m\u016f\u017ee b\u00fdt obt\u00ed\u017en\u00e9 porozum\u011bt tomuto stavu a naj\u00edt zp\u016fsoby, jak pomoci sv\u00e9mu d\u00edt\u011bti. Nicm\u00e9n\u011b, rodina a rodi\u010de mohou hr\u00e1t kl\u00ed\u010dovou roli v podpo\u0159e a rozvoji d\u00edt\u011bte s autismem.<\/p>\n<p>Prvn\u00edm krokem pro rodi\u010de je porozum\u011bt tomu, co autismus je a jak ovliv\u0148uje jejich d\u00edt\u011b. Je d\u016fle\u017eit\u00e9 z\u00edskat informace od odborn\u00edk\u016f, jako jsou l\u00e9ka\u0159i, psychologov\u00e9 a pedagogov\u00e9, kte\u0159\u00ed mohou poskytnout pot\u0159ebn\u00e9 znalosti a poradenstv\u00ed. Rodi\u010de by m\u011bli tak\u00e9 hledat podporu od organizac\u00ed pro autismus a komunitn\u00edch skupin, kde mohou naj\u00edt dal\u0161\u00ed rodi\u010de d\u011bt\u00ed s autismem a sd\u00edlet sv\u00e9 zku\u0161enosti.<\/p>\n<p>Dal\u0161\u00edm d\u016f<\/p>\n<\/div>\n<\/div>\n","protected":false},"excerpt":{"rendered":"<p>Co je autismus u d\u011bt\u00ed a jak\u00e9 jsou jeho p\u0159\u00edznaky? Autismus u d\u011bt\u00ed je neurov\u00fdvojov\u00e1 porucha, kter\u00e1 ovliv\u0148uje soci\u00e1ln\u00ed interakce, komunikaci a chov\u00e1n\u00ed. Tato porucha&#8230;<\/p>\n","protected":false},"author":1,"featured_media":0,"comment_status":"","ping_status":"open","sticky":false,"template":"","format":"standard","meta":{"inline_featured_image":false},"categories":[849],"tags":[],"yoast_head":"<!-- This site is optimized with the Yoast SEO plugin v18.1 - https:\/\/yoast.com\/wordpress\/plugins\/seo\/ -->\n<title>Autismus u deti - Test Mysli<\/title>\n<meta name=\"robots\" content=\"index, follow, max-snippet:-1, max-image-preview:large, max-video-preview:-1\" \/>\n<link rel=\"canonical\" href=\"https:\/\/www.diagnostika-mysli.cz\/blog\/autismus\/autismus-u-deti-2\/\" \/>\n<meta property=\"og:locale\" content=\"cs_CZ\" \/>\n<meta property=\"og:type\" content=\"article\" \/>\n<meta property=\"og:title\" content=\"Autismus u deti - Test Mysli\" \/>\n<meta property=\"og:description\" content=\"Co je autismus u d\u011bt\u00ed a jak\u00e9 jsou jeho p\u0159\u00edznaky? Autismus u d\u011bt\u00ed je neurov\u00fdvojov\u00e1 porucha, kter\u00e1 ovliv\u0148uje soci\u00e1ln\u00ed interakce, komunikaci a chov\u00e1n\u00ed. Tato porucha...\" \/>\n<meta property=\"og:url\" content=\"https:\/\/www.diagnostika-mysli.cz\/blog\/autismus\/autismus-u-deti-2\/\" \/>\n<meta property=\"og:site_name\" content=\"Test Mysli\" \/>\n<meta property=\"article:published_time\" content=\"2025-05-06T01:25:17+00:00\" \/>\n<meta name=\"twitter:card\" content=\"summary_large_image\" \/>\n<meta name=\"twitter:label1\" content=\"Napsal(a)\" \/>\n\t<meta name=\"twitter:data1\" content=\"Test Mysli\" \/>\n\t<meta name=\"twitter:label2\" content=\"Odhadovan\u00e1 doba \u010dten\u00ed\" \/>\n\t<meta name=\"twitter:data2\" content=\"3 minuty\" \/>\n<script type=\"application\/ld+json\" class=\"yoast-schema-graph\">{\"@context\":\"https:\/\/schema.org\",\"@graph\":[{\"@type\":\"WebSite\",\"@id\":\"https:\/\/www.diagnostika-mysli.cz\/blog\/#website\",\"url\":\"https:\/\/www.diagnostika-mysli.cz\/blog\/\",\"name\":\"Test Mysli\",\"description\":\"Blog o poruch\u00e1ch mysli\",\"potentialAction\":[{\"@type\":\"SearchAction\",\"target\":{\"@type\":\"EntryPoint\",\"urlTemplate\":\"https:\/\/www.diagnostika-mysli.cz\/blog\/?s={search_term_string}\"},\"query-input\":\"required name=search_term_string\"}],\"inLanguage\":\"cs\"},{\"@type\":\"WebPage\",\"@id\":\"https:\/\/www.diagnostika-mysli.cz\/blog\/autismus\/autismus-u-deti-2\/#webpage\",\"url\":\"https:\/\/www.diagnostika-mysli.cz\/blog\/autismus\/autismus-u-deti-2\/\",\"name\":\"Autismus u deti - Test Mysli\",\"isPartOf\":{\"@id\":\"https:\/\/www.diagnostika-mysli.cz\/blog\/#website\"},\"datePublished\":\"2025-05-06T01:25:17+00:00\",\"dateModified\":\"2025-05-06T01:25:17+00:00\",\"author\":{\"@id\":\"https:\/\/www.diagnostika-mysli.cz\/blog\/#\/schema\/person\/8eb1bcaf59fea75c780c11946f4e3490\"},\"breadcrumb\":{\"@id\":\"https:\/\/www.diagnostika-mysli.cz\/blog\/autismus\/autismus-u-deti-2\/#breadcrumb\"},\"inLanguage\":\"cs\",\"potentialAction\":[{\"@type\":\"ReadAction\",\"target\":[\"https:\/\/www.diagnostika-mysli.cz\/blog\/autismus\/autismus-u-deti-2\/\"]}]},{\"@type\":\"BreadcrumbList\",\"@id\":\"https:\/\/www.diagnostika-mysli.cz\/blog\/autismus\/autismus-u-deti-2\/#breadcrumb\",\"itemListElement\":[{\"@type\":\"ListItem\",\"position\":1,\"name\":\"Blog\",\"item\":\"https:\/\/www.diagnostika-mysli.cz\/blog\/\"},{\"@type\":\"ListItem\",\"position\":2,\"name\":\"Autismus\",\"item\":\"https:\/\/www.diagnostika-mysli.cz\/blog\/autismus\/\"},{\"@type\":\"ListItem\",\"position\":3,\"name\":\"Autismus u deti\"}]},{\"@type\":\"Person\",\"@id\":\"https:\/\/www.diagnostika-mysli.cz\/blog\/#\/schema\/person\/8eb1bcaf59fea75c780c11946f4e3490\",\"name\":\"Test Mysli\",\"image\":{\"@type\":\"ImageObject\",\"@id\":\"https:\/\/www.diagnostika-mysli.cz\/blog\/#personlogo\",\"inLanguage\":\"cs\",\"url\":\"https:\/\/secure.gravatar.com\/avatar\/6743211f010801ea26aa9423a2daab37?s=96&d=mm&r=g\",\"contentUrl\":\"https:\/\/secure.gravatar.com\/avatar\/6743211f010801ea26aa9423a2daab37?s=96&d=mm&r=g\",\"caption\":\"Test Mysli\"},\"sameAs\":[\"https:\/\/www.diagnostika-mysli.cz\/blog\"],\"url\":\"https:\/\/www.diagnostika-mysli.cz\/blog\/author\/diagnostyka-umyslu\/\"}]}<\/script>\n<!-- \/ Yoast SEO plugin. -->","yoast_head_json":{"title":"Autismus u deti - Test Mysli","robots":{"index":"index","follow":"follow","max-snippet":"max-snippet:-1","max-image-preview":"max-image-preview:large","max-video-preview":"max-video-preview:-1"},"canonical":"https:\/\/www.diagnostika-mysli.cz\/blog\/autismus\/autismus-u-deti-2\/","og_locale":"cs_CZ","og_type":"article","og_title":"Autismus u deti - Test Mysli","og_description":"Co je autismus u d\u011bt\u00ed a jak\u00e9 jsou jeho p\u0159\u00edznaky? Autismus u d\u011bt\u00ed je neurov\u00fdvojov\u00e1 porucha, kter\u00e1 ovliv\u0148uje soci\u00e1ln\u00ed interakce, komunikaci a chov\u00e1n\u00ed. Tato porucha...","og_url":"https:\/\/www.diagnostika-mysli.cz\/blog\/autismus\/autismus-u-deti-2\/","og_site_name":"Test Mysli","article_published_time":"2025-05-06T01:25:17+00:00","twitter_card":"summary_large_image","twitter_misc":{"Napsal(a)":"Test Mysli","Odhadovan\u00e1 doba \u010dten\u00ed":"3 minuty"},"schema":{"@context":"https:\/\/schema.org","@graph":[{"@type":"WebSite","@id":"https:\/\/www.diagnostika-mysli.cz\/blog\/#website","url":"https:\/\/www.diagnostika-mysli.cz\/blog\/","name":"Test Mysli","description":"Blog o poruch\u00e1ch mysli","potentialAction":[{"@type":"SearchAction","target":{"@type":"EntryPoint","urlTemplate":"https:\/\/www.diagnostika-mysli.cz\/blog\/?s={search_term_string}"},"query-input":"required name=search_term_string"}],"inLanguage":"cs"},{"@type":"WebPage","@id":"https:\/\/www.diagnostika-mysli.cz\/blog\/autismus\/autismus-u-deti-2\/#webpage","url":"https:\/\/www.diagnostika-mysli.cz\/blog\/autismus\/autismus-u-deti-2\/","name":"Autismus u deti - Test Mysli","isPartOf":{"@id":"https:\/\/www.diagnostika-mysli.cz\/blog\/#website"},"datePublished":"2025-05-06T01:25:17+00:00","dateModified":"2025-05-06T01:25:17+00:00","author":{"@id":"https:\/\/www.diagnostika-mysli.cz\/blog\/#\/schema\/person\/8eb1bcaf59fea75c780c11946f4e3490"},"breadcrumb":{"@id":"https:\/\/www.diagnostika-mysli.cz\/blog\/autismus\/autismus-u-deti-2\/#breadcrumb"},"inLanguage":"cs","potentialAction":[{"@type":"ReadAction","target":["https:\/\/www.diagnostika-mysli.cz\/blog\/autismus\/autismus-u-deti-2\/"]}]},{"@type":"BreadcrumbList","@id":"https:\/\/www.diagnostika-mysli.cz\/blog\/autismus\/autismus-u-deti-2\/#breadcrumb","itemListElement":[{"@type":"ListItem","position":1,"name":"Blog","item":"https:\/\/www.diagnostika-mysli.cz\/blog\/"},{"@type":"ListItem","position":2,"name":"Autismus","item":"https:\/\/www.diagnostika-mysli.cz\/blog\/autismus\/"},{"@type":"ListItem","position":3,"name":"Autismus u deti"}]},{"@type":"Person","@id":"https:\/\/www.diagnostika-mysli.cz\/blog\/#\/schema\/person\/8eb1bcaf59fea75c780c11946f4e3490","name":"Test Mysli","image":{"@type":"ImageObject","@id":"https:\/\/www.diagnostika-mysli.cz\/blog\/#personlogo","inLanguage":"cs","url":"https:\/\/secure.gravatar.com\/avatar\/6743211f010801ea26aa9423a2daab37?s=96&d=mm&r=g","contentUrl":"https:\/\/secure.gravatar.com\/avatar\/6743211f010801ea26aa9423a2daab37?s=96&d=mm&r=g","caption":"Test Mysli"},"sameAs":["https:\/\/www.diagnostika-mysli.cz\/blog"],"url":"https:\/\/www.diagnostika-mysli.cz\/blog\/author\/diagnostyka-umyslu\/"}]}},"amp_enabled":true,"_links":{"self":[{"href":"https:\/\/www.diagnostika-mysli.cz\/blog\/wp-json\/wp\/v2\/posts\/3275"}],"collection":[{"href":"https:\/\/www.diagnostika-mysli.cz\/blog\/wp-json\/wp\/v2\/posts"}],"about":[{"href":"https:\/\/www.diagnostika-mysli.cz\/blog\/wp-json\/wp\/v2\/types\/post"}],"author":[{"embeddable":true,"href":"https:\/\/www.diagnostika-mysli.cz\/blog\/wp-json\/wp\/v2\/users\/1"}],"replies":[{"embeddable":true,"href":"https:\/\/www.diagnostika-mysli.cz\/blog\/wp-json\/wp\/v2\/comments?post=3275"}],"version-history":[{"count":0,"href":"https:\/\/www.diagnostika-mysli.cz\/blog\/wp-json\/wp\/v2\/posts\/3275\/revisions"}],"wp:attachment":[{"href":"https:\/\/www.diagnostika-mysli.cz\/blog\/wp-json\/wp\/v2\/media?parent=3275"}],"wp:term":[{"taxonomy":"category","embeddable":true,"href":"https:\/\/www.diagnostika-mysli.cz\/blog\/wp-json\/wp\/v2\/categories?post=3275"},{"taxonomy":"post_tag","embeddable":true,"href":"https:\/\/www.diagnostika-mysli.cz\/blog\/wp-json\/wp\/v2\/tags?post=3275"}],"curies":[{"name":"wp","href":"https:\/\/api.w.org\/{rel}","templated":true}]}}