{"id":3292,"date":"2025-05-14T03:25:16","date_gmt":"2025-05-14T01:25:16","guid":{"rendered":"https:\/\/www.diagnostika-mysli.cz\/blog\/autismus\/znaky-autismu-u-dospelych\/"},"modified":"2025-05-14T03:25:16","modified_gmt":"2025-05-14T01:25:16","slug":"znaky-autismu-u-dospelych","status":"publish","type":"post","link":"https:\/\/www.diagnostika-mysli.cz\/blog\/autismus\/znaky-autismu-u-dospelych\/","title":{"rendered":"Znaky autismu u dosp\u011bl\u00fdch"},"content":{"rendered":"<div class='topics'>\n<div class='topic'>\n<h2>&#8220;Jak rozpoznat znaky autismu u dosp\u011bl\u00fdch a jak s nimi pracovat&#8221;<\/h2>\n<p>Autismus je neurov\u00fdvojov\u00e1 porucha, kter\u00e1 ovliv\u0148uje soci\u00e1ln\u00ed interakce, komunikaci a chov\u00e1n\u00ed jedince. \u010casto se zam\u011b\u0159ujeme na detekci a l\u00e9\u010dbu autismu u d\u011bt\u00ed, ale m\u00e9n\u011b se hovo\u0159\u00ed o tom, jak rozpoznat a pracovat s autismem u dosp\u011bl\u00fdch. V tomto \u010dl\u00e1nku se pod\u00edv\u00e1me na znaky autismu u dosp\u011bl\u00fdch a jak s nimi pracovat.<\/p>\n<p>Znaky autismu u dosp\u011bl\u00fdch mohou b\u00fdt velmi rozmanit\u00e9 a mohou se li\u0161it od jedince k jedinci. N\u011bkter\u00e9 z nej\u010dast\u011bj\u0161\u00edch znak\u016f autismu u dosp\u011bl\u00fdch zahrnuj\u00ed probl\u00e9my s komunikac\u00ed a soci\u00e1ln\u00edmi interakcemi, opakuj\u00edc\u00ed se chov\u00e1n\u00ed a omezen\u00e9 z\u00e1jmy. Dosp\u011bl\u00ed s autismem mohou m\u00edt tak\u00e9 probl\u00e9my s porozum\u011bn\u00edm emoc\u00ed a s p\u0159izp\u016fsoben\u00edm se zm\u011bn\u00e1m v rutin\u011b.<\/p>\n<p>Jedn\u00edm z hlavn\u00edch znak\u016f autismu u dosp\u011bl\u00fdch je probl<\/p>\n<\/div>\n<div class='topic'>\n<h2>&#8220;Vliv autismu na \u017eivot dosp\u011bl\u00fdch jedinc\u016f a jejich rodin&#8221;<\/h2>\n<p>Autismus je neurov\u00fdvojov\u00e9 onemocn\u011bn\u00ed, kter\u00e9 ovliv\u0148uje soci\u00e1ln\u00ed interakce, komunikaci a chov\u00e1n\u00ed jedince. Toto onemocn\u011bn\u00ed se obvykle projevuje ji\u017e v d\u011btstv\u00ed, ale m\u016f\u017ee tak\u00e9 postihnout dosp\u011bl\u00e9 jedince. Vliv autismu na \u017eivot dosp\u011bl\u00fdch jedinc\u016f a jejich rodin je velmi v\u00fdznamn\u00fd a m\u016f\u017ee b\u00fdt n\u00e1ro\u010dn\u00fd.<\/p>\n<p>Pro dosp\u011bl\u00e9 jedince s autismem je ka\u017edodenn\u00ed \u017eivot \u010dasto pln\u00fd v\u00fdzev. Mnoho z nich m\u00e1 probl\u00e9my s komunikac\u00ed a soci\u00e1ln\u00edmi interakcemi, co\u017e m\u016f\u017ee v\u00e9st k izolaci a pocitu osam\u011blosti. N\u011bkte\u0159\u00ed jedinci s autismem tak\u00e9 projevuj\u00ed opakuj\u00edc\u00ed se chov\u00e1n\u00ed a maj\u00ed pot\u00ed\u017ee s p\u0159izp\u016fsoben\u00edm se zm\u011bn\u00e1m v rutin\u011b. To m\u016f\u017ee b\u00fdt pro n\u011b velmi frustruj\u00edc\u00ed a m\u016f\u017ee ovlivnit jejich schopnost udr\u017eet si zam\u011bstn\u00e1n\u00ed nebo vztahy.<\/p>\n<p>Dal\u0161\u00edm<\/p>\n<\/div>\n<div class='topic'>\n<h2>&#8220;Mo\u017enosti terapie a podpory pro dosp\u011bl\u00e9 s autismem&#8221;<\/h2>\n<p>Autismus je neurov\u00fdvojov\u00e9 onemocn\u011bn\u00ed, kter\u00e9 ovliv\u0148uje soci\u00e1ln\u00ed interakci, komunikaci a chov\u00e1n\u00ed jedince. A\u010dkoli se \u010dasto spojuje s d\u011btstv\u00edm, m\u016f\u017ee se projevovat i u dosp\u011bl\u00fdch. Pro tyto jedince m\u016f\u017ee b\u00fdt obt\u00ed\u017en\u00e9 naj\u00edt vhodnou terapii a podporu, kter\u00e1 by jim pomohla zvl\u00e1dat ka\u017edodenn\u00ed \u017eivot a rozv\u00edjet sv\u00e9 schopnosti. V tomto \u010dl\u00e1nku se pod\u00edv\u00e1me na mo\u017enosti terapie a podpory pro dosp\u011bl\u00e9 s autismem.<\/p>\n<p>1. Terapie<\/p>\n<p>Terapie je d\u016fle\u017eitou sou\u010d\u00e1st\u00ed l\u00e9\u010dby pro dosp\u011bl\u00e9 s autismem. Existuje n\u011bkolik typ\u016f terapie, kter\u00e9 mohou b\u00fdt \u00fa\u010dinn\u00e9 p\u0159i zvl\u00e1d\u00e1n\u00ed symptom\u016f autismu a zlep\u0161ov\u00e1n\u00ed kvality \u017eivota jedince.<\/p>\n<p>&#8211; Behavior\u00e1ln\u00ed terapie: Tato terapie se zam\u011b\u0159uje na zm\u011bnu ne\u017e\u00e1douc\u00edho chov\u00e1n\u00ed a u\u010den\u00ed nov\u00fdch dovednost\u00ed. Jedn\u00e1 se o st<\/p>\n<\/div>\n<div class='topic'>\n<h2>&#8220;Autismus a zam\u011bstn\u00e1n\u00ed &#8211; jak\u00e9 jsou v\u00fdzvy a mo\u017enosti pro dosp\u011bl\u00e9 s touto poruchou&#8221;<\/h2>\n<p>Autismus je neurov\u00fdvojov\u00e1 porucha, kter\u00e1 ovliv\u0148uje soci\u00e1ln\u00ed interakce, komunikaci a chov\u00e1n\u00ed jedince. Tato porucha se projevuje ji\u017e v d\u011btstv\u00ed, ale m\u016f\u017ee trvat po cel\u00fd \u017eivot. V posledn\u00edch letech se v\u0161ak st\u00e1le v\u00edce hovo\u0159\u00ed o autismu u dosp\u011bl\u00fdch a o v\u00fdzv\u00e1ch, kter\u00e9 s sebou p\u0159in\u00e1\u0161\u00ed v oblasti zam\u011bstn\u00e1n\u00ed.<\/p>\n<p>Pro dosp\u011bl\u00e9 s autismem m\u016f\u017ee b\u00fdt hled\u00e1n\u00ed a udr\u017een\u00ed zam\u011bstn\u00e1n\u00ed velkou v\u00fdzvou. Jedn\u00edm z hlavn\u00edch d\u016fvod\u016f je nepochopen\u00ed a nedostate\u010dn\u00e9 informovanosti o t\u00e9to poru\u0161e ze strany zam\u011bstnavatel\u016f. Mnoho lid\u00ed s autismem m\u00e1 vysokou inteligenci a schopnosti, ale jejich soci\u00e1ln\u00ed a komunika\u010dn\u00ed obt\u00ed\u017ee mohou b\u00fdt p\u0159ek\u00e1\u017ekou p\u0159i hled\u00e1n\u00ed pr\u00e1ce. Nav\u00edc mnoho zam\u011bstnavatel\u016f preferuje pr\u00e1ci v t\u00fdmu a schopnost rychle se p\u0159izp\u016fsobit zm\u011bn\u00e1m, co\u017e<\/p>\n<\/div>\n<\/div>\n","protected":false},"excerpt":{"rendered":"<p>&#8220;Jak rozpoznat znaky autismu u dosp\u011bl\u00fdch a jak s nimi pracovat&#8221; Autismus je neurov\u00fdvojov\u00e1 porucha, kter\u00e1 ovliv\u0148uje soci\u00e1ln\u00ed interakce, komunikaci a chov\u00e1n\u00ed jedince. \u010casto se&#8230;<\/p>\n","protected":false},"author":1,"featured_media":0,"comment_status":"","ping_status":"open","sticky":false,"template":"","format":"standard","meta":{"inline_featured_image":false},"categories":[849],"tags":[],"yoast_head":"<!-- This site is optimized with the Yoast SEO plugin v18.1 - https:\/\/yoast.com\/wordpress\/plugins\/seo\/ -->\n<title>Znaky autismu u dosp\u011bl\u00fdch - Test Mysli<\/title>\n<meta name=\"robots\" content=\"index, follow, max-snippet:-1, max-image-preview:large, max-video-preview:-1\" \/>\n<link rel=\"canonical\" href=\"https:\/\/www.diagnostika-mysli.cz\/blog\/autismus\/znaky-autismu-u-dospelych\/\" \/>\n<meta property=\"og:locale\" content=\"cs_CZ\" \/>\n<meta property=\"og:type\" content=\"article\" \/>\n<meta property=\"og:title\" content=\"Znaky autismu u dosp\u011bl\u00fdch - Test Mysli\" \/>\n<meta property=\"og:description\" content=\"&#8220;Jak rozpoznat znaky autismu u dosp\u011bl\u00fdch a jak s nimi pracovat&#8221; Autismus je neurov\u00fdvojov\u00e1 porucha, kter\u00e1 ovliv\u0148uje soci\u00e1ln\u00ed interakce, komunikaci a chov\u00e1n\u00ed jedince. \u010casto se...\" \/>\n<meta property=\"og:url\" content=\"https:\/\/www.diagnostika-mysli.cz\/blog\/autismus\/znaky-autismu-u-dospelych\/\" \/>\n<meta property=\"og:site_name\" content=\"Test Mysli\" \/>\n<meta property=\"article:published_time\" content=\"2025-05-14T01:25:16+00:00\" \/>\n<meta name=\"twitter:card\" content=\"summary_large_image\" \/>\n<meta name=\"twitter:label1\" content=\"Napsal(a)\" \/>\n\t<meta name=\"twitter:data1\" content=\"Test Mysli\" \/>\n\t<meta name=\"twitter:label2\" content=\"Odhadovan\u00e1 doba \u010dten\u00ed\" \/>\n\t<meta name=\"twitter:data2\" content=\"3 minuty\" \/>\n<script type=\"application\/ld+json\" class=\"yoast-schema-graph\">{\"@context\":\"https:\/\/schema.org\",\"@graph\":[{\"@type\":\"WebSite\",\"@id\":\"https:\/\/www.diagnostika-mysli.cz\/blog\/#website\",\"url\":\"https:\/\/www.diagnostika-mysli.cz\/blog\/\",\"name\":\"Test Mysli\",\"description\":\"Blog o poruch\u00e1ch mysli\",\"potentialAction\":[{\"@type\":\"SearchAction\",\"target\":{\"@type\":\"EntryPoint\",\"urlTemplate\":\"https:\/\/www.diagnostika-mysli.cz\/blog\/?s={search_term_string}\"},\"query-input\":\"required name=search_term_string\"}],\"inLanguage\":\"cs\"},{\"@type\":\"WebPage\",\"@id\":\"https:\/\/www.diagnostika-mysli.cz\/blog\/autismus\/znaky-autismu-u-dospelych\/#webpage\",\"url\":\"https:\/\/www.diagnostika-mysli.cz\/blog\/autismus\/znaky-autismu-u-dospelych\/\",\"name\":\"Znaky autismu u dosp\u011bl\u00fdch - Test Mysli\",\"isPartOf\":{\"@id\":\"https:\/\/www.diagnostika-mysli.cz\/blog\/#website\"},\"datePublished\":\"2025-05-14T01:25:16+00:00\",\"dateModified\":\"2025-05-14T01:25:16+00:00\",\"author\":{\"@id\":\"https:\/\/www.diagnostika-mysli.cz\/blog\/#\/schema\/person\/8eb1bcaf59fea75c780c11946f4e3490\"},\"breadcrumb\":{\"@id\":\"https:\/\/www.diagnostika-mysli.cz\/blog\/autismus\/znaky-autismu-u-dospelych\/#breadcrumb\"},\"inLanguage\":\"cs\",\"potentialAction\":[{\"@type\":\"ReadAction\",\"target\":[\"https:\/\/www.diagnostika-mysli.cz\/blog\/autismus\/znaky-autismu-u-dospelych\/\"]}]},{\"@type\":\"BreadcrumbList\",\"@id\":\"https:\/\/www.diagnostika-mysli.cz\/blog\/autismus\/znaky-autismu-u-dospelych\/#breadcrumb\",\"itemListElement\":[{\"@type\":\"ListItem\",\"position\":1,\"name\":\"Blog\",\"item\":\"https:\/\/www.diagnostika-mysli.cz\/blog\/\"},{\"@type\":\"ListItem\",\"position\":2,\"name\":\"Autismus\",\"item\":\"https:\/\/www.diagnostika-mysli.cz\/blog\/autismus\/\"},{\"@type\":\"ListItem\",\"position\":3,\"name\":\"Znaky autismu u dosp\u011bl\u00fdch\"}]},{\"@type\":\"Person\",\"@id\":\"https:\/\/www.diagnostika-mysli.cz\/blog\/#\/schema\/person\/8eb1bcaf59fea75c780c11946f4e3490\",\"name\":\"Test Mysli\",\"image\":{\"@type\":\"ImageObject\",\"@id\":\"https:\/\/www.diagnostika-mysli.cz\/blog\/#personlogo\",\"inLanguage\":\"cs\",\"url\":\"https:\/\/secure.gravatar.com\/avatar\/6743211f010801ea26aa9423a2daab37?s=96&d=mm&r=g\",\"contentUrl\":\"https:\/\/secure.gravatar.com\/avatar\/6743211f010801ea26aa9423a2daab37?s=96&d=mm&r=g\",\"caption\":\"Test Mysli\"},\"sameAs\":[\"https:\/\/www.diagnostika-mysli.cz\/blog\"],\"url\":\"https:\/\/www.diagnostika-mysli.cz\/blog\/author\/diagnostyka-umyslu\/\"}]}<\/script>\n<!-- \/ Yoast SEO plugin. -->","yoast_head_json":{"title":"Znaky autismu u dosp\u011bl\u00fdch - Test Mysli","robots":{"index":"index","follow":"follow","max-snippet":"max-snippet:-1","max-image-preview":"max-image-preview:large","max-video-preview":"max-video-preview:-1"},"canonical":"https:\/\/www.diagnostika-mysli.cz\/blog\/autismus\/znaky-autismu-u-dospelych\/","og_locale":"cs_CZ","og_type":"article","og_title":"Znaky autismu u dosp\u011bl\u00fdch - Test Mysli","og_description":"&#8220;Jak rozpoznat znaky autismu u dosp\u011bl\u00fdch a jak s nimi pracovat&#8221; Autismus je neurov\u00fdvojov\u00e1 porucha, kter\u00e1 ovliv\u0148uje soci\u00e1ln\u00ed interakce, komunikaci a chov\u00e1n\u00ed jedince. \u010casto se...","og_url":"https:\/\/www.diagnostika-mysli.cz\/blog\/autismus\/znaky-autismu-u-dospelych\/","og_site_name":"Test Mysli","article_published_time":"2025-05-14T01:25:16+00:00","twitter_card":"summary_large_image","twitter_misc":{"Napsal(a)":"Test Mysli","Odhadovan\u00e1 doba \u010dten\u00ed":"3 minuty"},"schema":{"@context":"https:\/\/schema.org","@graph":[{"@type":"WebSite","@id":"https:\/\/www.diagnostika-mysli.cz\/blog\/#website","url":"https:\/\/www.diagnostika-mysli.cz\/blog\/","name":"Test Mysli","description":"Blog o poruch\u00e1ch mysli","potentialAction":[{"@type":"SearchAction","target":{"@type":"EntryPoint","urlTemplate":"https:\/\/www.diagnostika-mysli.cz\/blog\/?s={search_term_string}"},"query-input":"required name=search_term_string"}],"inLanguage":"cs"},{"@type":"WebPage","@id":"https:\/\/www.diagnostika-mysli.cz\/blog\/autismus\/znaky-autismu-u-dospelych\/#webpage","url":"https:\/\/www.diagnostika-mysli.cz\/blog\/autismus\/znaky-autismu-u-dospelych\/","name":"Znaky autismu u dosp\u011bl\u00fdch - Test Mysli","isPartOf":{"@id":"https:\/\/www.diagnostika-mysli.cz\/blog\/#website"},"datePublished":"2025-05-14T01:25:16+00:00","dateModified":"2025-05-14T01:25:16+00:00","author":{"@id":"https:\/\/www.diagnostika-mysli.cz\/blog\/#\/schema\/person\/8eb1bcaf59fea75c780c11946f4e3490"},"breadcrumb":{"@id":"https:\/\/www.diagnostika-mysli.cz\/blog\/autismus\/znaky-autismu-u-dospelych\/#breadcrumb"},"inLanguage":"cs","potentialAction":[{"@type":"ReadAction","target":["https:\/\/www.diagnostika-mysli.cz\/blog\/autismus\/znaky-autismu-u-dospelych\/"]}]},{"@type":"BreadcrumbList","@id":"https:\/\/www.diagnostika-mysli.cz\/blog\/autismus\/znaky-autismu-u-dospelych\/#breadcrumb","itemListElement":[{"@type":"ListItem","position":1,"name":"Blog","item":"https:\/\/www.diagnostika-mysli.cz\/blog\/"},{"@type":"ListItem","position":2,"name":"Autismus","item":"https:\/\/www.diagnostika-mysli.cz\/blog\/autismus\/"},{"@type":"ListItem","position":3,"name":"Znaky autismu u dosp\u011bl\u00fdch"}]},{"@type":"Person","@id":"https:\/\/www.diagnostika-mysli.cz\/blog\/#\/schema\/person\/8eb1bcaf59fea75c780c11946f4e3490","name":"Test Mysli","image":{"@type":"ImageObject","@id":"https:\/\/www.diagnostika-mysli.cz\/blog\/#personlogo","inLanguage":"cs","url":"https:\/\/secure.gravatar.com\/avatar\/6743211f010801ea26aa9423a2daab37?s=96&d=mm&r=g","contentUrl":"https:\/\/secure.gravatar.com\/avatar\/6743211f010801ea26aa9423a2daab37?s=96&d=mm&r=g","caption":"Test Mysli"},"sameAs":["https:\/\/www.diagnostika-mysli.cz\/blog"],"url":"https:\/\/www.diagnostika-mysli.cz\/blog\/author\/diagnostyka-umyslu\/"}]}},"amp_enabled":true,"_links":{"self":[{"href":"https:\/\/www.diagnostika-mysli.cz\/blog\/wp-json\/wp\/v2\/posts\/3292"}],"collection":[{"href":"https:\/\/www.diagnostika-mysli.cz\/blog\/wp-json\/wp\/v2\/posts"}],"about":[{"href":"https:\/\/www.diagnostika-mysli.cz\/blog\/wp-json\/wp\/v2\/types\/post"}],"author":[{"embeddable":true,"href":"https:\/\/www.diagnostika-mysli.cz\/blog\/wp-json\/wp\/v2\/users\/1"}],"replies":[{"embeddable":true,"href":"https:\/\/www.diagnostika-mysli.cz\/blog\/wp-json\/wp\/v2\/comments?post=3292"}],"version-history":[{"count":0,"href":"https:\/\/www.diagnostika-mysli.cz\/blog\/wp-json\/wp\/v2\/posts\/3292\/revisions"}],"wp:attachment":[{"href":"https:\/\/www.diagnostika-mysli.cz\/blog\/wp-json\/wp\/v2\/media?parent=3292"}],"wp:term":[{"taxonomy":"category","embeddable":true,"href":"https:\/\/www.diagnostika-mysli.cz\/blog\/wp-json\/wp\/v2\/categories?post=3292"},{"taxonomy":"post_tag","embeddable":true,"href":"https:\/\/www.diagnostika-mysli.cz\/blog\/wp-json\/wp\/v2\/tags?post=3292"}],"curies":[{"name":"wp","href":"https:\/\/api.w.org\/{rel}","templated":true}]}}