{"id":3295,"date":"2025-05-15T03:25:24","date_gmt":"2025-05-15T01:25:24","guid":{"rendered":"https:\/\/www.diagnostika-mysli.cz\/blog\/autismus\/dospely-autista\/"},"modified":"2025-05-15T03:25:24","modified_gmt":"2025-05-15T01:25:24","slug":"dospely-autista","status":"publish","type":"post","link":"https:\/\/www.diagnostika-mysli.cz\/blog\/autismus\/dospely-autista\/","title":{"rendered":"Dosp\u011bl\u00fd autista"},"content":{"rendered":"<div class='topics'>\n<div class='topic'>\n<h2>Diagnostika dosp\u011bl\u00e9ho autisty: Jak\u00e9 jsou hlavn\u00ed znaky a jak prob\u00edh\u00e1 diagnostick\u00fd proces?<\/h2>\n<\/p>\n<\/div>\n<div class='topic'>\n<h2>Terapie pro dosp\u011bl\u00e9 autisty: Jak\u00e9 jsou mo\u017enosti l\u00e9\u010dby a jak mohou pomoci zlep\u0161it kvalitu \u017eivota?<\/h2>\n<p>Autismus je neurov\u00fdvojov\u00e9 onemocn\u011bn\u00ed, kter\u00e9 ovliv\u0148uje soci\u00e1ln\u00ed interakce, komunikaci a chov\u00e1n\u00ed jedince. V minulosti byl autismus pova\u017eov\u00e1n za nevyl\u00e9\u010diteln\u00e9 onemocn\u011bn\u00ed, ale d\u00edky pokroku v l\u00e9ka\u0159sk\u00e9m v\u00fdzkumu a terapi\u00edch existuj\u00ed dnes mo\u017enosti, jak pomoci dosp\u011bl\u00fdm autist\u016fm zlep\u0161it kvalitu jejich \u017eivota.<\/p>\n<p>Terapie pro dosp\u011bl\u00e9 autisty se zam\u011b\u0159uj\u00ed na zlep\u0161en\u00ed jejich soci\u00e1ln\u00edch dovednost\u00ed, komunikace a adaptace na b\u011b\u017en\u00e9 ka\u017edodenn\u00ed situace. Existuje n\u011bkolik r\u016fzn\u00fdch typ\u016f terapi\u00ed, kter\u00e9 mohou b\u00fdt pro dosp\u011bl\u00e9 autisty u\u017eite\u010dn\u00e9.<\/p>\n<p>1. Behavior\u00e1ln\u00ed terapie<br \/>Behavior\u00e1ln\u00ed terapie se zam\u011b\u0159uje na zm\u011bnu ne\u017e\u00e1douc\u00edho chov\u00e1n\u00ed a u\u010den\u00ed nov\u00fdch dovednost\u00ed. Tato terapie se \u010dasto pou\u017e\u00edv\u00e1 u d\u011bt\u00ed s autismem, ale m\u016f\u017ee b\u00fdt tak\u00e9 \u00fa\u010dinn\u00e1 u dosp<\/p>\n<\/div>\n<div class='topic'>\n<h2>Soci\u00e1ln\u00ed integrace dosp\u011bl\u00fdch autist\u016f: Jak\u00e9 jsou v\u00fdzvy a p\u0159ek\u00e1\u017eky p\u0159i za\u010dle\u0148ov\u00e1n\u00ed do spole\u010dnosti a jak je lze p\u0159ekonat?<\/h2>\n<p>Soci\u00e1ln\u00ed integrace dosp\u011bl\u00fdch autist\u016f je proces, kter\u00fdm se jedinci s autismem sna\u017e\u00ed za\u010dlenit do spole\u010dnosti a zapojit se do b\u011b\u017en\u00fdch soci\u00e1ln\u00edch interakc\u00ed. Tento proces m\u016f\u017ee b\u00fdt pro n\u011b velmi n\u00e1ro\u010dn\u00fd a pln\u00fd v\u00fdzev, proto\u017ee autismus je porucha, kter\u00e1 ovliv\u0148uje jejich schopnost komunikovat a navazovat vztahy s ostatn\u00edmi lidmi.<\/p>\n<p>Jednou z nejv\u011bt\u0161\u00edch v\u00fdzev p\u0159i soci\u00e1ln\u00ed integraci dosp\u011bl\u00fdch autist\u016f je nedostate\u010dn\u00e9 porozum\u011bn\u00ed jejich poru\u0161e ze strany spole\u010dnosti. Mnoho lid\u00ed m\u00e1 st\u00e1le p\u0159edsudky a stereotypy o autismu, co\u017e m\u016f\u017ee v\u00e9st k nepochopen\u00ed a odm\u00edt\u00e1n\u00ed autist\u016f. To m\u016f\u017ee b\u00fdt pro n\u011b velmi frustruj\u00edc\u00ed a m\u016f\u017ee jim br\u00e1nit v zapojen\u00ed do spole\u010dnosti. Je tedy d\u016fle\u017eit\u00e9, aby se spole\u010dnost v\u00edce informovala o autismu a nau\u010dila se l\u00e9pe porozum\u011bt pot\u0159eb\u00e1m a z<\/p>\n<\/div>\n<div class='topic'>\n<h2>Pr\u00e1ce a zam\u011bstn\u00e1v\u00e1n\u00ed dosp\u011bl\u00fdch autist\u016f: Jak\u00e9 jsou mo\u017enosti a podm\u00ednky pro z\u00edsk\u00e1n\u00ed zam\u011bstn\u00e1n\u00ed a jak\u00e9 jsou p\u0159\u00ednosy pro zam\u011bstnavatele i autistu?<\/h2>\n<p>Pr\u00e1ce a zam\u011bstn\u00e1v\u00e1n\u00ed jsou d\u016fle\u017eitou sou\u010d\u00e1st\u00ed \u017eivota dosp\u011bl\u00fdch osob s autismem. Z\u00edsk\u00e1n\u00ed zam\u011bstn\u00e1n\u00ed m\u016f\u017ee b\u00fdt pro n\u011b velk\u00fdm p\u0159\u00ednosem, nejen finan\u010dn\u011b, ale tak\u00e9 pro jejich soci\u00e1ln\u00ed a emocion\u00e1ln\u00ed rozvoj. Nicm\u00e9n\u011b, pro mnoho dosp\u011bl\u00fdch s autismem m\u016f\u017ee b\u00fdt hled\u00e1n\u00ed a udr\u017een\u00ed zam\u011bstn\u00e1n\u00ed v\u00fdzvou, kv\u016fli specifick\u00fdm pot\u0159eb\u00e1m a schopnostem, kter\u00e9 mohou m\u00edt.<\/p>\n<p>Existuje n\u011bkolik mo\u017enost\u00ed pro z\u00edsk\u00e1n\u00ed zam\u011bstn\u00e1n\u00ed pro dosp\u011bl\u00e9 s autismem. Jednou z nich je zam\u011bstn\u00e1n\u00ed v chr\u00e1n\u011bn\u00fdch d\u00edln\u00e1ch, kter\u00e9 jsou ur\u010deny pro osoby s r\u016fzn\u00fdmi typy posti\u017een\u00ed. V t\u011bchto d\u00edln\u00e1ch jsou poskytov\u00e1ny speci\u00e1ln\u00ed pracovn\u00ed p\u0159\u00edle\u017eitosti, kter\u00e9 jsou p\u0159izp\u016fsobeny individu\u00e1ln\u00edm pot\u0159eb\u00e1m a schopnostem ka\u017ed\u00e9ho jednotlivce. Tato mo\u017enost je<\/p>\n<\/div>\n<\/div>\n","protected":false},"excerpt":{"rendered":"<p>Diagnostika dosp\u011bl\u00e9ho autisty: Jak\u00e9 jsou hlavn\u00ed znaky a jak prob\u00edh\u00e1 diagnostick\u00fd proces? Terapie pro dosp\u011bl\u00e9 autisty: Jak\u00e9 jsou mo\u017enosti l\u00e9\u010dby a jak mohou pomoci zlep\u0161it&#8230;<\/p>\n","protected":false},"author":1,"featured_media":0,"comment_status":"","ping_status":"open","sticky":false,"template":"","format":"standard","meta":{"inline_featured_image":false},"categories":[849],"tags":[],"yoast_head":"<!-- This site is optimized with the Yoast SEO plugin v18.1 - https:\/\/yoast.com\/wordpress\/plugins\/seo\/ -->\n<title>Dosp\u011bl\u00fd autista - Test Mysli<\/title>\n<meta name=\"robots\" content=\"index, follow, max-snippet:-1, max-image-preview:large, max-video-preview:-1\" \/>\n<link rel=\"canonical\" href=\"https:\/\/www.diagnostika-mysli.cz\/blog\/autismus\/dospely-autista\/\" \/>\n<meta property=\"og:locale\" content=\"cs_CZ\" \/>\n<meta property=\"og:type\" content=\"article\" \/>\n<meta property=\"og:title\" content=\"Dosp\u011bl\u00fd autista - Test Mysli\" \/>\n<meta property=\"og:description\" content=\"Diagnostika dosp\u011bl\u00e9ho autisty: Jak\u00e9 jsou hlavn\u00ed znaky a jak prob\u00edh\u00e1 diagnostick\u00fd proces? Terapie pro dosp\u011bl\u00e9 autisty: Jak\u00e9 jsou mo\u017enosti l\u00e9\u010dby a jak mohou pomoci zlep\u0161it...\" \/>\n<meta property=\"og:url\" content=\"https:\/\/www.diagnostika-mysli.cz\/blog\/autismus\/dospely-autista\/\" \/>\n<meta property=\"og:site_name\" content=\"Test Mysli\" \/>\n<meta property=\"article:published_time\" content=\"2025-05-15T01:25:24+00:00\" \/>\n<meta name=\"twitter:card\" content=\"summary_large_image\" \/>\n<meta name=\"twitter:label1\" content=\"Napsal(a)\" \/>\n\t<meta name=\"twitter:data1\" content=\"Test Mysli\" \/>\n\t<meta name=\"twitter:label2\" content=\"Odhadovan\u00e1 doba \u010dten\u00ed\" \/>\n\t<meta name=\"twitter:data2\" content=\"3 minuty\" \/>\n<script type=\"application\/ld+json\" class=\"yoast-schema-graph\">{\"@context\":\"https:\/\/schema.org\",\"@graph\":[{\"@type\":\"WebSite\",\"@id\":\"https:\/\/www.diagnostika-mysli.cz\/blog\/#website\",\"url\":\"https:\/\/www.diagnostika-mysli.cz\/blog\/\",\"name\":\"Test Mysli\",\"description\":\"Blog o poruch\u00e1ch mysli\",\"potentialAction\":[{\"@type\":\"SearchAction\",\"target\":{\"@type\":\"EntryPoint\",\"urlTemplate\":\"https:\/\/www.diagnostika-mysli.cz\/blog\/?s={search_term_string}\"},\"query-input\":\"required name=search_term_string\"}],\"inLanguage\":\"cs\"},{\"@type\":\"WebPage\",\"@id\":\"https:\/\/www.diagnostika-mysli.cz\/blog\/autismus\/dospely-autista\/#webpage\",\"url\":\"https:\/\/www.diagnostika-mysli.cz\/blog\/autismus\/dospely-autista\/\",\"name\":\"Dosp\u011bl\u00fd autista - Test Mysli\",\"isPartOf\":{\"@id\":\"https:\/\/www.diagnostika-mysli.cz\/blog\/#website\"},\"datePublished\":\"2025-05-15T01:25:24+00:00\",\"dateModified\":\"2025-05-15T01:25:24+00:00\",\"author\":{\"@id\":\"https:\/\/www.diagnostika-mysli.cz\/blog\/#\/schema\/person\/8eb1bcaf59fea75c780c11946f4e3490\"},\"breadcrumb\":{\"@id\":\"https:\/\/www.diagnostika-mysli.cz\/blog\/autismus\/dospely-autista\/#breadcrumb\"},\"inLanguage\":\"cs\",\"potentialAction\":[{\"@type\":\"ReadAction\",\"target\":[\"https:\/\/www.diagnostika-mysli.cz\/blog\/autismus\/dospely-autista\/\"]}]},{\"@type\":\"BreadcrumbList\",\"@id\":\"https:\/\/www.diagnostika-mysli.cz\/blog\/autismus\/dospely-autista\/#breadcrumb\",\"itemListElement\":[{\"@type\":\"ListItem\",\"position\":1,\"name\":\"Blog\",\"item\":\"https:\/\/www.diagnostika-mysli.cz\/blog\/\"},{\"@type\":\"ListItem\",\"position\":2,\"name\":\"Autismus\",\"item\":\"https:\/\/www.diagnostika-mysli.cz\/blog\/autismus\/\"},{\"@type\":\"ListItem\",\"position\":3,\"name\":\"Dosp\u011bl\u00fd autista\"}]},{\"@type\":\"Person\",\"@id\":\"https:\/\/www.diagnostika-mysli.cz\/blog\/#\/schema\/person\/8eb1bcaf59fea75c780c11946f4e3490\",\"name\":\"Test Mysli\",\"image\":{\"@type\":\"ImageObject\",\"@id\":\"https:\/\/www.diagnostika-mysli.cz\/blog\/#personlogo\",\"inLanguage\":\"cs\",\"url\":\"https:\/\/secure.gravatar.com\/avatar\/6743211f010801ea26aa9423a2daab37?s=96&d=mm&r=g\",\"contentUrl\":\"https:\/\/secure.gravatar.com\/avatar\/6743211f010801ea26aa9423a2daab37?s=96&d=mm&r=g\",\"caption\":\"Test Mysli\"},\"sameAs\":[\"https:\/\/www.diagnostika-mysli.cz\/blog\"],\"url\":\"https:\/\/www.diagnostika-mysli.cz\/blog\/author\/diagnostyka-umyslu\/\"}]}<\/script>\n<!-- \/ Yoast SEO plugin. -->","yoast_head_json":{"title":"Dosp\u011bl\u00fd autista - Test Mysli","robots":{"index":"index","follow":"follow","max-snippet":"max-snippet:-1","max-image-preview":"max-image-preview:large","max-video-preview":"max-video-preview:-1"},"canonical":"https:\/\/www.diagnostika-mysli.cz\/blog\/autismus\/dospely-autista\/","og_locale":"cs_CZ","og_type":"article","og_title":"Dosp\u011bl\u00fd autista - Test Mysli","og_description":"Diagnostika dosp\u011bl\u00e9ho autisty: Jak\u00e9 jsou hlavn\u00ed znaky a jak prob\u00edh\u00e1 diagnostick\u00fd proces? Terapie pro dosp\u011bl\u00e9 autisty: Jak\u00e9 jsou mo\u017enosti l\u00e9\u010dby a jak mohou pomoci zlep\u0161it...","og_url":"https:\/\/www.diagnostika-mysli.cz\/blog\/autismus\/dospely-autista\/","og_site_name":"Test Mysli","article_published_time":"2025-05-15T01:25:24+00:00","twitter_card":"summary_large_image","twitter_misc":{"Napsal(a)":"Test Mysli","Odhadovan\u00e1 doba \u010dten\u00ed":"3 minuty"},"schema":{"@context":"https:\/\/schema.org","@graph":[{"@type":"WebSite","@id":"https:\/\/www.diagnostika-mysli.cz\/blog\/#website","url":"https:\/\/www.diagnostika-mysli.cz\/blog\/","name":"Test Mysli","description":"Blog o poruch\u00e1ch mysli","potentialAction":[{"@type":"SearchAction","target":{"@type":"EntryPoint","urlTemplate":"https:\/\/www.diagnostika-mysli.cz\/blog\/?s={search_term_string}"},"query-input":"required name=search_term_string"}],"inLanguage":"cs"},{"@type":"WebPage","@id":"https:\/\/www.diagnostika-mysli.cz\/blog\/autismus\/dospely-autista\/#webpage","url":"https:\/\/www.diagnostika-mysli.cz\/blog\/autismus\/dospely-autista\/","name":"Dosp\u011bl\u00fd autista - Test Mysli","isPartOf":{"@id":"https:\/\/www.diagnostika-mysli.cz\/blog\/#website"},"datePublished":"2025-05-15T01:25:24+00:00","dateModified":"2025-05-15T01:25:24+00:00","author":{"@id":"https:\/\/www.diagnostika-mysli.cz\/blog\/#\/schema\/person\/8eb1bcaf59fea75c780c11946f4e3490"},"breadcrumb":{"@id":"https:\/\/www.diagnostika-mysli.cz\/blog\/autismus\/dospely-autista\/#breadcrumb"},"inLanguage":"cs","potentialAction":[{"@type":"ReadAction","target":["https:\/\/www.diagnostika-mysli.cz\/blog\/autismus\/dospely-autista\/"]}]},{"@type":"BreadcrumbList","@id":"https:\/\/www.diagnostika-mysli.cz\/blog\/autismus\/dospely-autista\/#breadcrumb","itemListElement":[{"@type":"ListItem","position":1,"name":"Blog","item":"https:\/\/www.diagnostika-mysli.cz\/blog\/"},{"@type":"ListItem","position":2,"name":"Autismus","item":"https:\/\/www.diagnostika-mysli.cz\/blog\/autismus\/"},{"@type":"ListItem","position":3,"name":"Dosp\u011bl\u00fd autista"}]},{"@type":"Person","@id":"https:\/\/www.diagnostika-mysli.cz\/blog\/#\/schema\/person\/8eb1bcaf59fea75c780c11946f4e3490","name":"Test Mysli","image":{"@type":"ImageObject","@id":"https:\/\/www.diagnostika-mysli.cz\/blog\/#personlogo","inLanguage":"cs","url":"https:\/\/secure.gravatar.com\/avatar\/6743211f010801ea26aa9423a2daab37?s=96&d=mm&r=g","contentUrl":"https:\/\/secure.gravatar.com\/avatar\/6743211f010801ea26aa9423a2daab37?s=96&d=mm&r=g","caption":"Test Mysli"},"sameAs":["https:\/\/www.diagnostika-mysli.cz\/blog"],"url":"https:\/\/www.diagnostika-mysli.cz\/blog\/author\/diagnostyka-umyslu\/"}]}},"amp_enabled":true,"_links":{"self":[{"href":"https:\/\/www.diagnostika-mysli.cz\/blog\/wp-json\/wp\/v2\/posts\/3295"}],"collection":[{"href":"https:\/\/www.diagnostika-mysli.cz\/blog\/wp-json\/wp\/v2\/posts"}],"about":[{"href":"https:\/\/www.diagnostika-mysli.cz\/blog\/wp-json\/wp\/v2\/types\/post"}],"author":[{"embeddable":true,"href":"https:\/\/www.diagnostika-mysli.cz\/blog\/wp-json\/wp\/v2\/users\/1"}],"replies":[{"embeddable":true,"href":"https:\/\/www.diagnostika-mysli.cz\/blog\/wp-json\/wp\/v2\/comments?post=3295"}],"version-history":[{"count":0,"href":"https:\/\/www.diagnostika-mysli.cz\/blog\/wp-json\/wp\/v2\/posts\/3295\/revisions"}],"wp:attachment":[{"href":"https:\/\/www.diagnostika-mysli.cz\/blog\/wp-json\/wp\/v2\/media?parent=3295"}],"wp:term":[{"taxonomy":"category","embeddable":true,"href":"https:\/\/www.diagnostika-mysli.cz\/blog\/wp-json\/wp\/v2\/categories?post=3295"},{"taxonomy":"post_tag","embeddable":true,"href":"https:\/\/www.diagnostika-mysli.cz\/blog\/wp-json\/wp\/v2\/tags?post=3295"}],"curies":[{"name":"wp","href":"https:\/\/api.w.org\/{rel}","templated":true}]}}