{"id":3301,"date":"2025-05-18T03:25:17","date_gmt":"2025-05-18T01:25:17","guid":{"rendered":"https:\/\/www.diagnostika-mysli.cz\/blog\/autismus\/projevy-autismu-u-dospelych\/"},"modified":"2025-05-18T03:25:17","modified_gmt":"2025-05-18T01:25:17","slug":"projevy-autismu-u-dospelych","status":"publish","type":"post","link":"https:\/\/www.diagnostika-mysli.cz\/blog\/autismus\/projevy-autismu-u-dospelych\/","title":{"rendered":"Projevy autismu u dosp\u011bl\u00fdch"},"content":{"rendered":"<div class='topics'>\n<div class='topic'>\n<h2>&#8220;Jak rozpoznat a spr\u00e1vn\u011b diagnostikovat autismus u dosp\u011bl\u00fdch?&#8221;<\/h2>\n<p>Autismus je neurov\u00fdvojov\u00e1 porucha, kter\u00e1 se projevuje v poru\u0161en\u00ed soci\u00e1ln\u00edch interakc\u00ed, komunika\u010dn\u00edch schopnost\u00ed a omezen\u00fdch a opakuj\u00edc\u00edch se vzorc\u00edch chov\u00e1n\u00ed. Tato porucha se obvykle projevuje ji\u017e v d\u011btstv\u00ed, ale m\u016f\u017ee b\u00fdt tak\u00e9 diagnostikov\u00e1na u dosp\u011bl\u00fdch. V tomto \u010dl\u00e1nku se zam\u011b\u0159\u00edme na to, jak rozpoznat a spr\u00e1vn\u011b diagnostikovat autismus u dosp\u011bl\u00fdch.<\/p>\n<p>Prvn\u00edm krokem k diagnostice autismu u dosp\u011bl\u00fdch je z\u00edsk\u00e1n\u00ed podrobn\u00e9ho p\u0159ehledu o jejich v\u00fdvoji a chov\u00e1n\u00ed v d\u011btstv\u00ed. Je d\u016fle\u017eit\u00e9 zjistit, zda m\u011bli jako d\u011bti probl\u00e9my s komunikac\u00ed, soci\u00e1ln\u00edmi interakcemi a omezen\u00fdmi z\u00e1jmy. D\u00e1le je d\u016fle\u017eit\u00e9 zjistit, zda m\u011bli jako d\u011bti n\u011bjak\u00e9 specifick\u00e9 chov\u00e1n\u00ed, jako nap\u0159\u00edklad opakovan\u00e9 pohyby, fix<\/p>\n<\/div>\n<div class='topic'>\n<h2>&#8220;Projevy autismu u dosp\u011bl\u00fdch a jejich vliv na ka\u017edodenn\u00ed \u017eivot&#8221;<\/h2>\n<p>Autismus je neurov\u00fdvojov\u00e1 porucha, kter\u00e1 se projevuje v d\u011btstv\u00ed a ovliv\u0148uje soci\u00e1ln\u00ed interakce, komunikaci a chov\u00e1n\u00ed. V\u011bt\u0161ina lid\u00ed si mysl\u00ed, \u017ee autismus postihuje pouze d\u011bti, ale ve skute\u010dnosti m\u016f\u017ee b\u00fdt diagnostikov\u00e1n i u dosp\u011bl\u00fdch. Projevy autismu u dosp\u011bl\u00fdch se mohou li\u0161it od t\u011bch u d\u011bt\u00ed a mohou m\u00edt v\u00fdrazn\u00fd vliv na ka\u017edodenn\u00ed \u017eivot jednotlivce.<\/p>\n<p>Jedn\u00edm z hlavn\u00edch projev\u016f autismu u dosp\u011bl\u00fdch je probl\u00e9m s komunikac\u00ed a soci\u00e1ln\u00edmi interakcemi. Dosp\u011bl\u00ed s autismem mohou m\u00edt pot\u00ed\u017ee s porozum\u011bn\u00edm neverb\u00e1ln\u00ed komunikace, jako jsou gesta, mimika a t\u00f3n hlasu. Mohou tak\u00e9 m\u00edt probl\u00e9my s porozum\u011bn\u00edm soci\u00e1ln\u00edm n\u00e1vyk\u016fm a pravidl\u016fm, co\u017e m\u016f\u017ee v\u00e9st k nedorozum\u011bn\u00edm a konflikt\u016fm v mezilidsk\u00fdch vzt<\/p>\n<\/div>\n<div class='topic'>\n<h2>&#8220;Mo\u017enosti terapie a podpory pro dosp\u011bl\u00e9 s autismem&#8221;<\/h2>\n<p>Autismus je neurov\u00fdvojov\u00e9 onemocn\u011bn\u00ed, kter\u00e9 ovliv\u0148uje soci\u00e1ln\u00ed interakci, komunikaci a chov\u00e1n\u00ed jedince. A\u010dkoli se \u010dasto spojuje s d\u011btstv\u00edm, m\u016f\u017ee se projevovat i u dosp\u011bl\u00fdch. Pro tyto jedince m\u016f\u017ee b\u00fdt obt\u00ed\u017en\u00e9 naj\u00edt vhodnou terapii a podporu, kter\u00e1 by jim pomohla zvl\u00e1dat ka\u017edodenn\u00ed \u017eivot a rozv\u00edjet sv\u00e9 schopnosti. V tomto \u010dl\u00e1nku se pod\u00edv\u00e1me na mo\u017enosti terapie a podpory pro dosp\u011bl\u00e9 s autismem.<\/p>\n<p>1. Terapie<\/p>\n<p>Terapie je d\u016fle\u017eitou sou\u010d\u00e1st\u00ed l\u00e9\u010dby pro dosp\u011bl\u00e9 s autismem. Existuje n\u011bkolik typ\u016f terapie, kter\u00e9 mohou b\u00fdt \u00fa\u010dinn\u00e9 p\u0159i zvl\u00e1d\u00e1n\u00ed symptom\u016f autismu a zlep\u0161ov\u00e1n\u00ed kvality \u017eivota jedince.<\/p>\n<p>&#8211; Behavior\u00e1ln\u00ed terapie: Tato terapie se zam\u011b\u0159uje na zm\u011bnu ne\u017e\u00e1douc\u00edho chov\u00e1n\u00ed a u\u010den\u00ed nov\u00fdch dovednost\u00ed. Jedn\u00e1 se o st<\/p>\n<\/div>\n<div class='topic'>\n<h2>&#8220;Stereotypy a m\u00fdty o autismu u dosp\u011bl\u00fdch &#8211; co je pravda a co ne?&#8221;<\/h2>\n<p>Autismus je neurov\u00fdvojov\u00e1 porucha, kter\u00e1 ovliv\u0148uje komunikaci, soci\u00e1ln\u00ed interakci a chov\u00e1n\u00ed jedince. \u010casto se v\u0161ak zam\u011b\u0159ujeme pouze na d\u011bti s touto poruchou a zapom\u00edn\u00e1me na dosp\u011bl\u00e9, kte\u0159\u00ed tak\u00e9 mohou b\u00fdt autistick\u00fdmi jedinci. Bohu\u017eel, existuje mnoho stereotyp\u016f a m\u00fdt\u016f o autismu u dosp\u011bl\u00fdch, kter\u00e9 mohou v\u00e9st k nespr\u00e1vn\u00e9mu vn\u00edm\u00e1n\u00ed a ch\u00e1p\u00e1n\u00ed t\u00e9to poruchy. V tomto \u010dl\u00e1nku se pod\u00edv\u00e1me na n\u011bkter\u00e9 z nich a zjist\u00edme, co je pravda a co ne.<\/p>\n<p>M\u00fdtus \u010d. 1: Autist\u00e9 jsou v\u0161ichni g\u00e9niusov\u00e9<\/p>\n<p>Tento m\u00fdtus je \u010dasto spojov\u00e1n s filmem Rain Man, ve kter\u00e9m hlavn\u00ed postava s autismem m\u00e1 neuv\u011b\u0159iteln\u00e9 matematick\u00e9 schopnosti. Ve skute\u010dnosti v\u0161ak nejsou v\u0161ichni autist\u00e9 g\u00e9niusov\u00e9. Autist\u00e9 maj\u00ed r\u016fzn\u00e9 schopnosti a nad\u00e1n\u00ed, stejn\u011b jako ka<\/p>\n<\/div>\n<\/div>\n","protected":false},"excerpt":{"rendered":"<p>&#8220;Jak rozpoznat a spr\u00e1vn\u011b diagnostikovat autismus u dosp\u011bl\u00fdch?&#8221; Autismus je neurov\u00fdvojov\u00e1 porucha, kter\u00e1 se projevuje v poru\u0161en\u00ed soci\u00e1ln\u00edch interakc\u00ed, komunika\u010dn\u00edch schopnost\u00ed a omezen\u00fdch a opakuj\u00edc\u00edch&#8230;<\/p>\n","protected":false},"author":1,"featured_media":0,"comment_status":"","ping_status":"open","sticky":false,"template":"","format":"standard","meta":{"inline_featured_image":false},"categories":[849],"tags":[],"yoast_head":"<!-- This site is optimized with the Yoast SEO plugin v18.1 - https:\/\/yoast.com\/wordpress\/plugins\/seo\/ -->\n<title>Projevy autismu u dosp\u011bl\u00fdch - Test Mysli<\/title>\n<meta name=\"robots\" content=\"index, follow, max-snippet:-1, max-image-preview:large, max-video-preview:-1\" \/>\n<link rel=\"canonical\" href=\"https:\/\/www.diagnostika-mysli.cz\/blog\/autismus\/projevy-autismu-u-dospelych\/\" \/>\n<meta property=\"og:locale\" content=\"cs_CZ\" \/>\n<meta property=\"og:type\" content=\"article\" \/>\n<meta property=\"og:title\" content=\"Projevy autismu u dosp\u011bl\u00fdch - Test Mysli\" \/>\n<meta property=\"og:description\" content=\"&#8220;Jak rozpoznat a spr\u00e1vn\u011b diagnostikovat autismus u dosp\u011bl\u00fdch?&#8221; Autismus je neurov\u00fdvojov\u00e1 porucha, kter\u00e1 se projevuje v poru\u0161en\u00ed soci\u00e1ln\u00edch interakc\u00ed, komunika\u010dn\u00edch schopnost\u00ed a omezen\u00fdch a opakuj\u00edc\u00edch...\" \/>\n<meta property=\"og:url\" content=\"https:\/\/www.diagnostika-mysli.cz\/blog\/autismus\/projevy-autismu-u-dospelych\/\" \/>\n<meta property=\"og:site_name\" content=\"Test Mysli\" \/>\n<meta property=\"article:published_time\" content=\"2025-05-18T01:25:17+00:00\" \/>\n<meta name=\"twitter:card\" content=\"summary_large_image\" \/>\n<meta name=\"twitter:label1\" content=\"Napsal(a)\" \/>\n\t<meta name=\"twitter:data1\" content=\"Test Mysli\" \/>\n\t<meta name=\"twitter:label2\" content=\"Odhadovan\u00e1 doba \u010dten\u00ed\" \/>\n\t<meta name=\"twitter:data2\" content=\"3 minuty\" \/>\n<script type=\"application\/ld+json\" class=\"yoast-schema-graph\">{\"@context\":\"https:\/\/schema.org\",\"@graph\":[{\"@type\":\"WebSite\",\"@id\":\"https:\/\/www.diagnostika-mysli.cz\/blog\/#website\",\"url\":\"https:\/\/www.diagnostika-mysli.cz\/blog\/\",\"name\":\"Test Mysli\",\"description\":\"Blog o poruch\u00e1ch mysli\",\"potentialAction\":[{\"@type\":\"SearchAction\",\"target\":{\"@type\":\"EntryPoint\",\"urlTemplate\":\"https:\/\/www.diagnostika-mysli.cz\/blog\/?s={search_term_string}\"},\"query-input\":\"required name=search_term_string\"}],\"inLanguage\":\"cs\"},{\"@type\":\"WebPage\",\"@id\":\"https:\/\/www.diagnostika-mysli.cz\/blog\/autismus\/projevy-autismu-u-dospelych\/#webpage\",\"url\":\"https:\/\/www.diagnostika-mysli.cz\/blog\/autismus\/projevy-autismu-u-dospelych\/\",\"name\":\"Projevy autismu u dosp\u011bl\u00fdch - Test Mysli\",\"isPartOf\":{\"@id\":\"https:\/\/www.diagnostika-mysli.cz\/blog\/#website\"},\"datePublished\":\"2025-05-18T01:25:17+00:00\",\"dateModified\":\"2025-05-18T01:25:17+00:00\",\"author\":{\"@id\":\"https:\/\/www.diagnostika-mysli.cz\/blog\/#\/schema\/person\/8eb1bcaf59fea75c780c11946f4e3490\"},\"breadcrumb\":{\"@id\":\"https:\/\/www.diagnostika-mysli.cz\/blog\/autismus\/projevy-autismu-u-dospelych\/#breadcrumb\"},\"inLanguage\":\"cs\",\"potentialAction\":[{\"@type\":\"ReadAction\",\"target\":[\"https:\/\/www.diagnostika-mysli.cz\/blog\/autismus\/projevy-autismu-u-dospelych\/\"]}]},{\"@type\":\"BreadcrumbList\",\"@id\":\"https:\/\/www.diagnostika-mysli.cz\/blog\/autismus\/projevy-autismu-u-dospelych\/#breadcrumb\",\"itemListElement\":[{\"@type\":\"ListItem\",\"position\":1,\"name\":\"Blog\",\"item\":\"https:\/\/www.diagnostika-mysli.cz\/blog\/\"},{\"@type\":\"ListItem\",\"position\":2,\"name\":\"Autismus\",\"item\":\"https:\/\/www.diagnostika-mysli.cz\/blog\/autismus\/\"},{\"@type\":\"ListItem\",\"position\":3,\"name\":\"Projevy autismu u dosp\u011bl\u00fdch\"}]},{\"@type\":\"Person\",\"@id\":\"https:\/\/www.diagnostika-mysli.cz\/blog\/#\/schema\/person\/8eb1bcaf59fea75c780c11946f4e3490\",\"name\":\"Test Mysli\",\"image\":{\"@type\":\"ImageObject\",\"@id\":\"https:\/\/www.diagnostika-mysli.cz\/blog\/#personlogo\",\"inLanguage\":\"cs\",\"url\":\"https:\/\/secure.gravatar.com\/avatar\/6743211f010801ea26aa9423a2daab37?s=96&d=mm&r=g\",\"contentUrl\":\"https:\/\/secure.gravatar.com\/avatar\/6743211f010801ea26aa9423a2daab37?s=96&d=mm&r=g\",\"caption\":\"Test Mysli\"},\"sameAs\":[\"https:\/\/www.diagnostika-mysli.cz\/blog\"],\"url\":\"https:\/\/www.diagnostika-mysli.cz\/blog\/author\/diagnostyka-umyslu\/\"}]}<\/script>\n<!-- \/ Yoast SEO plugin. -->","yoast_head_json":{"title":"Projevy autismu u dosp\u011bl\u00fdch - Test Mysli","robots":{"index":"index","follow":"follow","max-snippet":"max-snippet:-1","max-image-preview":"max-image-preview:large","max-video-preview":"max-video-preview:-1"},"canonical":"https:\/\/www.diagnostika-mysli.cz\/blog\/autismus\/projevy-autismu-u-dospelych\/","og_locale":"cs_CZ","og_type":"article","og_title":"Projevy autismu u dosp\u011bl\u00fdch - Test Mysli","og_description":"&#8220;Jak rozpoznat a spr\u00e1vn\u011b diagnostikovat autismus u dosp\u011bl\u00fdch?&#8221; Autismus je neurov\u00fdvojov\u00e1 porucha, kter\u00e1 se projevuje v poru\u0161en\u00ed soci\u00e1ln\u00edch interakc\u00ed, komunika\u010dn\u00edch schopnost\u00ed a omezen\u00fdch a opakuj\u00edc\u00edch...","og_url":"https:\/\/www.diagnostika-mysli.cz\/blog\/autismus\/projevy-autismu-u-dospelych\/","og_site_name":"Test Mysli","article_published_time":"2025-05-18T01:25:17+00:00","twitter_card":"summary_large_image","twitter_misc":{"Napsal(a)":"Test Mysli","Odhadovan\u00e1 doba \u010dten\u00ed":"3 minuty"},"schema":{"@context":"https:\/\/schema.org","@graph":[{"@type":"WebSite","@id":"https:\/\/www.diagnostika-mysli.cz\/blog\/#website","url":"https:\/\/www.diagnostika-mysli.cz\/blog\/","name":"Test Mysli","description":"Blog o poruch\u00e1ch mysli","potentialAction":[{"@type":"SearchAction","target":{"@type":"EntryPoint","urlTemplate":"https:\/\/www.diagnostika-mysli.cz\/blog\/?s={search_term_string}"},"query-input":"required name=search_term_string"}],"inLanguage":"cs"},{"@type":"WebPage","@id":"https:\/\/www.diagnostika-mysli.cz\/blog\/autismus\/projevy-autismu-u-dospelych\/#webpage","url":"https:\/\/www.diagnostika-mysli.cz\/blog\/autismus\/projevy-autismu-u-dospelych\/","name":"Projevy autismu u dosp\u011bl\u00fdch - Test Mysli","isPartOf":{"@id":"https:\/\/www.diagnostika-mysli.cz\/blog\/#website"},"datePublished":"2025-05-18T01:25:17+00:00","dateModified":"2025-05-18T01:25:17+00:00","author":{"@id":"https:\/\/www.diagnostika-mysli.cz\/blog\/#\/schema\/person\/8eb1bcaf59fea75c780c11946f4e3490"},"breadcrumb":{"@id":"https:\/\/www.diagnostika-mysli.cz\/blog\/autismus\/projevy-autismu-u-dospelych\/#breadcrumb"},"inLanguage":"cs","potentialAction":[{"@type":"ReadAction","target":["https:\/\/www.diagnostika-mysli.cz\/blog\/autismus\/projevy-autismu-u-dospelych\/"]}]},{"@type":"BreadcrumbList","@id":"https:\/\/www.diagnostika-mysli.cz\/blog\/autismus\/projevy-autismu-u-dospelych\/#breadcrumb","itemListElement":[{"@type":"ListItem","position":1,"name":"Blog","item":"https:\/\/www.diagnostika-mysli.cz\/blog\/"},{"@type":"ListItem","position":2,"name":"Autismus","item":"https:\/\/www.diagnostika-mysli.cz\/blog\/autismus\/"},{"@type":"ListItem","position":3,"name":"Projevy autismu u dosp\u011bl\u00fdch"}]},{"@type":"Person","@id":"https:\/\/www.diagnostika-mysli.cz\/blog\/#\/schema\/person\/8eb1bcaf59fea75c780c11946f4e3490","name":"Test Mysli","image":{"@type":"ImageObject","@id":"https:\/\/www.diagnostika-mysli.cz\/blog\/#personlogo","inLanguage":"cs","url":"https:\/\/secure.gravatar.com\/avatar\/6743211f010801ea26aa9423a2daab37?s=96&d=mm&r=g","contentUrl":"https:\/\/secure.gravatar.com\/avatar\/6743211f010801ea26aa9423a2daab37?s=96&d=mm&r=g","caption":"Test Mysli"},"sameAs":["https:\/\/www.diagnostika-mysli.cz\/blog"],"url":"https:\/\/www.diagnostika-mysli.cz\/blog\/author\/diagnostyka-umyslu\/"}]}},"amp_enabled":true,"_links":{"self":[{"href":"https:\/\/www.diagnostika-mysli.cz\/blog\/wp-json\/wp\/v2\/posts\/3301"}],"collection":[{"href":"https:\/\/www.diagnostika-mysli.cz\/blog\/wp-json\/wp\/v2\/posts"}],"about":[{"href":"https:\/\/www.diagnostika-mysli.cz\/blog\/wp-json\/wp\/v2\/types\/post"}],"author":[{"embeddable":true,"href":"https:\/\/www.diagnostika-mysli.cz\/blog\/wp-json\/wp\/v2\/users\/1"}],"replies":[{"embeddable":true,"href":"https:\/\/www.diagnostika-mysli.cz\/blog\/wp-json\/wp\/v2\/comments?post=3301"}],"version-history":[{"count":0,"href":"https:\/\/www.diagnostika-mysli.cz\/blog\/wp-json\/wp\/v2\/posts\/3301\/revisions"}],"wp:attachment":[{"href":"https:\/\/www.diagnostika-mysli.cz\/blog\/wp-json\/wp\/v2\/media?parent=3301"}],"wp:term":[{"taxonomy":"category","embeddable":true,"href":"https:\/\/www.diagnostika-mysli.cz\/blog\/wp-json\/wp\/v2\/categories?post=3301"},{"taxonomy":"post_tag","embeddable":true,"href":"https:\/\/www.diagnostika-mysli.cz\/blog\/wp-json\/wp\/v2\/tags?post=3301"}],"curies":[{"name":"wp","href":"https:\/\/api.w.org\/{rel}","templated":true}]}}