{"id":3305,"date":"2025-05-20T03:25:20","date_gmt":"2025-05-20T01:25:20","guid":{"rendered":"https:\/\/www.diagnostika-mysli.cz\/blog\/autismus\/aspergeruv-syndrom-v-dospelosti\/"},"modified":"2025-05-20T03:25:20","modified_gmt":"2025-05-20T01:25:20","slug":"aspergeruv-syndrom-v-dospelosti","status":"publish","type":"post","link":"https:\/\/www.diagnostika-mysli.cz\/blog\/autismus\/aspergeruv-syndrom-v-dospelosti\/","title":{"rendered":"Asperger\u016fv syndrom v dosp\u011blosti"},"content":{"rendered":"<div class='topics'>\n<div class='topic'>\n<h2>Diagnostika Aspergerova syndromu u dosp\u011bl\u00fdch: Jak\u00e9 jsou hlavn\u00ed p\u0159\u00edznaky a jak prob\u00edh\u00e1 diagnostick\u00fd proces?<\/h2>\n<p>Asperger\u016fv syndrom je neurov\u00fdvojov\u00e9 onemocn\u011bn\u00ed, kter\u00e9 se projevuje p\u0159edev\u0161\u00edm v soci\u00e1ln\u00edm chov\u00e1n\u00ed a komunikaci. Toto onemocn\u011bn\u00ed se \u010dasto projevuje ji\u017e v d\u011btstv\u00ed, ale m\u016f\u017ee b\u00fdt diagnostikov\u00e1no i u dosp\u011bl\u00fdch. Diagnostika Aspergerova syndromu u dosp\u011bl\u00fdch je slo\u017eit\u00fd proces, kter\u00fd vy\u017eaduje d\u016fkladn\u00e9 vy\u0161et\u0159en\u00ed a zhodnocen\u00ed p\u0159\u00edznak\u016f.<\/p>\n<p>Hlavn\u00edm p\u0159\u00edznakem Aspergerova syndromu u dosp\u011bl\u00fdch je obt\u00ed\u017enost v soci\u00e1ln\u00ed interakci a komunikaci. Osoby s t\u00edmto syndromem maj\u00ed probl\u00e9my s porozum\u011bn\u00edm neverb\u00e1ln\u00ed komunikace, jako jsou nap\u0159\u00edklad gesta, mimika nebo t\u00f3n hlasu. Tak\u00e9 maj\u00ed \u010dasto probl\u00e9my s porozum\u011bn\u00edm soci\u00e1ln\u00edm n\u00e1vyk\u016fm a pravidl\u016fm, co\u017e m\u016f\u017ee v\u00e9st k nevhodn\u00e9mu chov\u00e1n\u00ed v r\u016fzn\u00fdch soci\u00e1ln\u00edch situac\u00edch.<\/p>\n<p>Dal\u0161\u00edm v\u00fdznam<\/p>\n<\/div>\n<div class='topic'>\n<h2>\u017divot s Aspergerov\u00fdm syndromem v dosp\u011blosti: Jak\u00e9 jsou nej\u010dast\u011bj\u0161\u00ed v\u00fdzvy a jak se s nimi m\u016f\u017eeme vypo\u0159\u00e1dat?<\/h2>\n<p>Asperger\u016fv syndrom je neurov\u00fdvojov\u00e9 onemocn\u011bn\u00ed, kter\u00e9 se projevuje p\u0159edev\u0161\u00edm v soci\u00e1ln\u00edch interakc\u00edch a komunikaci. Lid\u00e9 s t\u00edmto syndromem maj\u00ed \u010dasto probl\u00e9my s porozum\u011bn\u00edm soci\u00e1ln\u00edm n\u00e1vyk\u016fm a nejsou schopni snadno navazovat p\u0159\u00e1telstv\u00ed. V dosp\u011blosti mohou b\u00fdt tyto v\u00fdzvy je\u0161t\u011b n\u00e1ro\u010dn\u011bj\u0161\u00ed, proto\u017ee se mus\u00edme vyrovn\u00e1vat s mnoha nov\u00fdmi situacemi a vztahy.<\/p>\n<p>Jednou z nej\u010dast\u011bj\u0161\u00edch v\u00fdzev pro dosp\u011bl\u00e9 s Aspergerov\u00fdm syndromem je pr\u00e1ce. Mnoho lid\u00ed s t\u00edmto onemocn\u011bn\u00edm m\u00e1 vysokou inteligenci a schopnosti, ale mohou m\u00edt probl\u00e9my s komunikac\u00ed a soci\u00e1ln\u00edmi interakcemi v pracovn\u00edm prost\u0159ed\u00ed. To m\u016f\u017ee v\u00e9st k nepochopen\u00ed ze strany koleg\u016f a nad\u0159\u00edzen\u00fdch, co\u017e m\u016f\u017ee b\u00fdt velmi frustruj\u00edc\u00ed pro jedince s Asperge<\/p>\n<\/div>\n<div class='topic'>\n<h2>Asperger\u016fv syndrom a pracovn\u00ed prost\u0159ed\u00ed: Jak\u00e9 jsou mo\u017enosti zam\u011bstn\u00e1n\u00ed pro dosp\u011bl\u00e9 s t\u00edmto syndromem a jak\u00e9 jsou nej\u010dast\u011bj\u0161\u00ed obt\u00ed\u017ee?<\/h2>\n<p>Asperger\u016fv syndrom je neurov\u00fdvojov\u00e9 onemocn\u011bn\u00ed, kter\u00e9 se projevuje p\u0159edev\u0161\u00edm v soci\u00e1ln\u00edch interakc\u00edch a komunikaci. Lid\u00e9 s t\u00edmto syndromem maj\u00ed \u010dasto probl\u00e9my s porozum\u011bn\u00edm neverb\u00e1ln\u00ed komunikace, empati\u00ed a navazov\u00e1n\u00edm vztah\u016f. Tato porucha se obvykle projevuje ji\u017e v d\u011btstv\u00ed, ale m\u016f\u017ee b\u00fdt diagnostikov\u00e1na i v dosp\u011blosti.<\/p>\n<p>Jednou z nejd\u016fle\u017eit\u011bj\u0161\u00edch oblast\u00ed \u017eivota pro dosp\u011bl\u00e9 s Aspergerov\u00fdm syndromem je pracovn\u00ed prost\u0159ed\u00ed. Pr\u00e1ce je pro n\u011b d\u016fle\u017eit\u00e1 nejen z finan\u010dn\u00edho hlediska, ale tak\u00e9 jako zdroj sebe\u00facty a pocitu u\u017eite\u010dnosti. Existuje mnoho mo\u017enost\u00ed zam\u011bstn\u00e1n\u00ed pro lidi s t\u00edmto syndromem, ale je d\u016fle\u017eit\u00e9 naj\u00edt takovou pr\u00e1ci, kter\u00e1 bude odpov\u00eddat jejich schopnostem a pot\u0159eb\u00e1m.<\/p>\n<p>Jednou z mo\u017enost\u00ed je zam<\/p>\n<\/div>\n<div class='topic'>\n<h2>Terapie a podpora pro dosp\u011bl\u00e9 s Aspergerov\u00fdm syndromem: Jak\u00e9 jsou dostupn\u00e9 terapeutick\u00e9 metody a jak m\u016f\u017ee rodina a bl\u00edzc\u00ed pomoci?<\/h2>\n<p>Asperger\u016fv syndrom je neurov\u00fdvojov\u00e9 onemocn\u011bn\u00ed, kter\u00e9 se projevuje p\u0159edev\u0161\u00edm obt\u00ed\u017eemi v soci\u00e1ln\u00edm chov\u00e1n\u00ed a komunikaci. Toto onemocn\u011bn\u00ed postihuje p\u0159edev\u0161\u00edm dosp\u011bl\u00e9 jedince a m\u016f\u017ee m\u00edt v\u00fdrazn\u00fd dopad na jejich ka\u017edodenn\u00ed \u017eivot. Proto je d\u016fle\u017eit\u00e9, aby byli tito jedinci podporov\u00e1ni a m\u011bli p\u0159\u00edstup k terapi\u00edm, kter\u00e9 jim pomohou zvl\u00e1dat sv\u00e9 obt\u00ed\u017ee a zlep\u0161it kvalitu sv\u00e9ho \u017eivota.<\/p>\n<p>Existuje n\u011bkolik terapeutick\u00fdch metod, kter\u00e9 jsou dostupn\u00e9 pro dosp\u011bl\u00e9 s Aspergerov\u00fdm syndromem. Jednou z nich je kognitivn\u011b-behavior\u00e1ln\u00ed terapie, kter\u00e1 se zam\u011b\u0159uje na zm\u011bnu my\u0161len\u00ed a chov\u00e1n\u00ed jedince. Tato terapie m\u016f\u017ee pomoci jedinci s Aspergerov\u00fdm syndromem l\u00e9pe porozum\u011bt sv\u00fdm emoc\u00edm a nau\u010dit se l\u00e9pe komunikovat a interagovat s ostatn\u00edmi.<\/p>\n<p>Dal\u0161\u00ed terapeutickou metod<\/p>\n<\/div>\n<\/div>\n","protected":false},"excerpt":{"rendered":"<p>Diagnostika Aspergerova syndromu u dosp\u011bl\u00fdch: Jak\u00e9 jsou hlavn\u00ed p\u0159\u00edznaky a jak prob\u00edh\u00e1 diagnostick\u00fd proces? Asperger\u016fv syndrom je neurov\u00fdvojov\u00e9 onemocn\u011bn\u00ed, kter\u00e9 se projevuje p\u0159edev\u0161\u00edm v soci\u00e1ln\u00edm&#8230;<\/p>\n","protected":false},"author":1,"featured_media":0,"comment_status":"","ping_status":"open","sticky":false,"template":"","format":"standard","meta":{"inline_featured_image":false},"categories":[849],"tags":[],"yoast_head":"<!-- This site is optimized with the Yoast SEO plugin v18.1 - https:\/\/yoast.com\/wordpress\/plugins\/seo\/ -->\n<title>Asperger\u016fv syndrom v dosp\u011blosti - Test Mysli<\/title>\n<meta name=\"robots\" content=\"index, follow, max-snippet:-1, max-image-preview:large, max-video-preview:-1\" \/>\n<link rel=\"canonical\" href=\"https:\/\/www.diagnostika-mysli.cz\/blog\/autismus\/aspergeruv-syndrom-v-dospelosti\/\" \/>\n<meta property=\"og:locale\" content=\"cs_CZ\" \/>\n<meta property=\"og:type\" content=\"article\" \/>\n<meta property=\"og:title\" content=\"Asperger\u016fv syndrom v dosp\u011blosti - Test Mysli\" \/>\n<meta property=\"og:description\" content=\"Diagnostika Aspergerova syndromu u dosp\u011bl\u00fdch: Jak\u00e9 jsou hlavn\u00ed p\u0159\u00edznaky a jak prob\u00edh\u00e1 diagnostick\u00fd proces? Asperger\u016fv syndrom je neurov\u00fdvojov\u00e9 onemocn\u011bn\u00ed, kter\u00e9 se projevuje p\u0159edev\u0161\u00edm v soci\u00e1ln\u00edm...\" \/>\n<meta property=\"og:url\" content=\"https:\/\/www.diagnostika-mysli.cz\/blog\/autismus\/aspergeruv-syndrom-v-dospelosti\/\" \/>\n<meta property=\"og:site_name\" content=\"Test Mysli\" \/>\n<meta property=\"article:published_time\" content=\"2025-05-20T01:25:20+00:00\" \/>\n<meta name=\"twitter:card\" content=\"summary_large_image\" \/>\n<meta name=\"twitter:label1\" content=\"Napsal(a)\" \/>\n\t<meta name=\"twitter:data1\" content=\"Test Mysli\" \/>\n\t<meta name=\"twitter:label2\" content=\"Odhadovan\u00e1 doba \u010dten\u00ed\" \/>\n\t<meta name=\"twitter:data2\" content=\"3 minuty\" \/>\n<script type=\"application\/ld+json\" class=\"yoast-schema-graph\">{\"@context\":\"https:\/\/schema.org\",\"@graph\":[{\"@type\":\"WebSite\",\"@id\":\"https:\/\/www.diagnostika-mysli.cz\/blog\/#website\",\"url\":\"https:\/\/www.diagnostika-mysli.cz\/blog\/\",\"name\":\"Test Mysli\",\"description\":\"Blog o poruch\u00e1ch mysli\",\"potentialAction\":[{\"@type\":\"SearchAction\",\"target\":{\"@type\":\"EntryPoint\",\"urlTemplate\":\"https:\/\/www.diagnostika-mysli.cz\/blog\/?s={search_term_string}\"},\"query-input\":\"required name=search_term_string\"}],\"inLanguage\":\"cs\"},{\"@type\":\"WebPage\",\"@id\":\"https:\/\/www.diagnostika-mysli.cz\/blog\/autismus\/aspergeruv-syndrom-v-dospelosti\/#webpage\",\"url\":\"https:\/\/www.diagnostika-mysli.cz\/blog\/autismus\/aspergeruv-syndrom-v-dospelosti\/\",\"name\":\"Asperger\u016fv syndrom v dosp\u011blosti - Test Mysli\",\"isPartOf\":{\"@id\":\"https:\/\/www.diagnostika-mysli.cz\/blog\/#website\"},\"datePublished\":\"2025-05-20T01:25:20+00:00\",\"dateModified\":\"2025-05-20T01:25:20+00:00\",\"author\":{\"@id\":\"https:\/\/www.diagnostika-mysli.cz\/blog\/#\/schema\/person\/8eb1bcaf59fea75c780c11946f4e3490\"},\"breadcrumb\":{\"@id\":\"https:\/\/www.diagnostika-mysli.cz\/blog\/autismus\/aspergeruv-syndrom-v-dospelosti\/#breadcrumb\"},\"inLanguage\":\"cs\",\"potentialAction\":[{\"@type\":\"ReadAction\",\"target\":[\"https:\/\/www.diagnostika-mysli.cz\/blog\/autismus\/aspergeruv-syndrom-v-dospelosti\/\"]}]},{\"@type\":\"BreadcrumbList\",\"@id\":\"https:\/\/www.diagnostika-mysli.cz\/blog\/autismus\/aspergeruv-syndrom-v-dospelosti\/#breadcrumb\",\"itemListElement\":[{\"@type\":\"ListItem\",\"position\":1,\"name\":\"Blog\",\"item\":\"https:\/\/www.diagnostika-mysli.cz\/blog\/\"},{\"@type\":\"ListItem\",\"position\":2,\"name\":\"Autismus\",\"item\":\"https:\/\/www.diagnostika-mysli.cz\/blog\/autismus\/\"},{\"@type\":\"ListItem\",\"position\":3,\"name\":\"Asperger\u016fv syndrom v dosp\u011blosti\"}]},{\"@type\":\"Person\",\"@id\":\"https:\/\/www.diagnostika-mysli.cz\/blog\/#\/schema\/person\/8eb1bcaf59fea75c780c11946f4e3490\",\"name\":\"Test Mysli\",\"image\":{\"@type\":\"ImageObject\",\"@id\":\"https:\/\/www.diagnostika-mysli.cz\/blog\/#personlogo\",\"inLanguage\":\"cs\",\"url\":\"https:\/\/secure.gravatar.com\/avatar\/6743211f010801ea26aa9423a2daab37?s=96&d=mm&r=g\",\"contentUrl\":\"https:\/\/secure.gravatar.com\/avatar\/6743211f010801ea26aa9423a2daab37?s=96&d=mm&r=g\",\"caption\":\"Test Mysli\"},\"sameAs\":[\"https:\/\/www.diagnostika-mysli.cz\/blog\"],\"url\":\"https:\/\/www.diagnostika-mysli.cz\/blog\/author\/diagnostyka-umyslu\/\"}]}<\/script>\n<!-- \/ Yoast SEO plugin. -->","yoast_head_json":{"title":"Asperger\u016fv syndrom v dosp\u011blosti - Test Mysli","robots":{"index":"index","follow":"follow","max-snippet":"max-snippet:-1","max-image-preview":"max-image-preview:large","max-video-preview":"max-video-preview:-1"},"canonical":"https:\/\/www.diagnostika-mysli.cz\/blog\/autismus\/aspergeruv-syndrom-v-dospelosti\/","og_locale":"cs_CZ","og_type":"article","og_title":"Asperger\u016fv syndrom v dosp\u011blosti - Test Mysli","og_description":"Diagnostika Aspergerova syndromu u dosp\u011bl\u00fdch: Jak\u00e9 jsou hlavn\u00ed p\u0159\u00edznaky a jak prob\u00edh\u00e1 diagnostick\u00fd proces? Asperger\u016fv syndrom je neurov\u00fdvojov\u00e9 onemocn\u011bn\u00ed, kter\u00e9 se projevuje p\u0159edev\u0161\u00edm v soci\u00e1ln\u00edm...","og_url":"https:\/\/www.diagnostika-mysli.cz\/blog\/autismus\/aspergeruv-syndrom-v-dospelosti\/","og_site_name":"Test Mysli","article_published_time":"2025-05-20T01:25:20+00:00","twitter_card":"summary_large_image","twitter_misc":{"Napsal(a)":"Test Mysli","Odhadovan\u00e1 doba \u010dten\u00ed":"3 minuty"},"schema":{"@context":"https:\/\/schema.org","@graph":[{"@type":"WebSite","@id":"https:\/\/www.diagnostika-mysli.cz\/blog\/#website","url":"https:\/\/www.diagnostika-mysli.cz\/blog\/","name":"Test Mysli","description":"Blog o poruch\u00e1ch mysli","potentialAction":[{"@type":"SearchAction","target":{"@type":"EntryPoint","urlTemplate":"https:\/\/www.diagnostika-mysli.cz\/blog\/?s={search_term_string}"},"query-input":"required name=search_term_string"}],"inLanguage":"cs"},{"@type":"WebPage","@id":"https:\/\/www.diagnostika-mysli.cz\/blog\/autismus\/aspergeruv-syndrom-v-dospelosti\/#webpage","url":"https:\/\/www.diagnostika-mysli.cz\/blog\/autismus\/aspergeruv-syndrom-v-dospelosti\/","name":"Asperger\u016fv syndrom v dosp\u011blosti - Test Mysli","isPartOf":{"@id":"https:\/\/www.diagnostika-mysli.cz\/blog\/#website"},"datePublished":"2025-05-20T01:25:20+00:00","dateModified":"2025-05-20T01:25:20+00:00","author":{"@id":"https:\/\/www.diagnostika-mysli.cz\/blog\/#\/schema\/person\/8eb1bcaf59fea75c780c11946f4e3490"},"breadcrumb":{"@id":"https:\/\/www.diagnostika-mysli.cz\/blog\/autismus\/aspergeruv-syndrom-v-dospelosti\/#breadcrumb"},"inLanguage":"cs","potentialAction":[{"@type":"ReadAction","target":["https:\/\/www.diagnostika-mysli.cz\/blog\/autismus\/aspergeruv-syndrom-v-dospelosti\/"]}]},{"@type":"BreadcrumbList","@id":"https:\/\/www.diagnostika-mysli.cz\/blog\/autismus\/aspergeruv-syndrom-v-dospelosti\/#breadcrumb","itemListElement":[{"@type":"ListItem","position":1,"name":"Blog","item":"https:\/\/www.diagnostika-mysli.cz\/blog\/"},{"@type":"ListItem","position":2,"name":"Autismus","item":"https:\/\/www.diagnostika-mysli.cz\/blog\/autismus\/"},{"@type":"ListItem","position":3,"name":"Asperger\u016fv syndrom v dosp\u011blosti"}]},{"@type":"Person","@id":"https:\/\/www.diagnostika-mysli.cz\/blog\/#\/schema\/person\/8eb1bcaf59fea75c780c11946f4e3490","name":"Test Mysli","image":{"@type":"ImageObject","@id":"https:\/\/www.diagnostika-mysli.cz\/blog\/#personlogo","inLanguage":"cs","url":"https:\/\/secure.gravatar.com\/avatar\/6743211f010801ea26aa9423a2daab37?s=96&d=mm&r=g","contentUrl":"https:\/\/secure.gravatar.com\/avatar\/6743211f010801ea26aa9423a2daab37?s=96&d=mm&r=g","caption":"Test Mysli"},"sameAs":["https:\/\/www.diagnostika-mysli.cz\/blog"],"url":"https:\/\/www.diagnostika-mysli.cz\/blog\/author\/diagnostyka-umyslu\/"}]}},"amp_enabled":true,"_links":{"self":[{"href":"https:\/\/www.diagnostika-mysli.cz\/blog\/wp-json\/wp\/v2\/posts\/3305"}],"collection":[{"href":"https:\/\/www.diagnostika-mysli.cz\/blog\/wp-json\/wp\/v2\/posts"}],"about":[{"href":"https:\/\/www.diagnostika-mysli.cz\/blog\/wp-json\/wp\/v2\/types\/post"}],"author":[{"embeddable":true,"href":"https:\/\/www.diagnostika-mysli.cz\/blog\/wp-json\/wp\/v2\/users\/1"}],"replies":[{"embeddable":true,"href":"https:\/\/www.diagnostika-mysli.cz\/blog\/wp-json\/wp\/v2\/comments?post=3305"}],"version-history":[{"count":0,"href":"https:\/\/www.diagnostika-mysli.cz\/blog\/wp-json\/wp\/v2\/posts\/3305\/revisions"}],"wp:attachment":[{"href":"https:\/\/www.diagnostika-mysli.cz\/blog\/wp-json\/wp\/v2\/media?parent=3305"}],"wp:term":[{"taxonomy":"category","embeddable":true,"href":"https:\/\/www.diagnostika-mysli.cz\/blog\/wp-json\/wp\/v2\/categories?post=3305"},{"taxonomy":"post_tag","embeddable":true,"href":"https:\/\/www.diagnostika-mysli.cz\/blog\/wp-json\/wp\/v2\/tags?post=3305"}],"curies":[{"name":"wp","href":"https:\/\/api.w.org\/{rel}","templated":true}]}}