{"id":3307,"date":"2025-05-21T03:25:18","date_gmt":"2025-05-21T01:25:18","guid":{"rendered":"https:\/\/www.diagnostika-mysli.cz\/blog\/autismus\/autismus-priznaky-2\/"},"modified":"2025-05-21T03:25:18","modified_gmt":"2025-05-21T01:25:18","slug":"autismus-priznaky-2","status":"publish","type":"post","link":"https:\/\/www.diagnostika-mysli.cz\/blog\/autismus\/autismus-priznaky-2\/","title":{"rendered":"Autismus priznaky"},"content":{"rendered":"<div class='topics'>\n<div class='topic'>\n<h2>Co jsou nej\u010dast\u011bj\u0161\u00ed p\u0159\u00edznaky autismu u d\u011bt\u00ed?<\/h2>\n<p>Autismus je neurov\u00fdvojov\u00e1 porucha, kter\u00e1 se projevuje v d\u011btstv\u00ed a ovliv\u0148uje soci\u00e1ln\u00ed interakce, komunikaci a chov\u00e1n\u00ed. Tato porucha se m\u016f\u017ee projevovat r\u016fzn\u00fdmi zp\u016fsoby a m\u016f\u017ee se li\u0161it v z\u00e1va\u017enosti u ka\u017ed\u00e9ho jednotliv\u00e9ho d\u00edt\u011bte. Nicm\u00e9n\u011b existuj\u00ed n\u011bkter\u00e9 nej\u010dast\u011bj\u0161\u00ed p\u0159\u00edznaky, kter\u00e9 mohou nazna\u010dovat p\u0159\u00edtomnost autismu u d\u011bt\u00ed.<\/p>\n<p>Jedn\u00edm z nej\u010dast\u011bj\u0161\u00edch p\u0159\u00edznak\u016f autismu je probl\u00e9m s komunikac\u00ed a soci\u00e1ln\u00edmi interakcemi. D\u011bti s touto poruchou mohou m\u00edt probl\u00e9my s porozum\u011bn\u00edm verb\u00e1ln\u00ed komunikace a mohou m\u00edt omezen\u00e9 nebo opakuj\u00edc\u00ed se \u0159e\u010dov\u00e9 vzorce. Mohou tak\u00e9 m\u00edt probl\u00e9my s porozum\u011bn\u00edm neverb\u00e1ln\u00ed komunikace, jako jsou gesta, mimika a t\u00f3n hlasu. D\u011bti s autismem mohou m\u00edt tak\u00e9 probl\u00e9my<\/p>\n<\/div>\n<div class='topic'>\n<h2>Jak\u00e9 jsou mo\u017en\u00e9 p\u0159\u00edznaky autismu u dosp\u011bl\u00fdch?<\/h2>\n<p>Autismus je neurov\u00fdvojov\u00e1 porucha, kter\u00e1 se projevuje od ran\u00e9ho d\u011btstv\u00ed. Nicm\u00e9n\u011b, mnoho lid\u00ed s touto poruchou nebylo diagnostikov\u00e1no v d\u011btstv\u00ed a m\u016f\u017ee se setkat s obt\u00ed\u017eemi a\u017e v dosp\u011blosti. Proto je d\u016fle\u017eit\u00e9 zn\u00e1t mo\u017en\u00e9 p\u0159\u00edznaky autismu u dosp\u011bl\u00fdch, aby bylo mo\u017en\u00e9 v\u010das rozpoznat a poskytnout pot\u0159ebnou podporu.<\/p>\n<p>Jedn\u00edm z hlavn\u00edch p\u0159\u00edznak\u016f autismu u dosp\u011bl\u00fdch je probl\u00e9m s komunikac\u00ed a soci\u00e1ln\u00edmi interakcemi. Lid\u00e9 s touto poruchou mohou m\u00edt obt\u00ed\u017ee s porozum\u011bn\u00edm neverb\u00e1ln\u00ed komunikace, jako jsou gesta, mimika nebo t\u00f3n hlasu. Mohou tak\u00e9 m\u00edt probl\u00e9my s porozum\u011bn\u00edm soci\u00e1ln\u00edm n\u00e1vyk\u016fm a pravidl\u016fm, co\u017e m\u016f\u017ee v\u00e9st k nevhodn\u00e9mu chov\u00e1n\u00ed v soci\u00e1ln\u00edch situac\u00edch. D\u00e1le mohou m\u00edt probl\u00e9my s navazov\u00e1n\u00edm<\/p>\n<\/div>\n<div class='topic'>\n<h2>Jak\u00e9 jsou rozd\u00edly v projevech autismu u chlapc\u016f a d\u00edvek?<\/h2>\n<p>Autismus je neurov\u00fdvojov\u00e1 porucha, kter\u00e1 ovliv\u0148uje soci\u00e1ln\u00ed interakce, komunikaci a chov\u00e1n\u00ed jedince. Tato porucha se projevuje u obou pohlav\u00ed, ale existuj\u00ed ur\u010dit\u00e9 rozd\u00edly v projevech u chlapc\u016f a d\u00edvek.<\/p>\n<p>1. Soci\u00e1ln\u00ed interakce<\/p>\n<p>Jedn\u00edm z hlavn\u00edch projev\u016f autismu je naru\u0161en\u00e1 soci\u00e1ln\u00ed interakce. U chlapc\u016f s autismem je tento projev \u010dasto v\u00edce v\u00fdrazn\u00fd ne\u017e u d\u00edvek. Chlapci s autismem maj\u00ed \u010dasto probl\u00e9my s navazov\u00e1n\u00edm a udr\u017eov\u00e1n\u00edm p\u0159\u00e1telstv\u00ed, s porozum\u011bn\u00edm soci\u00e1ln\u00edm n\u00e1vyk\u016fm a s empati\u00ed. Na rozd\u00edl od toho, d\u00edvky s autismem mohou b\u00fdt schopn\u00e9 navazovat p\u0159\u00e1telstv\u00ed, ale \u010dasto se c\u00edt\u00ed izolovan\u00e9 a nepochopen\u00e9 ve sv\u00e9m okol\u00ed.<\/p>\n<p>2. Komunikace<\/p>\n<p>Dal\u0161\u00edm v\u00fdznamn\u00fdm projevem autismu je naru\u0161en\u00e1 komunikace. U chlap<\/p>\n<\/div>\n<div class='topic'>\n<h2>Jak\u00e9 jsou mo\u017enosti l\u00e9\u010dby a podpory pro osoby s autismem?<\/h2>\n<p>Autismus je neurov\u00fdvojov\u00e9 onemocn\u011bn\u00ed, kter\u00e9 ovliv\u0148uje komunikaci, soci\u00e1ln\u00ed interakci a chov\u00e1n\u00ed jedince. Ka\u017ed\u00fd \u010dlov\u011bk s autismem je jedine\u010dn\u00fd a m\u00e1 sv\u00e9 vlastn\u00ed pot\u0159eby a schopnosti. Proto je d\u016fle\u017eit\u00e9, aby l\u00e9\u010dba a podpora byly p\u0159izp\u016fsobeny individu\u00e1ln\u011b.<\/p>\n<p>Existuje mnoho r\u016fzn\u00fdch mo\u017enost\u00ed l\u00e9\u010dby a podpory pro osoby s autismem. N\u011bkter\u00e9 z nich jsou zam\u011b\u0159eny na zlep\u0161en\u00ed komunika\u010dn\u00edch a soci\u00e1ln\u00edch dovednost\u00ed, zat\u00edmco jin\u00e9 se soust\u0159ed\u00ed na sn\u00ed\u017een\u00ed probl\u00e9mov\u00e9ho chov\u00e1n\u00ed a zlep\u0161en\u00ed kvality \u017eivota.<\/p>\n<p>Jednou z nej\u010dast\u011bj\u0161\u00edch forem l\u00e9\u010dby je terapie. Existuje n\u011bkolik typ\u016f terapie, kter\u00e9 mohou b\u00fdt pro osoby s autismem u\u017eite\u010dn\u00e9. Jednou z nich je behavior\u00e1ln\u00ed terapie, kter\u00e1 se zam\u011b\u0159uje na zm\u011bnu ne\u017e\u00e1douc\u00edho chov\u00e1n\u00ed a u\u010den\u00ed nov\u00fdch<\/p>\n<\/div>\n<\/div>\n","protected":false},"excerpt":{"rendered":"<p>Co jsou nej\u010dast\u011bj\u0161\u00ed p\u0159\u00edznaky autismu u d\u011bt\u00ed? Autismus je neurov\u00fdvojov\u00e1 porucha, kter\u00e1 se projevuje v d\u011btstv\u00ed a ovliv\u0148uje soci\u00e1ln\u00ed interakce, komunikaci a chov\u00e1n\u00ed. Tato porucha&#8230;<\/p>\n","protected":false},"author":1,"featured_media":0,"comment_status":"","ping_status":"open","sticky":false,"template":"","format":"standard","meta":{"inline_featured_image":false},"categories":[849],"tags":[],"yoast_head":"<!-- This site is optimized with the Yoast SEO plugin v18.1 - https:\/\/yoast.com\/wordpress\/plugins\/seo\/ -->\n<title>Autismus priznaky - Test Mysli<\/title>\n<meta name=\"robots\" content=\"index, follow, max-snippet:-1, max-image-preview:large, max-video-preview:-1\" \/>\n<link rel=\"canonical\" href=\"https:\/\/www.diagnostika-mysli.cz\/blog\/autismus\/autismus-priznaky-2\/\" \/>\n<meta property=\"og:locale\" content=\"cs_CZ\" \/>\n<meta property=\"og:type\" content=\"article\" \/>\n<meta property=\"og:title\" content=\"Autismus priznaky - Test Mysli\" \/>\n<meta property=\"og:description\" content=\"Co jsou nej\u010dast\u011bj\u0161\u00ed p\u0159\u00edznaky autismu u d\u011bt\u00ed? Autismus je neurov\u00fdvojov\u00e1 porucha, kter\u00e1 se projevuje v d\u011btstv\u00ed a ovliv\u0148uje soci\u00e1ln\u00ed interakce, komunikaci a chov\u00e1n\u00ed. Tato porucha...\" \/>\n<meta property=\"og:url\" content=\"https:\/\/www.diagnostika-mysli.cz\/blog\/autismus\/autismus-priznaky-2\/\" \/>\n<meta property=\"og:site_name\" content=\"Test Mysli\" \/>\n<meta property=\"article:published_time\" content=\"2025-05-21T01:25:18+00:00\" \/>\n<meta name=\"twitter:card\" content=\"summary_large_image\" \/>\n<meta name=\"twitter:label1\" content=\"Napsal(a)\" \/>\n\t<meta name=\"twitter:data1\" content=\"Test Mysli\" \/>\n\t<meta name=\"twitter:label2\" content=\"Odhadovan\u00e1 doba \u010dten\u00ed\" \/>\n\t<meta name=\"twitter:data2\" content=\"3 minuty\" \/>\n<script type=\"application\/ld+json\" class=\"yoast-schema-graph\">{\"@context\":\"https:\/\/schema.org\",\"@graph\":[{\"@type\":\"WebSite\",\"@id\":\"https:\/\/www.diagnostika-mysli.cz\/blog\/#website\",\"url\":\"https:\/\/www.diagnostika-mysli.cz\/blog\/\",\"name\":\"Test Mysli\",\"description\":\"Blog o poruch\u00e1ch mysli\",\"potentialAction\":[{\"@type\":\"SearchAction\",\"target\":{\"@type\":\"EntryPoint\",\"urlTemplate\":\"https:\/\/www.diagnostika-mysli.cz\/blog\/?s={search_term_string}\"},\"query-input\":\"required name=search_term_string\"}],\"inLanguage\":\"cs\"},{\"@type\":\"WebPage\",\"@id\":\"https:\/\/www.diagnostika-mysli.cz\/blog\/autismus\/autismus-priznaky-2\/#webpage\",\"url\":\"https:\/\/www.diagnostika-mysli.cz\/blog\/autismus\/autismus-priznaky-2\/\",\"name\":\"Autismus priznaky - Test Mysli\",\"isPartOf\":{\"@id\":\"https:\/\/www.diagnostika-mysli.cz\/blog\/#website\"},\"datePublished\":\"2025-05-21T01:25:18+00:00\",\"dateModified\":\"2025-05-21T01:25:18+00:00\",\"author\":{\"@id\":\"https:\/\/www.diagnostika-mysli.cz\/blog\/#\/schema\/person\/8eb1bcaf59fea75c780c11946f4e3490\"},\"breadcrumb\":{\"@id\":\"https:\/\/www.diagnostika-mysli.cz\/blog\/autismus\/autismus-priznaky-2\/#breadcrumb\"},\"inLanguage\":\"cs\",\"potentialAction\":[{\"@type\":\"ReadAction\",\"target\":[\"https:\/\/www.diagnostika-mysli.cz\/blog\/autismus\/autismus-priznaky-2\/\"]}]},{\"@type\":\"BreadcrumbList\",\"@id\":\"https:\/\/www.diagnostika-mysli.cz\/blog\/autismus\/autismus-priznaky-2\/#breadcrumb\",\"itemListElement\":[{\"@type\":\"ListItem\",\"position\":1,\"name\":\"Blog\",\"item\":\"https:\/\/www.diagnostika-mysli.cz\/blog\/\"},{\"@type\":\"ListItem\",\"position\":2,\"name\":\"Autismus\",\"item\":\"https:\/\/www.diagnostika-mysli.cz\/blog\/autismus\/\"},{\"@type\":\"ListItem\",\"position\":3,\"name\":\"Autismus priznaky\"}]},{\"@type\":\"Person\",\"@id\":\"https:\/\/www.diagnostika-mysli.cz\/blog\/#\/schema\/person\/8eb1bcaf59fea75c780c11946f4e3490\",\"name\":\"Test Mysli\",\"image\":{\"@type\":\"ImageObject\",\"@id\":\"https:\/\/www.diagnostika-mysli.cz\/blog\/#personlogo\",\"inLanguage\":\"cs\",\"url\":\"https:\/\/secure.gravatar.com\/avatar\/6743211f010801ea26aa9423a2daab37?s=96&d=mm&r=g\",\"contentUrl\":\"https:\/\/secure.gravatar.com\/avatar\/6743211f010801ea26aa9423a2daab37?s=96&d=mm&r=g\",\"caption\":\"Test Mysli\"},\"sameAs\":[\"https:\/\/www.diagnostika-mysli.cz\/blog\"],\"url\":\"https:\/\/www.diagnostika-mysli.cz\/blog\/author\/diagnostyka-umyslu\/\"}]}<\/script>\n<!-- \/ Yoast SEO plugin. -->","yoast_head_json":{"title":"Autismus priznaky - Test Mysli","robots":{"index":"index","follow":"follow","max-snippet":"max-snippet:-1","max-image-preview":"max-image-preview:large","max-video-preview":"max-video-preview:-1"},"canonical":"https:\/\/www.diagnostika-mysli.cz\/blog\/autismus\/autismus-priznaky-2\/","og_locale":"cs_CZ","og_type":"article","og_title":"Autismus priznaky - Test Mysli","og_description":"Co jsou nej\u010dast\u011bj\u0161\u00ed p\u0159\u00edznaky autismu u d\u011bt\u00ed? Autismus je neurov\u00fdvojov\u00e1 porucha, kter\u00e1 se projevuje v d\u011btstv\u00ed a ovliv\u0148uje soci\u00e1ln\u00ed interakce, komunikaci a chov\u00e1n\u00ed. Tato porucha...","og_url":"https:\/\/www.diagnostika-mysli.cz\/blog\/autismus\/autismus-priznaky-2\/","og_site_name":"Test Mysli","article_published_time":"2025-05-21T01:25:18+00:00","twitter_card":"summary_large_image","twitter_misc":{"Napsal(a)":"Test Mysli","Odhadovan\u00e1 doba \u010dten\u00ed":"3 minuty"},"schema":{"@context":"https:\/\/schema.org","@graph":[{"@type":"WebSite","@id":"https:\/\/www.diagnostika-mysli.cz\/blog\/#website","url":"https:\/\/www.diagnostika-mysli.cz\/blog\/","name":"Test Mysli","description":"Blog o poruch\u00e1ch mysli","potentialAction":[{"@type":"SearchAction","target":{"@type":"EntryPoint","urlTemplate":"https:\/\/www.diagnostika-mysli.cz\/blog\/?s={search_term_string}"},"query-input":"required name=search_term_string"}],"inLanguage":"cs"},{"@type":"WebPage","@id":"https:\/\/www.diagnostika-mysli.cz\/blog\/autismus\/autismus-priznaky-2\/#webpage","url":"https:\/\/www.diagnostika-mysli.cz\/blog\/autismus\/autismus-priznaky-2\/","name":"Autismus priznaky - Test Mysli","isPartOf":{"@id":"https:\/\/www.diagnostika-mysli.cz\/blog\/#website"},"datePublished":"2025-05-21T01:25:18+00:00","dateModified":"2025-05-21T01:25:18+00:00","author":{"@id":"https:\/\/www.diagnostika-mysli.cz\/blog\/#\/schema\/person\/8eb1bcaf59fea75c780c11946f4e3490"},"breadcrumb":{"@id":"https:\/\/www.diagnostika-mysli.cz\/blog\/autismus\/autismus-priznaky-2\/#breadcrumb"},"inLanguage":"cs","potentialAction":[{"@type":"ReadAction","target":["https:\/\/www.diagnostika-mysli.cz\/blog\/autismus\/autismus-priznaky-2\/"]}]},{"@type":"BreadcrumbList","@id":"https:\/\/www.diagnostika-mysli.cz\/blog\/autismus\/autismus-priznaky-2\/#breadcrumb","itemListElement":[{"@type":"ListItem","position":1,"name":"Blog","item":"https:\/\/www.diagnostika-mysli.cz\/blog\/"},{"@type":"ListItem","position":2,"name":"Autismus","item":"https:\/\/www.diagnostika-mysli.cz\/blog\/autismus\/"},{"@type":"ListItem","position":3,"name":"Autismus priznaky"}]},{"@type":"Person","@id":"https:\/\/www.diagnostika-mysli.cz\/blog\/#\/schema\/person\/8eb1bcaf59fea75c780c11946f4e3490","name":"Test Mysli","image":{"@type":"ImageObject","@id":"https:\/\/www.diagnostika-mysli.cz\/blog\/#personlogo","inLanguage":"cs","url":"https:\/\/secure.gravatar.com\/avatar\/6743211f010801ea26aa9423a2daab37?s=96&d=mm&r=g","contentUrl":"https:\/\/secure.gravatar.com\/avatar\/6743211f010801ea26aa9423a2daab37?s=96&d=mm&r=g","caption":"Test Mysli"},"sameAs":["https:\/\/www.diagnostika-mysli.cz\/blog"],"url":"https:\/\/www.diagnostika-mysli.cz\/blog\/author\/diagnostyka-umyslu\/"}]}},"amp_enabled":true,"_links":{"self":[{"href":"https:\/\/www.diagnostika-mysli.cz\/blog\/wp-json\/wp\/v2\/posts\/3307"}],"collection":[{"href":"https:\/\/www.diagnostika-mysli.cz\/blog\/wp-json\/wp\/v2\/posts"}],"about":[{"href":"https:\/\/www.diagnostika-mysli.cz\/blog\/wp-json\/wp\/v2\/types\/post"}],"author":[{"embeddable":true,"href":"https:\/\/www.diagnostika-mysli.cz\/blog\/wp-json\/wp\/v2\/users\/1"}],"replies":[{"embeddable":true,"href":"https:\/\/www.diagnostika-mysli.cz\/blog\/wp-json\/wp\/v2\/comments?post=3307"}],"version-history":[{"count":0,"href":"https:\/\/www.diagnostika-mysli.cz\/blog\/wp-json\/wp\/v2\/posts\/3307\/revisions"}],"wp:attachment":[{"href":"https:\/\/www.diagnostika-mysli.cz\/blog\/wp-json\/wp\/v2\/media?parent=3307"}],"wp:term":[{"taxonomy":"category","embeddable":true,"href":"https:\/\/www.diagnostika-mysli.cz\/blog\/wp-json\/wp\/v2\/categories?post=3307"},{"taxonomy":"post_tag","embeddable":true,"href":"https:\/\/www.diagnostika-mysli.cz\/blog\/wp-json\/wp\/v2\/tags?post=3307"}],"curies":[{"name":"wp","href":"https:\/\/api.w.org\/{rel}","templated":true}]}}