{"id":3310,"date":"2025-05-22T03:25:26","date_gmt":"2025-05-22T01:25:26","guid":{"rendered":"https:\/\/www.diagnostika-mysli.cz\/blog\/autismus\/test-autistickeho-spektra\/"},"modified":"2025-05-22T03:25:26","modified_gmt":"2025-05-22T01:25:26","slug":"test-autistickeho-spektra","status":"publish","type":"post","link":"https:\/\/www.diagnostika-mysli.cz\/blog\/autismus\/test-autistickeho-spektra\/","title":{"rendered":"Test autistick\u00e9ho spektra"},"content":{"rendered":"<div class='topics'>\n<div class='topic'>\n<h2>Co je to test autistick\u00e9ho spektra a jak funguje?<\/h2>\n<p>Test autistick\u00e9ho spektra je diagnostick\u00fd n\u00e1stroj pou\u017e\u00edvan\u00fd k ur\u010den\u00ed p\u0159\u00edtomnosti poruchy autistick\u00e9ho spektra (PAS) u jednotlivce. Tato porucha se projevuje v\u00fdrazn\u00fdmi obt\u00ed\u017eemi v soci\u00e1ln\u00ed interakci, komunikaci a chov\u00e1n\u00ed. Test autistick\u00e9ho spektra je navr\u017een tak, aby poskytl komplexn\u00ed pohled na r\u016fzn\u00e9 aspekty PAS a pomohl l\u00e9ka\u0159\u016fm a odborn\u00edk\u016fm v oblasti du\u0161evn\u00edho zdrav\u00ed p\u0159i stanoven\u00ed spr\u00e1vn\u00e9 diagn\u00f3zy.<\/p>\n<p>Test se skl\u00e1d\u00e1 z r\u016fzn\u00fdch \u010d\u00e1st\u00ed, kter\u00e9 se zam\u011b\u0159uj\u00ed na r\u016fzn\u00e9 oblasti, ve kter\u00fdch se projevuje PAS. Mezi tyto oblasti pat\u0159\u00ed soci\u00e1ln\u00ed interakce, komunikace, chov\u00e1n\u00ed a z\u00e1jmy. Ka\u017ed\u00e1 \u010d\u00e1st testu obsahuje r\u016fzn\u00e9 ot\u00e1zky a \u00fakoly, kter\u00e9 maj\u00ed za c\u00edl zjistit, jak jedinec reaguje a funguje v r\u016fzn\u00fdch situac\u00edch.<\/p>\n<p>Soci\u00e1ln\u00ed interakce<\/p>\n<\/div>\n<div class='topic'>\n<h2>Jak\u00e9 jsou nej\u010dast\u011bj\u0161\u00ed p\u0159\u00edznaky a projevy autismu, kter\u00e9 se testuj\u00ed?<\/h2>\n<p>Autismus je neurov\u00fdvojov\u00e9 onemocn\u011bn\u00ed, kter\u00e9 ovliv\u0148uje soci\u00e1ln\u00ed interakci, komunikaci a chov\u00e1n\u00ed jedince. Jeho p\u0159\u00edznaky se mohou li\u0161it od jedince k jedinci, ale existuj\u00ed ur\u010dit\u00e9 spole\u010dn\u00e9 znaky, kter\u00e9 jsou \u010dasto testov\u00e1ny pro diagnostiku autismu.<\/p>\n<p>Jedn\u00edm z nej\u010dast\u011bj\u0161\u00edch p\u0159\u00edznak\u016f autismu je probl\u00e9m s komunikac\u00ed a soci\u00e1ln\u00ed interakc\u00ed. D\u011bti s autismem mohou m\u00edt probl\u00e9my s porozum\u011bn\u00edm neverb\u00e1ln\u00ed komunikace, jako jsou gesta, mimika a t\u00f3n hlasu. Mohou tak\u00e9 m\u00edt probl\u00e9my s navazov\u00e1n\u00edm a udr\u017eov\u00e1n\u00edm p\u0159\u00e1telstv\u00ed a projevov\u00e1n\u00edm empatie k ostatn\u00edm.<\/p>\n<p>Dal\u0161\u00edm \u010dast\u00fdm p\u0159\u00edznakem je omezen\u00fd a opakuj\u00edc\u00ed se vzorec chov\u00e1n\u00ed, z\u00e1jm\u016f a aktivit. D\u011bti s autismem mohou b\u00fdt velmi fixovan\u00e9 na ur\u010dit\u00e9 p\u0159edm\u011bty nebo aktivity a mohou m\u00edt probl\u00e9my s p\u0159izp\u016fs<\/p>\n<\/div>\n<div class='topic'>\n<h2>Jak\u00e9 jsou v\u00fdhody a nev\u00fdhody testov\u00e1n\u00ed na autismus?<\/h2>\n<p>Testov\u00e1n\u00ed na autismus je proces, kter\u00fd se pou\u017e\u00edv\u00e1 k diagnostikov\u00e1n\u00ed poruchy autistick\u00e9ho spektra (PAS). Tento proces se skl\u00e1d\u00e1 z r\u016fzn\u00fdch test\u016f a vy\u0161et\u0159en\u00ed, kter\u00e9 pom\u00e1haj\u00ed odborn\u00edk\u016fm ur\u010dit, zda m\u00e1 jedinec PAS a jak\u00e9 jsou jeho specifick\u00e9 pot\u0159eby. Existuje mnoho v\u00fdhod a nev\u00fdhod spojen\u00fdch s testov\u00e1n\u00edm na autismus, kter\u00e9 je d\u016fle\u017eit\u00e9 zv\u00e1\u017eit p\u0159edt\u00edm, ne\u017e se rozhodnete podstoupit tento proces.<\/p>\n<p>Mezi hlavn\u00ed v\u00fdhody testov\u00e1n\u00ed na autismus pat\u0159\u00ed:<\/p>\n<p>1. Diagnostikov\u00e1n\u00ed poruchy: Jednou z nejv\u011bt\u0161\u00edch v\u00fdhod testov\u00e1n\u00ed na autismus je mo\u017enost z\u00edskat ofici\u00e1ln\u00ed diagn\u00f3zu. To m\u016f\u017ee b\u00fdt u\u017eite\u010dn\u00e9 pro jedince i jejich rodiny, proto\u017ee jim poskytuje jasn\u00fd a konkr\u00e9tn\u00ed n\u00e1hled na jejich stav a pom\u00e1h\u00e1 jim l\u00e9pe porozum\u011bt jejich pot\u0159eb\u00e1m.<\/p>\n<p>2. Pl\u00e1nov\u00e1n\u00ed<\/p>\n<\/div>\n<div class='topic'>\n<h2>Jak\u00e9 jsou mo\u017enosti l\u00e9\u010dby a podpory pro osoby s diagn\u00f3zou autismu po proveden\u00ed testu?<\/h2>\n<p>Autismus je neurov\u00fdvojov\u00e9 onemocn\u011bn\u00ed, kter\u00e9 ovliv\u0148uje soci\u00e1ln\u00ed interakce, komunikaci a chov\u00e1n\u00ed jedince. Pro osoby s touto diagn\u00f3zou m\u016f\u017ee b\u00fdt obt\u00ed\u017en\u00e9 se p\u0159izp\u016fsobit b\u011b\u017en\u00e9mu \u017eivotu a mohou pot\u0159ebovat speci\u00e1ln\u00ed l\u00e9\u010dbu a podporu. Po proveden\u00ed testu na autismus m\u016f\u017ee b\u00fdt stanovena diagn\u00f3za a n\u00e1sledn\u011b se mohou nab\u00eddnout r\u016fzn\u00e9 mo\u017enosti l\u00e9\u010dby a podpory.<\/p>\n<p>Jednou z mo\u017enost\u00ed l\u00e9\u010dby je terapie. Existuje n\u011bkolik typ\u016f terapi\u00ed, kter\u00e9 mohou pomoci osob\u00e1m s autismem. Jednou z nich je behavior\u00e1ln\u00ed terapie, kter\u00e1 se zam\u011b\u0159uje na zm\u011bnu ne\u017e\u00e1douc\u00edho chov\u00e1n\u00ed a u\u010den\u00ed nov\u00fdch dovednost\u00ed. Dal\u0161\u00ed mo\u017enost\u00ed je komunika\u010dn\u00ed terapie, kter\u00e1 pom\u00e1h\u00e1 zlep\u0161it schopnost komunikace a porozum\u011bn\u00ed verb\u00e1ln\u00ed i neverb\u00e1ln\u00ed komunikaci. Rodi\u010de a bl\u00edzc\u00ed mohou b\u00fdt tak<\/p>\n<\/div>\n<\/div>\n","protected":false},"excerpt":{"rendered":"<p>Co je to test autistick\u00e9ho spektra a jak funguje? Test autistick\u00e9ho spektra je diagnostick\u00fd n\u00e1stroj pou\u017e\u00edvan\u00fd k ur\u010den\u00ed p\u0159\u00edtomnosti poruchy autistick\u00e9ho spektra (PAS) u jednotlivce&#8230;.<\/p>\n","protected":false},"author":1,"featured_media":0,"comment_status":"","ping_status":"open","sticky":false,"template":"","format":"standard","meta":{"inline_featured_image":false},"categories":[849],"tags":[],"yoast_head":"<!-- This site is optimized with the Yoast SEO plugin v18.1 - https:\/\/yoast.com\/wordpress\/plugins\/seo\/ -->\n<title>Test autistick\u00e9ho spektra - Test Mysli<\/title>\n<meta name=\"robots\" content=\"index, follow, max-snippet:-1, max-image-preview:large, max-video-preview:-1\" \/>\n<link rel=\"canonical\" href=\"https:\/\/www.diagnostika-mysli.cz\/blog\/autismus\/test-autistickeho-spektra\/\" \/>\n<meta property=\"og:locale\" content=\"cs_CZ\" \/>\n<meta property=\"og:type\" content=\"article\" \/>\n<meta property=\"og:title\" content=\"Test autistick\u00e9ho spektra - Test Mysli\" \/>\n<meta property=\"og:description\" content=\"Co je to test autistick\u00e9ho spektra a jak funguje? Test autistick\u00e9ho spektra je diagnostick\u00fd n\u00e1stroj pou\u017e\u00edvan\u00fd k ur\u010den\u00ed p\u0159\u00edtomnosti poruchy autistick\u00e9ho spektra (PAS) u jednotlivce....\" \/>\n<meta property=\"og:url\" content=\"https:\/\/www.diagnostika-mysli.cz\/blog\/autismus\/test-autistickeho-spektra\/\" \/>\n<meta property=\"og:site_name\" content=\"Test Mysli\" \/>\n<meta property=\"article:published_time\" content=\"2025-05-22T01:25:26+00:00\" \/>\n<meta name=\"twitter:card\" content=\"summary_large_image\" \/>\n<meta name=\"twitter:label1\" content=\"Napsal(a)\" \/>\n\t<meta name=\"twitter:data1\" content=\"Test Mysli\" \/>\n\t<meta name=\"twitter:label2\" content=\"Odhadovan\u00e1 doba \u010dten\u00ed\" \/>\n\t<meta name=\"twitter:data2\" content=\"3 minuty\" \/>\n<script type=\"application\/ld+json\" class=\"yoast-schema-graph\">{\"@context\":\"https:\/\/schema.org\",\"@graph\":[{\"@type\":\"WebSite\",\"@id\":\"https:\/\/www.diagnostika-mysli.cz\/blog\/#website\",\"url\":\"https:\/\/www.diagnostika-mysli.cz\/blog\/\",\"name\":\"Test Mysli\",\"description\":\"Blog o poruch\u00e1ch mysli\",\"potentialAction\":[{\"@type\":\"SearchAction\",\"target\":{\"@type\":\"EntryPoint\",\"urlTemplate\":\"https:\/\/www.diagnostika-mysli.cz\/blog\/?s={search_term_string}\"},\"query-input\":\"required name=search_term_string\"}],\"inLanguage\":\"cs\"},{\"@type\":\"WebPage\",\"@id\":\"https:\/\/www.diagnostika-mysli.cz\/blog\/autismus\/test-autistickeho-spektra\/#webpage\",\"url\":\"https:\/\/www.diagnostika-mysli.cz\/blog\/autismus\/test-autistickeho-spektra\/\",\"name\":\"Test autistick\u00e9ho spektra - Test Mysli\",\"isPartOf\":{\"@id\":\"https:\/\/www.diagnostika-mysli.cz\/blog\/#website\"},\"datePublished\":\"2025-05-22T01:25:26+00:00\",\"dateModified\":\"2025-05-22T01:25:26+00:00\",\"author\":{\"@id\":\"https:\/\/www.diagnostika-mysli.cz\/blog\/#\/schema\/person\/8eb1bcaf59fea75c780c11946f4e3490\"},\"breadcrumb\":{\"@id\":\"https:\/\/www.diagnostika-mysli.cz\/blog\/autismus\/test-autistickeho-spektra\/#breadcrumb\"},\"inLanguage\":\"cs\",\"potentialAction\":[{\"@type\":\"ReadAction\",\"target\":[\"https:\/\/www.diagnostika-mysli.cz\/blog\/autismus\/test-autistickeho-spektra\/\"]}]},{\"@type\":\"BreadcrumbList\",\"@id\":\"https:\/\/www.diagnostika-mysli.cz\/blog\/autismus\/test-autistickeho-spektra\/#breadcrumb\",\"itemListElement\":[{\"@type\":\"ListItem\",\"position\":1,\"name\":\"Blog\",\"item\":\"https:\/\/www.diagnostika-mysli.cz\/blog\/\"},{\"@type\":\"ListItem\",\"position\":2,\"name\":\"Autismus\",\"item\":\"https:\/\/www.diagnostika-mysli.cz\/blog\/autismus\/\"},{\"@type\":\"ListItem\",\"position\":3,\"name\":\"Test autistick\u00e9ho spektra\"}]},{\"@type\":\"Person\",\"@id\":\"https:\/\/www.diagnostika-mysli.cz\/blog\/#\/schema\/person\/8eb1bcaf59fea75c780c11946f4e3490\",\"name\":\"Test Mysli\",\"image\":{\"@type\":\"ImageObject\",\"@id\":\"https:\/\/www.diagnostika-mysli.cz\/blog\/#personlogo\",\"inLanguage\":\"cs\",\"url\":\"https:\/\/secure.gravatar.com\/avatar\/6743211f010801ea26aa9423a2daab37?s=96&d=mm&r=g\",\"contentUrl\":\"https:\/\/secure.gravatar.com\/avatar\/6743211f010801ea26aa9423a2daab37?s=96&d=mm&r=g\",\"caption\":\"Test Mysli\"},\"sameAs\":[\"https:\/\/www.diagnostika-mysli.cz\/blog\"],\"url\":\"https:\/\/www.diagnostika-mysli.cz\/blog\/author\/diagnostyka-umyslu\/\"}]}<\/script>\n<!-- \/ Yoast SEO plugin. -->","yoast_head_json":{"title":"Test autistick\u00e9ho spektra - Test Mysli","robots":{"index":"index","follow":"follow","max-snippet":"max-snippet:-1","max-image-preview":"max-image-preview:large","max-video-preview":"max-video-preview:-1"},"canonical":"https:\/\/www.diagnostika-mysli.cz\/blog\/autismus\/test-autistickeho-spektra\/","og_locale":"cs_CZ","og_type":"article","og_title":"Test autistick\u00e9ho spektra - Test Mysli","og_description":"Co je to test autistick\u00e9ho spektra a jak funguje? Test autistick\u00e9ho spektra je diagnostick\u00fd n\u00e1stroj pou\u017e\u00edvan\u00fd k ur\u010den\u00ed p\u0159\u00edtomnosti poruchy autistick\u00e9ho spektra (PAS) u jednotlivce....","og_url":"https:\/\/www.diagnostika-mysli.cz\/blog\/autismus\/test-autistickeho-spektra\/","og_site_name":"Test Mysli","article_published_time":"2025-05-22T01:25:26+00:00","twitter_card":"summary_large_image","twitter_misc":{"Napsal(a)":"Test Mysli","Odhadovan\u00e1 doba \u010dten\u00ed":"3 minuty"},"schema":{"@context":"https:\/\/schema.org","@graph":[{"@type":"WebSite","@id":"https:\/\/www.diagnostika-mysli.cz\/blog\/#website","url":"https:\/\/www.diagnostika-mysli.cz\/blog\/","name":"Test Mysli","description":"Blog o poruch\u00e1ch mysli","potentialAction":[{"@type":"SearchAction","target":{"@type":"EntryPoint","urlTemplate":"https:\/\/www.diagnostika-mysli.cz\/blog\/?s={search_term_string}"},"query-input":"required name=search_term_string"}],"inLanguage":"cs"},{"@type":"WebPage","@id":"https:\/\/www.diagnostika-mysli.cz\/blog\/autismus\/test-autistickeho-spektra\/#webpage","url":"https:\/\/www.diagnostika-mysli.cz\/blog\/autismus\/test-autistickeho-spektra\/","name":"Test autistick\u00e9ho spektra - Test Mysli","isPartOf":{"@id":"https:\/\/www.diagnostika-mysli.cz\/blog\/#website"},"datePublished":"2025-05-22T01:25:26+00:00","dateModified":"2025-05-22T01:25:26+00:00","author":{"@id":"https:\/\/www.diagnostika-mysli.cz\/blog\/#\/schema\/person\/8eb1bcaf59fea75c780c11946f4e3490"},"breadcrumb":{"@id":"https:\/\/www.diagnostika-mysli.cz\/blog\/autismus\/test-autistickeho-spektra\/#breadcrumb"},"inLanguage":"cs","potentialAction":[{"@type":"ReadAction","target":["https:\/\/www.diagnostika-mysli.cz\/blog\/autismus\/test-autistickeho-spektra\/"]}]},{"@type":"BreadcrumbList","@id":"https:\/\/www.diagnostika-mysli.cz\/blog\/autismus\/test-autistickeho-spektra\/#breadcrumb","itemListElement":[{"@type":"ListItem","position":1,"name":"Blog","item":"https:\/\/www.diagnostika-mysli.cz\/blog\/"},{"@type":"ListItem","position":2,"name":"Autismus","item":"https:\/\/www.diagnostika-mysli.cz\/blog\/autismus\/"},{"@type":"ListItem","position":3,"name":"Test autistick\u00e9ho spektra"}]},{"@type":"Person","@id":"https:\/\/www.diagnostika-mysli.cz\/blog\/#\/schema\/person\/8eb1bcaf59fea75c780c11946f4e3490","name":"Test Mysli","image":{"@type":"ImageObject","@id":"https:\/\/www.diagnostika-mysli.cz\/blog\/#personlogo","inLanguage":"cs","url":"https:\/\/secure.gravatar.com\/avatar\/6743211f010801ea26aa9423a2daab37?s=96&d=mm&r=g","contentUrl":"https:\/\/secure.gravatar.com\/avatar\/6743211f010801ea26aa9423a2daab37?s=96&d=mm&r=g","caption":"Test Mysli"},"sameAs":["https:\/\/www.diagnostika-mysli.cz\/blog"],"url":"https:\/\/www.diagnostika-mysli.cz\/blog\/author\/diagnostyka-umyslu\/"}]}},"amp_enabled":true,"_links":{"self":[{"href":"https:\/\/www.diagnostika-mysli.cz\/blog\/wp-json\/wp\/v2\/posts\/3310"}],"collection":[{"href":"https:\/\/www.diagnostika-mysli.cz\/blog\/wp-json\/wp\/v2\/posts"}],"about":[{"href":"https:\/\/www.diagnostika-mysli.cz\/blog\/wp-json\/wp\/v2\/types\/post"}],"author":[{"embeddable":true,"href":"https:\/\/www.diagnostika-mysli.cz\/blog\/wp-json\/wp\/v2\/users\/1"}],"replies":[{"embeddable":true,"href":"https:\/\/www.diagnostika-mysli.cz\/blog\/wp-json\/wp\/v2\/comments?post=3310"}],"version-history":[{"count":0,"href":"https:\/\/www.diagnostika-mysli.cz\/blog\/wp-json\/wp\/v2\/posts\/3310\/revisions"}],"wp:attachment":[{"href":"https:\/\/www.diagnostika-mysli.cz\/blog\/wp-json\/wp\/v2\/media?parent=3310"}],"wp:term":[{"taxonomy":"category","embeddable":true,"href":"https:\/\/www.diagnostika-mysli.cz\/blog\/wp-json\/wp\/v2\/categories?post=3310"},{"taxonomy":"post_tag","embeddable":true,"href":"https:\/\/www.diagnostika-mysli.cz\/blog\/wp-json\/wp\/v2\/tags?post=3310"}],"curies":[{"name":"wp","href":"https:\/\/api.w.org\/{rel}","templated":true}]}}