{"id":3314,"date":"2025-05-24T03:25:18","date_gmt":"2025-05-24T01:25:18","guid":{"rendered":"https:\/\/www.diagnostika-mysli.cz\/blog\/autismus\/autismus-v-dospelosti-2\/"},"modified":"2025-05-24T03:25:18","modified_gmt":"2025-05-24T01:25:18","slug":"autismus-v-dospelosti-2","status":"publish","type":"post","link":"https:\/\/www.diagnostika-mysli.cz\/blog\/autismus\/autismus-v-dospelosti-2\/","title":{"rendered":"Autismus v dospelosti"},"content":{"rendered":"<div class='topics'>\n<div class='topic'>\n<h2>Diagnostika autismu u dosp\u011bl\u00fdch: Jak\u00e9 jsou hlavn\u00ed znaky a jak prob\u00edh\u00e1 diagnostick\u00fd proces?<\/h2>\n<p>Autismus je neurov\u00fdvojov\u00e9 onemocn\u011bn\u00ed, kter\u00e9 se projevuje poruchami v komunikaci a soci\u00e1ln\u00edm chov\u00e1n\u00ed. V minulosti byl autismus pova\u017eov\u00e1n pouze za d\u011btsk\u00e9 onemocn\u011bn\u00ed, ale v posledn\u00edch letech se st\u00e1le v\u00edce hovo\u0159\u00ed o diagnostice autismu u dosp\u011bl\u00fdch. Diagnostika autismu u dosp\u011bl\u00fdch je d\u016fle\u017eit\u00e1, proto\u017ee m\u016f\u017ee pomoci lidem s touto poruchou z\u00edskat vhodnou podporu a l\u00e9\u010dbu.<\/p>\n<p>Hlavn\u00edmi znaky autismu u dosp\u011bl\u00fdch jsou probl\u00e9my v komunikaci a soci\u00e1ln\u00edm chov\u00e1n\u00ed. Osoby s autismem mohou m\u00edt pot\u00ed\u017ee s porozum\u011bn\u00edm neverb\u00e1ln\u00ed komunikace, jako jsou gesta, mimika a t\u00f3n hlasu. Mohou tak\u00e9 m\u00edt probl\u00e9my s porozum\u011bn\u00edm soci\u00e1ln\u00edm n\u00e1vyk\u016fm a pravidl\u016fm, co\u017e m\u016f\u017ee v\u00e9st k nedorozum\u011bn\u00edm a konflikt\u016fm v mezilidsk\u00fdch vztaz\u00edch. Dal\u0161\u00edm znakem autismu u<\/p>\n<\/div>\n<div class='topic'>\n<h2>Terapie a podpora pro dosp\u011bl\u00e9 s autismem: Jak\u00e9 jsou mo\u017enosti terapie a jak\u00fd vliv m\u00e1 podpora na jejich \u017eivot?<\/h2>\n<p>Autismus je neurov\u00fdvojov\u00e9 onemocn\u011bn\u00ed, kter\u00e9 ovliv\u0148uje soci\u00e1ln\u00ed interakce, komunikaci a chov\u00e1n\u00ed jedince. Toto onemocn\u011bn\u00ed se projevuje ji\u017e v d\u011btstv\u00ed, ale m\u016f\u017ee trvat po cel\u00fd \u017eivot. V posledn\u00edch letech se v\u0161ak st\u00e1le v\u00edce hovo\u0159\u00ed o dosp\u011bl\u00fdch s autismem, kte\u0159\u00ed pot\u0159ebuj\u00ed speci\u00e1ln\u00ed terapii a podporu pro zvl\u00e1dnut\u00ed sv\u00e9ho ka\u017edodenn\u00edho \u017eivota.<\/p>\n<p>Terapie pro dosp\u011bl\u00e9 s autismem se zam\u011b\u0159uje na zlep\u0161en\u00ed jejich soci\u00e1ln\u00edch dovednost\u00ed, komunikace a chov\u00e1n\u00ed. Existuje n\u011bkolik r\u016fzn\u00fdch terapeutick\u00fdch p\u0159\u00edstup\u016f, kter\u00e9 mohou b\u00fdt \u00fa\u010dinn\u00e9 pro dosp\u011bl\u00e9 s autismem. Mezi nej\u010dast\u011bji pou\u017e\u00edvan\u00e9 pat\u0159\u00ed behavior\u00e1ln\u00ed terapie, kognitivn\u011b-behavior\u00e1ln\u00ed terapie, terapie zam\u011b\u0159en\u00e1 na komunikaci a soci\u00e1ln\u00ed dovednosti a terapie zam\u011b\u0159en\u00e1 na senzorick<\/p>\n<\/div>\n<div class='topic'>\n<h2>Zam\u011bstn\u00e1v\u00e1n\u00ed dosp\u011bl\u00fdch s autismem: Jak\u00e9 jsou p\u0159ek\u00e1\u017eky a jak\u00e9 jsou \u00fasp\u011b\u0161n\u00e9 p\u0159\u00edklady integrace do pracovn\u00edho prost\u0159ed\u00ed?<\/h2>\n<p>Autismus je neurov\u00fdvojov\u00e9 onemocn\u011bn\u00ed, kter\u00e9 ovliv\u0148uje soci\u00e1ln\u00ed interakce, komunikaci a chov\u00e1n\u00ed jedince. V minulosti byli lid\u00e9 s autismem \u010dasto vylou\u010deni z pracovn\u00edho prost\u0159ed\u00ed a jejich zam\u011bstn\u00e1v\u00e1n\u00ed bylo pova\u017eov\u00e1no za nemo\u017en\u00e9. Nicm\u00e9n\u011b, d\u00edky zv\u00fd\u0161en\u00e9mu pov\u011bdom\u00ed o t\u00e9to poru\u0161e a snaze o inkluzi, se situace postupn\u011b m\u011bn\u00ed. Zam\u011bstn\u00e1v\u00e1n\u00ed dosp\u011bl\u00fdch s autismem p\u0159in\u00e1\u0161\u00ed mnoho v\u00fdzev, ale tak\u00e9 \u00fasp\u011b\u0161n\u00e9 p\u0159\u00edklady integrace do pracovn\u00edho prost\u0159ed\u00ed.<\/p>\n<p>Jednou z nejv\u011bt\u0161\u00edch p\u0159ek\u00e1\u017eek pro zam\u011bstn\u00e1v\u00e1n\u00ed dosp\u011bl\u00fdch s autismem je nedostate\u010dn\u00e9 pov\u011bdom\u00ed a porozum\u011bn\u00ed t\u00e9to poru\u0161e. Mnoho zam\u011bstnavatel\u016f nem\u00e1 dostate\u010dn\u00e9 znalosti o autismu a nev\u00ed, jak s t\u011bmito jedinci pracovat. To m\u016f\u017ee v\u00e9st k nedorozum\u011bn\u00edm a probl\u00e9m<\/p>\n<\/div>\n<div class='topic'>\n<h2>Soci\u00e1ln\u00ed interakce a vztahy u dosp\u011bl\u00fdch s autismem: Jak mohou b\u00fdt ovlivn\u011bny a jak\u00fdm zp\u016fsobem m\u016f\u017eeme podpo\u0159it jejich soci\u00e1ln\u00ed \u017eivot?<\/h2>\n<p>Autismus je neurov\u00fdvojov\u00e1 porucha, kter\u00e1 m\u016f\u017ee m\u00edt v\u00fdrazn\u00fd vliv na soci\u00e1ln\u00ed interakce a vztahy u dosp\u011bl\u00fdch. Tito jedinci mohou m\u00edt probl\u00e9my s porozum\u011bn\u00edm soci\u00e1ln\u00edm n\u00e1vyk\u016fm a nesn\u00e1\u0161ej\u00ed zm\u011bny v rutin\u011b. To m\u016f\u017ee v\u00e9st k obt\u00ed\u017e\u00edm v navazov\u00e1n\u00ed a udr\u017eov\u00e1n\u00ed vztah\u016f s ostatn\u00edmi lidmi.<\/p>\n<p>Jedn\u00edm z hlavn\u00edch probl\u00e9m\u016f, se kter\u00fdmi se dosp\u011bl\u00ed s autismem mohou pot\u00fdkat, je porozum\u011bn\u00ed neverb\u00e1ln\u00ed komunikaci. Tito jedinci mohou m\u00edt probl\u00e9my s \u010dten\u00edm mimiky, gest a t\u00f3nu hlasu, co\u017e m\u016f\u017ee v\u00e9st k nedorozum\u011bn\u00edm a nespr\u00e1vn\u00e9 interpretaci soci\u00e1ln\u00edch situac\u00ed. Mohou tak\u00e9 m\u00edt probl\u00e9my s vyjad\u0159ov\u00e1n\u00edm sv\u00fdch emoc\u00ed a pot\u0159eb, co\u017e m\u016f\u017ee v\u00e9st k frustraci a izolaci.<\/p>\n<p>Dal\u0161\u00edm v\u00fdznamn\u00fdm faktorem ovliv\u0148uj\u00edc\u00edm soci\u00e1ln\u00ed interakce u<\/p>\n<\/div>\n<\/div>\n","protected":false},"excerpt":{"rendered":"<p>Diagnostika autismu u dosp\u011bl\u00fdch: Jak\u00e9 jsou hlavn\u00ed znaky a jak prob\u00edh\u00e1 diagnostick\u00fd proces? Autismus je neurov\u00fdvojov\u00e9 onemocn\u011bn\u00ed, kter\u00e9 se projevuje poruchami v komunikaci a soci\u00e1ln\u00edm&#8230;<\/p>\n","protected":false},"author":1,"featured_media":0,"comment_status":"","ping_status":"open","sticky":false,"template":"","format":"standard","meta":{"inline_featured_image":false},"categories":[849],"tags":[],"yoast_head":"<!-- This site is optimized with the Yoast SEO plugin v18.1 - https:\/\/yoast.com\/wordpress\/plugins\/seo\/ -->\n<title>Autismus v dospelosti - Test Mysli<\/title>\n<meta name=\"robots\" content=\"index, follow, max-snippet:-1, max-image-preview:large, max-video-preview:-1\" \/>\n<link rel=\"canonical\" href=\"https:\/\/www.diagnostika-mysli.cz\/blog\/autismus\/autismus-v-dospelosti-2\/\" \/>\n<meta property=\"og:locale\" content=\"cs_CZ\" \/>\n<meta property=\"og:type\" content=\"article\" \/>\n<meta property=\"og:title\" content=\"Autismus v dospelosti - Test Mysli\" \/>\n<meta property=\"og:description\" content=\"Diagnostika autismu u dosp\u011bl\u00fdch: Jak\u00e9 jsou hlavn\u00ed znaky a jak prob\u00edh\u00e1 diagnostick\u00fd proces? Autismus je neurov\u00fdvojov\u00e9 onemocn\u011bn\u00ed, kter\u00e9 se projevuje poruchami v komunikaci a soci\u00e1ln\u00edm...\" \/>\n<meta property=\"og:url\" content=\"https:\/\/www.diagnostika-mysli.cz\/blog\/autismus\/autismus-v-dospelosti-2\/\" \/>\n<meta property=\"og:site_name\" content=\"Test Mysli\" \/>\n<meta property=\"article:published_time\" content=\"2025-05-24T01:25:18+00:00\" \/>\n<meta name=\"twitter:card\" content=\"summary_large_image\" \/>\n<meta name=\"twitter:label1\" content=\"Napsal(a)\" \/>\n\t<meta name=\"twitter:data1\" content=\"Test Mysli\" \/>\n\t<meta name=\"twitter:label2\" content=\"Odhadovan\u00e1 doba \u010dten\u00ed\" \/>\n\t<meta name=\"twitter:data2\" content=\"4 minuty\" \/>\n<script type=\"application\/ld+json\" class=\"yoast-schema-graph\">{\"@context\":\"https:\/\/schema.org\",\"@graph\":[{\"@type\":\"WebSite\",\"@id\":\"https:\/\/www.diagnostika-mysli.cz\/blog\/#website\",\"url\":\"https:\/\/www.diagnostika-mysli.cz\/blog\/\",\"name\":\"Test Mysli\",\"description\":\"Blog o poruch\u00e1ch mysli\",\"potentialAction\":[{\"@type\":\"SearchAction\",\"target\":{\"@type\":\"EntryPoint\",\"urlTemplate\":\"https:\/\/www.diagnostika-mysli.cz\/blog\/?s={search_term_string}\"},\"query-input\":\"required name=search_term_string\"}],\"inLanguage\":\"cs\"},{\"@type\":\"WebPage\",\"@id\":\"https:\/\/www.diagnostika-mysli.cz\/blog\/autismus\/autismus-v-dospelosti-2\/#webpage\",\"url\":\"https:\/\/www.diagnostika-mysli.cz\/blog\/autismus\/autismus-v-dospelosti-2\/\",\"name\":\"Autismus v dospelosti - Test Mysli\",\"isPartOf\":{\"@id\":\"https:\/\/www.diagnostika-mysli.cz\/blog\/#website\"},\"datePublished\":\"2025-05-24T01:25:18+00:00\",\"dateModified\":\"2025-05-24T01:25:18+00:00\",\"author\":{\"@id\":\"https:\/\/www.diagnostika-mysli.cz\/blog\/#\/schema\/person\/8eb1bcaf59fea75c780c11946f4e3490\"},\"breadcrumb\":{\"@id\":\"https:\/\/www.diagnostika-mysli.cz\/blog\/autismus\/autismus-v-dospelosti-2\/#breadcrumb\"},\"inLanguage\":\"cs\",\"potentialAction\":[{\"@type\":\"ReadAction\",\"target\":[\"https:\/\/www.diagnostika-mysli.cz\/blog\/autismus\/autismus-v-dospelosti-2\/\"]}]},{\"@type\":\"BreadcrumbList\",\"@id\":\"https:\/\/www.diagnostika-mysli.cz\/blog\/autismus\/autismus-v-dospelosti-2\/#breadcrumb\",\"itemListElement\":[{\"@type\":\"ListItem\",\"position\":1,\"name\":\"Blog\",\"item\":\"https:\/\/www.diagnostika-mysli.cz\/blog\/\"},{\"@type\":\"ListItem\",\"position\":2,\"name\":\"Autismus\",\"item\":\"https:\/\/www.diagnostika-mysli.cz\/blog\/autismus\/\"},{\"@type\":\"ListItem\",\"position\":3,\"name\":\"Autismus v dospelosti\"}]},{\"@type\":\"Person\",\"@id\":\"https:\/\/www.diagnostika-mysli.cz\/blog\/#\/schema\/person\/8eb1bcaf59fea75c780c11946f4e3490\",\"name\":\"Test Mysli\",\"image\":{\"@type\":\"ImageObject\",\"@id\":\"https:\/\/www.diagnostika-mysli.cz\/blog\/#personlogo\",\"inLanguage\":\"cs\",\"url\":\"https:\/\/secure.gravatar.com\/avatar\/6743211f010801ea26aa9423a2daab37?s=96&d=mm&r=g\",\"contentUrl\":\"https:\/\/secure.gravatar.com\/avatar\/6743211f010801ea26aa9423a2daab37?s=96&d=mm&r=g\",\"caption\":\"Test Mysli\"},\"sameAs\":[\"https:\/\/www.diagnostika-mysli.cz\/blog\"],\"url\":\"https:\/\/www.diagnostika-mysli.cz\/blog\/author\/diagnostyka-umyslu\/\"}]}<\/script>\n<!-- \/ Yoast SEO plugin. -->","yoast_head_json":{"title":"Autismus v dospelosti - Test Mysli","robots":{"index":"index","follow":"follow","max-snippet":"max-snippet:-1","max-image-preview":"max-image-preview:large","max-video-preview":"max-video-preview:-1"},"canonical":"https:\/\/www.diagnostika-mysli.cz\/blog\/autismus\/autismus-v-dospelosti-2\/","og_locale":"cs_CZ","og_type":"article","og_title":"Autismus v dospelosti - Test Mysli","og_description":"Diagnostika autismu u dosp\u011bl\u00fdch: Jak\u00e9 jsou hlavn\u00ed znaky a jak prob\u00edh\u00e1 diagnostick\u00fd proces? Autismus je neurov\u00fdvojov\u00e9 onemocn\u011bn\u00ed, kter\u00e9 se projevuje poruchami v komunikaci a soci\u00e1ln\u00edm...","og_url":"https:\/\/www.diagnostika-mysli.cz\/blog\/autismus\/autismus-v-dospelosti-2\/","og_site_name":"Test Mysli","article_published_time":"2025-05-24T01:25:18+00:00","twitter_card":"summary_large_image","twitter_misc":{"Napsal(a)":"Test Mysli","Odhadovan\u00e1 doba \u010dten\u00ed":"4 minuty"},"schema":{"@context":"https:\/\/schema.org","@graph":[{"@type":"WebSite","@id":"https:\/\/www.diagnostika-mysli.cz\/blog\/#website","url":"https:\/\/www.diagnostika-mysli.cz\/blog\/","name":"Test Mysli","description":"Blog o poruch\u00e1ch mysli","potentialAction":[{"@type":"SearchAction","target":{"@type":"EntryPoint","urlTemplate":"https:\/\/www.diagnostika-mysli.cz\/blog\/?s={search_term_string}"},"query-input":"required name=search_term_string"}],"inLanguage":"cs"},{"@type":"WebPage","@id":"https:\/\/www.diagnostika-mysli.cz\/blog\/autismus\/autismus-v-dospelosti-2\/#webpage","url":"https:\/\/www.diagnostika-mysli.cz\/blog\/autismus\/autismus-v-dospelosti-2\/","name":"Autismus v dospelosti - Test Mysli","isPartOf":{"@id":"https:\/\/www.diagnostika-mysli.cz\/blog\/#website"},"datePublished":"2025-05-24T01:25:18+00:00","dateModified":"2025-05-24T01:25:18+00:00","author":{"@id":"https:\/\/www.diagnostika-mysli.cz\/blog\/#\/schema\/person\/8eb1bcaf59fea75c780c11946f4e3490"},"breadcrumb":{"@id":"https:\/\/www.diagnostika-mysli.cz\/blog\/autismus\/autismus-v-dospelosti-2\/#breadcrumb"},"inLanguage":"cs","potentialAction":[{"@type":"ReadAction","target":["https:\/\/www.diagnostika-mysli.cz\/blog\/autismus\/autismus-v-dospelosti-2\/"]}]},{"@type":"BreadcrumbList","@id":"https:\/\/www.diagnostika-mysli.cz\/blog\/autismus\/autismus-v-dospelosti-2\/#breadcrumb","itemListElement":[{"@type":"ListItem","position":1,"name":"Blog","item":"https:\/\/www.diagnostika-mysli.cz\/blog\/"},{"@type":"ListItem","position":2,"name":"Autismus","item":"https:\/\/www.diagnostika-mysli.cz\/blog\/autismus\/"},{"@type":"ListItem","position":3,"name":"Autismus v dospelosti"}]},{"@type":"Person","@id":"https:\/\/www.diagnostika-mysli.cz\/blog\/#\/schema\/person\/8eb1bcaf59fea75c780c11946f4e3490","name":"Test Mysli","image":{"@type":"ImageObject","@id":"https:\/\/www.diagnostika-mysli.cz\/blog\/#personlogo","inLanguage":"cs","url":"https:\/\/secure.gravatar.com\/avatar\/6743211f010801ea26aa9423a2daab37?s=96&d=mm&r=g","contentUrl":"https:\/\/secure.gravatar.com\/avatar\/6743211f010801ea26aa9423a2daab37?s=96&d=mm&r=g","caption":"Test Mysli"},"sameAs":["https:\/\/www.diagnostika-mysli.cz\/blog"],"url":"https:\/\/www.diagnostika-mysli.cz\/blog\/author\/diagnostyka-umyslu\/"}]}},"amp_enabled":true,"_links":{"self":[{"href":"https:\/\/www.diagnostika-mysli.cz\/blog\/wp-json\/wp\/v2\/posts\/3314"}],"collection":[{"href":"https:\/\/www.diagnostika-mysli.cz\/blog\/wp-json\/wp\/v2\/posts"}],"about":[{"href":"https:\/\/www.diagnostika-mysli.cz\/blog\/wp-json\/wp\/v2\/types\/post"}],"author":[{"embeddable":true,"href":"https:\/\/www.diagnostika-mysli.cz\/blog\/wp-json\/wp\/v2\/users\/1"}],"replies":[{"embeddable":true,"href":"https:\/\/www.diagnostika-mysli.cz\/blog\/wp-json\/wp\/v2\/comments?post=3314"}],"version-history":[{"count":0,"href":"https:\/\/www.diagnostika-mysli.cz\/blog\/wp-json\/wp\/v2\/posts\/3314\/revisions"}],"wp:attachment":[{"href":"https:\/\/www.diagnostika-mysli.cz\/blog\/wp-json\/wp\/v2\/media?parent=3314"}],"wp:term":[{"taxonomy":"category","embeddable":true,"href":"https:\/\/www.diagnostika-mysli.cz\/blog\/wp-json\/wp\/v2\/categories?post=3314"},{"taxonomy":"post_tag","embeddable":true,"href":"https:\/\/www.diagnostika-mysli.cz\/blog\/wp-json\/wp\/v2\/tags?post=3314"}],"curies":[{"name":"wp","href":"https:\/\/api.w.org\/{rel}","templated":true}]}}