{"id":3316,"date":"2025-05-25T03:25:18","date_gmt":"2025-05-25T01:25:18","guid":{"rendered":"https:\/\/www.diagnostika-mysli.cz\/blog\/autismus\/autismus-u-zen-2\/"},"modified":"2025-05-25T03:25:18","modified_gmt":"2025-05-25T01:25:18","slug":"autismus-u-zen-2","status":"publish","type":"post","link":"https:\/\/www.diagnostika-mysli.cz\/blog\/autismus\/autismus-u-zen-2\/","title":{"rendered":"Autismus u zen"},"content":{"rendered":"<div class='topics'>\n<div class='topic'>\n<h2>Co je autismus u \u017een a jak se projevuje?<\/h2>\n<p>Autismus je neurov\u00fdvojov\u00e1 porucha, kter\u00e1 ovliv\u0148uje soci\u00e1ln\u00ed interakce, komunikaci a chov\u00e1n\u00ed. Tato porucha se obvykle projevuje ji\u017e v d\u011btstv\u00ed a trv\u00e1 cel\u00fd \u017eivot. V minulosti byl autismus pova\u017eov\u00e1n za v\u00fdhradn\u011b mu\u017eskou poruchu, ale v posledn\u00edch letech se uk\u00e1zalo, \u017ee se vyskytuje i u \u017een.<\/p>\n<p>Autismus u \u017een se projevuje odli\u0161n\u011b ne\u017e u mu\u017e\u016f a \u010dasto je obt\u00ed\u017en\u00e9 jej diagnostikovat. To je zp\u016fsobeno t\u00edm, \u017ee \u017eeny maj\u00ed tendenci maskovat sv\u00e9 p\u0159\u00edznaky a p\u0159izp\u016fsobovat se soci\u00e1ln\u00edm situac\u00edm. To m\u016f\u017ee v\u00e9st k tomu, \u017ee jsou \u017eeny s autismem \u010dasto nespr\u00e1vn\u011b diagnostikov\u00e1ny nebo nedost\u00e1vaj\u00ed pot\u0159ebnou podporu.<\/p>\n<p>Jedn\u00edm z hlavn\u00edch projev\u016f autismu u \u017een je probl\u00e9m s komunikac\u00ed a soci\u00e1ln\u00edmi interakcemi. \u017deny s touto poruchou maj\u00ed \u010dasto probl<\/p>\n<\/div>\n<div class='topic'>\n<h2>Rozd\u00edly v diagnostice a l\u00e9\u010db\u011b autismu u \u017een a mu\u017e\u016f.<\/h2>\n<p>Autismus je neurov\u00fdvojov\u00e1 porucha, kter\u00e1 ovliv\u0148uje soci\u00e1ln\u00ed interakce, komunikaci a chov\u00e1n\u00ed jedince. Tato porucha postihuje p\u0159edev\u0161\u00edm mu\u017ee, ale v posledn\u00ed dob\u011b se st\u00e1le v\u00edce hovo\u0159\u00ed o rozd\u00edlech v diagnostice a l\u00e9\u010db\u011b autismu u \u017een a mu\u017e\u016f.<\/p>\n<p>Jedn\u00edm z hlavn\u00edch rozd\u00edl\u016f je v diagnostice autismu. \u017deny jsou \u010dasto diagnostikov\u00e1ny pozd\u011bji ne\u017e mu\u017ei, proto\u017ee projevy autismu u nich mohou b\u00fdt m\u00e9n\u011b v\u00fdrazn\u00e9. To m\u016f\u017ee b\u00fdt zp\u016fsobeno t\u00edm, \u017ee \u017eeny maj\u00ed v\u011bt\u0161\u00ed schopnost maskovat sv\u00e9 obt\u00ed\u017ee a p\u0159izp\u016fsobit se soci\u00e1ln\u00edm situac\u00edm. Nav\u00edc jsou \u017eeny \u010dasto diagnostikov\u00e1ny s jin\u00fdmi poruchami, jako je nap\u0159\u00edklad deprese nebo \u00fazkostn\u00e1 porucha, co\u017e m\u016f\u017ee zt\u00ed\u017eit spr\u00e1vnou diagn\u00f3zu autismu.<\/p>\n<p>Dal\u0161\u00edm rozd\u00edlem je v projevech autismu u \u017een a mu\u017e\u016f. Mu<\/p>\n<\/div>\n<div class='topic'>\n<h2>Vliv genderov\u00fdch stereotyp\u016f na diagnostiku a l\u00e9\u010dbu autismu u \u017een.<\/h2>\n<p>Genderov\u00e9 stereotypy jsou p\u0159edsudky a o\u010dek\u00e1v\u00e1n\u00ed, kter\u00e9 jsou spojeny s ur\u010dit\u00fdm pohlav\u00edm. Tyto stereotypy mohou m\u00edt vliv na mnoho aspekt\u016f \u017eivota, v\u010detn\u011b diagnostiky a l\u00e9\u010dby autismu u \u017een.<\/p>\n<p>Autismus je neurov\u00fdvojov\u00e1 porucha, kter\u00e1 ovliv\u0148uje soci\u00e1ln\u00ed interakce, komunikaci a chov\u00e1n\u00ed. Tato porucha postihuje p\u0159ibli\u017en\u011b 1 z 59 d\u011bt\u00ed a je \u010dty\u0159ikr\u00e1t \u010dast\u011bj\u0161\u00ed u chlapc\u016f ne\u017e u d\u00edvek. Toto rozd\u00edln\u00e9 zastoupen\u00ed mezi pohlav\u00edmi m\u016f\u017ee b\u00fdt \u010d\u00e1ste\u010dn\u011b zp\u016fsobeno genderov\u00fdmi stereotypy.<\/p>\n<p>Jedn\u00edm z hlavn\u00edch d\u016fvod\u016f, pro\u010d jsou d\u00edvky s autismem m\u00e9n\u011b diagnostikov\u00e1ny ne\u017e chlapci, je p\u0159esv\u011bd\u010den\u00ed, \u017ee autismus je p\u0159ev\u00e1\u017en\u011b mu\u017esk\u00e1 porucha. Tento stereotyp m\u016f\u017ee v\u00e9st k tomu, \u017ee l\u00e9ka\u0159i a odborn\u00edci v oblast<\/p>\n<\/div>\n<div class='topic'>\n<h2>Podpora a zdroje pro \u017eeny s autismem v \u010cesk\u00e9 republice.<\/h2>\n<p>V \u010cesk\u00e9 republice existuje mnoho organizac\u00ed a zdroj\u016f, kter\u00e9 poskytuj\u00ed podporu a pomoc \u017een\u00e1m s autismem. Tyto organizace se zam\u011b\u0159uj\u00ed na zlep\u0161en\u00ed kvality \u017eivota \u017een s autismem a jejich integraci do spole\u010dnosti.<\/p>\n<p>Jednou z nejv\u00fdznamn\u011bj\u0161\u00edch organizac\u00ed je Autistick\u00e9 centrum Praha, kter\u00e9 se specializuje na podporu a poradenstv\u00ed pro osoby s autismem v Praze a okol\u00ed. Centrum nab\u00edz\u00ed \u0161irokou \u0161k\u00e1lu slu\u017eeb, v\u010detn\u011b terapie, vzd\u011bl\u00e1v\u00e1n\u00ed, poradenstv\u00ed pro rodiny a podporu p\u0159i hled\u00e1n\u00ed zam\u011bstn\u00e1n\u00ed.<\/p>\n<p>Dal\u0161\u00ed organizac\u00ed, kter\u00e1 se zam\u011b\u0159uje na podporu \u017een s autismem, je Spole\u010dnost pro podporu osob s autismem. Tato organizace poskytuje poradenstv\u00ed, terapii a vzd\u011bl\u00e1v\u00e1n\u00ed pro osoby s autismem a jejich rodiny. Spole\u010dnost tak\u00e9 po\u0159\u00e1d\u00e1 r\u016fzn\u00e9 workshopy a semin\u00e1\u0159e zam\u011b\u0159en\u00e9 na pod<\/p>\n<\/div>\n<\/div>\n","protected":false},"excerpt":{"rendered":"<p>Co je autismus u \u017een a jak se projevuje? Autismus je neurov\u00fdvojov\u00e1 porucha, kter\u00e1 ovliv\u0148uje soci\u00e1ln\u00ed interakce, komunikaci a chov\u00e1n\u00ed. Tato porucha se obvykle projevuje&#8230;<\/p>\n","protected":false},"author":1,"featured_media":0,"comment_status":"","ping_status":"open","sticky":false,"template":"","format":"standard","meta":{"inline_featured_image":false},"categories":[849],"tags":[],"yoast_head":"<!-- This site is optimized with the Yoast SEO plugin v18.1 - https:\/\/yoast.com\/wordpress\/plugins\/seo\/ -->\n<title>Autismus u zen - Test Mysli<\/title>\n<meta name=\"robots\" content=\"index, follow, max-snippet:-1, max-image-preview:large, max-video-preview:-1\" \/>\n<link rel=\"canonical\" href=\"https:\/\/www.diagnostika-mysli.cz\/blog\/autismus\/autismus-u-zen-2\/\" \/>\n<meta property=\"og:locale\" content=\"cs_CZ\" \/>\n<meta property=\"og:type\" content=\"article\" \/>\n<meta property=\"og:title\" content=\"Autismus u zen - Test Mysli\" \/>\n<meta property=\"og:description\" content=\"Co je autismus u \u017een a jak se projevuje? Autismus je neurov\u00fdvojov\u00e1 porucha, kter\u00e1 ovliv\u0148uje soci\u00e1ln\u00ed interakce, komunikaci a chov\u00e1n\u00ed. Tato porucha se obvykle projevuje...\" \/>\n<meta property=\"og:url\" content=\"https:\/\/www.diagnostika-mysli.cz\/blog\/autismus\/autismus-u-zen-2\/\" \/>\n<meta property=\"og:site_name\" content=\"Test Mysli\" \/>\n<meta property=\"article:published_time\" content=\"2025-05-25T01:25:18+00:00\" \/>\n<meta name=\"twitter:card\" content=\"summary_large_image\" \/>\n<meta name=\"twitter:label1\" content=\"Napsal(a)\" \/>\n\t<meta name=\"twitter:data1\" content=\"Test Mysli\" \/>\n\t<meta name=\"twitter:label2\" content=\"Odhadovan\u00e1 doba \u010dten\u00ed\" \/>\n\t<meta name=\"twitter:data2\" content=\"3 minuty\" \/>\n<script type=\"application\/ld+json\" class=\"yoast-schema-graph\">{\"@context\":\"https:\/\/schema.org\",\"@graph\":[{\"@type\":\"WebSite\",\"@id\":\"https:\/\/www.diagnostika-mysli.cz\/blog\/#website\",\"url\":\"https:\/\/www.diagnostika-mysli.cz\/blog\/\",\"name\":\"Test Mysli\",\"description\":\"Blog o poruch\u00e1ch mysli\",\"potentialAction\":[{\"@type\":\"SearchAction\",\"target\":{\"@type\":\"EntryPoint\",\"urlTemplate\":\"https:\/\/www.diagnostika-mysli.cz\/blog\/?s={search_term_string}\"},\"query-input\":\"required name=search_term_string\"}],\"inLanguage\":\"cs\"},{\"@type\":\"WebPage\",\"@id\":\"https:\/\/www.diagnostika-mysli.cz\/blog\/autismus\/autismus-u-zen-2\/#webpage\",\"url\":\"https:\/\/www.diagnostika-mysli.cz\/blog\/autismus\/autismus-u-zen-2\/\",\"name\":\"Autismus u zen - Test Mysli\",\"isPartOf\":{\"@id\":\"https:\/\/www.diagnostika-mysli.cz\/blog\/#website\"},\"datePublished\":\"2025-05-25T01:25:18+00:00\",\"dateModified\":\"2025-05-25T01:25:18+00:00\",\"author\":{\"@id\":\"https:\/\/www.diagnostika-mysli.cz\/blog\/#\/schema\/person\/8eb1bcaf59fea75c780c11946f4e3490\"},\"breadcrumb\":{\"@id\":\"https:\/\/www.diagnostika-mysli.cz\/blog\/autismus\/autismus-u-zen-2\/#breadcrumb\"},\"inLanguage\":\"cs\",\"potentialAction\":[{\"@type\":\"ReadAction\",\"target\":[\"https:\/\/www.diagnostika-mysli.cz\/blog\/autismus\/autismus-u-zen-2\/\"]}]},{\"@type\":\"BreadcrumbList\",\"@id\":\"https:\/\/www.diagnostika-mysli.cz\/blog\/autismus\/autismus-u-zen-2\/#breadcrumb\",\"itemListElement\":[{\"@type\":\"ListItem\",\"position\":1,\"name\":\"Blog\",\"item\":\"https:\/\/www.diagnostika-mysli.cz\/blog\/\"},{\"@type\":\"ListItem\",\"position\":2,\"name\":\"Autismus\",\"item\":\"https:\/\/www.diagnostika-mysli.cz\/blog\/autismus\/\"},{\"@type\":\"ListItem\",\"position\":3,\"name\":\"Autismus u zen\"}]},{\"@type\":\"Person\",\"@id\":\"https:\/\/www.diagnostika-mysli.cz\/blog\/#\/schema\/person\/8eb1bcaf59fea75c780c11946f4e3490\",\"name\":\"Test Mysli\",\"image\":{\"@type\":\"ImageObject\",\"@id\":\"https:\/\/www.diagnostika-mysli.cz\/blog\/#personlogo\",\"inLanguage\":\"cs\",\"url\":\"https:\/\/secure.gravatar.com\/avatar\/6743211f010801ea26aa9423a2daab37?s=96&d=mm&r=g\",\"contentUrl\":\"https:\/\/secure.gravatar.com\/avatar\/6743211f010801ea26aa9423a2daab37?s=96&d=mm&r=g\",\"caption\":\"Test Mysli\"},\"sameAs\":[\"https:\/\/www.diagnostika-mysli.cz\/blog\"],\"url\":\"https:\/\/www.diagnostika-mysli.cz\/blog\/author\/diagnostyka-umyslu\/\"}]}<\/script>\n<!-- \/ Yoast SEO plugin. -->","yoast_head_json":{"title":"Autismus u zen - Test Mysli","robots":{"index":"index","follow":"follow","max-snippet":"max-snippet:-1","max-image-preview":"max-image-preview:large","max-video-preview":"max-video-preview:-1"},"canonical":"https:\/\/www.diagnostika-mysli.cz\/blog\/autismus\/autismus-u-zen-2\/","og_locale":"cs_CZ","og_type":"article","og_title":"Autismus u zen - Test Mysli","og_description":"Co je autismus u \u017een a jak se projevuje? Autismus je neurov\u00fdvojov\u00e1 porucha, kter\u00e1 ovliv\u0148uje soci\u00e1ln\u00ed interakce, komunikaci a chov\u00e1n\u00ed. Tato porucha se obvykle projevuje...","og_url":"https:\/\/www.diagnostika-mysli.cz\/blog\/autismus\/autismus-u-zen-2\/","og_site_name":"Test Mysli","article_published_time":"2025-05-25T01:25:18+00:00","twitter_card":"summary_large_image","twitter_misc":{"Napsal(a)":"Test Mysli","Odhadovan\u00e1 doba \u010dten\u00ed":"3 minuty"},"schema":{"@context":"https:\/\/schema.org","@graph":[{"@type":"WebSite","@id":"https:\/\/www.diagnostika-mysli.cz\/blog\/#website","url":"https:\/\/www.diagnostika-mysli.cz\/blog\/","name":"Test Mysli","description":"Blog o poruch\u00e1ch mysli","potentialAction":[{"@type":"SearchAction","target":{"@type":"EntryPoint","urlTemplate":"https:\/\/www.diagnostika-mysli.cz\/blog\/?s={search_term_string}"},"query-input":"required name=search_term_string"}],"inLanguage":"cs"},{"@type":"WebPage","@id":"https:\/\/www.diagnostika-mysli.cz\/blog\/autismus\/autismus-u-zen-2\/#webpage","url":"https:\/\/www.diagnostika-mysli.cz\/blog\/autismus\/autismus-u-zen-2\/","name":"Autismus u zen - Test Mysli","isPartOf":{"@id":"https:\/\/www.diagnostika-mysli.cz\/blog\/#website"},"datePublished":"2025-05-25T01:25:18+00:00","dateModified":"2025-05-25T01:25:18+00:00","author":{"@id":"https:\/\/www.diagnostika-mysli.cz\/blog\/#\/schema\/person\/8eb1bcaf59fea75c780c11946f4e3490"},"breadcrumb":{"@id":"https:\/\/www.diagnostika-mysli.cz\/blog\/autismus\/autismus-u-zen-2\/#breadcrumb"},"inLanguage":"cs","potentialAction":[{"@type":"ReadAction","target":["https:\/\/www.diagnostika-mysli.cz\/blog\/autismus\/autismus-u-zen-2\/"]}]},{"@type":"BreadcrumbList","@id":"https:\/\/www.diagnostika-mysli.cz\/blog\/autismus\/autismus-u-zen-2\/#breadcrumb","itemListElement":[{"@type":"ListItem","position":1,"name":"Blog","item":"https:\/\/www.diagnostika-mysli.cz\/blog\/"},{"@type":"ListItem","position":2,"name":"Autismus","item":"https:\/\/www.diagnostika-mysli.cz\/blog\/autismus\/"},{"@type":"ListItem","position":3,"name":"Autismus u zen"}]},{"@type":"Person","@id":"https:\/\/www.diagnostika-mysli.cz\/blog\/#\/schema\/person\/8eb1bcaf59fea75c780c11946f4e3490","name":"Test Mysli","image":{"@type":"ImageObject","@id":"https:\/\/www.diagnostika-mysli.cz\/blog\/#personlogo","inLanguage":"cs","url":"https:\/\/secure.gravatar.com\/avatar\/6743211f010801ea26aa9423a2daab37?s=96&d=mm&r=g","contentUrl":"https:\/\/secure.gravatar.com\/avatar\/6743211f010801ea26aa9423a2daab37?s=96&d=mm&r=g","caption":"Test Mysli"},"sameAs":["https:\/\/www.diagnostika-mysli.cz\/blog"],"url":"https:\/\/www.diagnostika-mysli.cz\/blog\/author\/diagnostyka-umyslu\/"}]}},"amp_enabled":true,"_links":{"self":[{"href":"https:\/\/www.diagnostika-mysli.cz\/blog\/wp-json\/wp\/v2\/posts\/3316"}],"collection":[{"href":"https:\/\/www.diagnostika-mysli.cz\/blog\/wp-json\/wp\/v2\/posts"}],"about":[{"href":"https:\/\/www.diagnostika-mysli.cz\/blog\/wp-json\/wp\/v2\/types\/post"}],"author":[{"embeddable":true,"href":"https:\/\/www.diagnostika-mysli.cz\/blog\/wp-json\/wp\/v2\/users\/1"}],"replies":[{"embeddable":true,"href":"https:\/\/www.diagnostika-mysli.cz\/blog\/wp-json\/wp\/v2\/comments?post=3316"}],"version-history":[{"count":0,"href":"https:\/\/www.diagnostika-mysli.cz\/blog\/wp-json\/wp\/v2\/posts\/3316\/revisions"}],"wp:attachment":[{"href":"https:\/\/www.diagnostika-mysli.cz\/blog\/wp-json\/wp\/v2\/media?parent=3316"}],"wp:term":[{"taxonomy":"category","embeddable":true,"href":"https:\/\/www.diagnostika-mysli.cz\/blog\/wp-json\/wp\/v2\/categories?post=3316"},{"taxonomy":"post_tag","embeddable":true,"href":"https:\/\/www.diagnostika-mysli.cz\/blog\/wp-json\/wp\/v2\/tags?post=3316"}],"curies":[{"name":"wp","href":"https:\/\/api.w.org\/{rel}","templated":true}]}}