{"id":3318,"date":"2025-05-26T03:25:19","date_gmt":"2025-05-26T01:25:19","guid":{"rendered":"https:\/\/www.diagnostika-mysli.cz\/blog\/autismus\/nizkofunkcni-autismus\/"},"modified":"2025-05-26T03:25:19","modified_gmt":"2025-05-26T01:25:19","slug":"nizkofunkcni-autismus","status":"publish","type":"post","link":"https:\/\/www.diagnostika-mysli.cz\/blog\/autismus\/nizkofunkcni-autismus\/","title":{"rendered":"N\u00edzkofunk\u010dn\u00ed autismus"},"content":{"rendered":"<div class='topics'>\n<div class='topic'>\n<h2>Co je n\u00edzkofunk\u010dn\u00ed autismus a jak se projevuje?<\/h2>\n<p>N\u00edzkofunk\u010dn\u00ed autismus je jedn\u00edm z typ\u016f poruch autistick\u00e9ho spektra (PAS). Jedn\u00e1 se o neurov\u00fdvojovou poruchu, kter\u00e1 ovliv\u0148uje soci\u00e1ln\u00ed interakce, komunikaci a chov\u00e1n\u00ed jedince. Tato porucha se projevuje ji\u017e v ran\u00e9m d\u011btstv\u00ed a trv\u00e1 cel\u00fd \u017eivot.<\/p>\n<p>Jedn\u00edm z hlavn\u00edch projev\u016f n\u00edzkofunk\u010dn\u00edho autismu je omezen\u00ed v soci\u00e1ln\u00edch interakc\u00edch. D\u011bti s touto poruchou maj\u00ed probl\u00e9my s navazov\u00e1n\u00edm kontakt\u016f s ostatn\u00edmi lidmi, vyjad\u0159ov\u00e1n\u00edm emoc\u00ed a porozum\u011bn\u00edm soci\u00e1ln\u00edm n\u00e1vyk\u016fm. \u010casto se vyh\u00fdbaj\u00ed o\u010dn\u00edmu kontaktu a maj\u00ed probl\u00e9my s porozum\u011bn\u00edm neverb\u00e1ln\u00ed komunikace, jako jsou gesta a mimika.<\/p>\n<p>Dal\u0161\u00edm v\u00fdznamn\u00fdm projevem n\u00edzkofunk\u010dn\u00edho autismu je omezen\u00ed v komunikaci. D\u011bti s touto poruchou maj\u00ed probl\u00e9my s porozum\u011bn\u00edm \u0159e\u010di<\/p>\n<\/div>\n<div class='topic'>\n<h2>Diagnostika a l\u00e9\u010dba n\u00edzkofunk\u010dn\u00edho autismu.<\/h2>\n<p>N\u00edzkofunk\u010dn\u00ed autismus je jednou z forem poruch autistick\u00e9ho spektra, kter\u00e1 se projevuje v\u00fdrazn\u00fdmi obt\u00ed\u017eemi v komunikaci a soci\u00e1ln\u00edm chov\u00e1n\u00ed. Tato porucha se vyskytuje u jedinc\u016f s ni\u017e\u0161\u00edm intelektu\u00e1ln\u00edm potenci\u00e1lem a m\u016f\u017ee b\u00fdt doprov\u00e1zena i dal\u0161\u00edmi neurologick\u00fdmi a behavior\u00e1ln\u00edmi probl\u00e9my.<\/p>\n<p>Diagnostika n\u00edzkofunk\u010dn\u00edho autismu je zalo\u017eena na d\u016fkladn\u00e9m vy\u0161et\u0159en\u00ed a pozorov\u00e1n\u00ed chov\u00e1n\u00ed jedince. V prvn\u00ed \u0159ad\u011b je d\u016fle\u017eit\u00e9 vylou\u010dit jin\u00e9 p\u0159\u00ed\u010diny obt\u00ed\u017e\u00ed, jako jsou nap\u0159\u00edklad poruchy u\u010den\u00ed nebo jin\u00e9 neurologick\u00e9 poruchy. Pot\u00e9 se prov\u00e1d\u00ed speci\u00e1ln\u00ed testy a dotazn\u00edky, kter\u00e9 pom\u00e1haj\u00ed posoudit m\u00edru poruchy a ur\u010dit vhodnou l\u00e9\u010dbu.<\/p>\n<p>L\u00e9\u010dba n\u00edzkofunk\u010dn\u00edho autismu je komplexn\u00ed a zahrnuje r\u016fzn\u00e9 terapeutick\u00e9 p\u0159\u00edstupy. Jedn\u00edm z ne<\/p>\n<\/div>\n<div class='topic'>\n<h2>Vzd\u011bl\u00e1v\u00e1n\u00ed a podpora pro osoby s n\u00edzkofunk\u010dn\u00edm autismem.<\/h2>\n<p>Vzd\u011bl\u00e1v\u00e1n\u00ed a podpora pro osoby s n\u00edzkofunk\u010dn\u00edm autismem jsou d\u016fle\u017eit\u00fdmi aspekty pro zaji\u0161t\u011bn\u00ed kvalitn\u00edho \u017eivota t\u011bchto jedinc\u016f. N\u00edzkofunk\u010dn\u00ed autismus se vyzna\u010duje t\u011b\u017ek\u00fdmi poruchami komunikace a soci\u00e1ln\u00ed interakce, co\u017e m\u016f\u017ee m\u00edt v\u00fdrazn\u00fd dopad na jejich schopnost u\u010dit se a fungovat v b\u011b\u017en\u00e9m \u017eivot\u011b.<\/p>\n<p>Vzd\u011bl\u00e1v\u00e1n\u00ed pro osoby s n\u00edzkofunk\u010dn\u00edm autismem by m\u011blo b\u00fdt p\u0159izp\u016fsobeno jejich individu\u00e1ln\u00edm pot\u0159eb\u00e1m a schopnostem. Je d\u016fle\u017eit\u00e9, aby bylo zaji\u0161t\u011bno prost\u0159ed\u00ed, kter\u00e9 je pro n\u011b p\u0159\u00edjemn\u00e9 a bezpe\u010dn\u00e9. To m\u016f\u017ee zahrnovat men\u0161\u00ed t\u0159\u00eddy, speci\u00e1ln\u011b vy\u0161kolen\u00e9 u\u010ditele a vyu\u017eit\u00ed vizu\u00e1ln\u00edch pom\u016fcek a strukturovan\u00fdch aktivit.<\/p>\n<p>Podpora pro osoby s n\u00edzkofunk\u010dn\u00edm autismem by m\u011bla b\u00fdt poskytov\u00e1na nejen ve<\/p>\n<\/div>\n<div class='topic'>\n<h2>V\u00fdzvy a mo\u017enosti pro rodiny s d\u00edt\u011btem s n\u00edzkofunk\u010dn\u00edm autismem.<\/h2>\n<p>Rodiny s d\u00edt\u011btem s n\u00edzkofunk\u010dn\u00edm autismem se \u010dasto pot\u00fdkaj\u00ed s mnoha v\u00fdzvami, ale z\u00e1rove\u0148 maj\u00ed i mnoho mo\u017enost\u00ed, jak podpo\u0159it sv\u00e9 d\u00edt\u011b a zlep\u0161it jeho kvalitu \u017eivota. N\u00edzkofunk\u010dn\u00ed autismus se vyzna\u010duje t\u00edm, \u017ee d\u00edt\u011b m\u00e1 n\u00edzkou \u00farove\u0148 komunikace a soci\u00e1ln\u00edch dovednost\u00ed, \u010dasto m\u00e1 omezen\u00e9 z\u00e1jmy a stereotypn\u00ed chov\u00e1n\u00ed. To m\u016f\u017ee b\u00fdt pro rodinu velmi n\u00e1ro\u010dn\u00e9, ale existuje mnoho zp\u016fsob\u016f, jak se s t\u011bmito v\u00fdzvami vypo\u0159\u00e1dat.<\/p>\n<p>Jednou z nejv\u011bt\u0161\u00edch v\u00fdzev pro rodiny s d\u00edt\u011btem s n\u00edzkofunk\u010dn\u00edm autismem je zaji\u0161t\u011bn\u00ed vhodn\u00e9 p\u00e9\u010de a podpory pro jejich d\u00edt\u011b. D\u011bti s n\u00edzkofunk\u010dn\u00edm autismem \u010dasto pot\u0159ebuj\u00ed speci\u00e1ln\u00ed vzd\u011bl\u00e1vac\u00ed programy a terapie, kter\u00e9 jsou zam\u011b\u0159en\u00e9 na jejich individ<\/p>\n<\/div>\n<\/div>\n","protected":false},"excerpt":{"rendered":"<p>Co je n\u00edzkofunk\u010dn\u00ed autismus a jak se projevuje? N\u00edzkofunk\u010dn\u00ed autismus je jedn\u00edm z typ\u016f poruch autistick\u00e9ho spektra (PAS). Jedn\u00e1 se o neurov\u00fdvojovou poruchu, kter\u00e1 ovliv\u0148uje&#8230;<\/p>\n","protected":false},"author":1,"featured_media":0,"comment_status":"","ping_status":"open","sticky":false,"template":"","format":"standard","meta":{"inline_featured_image":false},"categories":[849],"tags":[],"yoast_head":"<!-- This site is optimized with the Yoast SEO plugin v18.1 - https:\/\/yoast.com\/wordpress\/plugins\/seo\/ -->\n<title>N\u00edzkofunk\u010dn\u00ed autismus - Test Mysli<\/title>\n<meta name=\"robots\" content=\"index, follow, max-snippet:-1, max-image-preview:large, max-video-preview:-1\" \/>\n<link rel=\"canonical\" href=\"https:\/\/www.diagnostika-mysli.cz\/blog\/autismus\/nizkofunkcni-autismus\/\" \/>\n<meta property=\"og:locale\" content=\"cs_CZ\" \/>\n<meta property=\"og:type\" content=\"article\" \/>\n<meta property=\"og:title\" content=\"N\u00edzkofunk\u010dn\u00ed autismus - Test Mysli\" \/>\n<meta property=\"og:description\" content=\"Co je n\u00edzkofunk\u010dn\u00ed autismus a jak se projevuje? N\u00edzkofunk\u010dn\u00ed autismus je jedn\u00edm z typ\u016f poruch autistick\u00e9ho spektra (PAS). Jedn\u00e1 se o neurov\u00fdvojovou poruchu, kter\u00e1 ovliv\u0148uje...\" \/>\n<meta property=\"og:url\" content=\"https:\/\/www.diagnostika-mysli.cz\/blog\/autismus\/nizkofunkcni-autismus\/\" \/>\n<meta property=\"og:site_name\" content=\"Test Mysli\" \/>\n<meta property=\"article:published_time\" content=\"2025-05-26T01:25:19+00:00\" \/>\n<meta name=\"twitter:card\" content=\"summary_large_image\" \/>\n<meta name=\"twitter:label1\" content=\"Napsal(a)\" \/>\n\t<meta name=\"twitter:data1\" content=\"Test Mysli\" \/>\n\t<meta name=\"twitter:label2\" content=\"Odhadovan\u00e1 doba \u010dten\u00ed\" \/>\n\t<meta name=\"twitter:data2\" content=\"3 minuty\" \/>\n<script type=\"application\/ld+json\" class=\"yoast-schema-graph\">{\"@context\":\"https:\/\/schema.org\",\"@graph\":[{\"@type\":\"WebSite\",\"@id\":\"https:\/\/www.diagnostika-mysli.cz\/blog\/#website\",\"url\":\"https:\/\/www.diagnostika-mysli.cz\/blog\/\",\"name\":\"Test Mysli\",\"description\":\"Blog o poruch\u00e1ch mysli\",\"potentialAction\":[{\"@type\":\"SearchAction\",\"target\":{\"@type\":\"EntryPoint\",\"urlTemplate\":\"https:\/\/www.diagnostika-mysli.cz\/blog\/?s={search_term_string}\"},\"query-input\":\"required name=search_term_string\"}],\"inLanguage\":\"cs\"},{\"@type\":\"WebPage\",\"@id\":\"https:\/\/www.diagnostika-mysli.cz\/blog\/autismus\/nizkofunkcni-autismus\/#webpage\",\"url\":\"https:\/\/www.diagnostika-mysli.cz\/blog\/autismus\/nizkofunkcni-autismus\/\",\"name\":\"N\u00edzkofunk\u010dn\u00ed autismus - Test Mysli\",\"isPartOf\":{\"@id\":\"https:\/\/www.diagnostika-mysli.cz\/blog\/#website\"},\"datePublished\":\"2025-05-26T01:25:19+00:00\",\"dateModified\":\"2025-05-26T01:25:19+00:00\",\"author\":{\"@id\":\"https:\/\/www.diagnostika-mysli.cz\/blog\/#\/schema\/person\/8eb1bcaf59fea75c780c11946f4e3490\"},\"breadcrumb\":{\"@id\":\"https:\/\/www.diagnostika-mysli.cz\/blog\/autismus\/nizkofunkcni-autismus\/#breadcrumb\"},\"inLanguage\":\"cs\",\"potentialAction\":[{\"@type\":\"ReadAction\",\"target\":[\"https:\/\/www.diagnostika-mysli.cz\/blog\/autismus\/nizkofunkcni-autismus\/\"]}]},{\"@type\":\"BreadcrumbList\",\"@id\":\"https:\/\/www.diagnostika-mysli.cz\/blog\/autismus\/nizkofunkcni-autismus\/#breadcrumb\",\"itemListElement\":[{\"@type\":\"ListItem\",\"position\":1,\"name\":\"Blog\",\"item\":\"https:\/\/www.diagnostika-mysli.cz\/blog\/\"},{\"@type\":\"ListItem\",\"position\":2,\"name\":\"Autismus\",\"item\":\"https:\/\/www.diagnostika-mysli.cz\/blog\/autismus\/\"},{\"@type\":\"ListItem\",\"position\":3,\"name\":\"N\u00edzkofunk\u010dn\u00ed autismus\"}]},{\"@type\":\"Person\",\"@id\":\"https:\/\/www.diagnostika-mysli.cz\/blog\/#\/schema\/person\/8eb1bcaf59fea75c780c11946f4e3490\",\"name\":\"Test Mysli\",\"image\":{\"@type\":\"ImageObject\",\"@id\":\"https:\/\/www.diagnostika-mysli.cz\/blog\/#personlogo\",\"inLanguage\":\"cs\",\"url\":\"https:\/\/secure.gravatar.com\/avatar\/6743211f010801ea26aa9423a2daab37?s=96&d=mm&r=g\",\"contentUrl\":\"https:\/\/secure.gravatar.com\/avatar\/6743211f010801ea26aa9423a2daab37?s=96&d=mm&r=g\",\"caption\":\"Test Mysli\"},\"sameAs\":[\"https:\/\/www.diagnostika-mysli.cz\/blog\"],\"url\":\"https:\/\/www.diagnostika-mysli.cz\/blog\/author\/diagnostyka-umyslu\/\"}]}<\/script>\n<!-- \/ Yoast SEO plugin. -->","yoast_head_json":{"title":"N\u00edzkofunk\u010dn\u00ed autismus - Test Mysli","robots":{"index":"index","follow":"follow","max-snippet":"max-snippet:-1","max-image-preview":"max-image-preview:large","max-video-preview":"max-video-preview:-1"},"canonical":"https:\/\/www.diagnostika-mysli.cz\/blog\/autismus\/nizkofunkcni-autismus\/","og_locale":"cs_CZ","og_type":"article","og_title":"N\u00edzkofunk\u010dn\u00ed autismus - Test Mysli","og_description":"Co je n\u00edzkofunk\u010dn\u00ed autismus a jak se projevuje? N\u00edzkofunk\u010dn\u00ed autismus je jedn\u00edm z typ\u016f poruch autistick\u00e9ho spektra (PAS). Jedn\u00e1 se o neurov\u00fdvojovou poruchu, kter\u00e1 ovliv\u0148uje...","og_url":"https:\/\/www.diagnostika-mysli.cz\/blog\/autismus\/nizkofunkcni-autismus\/","og_site_name":"Test Mysli","article_published_time":"2025-05-26T01:25:19+00:00","twitter_card":"summary_large_image","twitter_misc":{"Napsal(a)":"Test Mysli","Odhadovan\u00e1 doba \u010dten\u00ed":"3 minuty"},"schema":{"@context":"https:\/\/schema.org","@graph":[{"@type":"WebSite","@id":"https:\/\/www.diagnostika-mysli.cz\/blog\/#website","url":"https:\/\/www.diagnostika-mysli.cz\/blog\/","name":"Test Mysli","description":"Blog o poruch\u00e1ch mysli","potentialAction":[{"@type":"SearchAction","target":{"@type":"EntryPoint","urlTemplate":"https:\/\/www.diagnostika-mysli.cz\/blog\/?s={search_term_string}"},"query-input":"required name=search_term_string"}],"inLanguage":"cs"},{"@type":"WebPage","@id":"https:\/\/www.diagnostika-mysli.cz\/blog\/autismus\/nizkofunkcni-autismus\/#webpage","url":"https:\/\/www.diagnostika-mysli.cz\/blog\/autismus\/nizkofunkcni-autismus\/","name":"N\u00edzkofunk\u010dn\u00ed autismus - Test Mysli","isPartOf":{"@id":"https:\/\/www.diagnostika-mysli.cz\/blog\/#website"},"datePublished":"2025-05-26T01:25:19+00:00","dateModified":"2025-05-26T01:25:19+00:00","author":{"@id":"https:\/\/www.diagnostika-mysli.cz\/blog\/#\/schema\/person\/8eb1bcaf59fea75c780c11946f4e3490"},"breadcrumb":{"@id":"https:\/\/www.diagnostika-mysli.cz\/blog\/autismus\/nizkofunkcni-autismus\/#breadcrumb"},"inLanguage":"cs","potentialAction":[{"@type":"ReadAction","target":["https:\/\/www.diagnostika-mysli.cz\/blog\/autismus\/nizkofunkcni-autismus\/"]}]},{"@type":"BreadcrumbList","@id":"https:\/\/www.diagnostika-mysli.cz\/blog\/autismus\/nizkofunkcni-autismus\/#breadcrumb","itemListElement":[{"@type":"ListItem","position":1,"name":"Blog","item":"https:\/\/www.diagnostika-mysli.cz\/blog\/"},{"@type":"ListItem","position":2,"name":"Autismus","item":"https:\/\/www.diagnostika-mysli.cz\/blog\/autismus\/"},{"@type":"ListItem","position":3,"name":"N\u00edzkofunk\u010dn\u00ed autismus"}]},{"@type":"Person","@id":"https:\/\/www.diagnostika-mysli.cz\/blog\/#\/schema\/person\/8eb1bcaf59fea75c780c11946f4e3490","name":"Test Mysli","image":{"@type":"ImageObject","@id":"https:\/\/www.diagnostika-mysli.cz\/blog\/#personlogo","inLanguage":"cs","url":"https:\/\/secure.gravatar.com\/avatar\/6743211f010801ea26aa9423a2daab37?s=96&d=mm&r=g","contentUrl":"https:\/\/secure.gravatar.com\/avatar\/6743211f010801ea26aa9423a2daab37?s=96&d=mm&r=g","caption":"Test Mysli"},"sameAs":["https:\/\/www.diagnostika-mysli.cz\/blog"],"url":"https:\/\/www.diagnostika-mysli.cz\/blog\/author\/diagnostyka-umyslu\/"}]}},"amp_enabled":true,"_links":{"self":[{"href":"https:\/\/www.diagnostika-mysli.cz\/blog\/wp-json\/wp\/v2\/posts\/3318"}],"collection":[{"href":"https:\/\/www.diagnostika-mysli.cz\/blog\/wp-json\/wp\/v2\/posts"}],"about":[{"href":"https:\/\/www.diagnostika-mysli.cz\/blog\/wp-json\/wp\/v2\/types\/post"}],"author":[{"embeddable":true,"href":"https:\/\/www.diagnostika-mysli.cz\/blog\/wp-json\/wp\/v2\/users\/1"}],"replies":[{"embeddable":true,"href":"https:\/\/www.diagnostika-mysli.cz\/blog\/wp-json\/wp\/v2\/comments?post=3318"}],"version-history":[{"count":0,"href":"https:\/\/www.diagnostika-mysli.cz\/blog\/wp-json\/wp\/v2\/posts\/3318\/revisions"}],"wp:attachment":[{"href":"https:\/\/www.diagnostika-mysli.cz\/blog\/wp-json\/wp\/v2\/media?parent=3318"}],"wp:term":[{"taxonomy":"category","embeddable":true,"href":"https:\/\/www.diagnostika-mysli.cz\/blog\/wp-json\/wp\/v2\/categories?post=3318"},{"taxonomy":"post_tag","embeddable":true,"href":"https:\/\/www.diagnostika-mysli.cz\/blog\/wp-json\/wp\/v2\/tags?post=3318"}],"curies":[{"name":"wp","href":"https:\/\/api.w.org\/{rel}","templated":true}]}}