{"id":3319,"date":"2025-05-27T02:05:18","date_gmt":"2025-05-27T00:05:18","guid":{"rendered":"https:\/\/www.diagnostika-mysli.cz\/blog\/adhd\/adhd-u-dospelych-projevy\/"},"modified":"2025-05-27T02:05:18","modified_gmt":"2025-05-27T00:05:18","slug":"adhd-u-dospelych-projevy","status":"publish","type":"post","link":"https:\/\/www.diagnostika-mysli.cz\/blog\/adhd\/adhd-u-dospelych-projevy\/","title":{"rendered":"ADHD u dosp\u011bl\u00fdch projevy"},"content":{"rendered":"<div class='topics'>\n<div class='topic'>\n<h2>Jak\u00e9 jsou nej\u010dast\u011bj\u0161\u00ed projevy ADHD u dosp\u011bl\u00fdch a jak je rozpoznat?<\/h2>\n<p>ADHD (Attention Deficit Hyperactivity Disorder) je porucha, kter\u00e1 se obvykle spojuje s d\u011btmi, ale m\u016f\u017ee se projevovat i u dosp\u011bl\u00fdch. Tato porucha ovliv\u0148uje schopnost jedince soust\u0159edit se, pl\u00e1novat a kontrolovat sv\u00e9 chov\u00e1n\u00ed. U dosp\u011bl\u00fdch m\u016f\u017ee b\u00fdt ADHD obt\u00ed\u017en\u00e9 rozpoznat, proto\u017ee se projevuje jinak ne\u017e u d\u011bt\u00ed.<\/p>\n<p>Nej\u010dast\u011bj\u0161\u00edm projevem ADHD u dosp\u011bl\u00fdch je neschopnost udr\u017eet pozornost na jednom m\u00edst\u011b. Dosp\u011bl\u00ed s ADHD maj\u00ed \u010dasto probl\u00e9my se soust\u0159ed\u011bn\u00edm na \u00fakoly, kter\u00e9 vy\u017eaduj\u00ed dlouhodobou pozornost, jako je pr\u00e1ce nebo studium. Mohou se snadno rozptylovat a b\u00fdt nesoust\u0159ed\u011bn\u00ed, co\u017e m\u016f\u017ee v\u00e9st k nedokon\u010den\u00fdm \u00fakol\u016fm a neschopnosti pl\u00e1novat sv\u016fj \u010das efektivn\u011b.<\/p>\n<p>Dal\u0161\u00edm projevem ADHD u dosp\u011bl\u00fdch je impulsivn\u00ed chov\u00e1n\u00ed. Ti, kte<\/p>\n<\/div>\n<div class='topic'>\n<h2>Vliv ADHD na ka\u017edodenn\u00ed \u017eivot dosp\u011bl\u00fdch a mo\u017enosti l\u00e9\u010dby.<\/h2>\n<p>ADHD (Attention Deficit Hyperactivity Disorder) je neurov\u00fdvojov\u00e1 porucha, kter\u00e1 se projevuje p\u0159edev\u0161\u00edm poruchami pozornosti, hyperaktivitou a impulzivitou. Tato porucha se \u010dasto spojuje s d\u011btstv\u00edm, ale m\u016f\u017ee trvat i v dosp\u011blosti. Vliv ADHD na ka\u017edodenn\u00ed \u017eivot dosp\u011bl\u00fdch m\u016f\u017ee b\u00fdt velmi v\u00fdrazn\u00fd a ovliv\u0148ovat mnoho aspekt\u016f jejich \u017eivota.<\/p>\n<p>Jedn\u00edm z hlavn\u00edch projev\u016f ADHD u dosp\u011bl\u00fdch je porucha pozornosti. To znamen\u00e1, \u017ee maj\u00ed probl\u00e9my se soust\u0159ed\u011bn\u00edm, udr\u017een\u00edm pozornosti na jedn\u00e9 v\u011bci nebo dokon\u010den\u00edm \u00fakol\u016f. To m\u016f\u017ee m\u00edt negativn\u00ed dopad na jejich pracovn\u00ed v\u00fdkonnost, \u0161koln\u00ed v\u00fdsledky nebo vztahy s ostatn\u00edmi. Dosp\u011bl\u00ed s ADHD mohou m\u00edt tak\u00e9 probl\u00e9my s organizac\u00ed a pl\u00e1nov\u00e1n\u00edm, co\u017e m\u016f\u017ee v\u00e9st k neust\u00e1l\u00e9mu zpo\u017e\u010fov\u00e1n\u00ed, zapom<\/p>\n<\/div>\n<div class='topic'>\n<h2>Jak\u00e9 jsou mo\u017en\u00e9 p\u0159\u00ed\u010diny vzniku ADHD u dosp\u011bl\u00fdch a jak se d\u00e1 p\u0159edch\u00e1zet?<\/h2>\n<p>ADHD (Attention Deficit Hyperactivity Disorder) je neurov\u00fdvojov\u00e1 porucha, kter\u00e1 se projevuje poruchou pozornosti, hyperaktivitou a impulzivitou. Tato porucha se obvykle projevuje ji\u017e v d\u011btstv\u00ed, ale m\u016f\u017ee se tak\u00e9 projevit u dosp\u011bl\u00fdch. V tomto \u010dl\u00e1nku se zam\u011b\u0159\u00edme na mo\u017en\u00e9 p\u0159\u00ed\u010diny vzniku ADHD u dosp\u011bl\u00fdch a jak se d\u00e1 p\u0159edch\u00e1zet t\u00e9to poru\u0161e.<\/p>\n<p>Existuje mnoho teori\u00ed o p\u0159\u00ed\u010din\u00e1ch ADHD, ale \u017e\u00e1dn\u00e1 z nich nen\u00ed jednozna\u010dn\u011b potvrzena. V\u011bdci se shoduj\u00ed, \u017ee ADHD je zp\u016fsobeno kombinac\u00ed genetick\u00fdch, biologick\u00fdch a environment\u00e1ln\u00edch faktor\u016f.<\/p>\n<p>Genetick\u00e9 faktory hraj\u00ed v\u00fdznamnou roli v rozvoji ADHD. Studie ukazuj\u00ed, \u017ee d\u011bti s ADHD maj\u00ed v\u011bt\u0161\u00ed pravd\u011bpodobnost, \u017ee budou m\u00edt rodi\u010de nebo sourozence s touto poruchou. V\u00fdzkumy tak\u00e9 ukazuj\u00ed, \u017ee ur\u010dit\u00e9 geny<\/p>\n<\/div>\n<div class='topic'>\n<h2>Vztah mezi ADHD a dal\u0161\u00edmi du\u0161evn\u00edmi poruchami u dosp\u011bl\u00fdch a mo\u017enosti komplexn\u00ed l\u00e9\u010dby.<\/h2>\n<p>ADHD (Attention Deficit Hyperactivity Disorder) je du\u0161evn\u00ed porucha, kter\u00e1 se projevuje p\u0159edev\u0161\u00edm poruchami pozornosti, hyperaktivitou a impulzivitou. Tato porucha se obvykle projevuje ji\u017e v d\u011btstv\u00ed, ale m\u016f\u017ee p\u0159etrv\u00e1vat i v dosp\u011blosti. V posledn\u00edch letech se st\u00e1le v\u00edce hovo\u0159\u00ed o vztahu mezi ADHD a dal\u0161\u00edmi du\u0161evn\u00edmi poruchami u dosp\u011bl\u00fdch. Je d\u016fle\u017eit\u00e9 si uv\u011bdomit, \u017ee ADHD nen\u00ed pouze d\u011btsk\u00e1 porucha a m\u016f\u017ee m\u00edt v\u00fdrazn\u00fd dopad na \u017eivot dosp\u011bl\u00fdch jedinc\u016f.<\/p>\n<p>Mezi nej\u010dast\u011bj\u0161\u00ed du\u0161evn\u00ed poruchy, kter\u00e9 se mohou vyskytovat spole\u010dn\u011b s ADHD u dosp\u011bl\u00fdch, pat\u0159\u00ed \u00fazkostn\u00e9 poruchy, deprese, poruchy n\u00e1lady, poruchy p\u0159\u00edjmu potravy a poruchy u\u010den\u00ed. Tyto poruchy mohou b\u00fdt bu\u010f p\u0159\u00ed\u010dinou nebo d\u016fsledkem ADHD. Nap\u0159\u00edklad dosp<\/p>\n<\/div>\n<\/div>\n","protected":false},"excerpt":{"rendered":"<p>Jak\u00e9 jsou nej\u010dast\u011bj\u0161\u00ed projevy ADHD u dosp\u011bl\u00fdch a jak je rozpoznat? ADHD (Attention Deficit Hyperactivity Disorder) je porucha, kter\u00e1 se obvykle spojuje s d\u011btmi, ale&#8230;<\/p>\n","protected":false},"author":1,"featured_media":0,"comment_status":"","ping_status":"open","sticky":false,"template":"","format":"standard","meta":{"inline_featured_image":false},"categories":[780],"tags":[],"yoast_head":"<!-- This site is optimized with the Yoast SEO plugin v18.1 - https:\/\/yoast.com\/wordpress\/plugins\/seo\/ -->\n<title>ADHD u dosp\u011bl\u00fdch projevy - Test Mysli<\/title>\n<meta name=\"robots\" content=\"index, follow, max-snippet:-1, max-image-preview:large, max-video-preview:-1\" \/>\n<link rel=\"canonical\" href=\"https:\/\/www.diagnostika-mysli.cz\/blog\/adhd\/adhd-u-dospelych-projevy\/\" \/>\n<meta property=\"og:locale\" content=\"cs_CZ\" \/>\n<meta property=\"og:type\" content=\"article\" \/>\n<meta property=\"og:title\" content=\"ADHD u dosp\u011bl\u00fdch projevy - Test Mysli\" \/>\n<meta property=\"og:description\" content=\"Jak\u00e9 jsou nej\u010dast\u011bj\u0161\u00ed projevy ADHD u dosp\u011bl\u00fdch a jak je rozpoznat? ADHD (Attention Deficit Hyperactivity Disorder) je porucha, kter\u00e1 se obvykle spojuje s d\u011btmi, ale...\" \/>\n<meta property=\"og:url\" content=\"https:\/\/www.diagnostika-mysli.cz\/blog\/adhd\/adhd-u-dospelych-projevy\/\" \/>\n<meta property=\"og:site_name\" content=\"Test Mysli\" \/>\n<meta property=\"article:published_time\" content=\"2025-05-27T00:05:18+00:00\" \/>\n<meta name=\"twitter:card\" content=\"summary_large_image\" \/>\n<meta name=\"twitter:label1\" content=\"Napsal(a)\" \/>\n\t<meta name=\"twitter:data1\" content=\"Test Mysli\" \/>\n\t<meta name=\"twitter:label2\" content=\"Odhadovan\u00e1 doba \u010dten\u00ed\" \/>\n\t<meta name=\"twitter:data2\" content=\"3 minuty\" \/>\n<script type=\"application\/ld+json\" class=\"yoast-schema-graph\">{\"@context\":\"https:\/\/schema.org\",\"@graph\":[{\"@type\":\"WebSite\",\"@id\":\"https:\/\/www.diagnostika-mysli.cz\/blog\/#website\",\"url\":\"https:\/\/www.diagnostika-mysli.cz\/blog\/\",\"name\":\"Test Mysli\",\"description\":\"Blog o poruch\u00e1ch mysli\",\"potentialAction\":[{\"@type\":\"SearchAction\",\"target\":{\"@type\":\"EntryPoint\",\"urlTemplate\":\"https:\/\/www.diagnostika-mysli.cz\/blog\/?s={search_term_string}\"},\"query-input\":\"required name=search_term_string\"}],\"inLanguage\":\"cs\"},{\"@type\":\"WebPage\",\"@id\":\"https:\/\/www.diagnostika-mysli.cz\/blog\/adhd\/adhd-u-dospelych-projevy\/#webpage\",\"url\":\"https:\/\/www.diagnostika-mysli.cz\/blog\/adhd\/adhd-u-dospelych-projevy\/\",\"name\":\"ADHD u dosp\u011bl\u00fdch projevy - Test Mysli\",\"isPartOf\":{\"@id\":\"https:\/\/www.diagnostika-mysli.cz\/blog\/#website\"},\"datePublished\":\"2025-05-27T00:05:18+00:00\",\"dateModified\":\"2025-05-27T00:05:18+00:00\",\"author\":{\"@id\":\"https:\/\/www.diagnostika-mysli.cz\/blog\/#\/schema\/person\/8eb1bcaf59fea75c780c11946f4e3490\"},\"breadcrumb\":{\"@id\":\"https:\/\/www.diagnostika-mysli.cz\/blog\/adhd\/adhd-u-dospelych-projevy\/#breadcrumb\"},\"inLanguage\":\"cs\",\"potentialAction\":[{\"@type\":\"ReadAction\",\"target\":[\"https:\/\/www.diagnostika-mysli.cz\/blog\/adhd\/adhd-u-dospelych-projevy\/\"]}]},{\"@type\":\"BreadcrumbList\",\"@id\":\"https:\/\/www.diagnostika-mysli.cz\/blog\/adhd\/adhd-u-dospelych-projevy\/#breadcrumb\",\"itemListElement\":[{\"@type\":\"ListItem\",\"position\":1,\"name\":\"Blog\",\"item\":\"https:\/\/www.diagnostika-mysli.cz\/blog\/\"},{\"@type\":\"ListItem\",\"position\":2,\"name\":\"ADHD\",\"item\":\"https:\/\/www.diagnostika-mysli.cz\/blog\/adhd\/\"},{\"@type\":\"ListItem\",\"position\":3,\"name\":\"ADHD u dosp\u011bl\u00fdch projevy\"}]},{\"@type\":\"Person\",\"@id\":\"https:\/\/www.diagnostika-mysli.cz\/blog\/#\/schema\/person\/8eb1bcaf59fea75c780c11946f4e3490\",\"name\":\"Test Mysli\",\"image\":{\"@type\":\"ImageObject\",\"@id\":\"https:\/\/www.diagnostika-mysli.cz\/blog\/#personlogo\",\"inLanguage\":\"cs\",\"url\":\"https:\/\/secure.gravatar.com\/avatar\/6743211f010801ea26aa9423a2daab37?s=96&d=mm&r=g\",\"contentUrl\":\"https:\/\/secure.gravatar.com\/avatar\/6743211f010801ea26aa9423a2daab37?s=96&d=mm&r=g\",\"caption\":\"Test Mysli\"},\"sameAs\":[\"https:\/\/www.diagnostika-mysli.cz\/blog\"],\"url\":\"https:\/\/www.diagnostika-mysli.cz\/blog\/author\/diagnostyka-umyslu\/\"}]}<\/script>\n<!-- \/ Yoast SEO plugin. -->","yoast_head_json":{"title":"ADHD u dosp\u011bl\u00fdch projevy - Test Mysli","robots":{"index":"index","follow":"follow","max-snippet":"max-snippet:-1","max-image-preview":"max-image-preview:large","max-video-preview":"max-video-preview:-1"},"canonical":"https:\/\/www.diagnostika-mysli.cz\/blog\/adhd\/adhd-u-dospelych-projevy\/","og_locale":"cs_CZ","og_type":"article","og_title":"ADHD u dosp\u011bl\u00fdch projevy - Test Mysli","og_description":"Jak\u00e9 jsou nej\u010dast\u011bj\u0161\u00ed projevy ADHD u dosp\u011bl\u00fdch a jak je rozpoznat? ADHD (Attention Deficit Hyperactivity Disorder) je porucha, kter\u00e1 se obvykle spojuje s d\u011btmi, ale...","og_url":"https:\/\/www.diagnostika-mysli.cz\/blog\/adhd\/adhd-u-dospelych-projevy\/","og_site_name":"Test Mysli","article_published_time":"2025-05-27T00:05:18+00:00","twitter_card":"summary_large_image","twitter_misc":{"Napsal(a)":"Test Mysli","Odhadovan\u00e1 doba \u010dten\u00ed":"3 minuty"},"schema":{"@context":"https:\/\/schema.org","@graph":[{"@type":"WebSite","@id":"https:\/\/www.diagnostika-mysli.cz\/blog\/#website","url":"https:\/\/www.diagnostika-mysli.cz\/blog\/","name":"Test Mysli","description":"Blog o poruch\u00e1ch mysli","potentialAction":[{"@type":"SearchAction","target":{"@type":"EntryPoint","urlTemplate":"https:\/\/www.diagnostika-mysli.cz\/blog\/?s={search_term_string}"},"query-input":"required name=search_term_string"}],"inLanguage":"cs"},{"@type":"WebPage","@id":"https:\/\/www.diagnostika-mysli.cz\/blog\/adhd\/adhd-u-dospelych-projevy\/#webpage","url":"https:\/\/www.diagnostika-mysli.cz\/blog\/adhd\/adhd-u-dospelych-projevy\/","name":"ADHD u dosp\u011bl\u00fdch projevy - Test Mysli","isPartOf":{"@id":"https:\/\/www.diagnostika-mysli.cz\/blog\/#website"},"datePublished":"2025-05-27T00:05:18+00:00","dateModified":"2025-05-27T00:05:18+00:00","author":{"@id":"https:\/\/www.diagnostika-mysli.cz\/blog\/#\/schema\/person\/8eb1bcaf59fea75c780c11946f4e3490"},"breadcrumb":{"@id":"https:\/\/www.diagnostika-mysli.cz\/blog\/adhd\/adhd-u-dospelych-projevy\/#breadcrumb"},"inLanguage":"cs","potentialAction":[{"@type":"ReadAction","target":["https:\/\/www.diagnostika-mysli.cz\/blog\/adhd\/adhd-u-dospelych-projevy\/"]}]},{"@type":"BreadcrumbList","@id":"https:\/\/www.diagnostika-mysli.cz\/blog\/adhd\/adhd-u-dospelych-projevy\/#breadcrumb","itemListElement":[{"@type":"ListItem","position":1,"name":"Blog","item":"https:\/\/www.diagnostika-mysli.cz\/blog\/"},{"@type":"ListItem","position":2,"name":"ADHD","item":"https:\/\/www.diagnostika-mysli.cz\/blog\/adhd\/"},{"@type":"ListItem","position":3,"name":"ADHD u dosp\u011bl\u00fdch projevy"}]},{"@type":"Person","@id":"https:\/\/www.diagnostika-mysli.cz\/blog\/#\/schema\/person\/8eb1bcaf59fea75c780c11946f4e3490","name":"Test Mysli","image":{"@type":"ImageObject","@id":"https:\/\/www.diagnostika-mysli.cz\/blog\/#personlogo","inLanguage":"cs","url":"https:\/\/secure.gravatar.com\/avatar\/6743211f010801ea26aa9423a2daab37?s=96&d=mm&r=g","contentUrl":"https:\/\/secure.gravatar.com\/avatar\/6743211f010801ea26aa9423a2daab37?s=96&d=mm&r=g","caption":"Test Mysli"},"sameAs":["https:\/\/www.diagnostika-mysli.cz\/blog"],"url":"https:\/\/www.diagnostika-mysli.cz\/blog\/author\/diagnostyka-umyslu\/"}]}},"amp_enabled":true,"_links":{"self":[{"href":"https:\/\/www.diagnostika-mysli.cz\/blog\/wp-json\/wp\/v2\/posts\/3319"}],"collection":[{"href":"https:\/\/www.diagnostika-mysli.cz\/blog\/wp-json\/wp\/v2\/posts"}],"about":[{"href":"https:\/\/www.diagnostika-mysli.cz\/blog\/wp-json\/wp\/v2\/types\/post"}],"author":[{"embeddable":true,"href":"https:\/\/www.diagnostika-mysli.cz\/blog\/wp-json\/wp\/v2\/users\/1"}],"replies":[{"embeddable":true,"href":"https:\/\/www.diagnostika-mysli.cz\/blog\/wp-json\/wp\/v2\/comments?post=3319"}],"version-history":[{"count":0,"href":"https:\/\/www.diagnostika-mysli.cz\/blog\/wp-json\/wp\/v2\/posts\/3319\/revisions"}],"wp:attachment":[{"href":"https:\/\/www.diagnostika-mysli.cz\/blog\/wp-json\/wp\/v2\/media?parent=3319"}],"wp:term":[{"taxonomy":"category","embeddable":true,"href":"https:\/\/www.diagnostika-mysli.cz\/blog\/wp-json\/wp\/v2\/categories?post=3319"},{"taxonomy":"post_tag","embeddable":true,"href":"https:\/\/www.diagnostika-mysli.cz\/blog\/wp-json\/wp\/v2\/tags?post=3319"}],"curies":[{"name":"wp","href":"https:\/\/api.w.org\/{rel}","templated":true}]}}