{"id":3320,"date":"2025-05-27T03:25:17","date_gmt":"2025-05-27T01:25:17","guid":{"rendered":"https:\/\/www.diagnostika-mysli.cz\/blog\/autismus\/autismus-projevy-u-dospelych\/"},"modified":"2025-05-27T03:25:17","modified_gmt":"2025-05-27T01:25:17","slug":"autismus-projevy-u-dospelych","status":"publish","type":"post","link":"https:\/\/www.diagnostika-mysli.cz\/blog\/autismus\/autismus-projevy-u-dospelych\/","title":{"rendered":"Autismus projevy u dosp\u011bl\u00fdch"},"content":{"rendered":"<div class='topics'>\n<div class='topic'>\n<h2>&#8220;Jak rozpoznat a spr\u00e1vn\u011b l\u00e9\u010dit projevy autismu u dosp\u011bl\u00fdch?&#8221;<\/h2>\n<p>Autismus je neurov\u00fdvojov\u00e1 porucha, kter\u00e1 se projevuje v d\u011btstv\u00ed a ovliv\u0148uje soci\u00e1ln\u00ed interakce, komunikaci a chov\u00e1n\u00ed. V minulosti byl autismus pova\u017eov\u00e1n pouze za d\u011btskou poruchu, ale v posledn\u00edch letech se st\u00e1le v\u00edce hovo\u0159\u00ed o autismu u dosp\u011bl\u00fdch. Tato porucha m\u016f\u017ee b\u00fdt obt\u00ed\u017en\u011b rozpoznateln\u00e1 u dosp\u011bl\u00fdch, proto\u017ee se projevuje jinak ne\u017e u d\u011bt\u00ed. V tomto \u010dl\u00e1nku se pod\u00edv\u00e1me na to, jak rozpoznat a spr\u00e1vn\u011b l\u00e9\u010dit projevy autismu u dosp\u011bl\u00fdch.<\/p>\n<p>Jak rozpoznat autismus u dosp\u011bl\u00fdch?<\/p>\n<p>Rozpozn\u00e1n\u00ed autismu u dosp\u011bl\u00fdch m\u016f\u017ee b\u00fdt slo\u017eit\u00e9, proto\u017ee mnoho p\u0159\u00edznak\u016f se m\u016f\u017ee p\u0159ekr\u00fdvat s jin\u00fdmi poruchami nebo se mohou projevovat v m\u00edrn\u011bj\u0161\u00ed form\u011b. Nicm\u00e9n\u011b existuj\u00ed ur\u010dit\u00e9 znaky, kter\u00e9 mohou nazna\u010dovat p\u0159\u00edtomnost autism<\/p>\n<\/div>\n<div class='topic'>\n<h2>&#8220;Vliv autismu na soci\u00e1ln\u00ed interakce a komunikaci u dosp\u011bl\u00fdch&#8221;<\/h2>\n<p>Autismus je neurov\u00fdvojov\u00e1 porucha, kter\u00e1 ovliv\u0148uje soci\u00e1ln\u00ed interakce a komunikaci u dosp\u011bl\u00fdch. Tato porucha se projevuje ji\u017e od d\u011btstv\u00ed a m\u016f\u017ee m\u00edt r\u016fzn\u00e9 formy a stupn\u011b z\u00e1va\u017enosti. Vliv autismu na soci\u00e1ln\u00ed interakce a komunikaci u dosp\u011bl\u00fdch je velmi v\u00fdznamn\u00fd a m\u016f\u017ee m\u00edt vliv na cel\u00fd jejich \u017eivot.<\/p>\n<p>Jedn\u00edm z hlavn\u00edch projev\u016f autismu je naru\u0161en\u00e1 schopnost porozum\u011bt a interpretovat neverb\u00e1ln\u00ed komunikaci, jako jsou nap\u0159\u00edklad gesta, mimika nebo t\u00f3n hlasu. To m\u016f\u017ee v\u00e9st k probl\u00e9m\u016fm v komunikaci s ostatn\u00edmi lidmi a vytv\u00e1\u0159en\u00ed soci\u00e1ln\u00edch vztah\u016f. Dosp\u011bl\u00ed s autismem mohou m\u00edt pot\u00ed\u017ee s porozum\u011bn\u00edm soci\u00e1ln\u00edm n\u00e1vyk\u016fm a pravidl\u016fm, co\u017e m\u016f\u017ee v\u00e9st k nevhodn\u00e9mu chov\u00e1n\u00ed v r\u016fzn\u00fdch soci\u00e1ln\u00edch situac\u00edch.<\/p>\n<p>Dal\u0161\u00edm v\u00fdz<\/p>\n<\/div>\n<div class='topic'>\n<h2>&#8220;Zvl\u00e1d\u00e1n\u00ed ka\u017edodenn\u00edch \u00fakol\u016f a rutin u dosp\u011bl\u00fdch s autismem&#8221;<\/h2>\n<p>Autismus je neurov\u00fdvojov\u00e9 onemocn\u011bn\u00ed, kter\u00e9 ovliv\u0148uje soci\u00e1ln\u00ed interakce, komunikaci a chov\u00e1n\u00ed jedince. Mnoho lid\u00ed s touto poruchou se pot\u00fdk\u00e1 s obt\u00ed\u017eemi v ka\u017edodenn\u00edm \u017eivot\u011b, zejm\u00e9na v pln\u011bn\u00ed rutinn\u00edch \u00fakol\u016f. Zvl\u00e1d\u00e1n\u00ed ka\u017edodenn\u00edch \u00fakol\u016f a rutin je pro dosp\u011bl\u00e9 s autismem velmi d\u016fle\u017eit\u00e9, proto\u017ee jim pom\u00e1h\u00e1 udr\u017eovat strukturu a stabilitu v jejich \u017eivot\u011b.<\/p>\n<p>Jedn\u00edm z hlavn\u00edch probl\u00e9m\u016f, se kter\u00fdmi se lid\u00e9 s autismem pot\u00fdkaj\u00ed, je naru\u0161en\u00e1 schopnost pl\u00e1nov\u00e1n\u00ed a organizace. To m\u016f\u017ee b\u00fdt zp\u016fsobeno jejich pot\u00ed\u017eemi s \u0159\u00edzen\u00edm \u010dasu a prostoru, co\u017e m\u016f\u017ee v\u00e9st k probl\u00e9m\u016fm s pln\u011bn\u00edm ka\u017edodenn\u00edch \u00fakol\u016f. Nap\u0159\u00edklad mohou m\u00edt probl\u00e9my s dodr\u017eov\u00e1n\u00edm harmonogramu, zapom\u00edn\u00e1n\u00edm na d\u016fle\u017eit\u00e9 \u00fakoly nebo s<\/p>\n<\/div>\n<div class='topic'>\n<h2>&#8220;Podpora a terapie pro dosp\u011bl\u00e9 s autismem &#8211; jak pomoci zlep\u0161it jejich kvalitu \u017eivota?&#8221;<\/h2>\n<p>Autismus je neurov\u00fdvojov\u00e9 onemocn\u011bn\u00ed, kter\u00e9 ovliv\u0148uje soci\u00e1ln\u00ed interakce, komunikaci a chov\u00e1n\u00ed jedince. Toto onemocn\u011bn\u00ed se obvykle projevuje ji\u017e v d\u011btstv\u00ed, ale m\u016f\u017ee b\u00fdt diagnostikov\u00e1no i v dosp\u011blosti. Dosp\u011bl\u00ed s autismem se \u010dasto pot\u00fdkaj\u00ed s mnoha v\u00fdzvami, kter\u00e9 mohou ovlivnit jejich kvalitu \u017eivota. Proto je d\u016fle\u017eit\u00e9, aby tito jedinci m\u011bli p\u0159\u00edstup k podpo\u0159e a terapi\u00edm, kter\u00e9 jim mohou pomoci zlep\u0161it jejich \u017eivotn\u00ed podm\u00ednky.<\/p>\n<p>Podpora a terapie pro dosp\u011bl\u00e9 s autismem jsou zam\u011b\u0159eny na poskytnut\u00ed individu\u00e1ln\u00ed pomoci a podpory pro ka\u017ed\u00e9ho jedince s touto poruchou. C\u00edlem je pomoci jim zvl\u00e1dat ka\u017edodenn\u00ed \u017eivotn\u00ed situace a zlep\u0161it jejich soci\u00e1ln\u00ed interakce a komunikaci. Existuje mnoho r\u016fzn\u00fdch typ\u016f podpory a terapi\u00ed, kter\u00e9 mohou<\/p>\n<\/div>\n<\/div>\n","protected":false},"excerpt":{"rendered":"<p>&#8220;Jak rozpoznat a spr\u00e1vn\u011b l\u00e9\u010dit projevy autismu u dosp\u011bl\u00fdch?&#8221; Autismus je neurov\u00fdvojov\u00e1 porucha, kter\u00e1 se projevuje v d\u011btstv\u00ed a ovliv\u0148uje soci\u00e1ln\u00ed interakce, komunikaci a chov\u00e1n\u00ed&#8230;.<\/p>\n","protected":false},"author":1,"featured_media":0,"comment_status":"","ping_status":"open","sticky":false,"template":"","format":"standard","meta":{"inline_featured_image":false},"categories":[849],"tags":[],"yoast_head":"<!-- This site is optimized with the Yoast SEO plugin v18.1 - https:\/\/yoast.com\/wordpress\/plugins\/seo\/ -->\n<title>Autismus projevy u dosp\u011bl\u00fdch - Test Mysli<\/title>\n<meta name=\"robots\" content=\"index, follow, max-snippet:-1, max-image-preview:large, max-video-preview:-1\" \/>\n<link rel=\"canonical\" href=\"https:\/\/www.diagnostika-mysli.cz\/blog\/autismus\/autismus-projevy-u-dospelych\/\" \/>\n<meta property=\"og:locale\" content=\"cs_CZ\" \/>\n<meta property=\"og:type\" content=\"article\" \/>\n<meta property=\"og:title\" content=\"Autismus projevy u dosp\u011bl\u00fdch - Test Mysli\" \/>\n<meta property=\"og:description\" content=\"&#8220;Jak rozpoznat a spr\u00e1vn\u011b l\u00e9\u010dit projevy autismu u dosp\u011bl\u00fdch?&#8221; Autismus je neurov\u00fdvojov\u00e1 porucha, kter\u00e1 se projevuje v d\u011btstv\u00ed a ovliv\u0148uje soci\u00e1ln\u00ed interakce, komunikaci a chov\u00e1n\u00ed....\" \/>\n<meta property=\"og:url\" content=\"https:\/\/www.diagnostika-mysli.cz\/blog\/autismus\/autismus-projevy-u-dospelych\/\" \/>\n<meta property=\"og:site_name\" content=\"Test Mysli\" \/>\n<meta property=\"article:published_time\" content=\"2025-05-27T01:25:17+00:00\" \/>\n<meta name=\"twitter:card\" content=\"summary_large_image\" \/>\n<meta name=\"twitter:label1\" content=\"Napsal(a)\" \/>\n\t<meta name=\"twitter:data1\" content=\"Test Mysli\" \/>\n\t<meta name=\"twitter:label2\" content=\"Odhadovan\u00e1 doba \u010dten\u00ed\" \/>\n\t<meta name=\"twitter:data2\" content=\"3 minuty\" \/>\n<script type=\"application\/ld+json\" class=\"yoast-schema-graph\">{\"@context\":\"https:\/\/schema.org\",\"@graph\":[{\"@type\":\"WebSite\",\"@id\":\"https:\/\/www.diagnostika-mysli.cz\/blog\/#website\",\"url\":\"https:\/\/www.diagnostika-mysli.cz\/blog\/\",\"name\":\"Test Mysli\",\"description\":\"Blog o poruch\u00e1ch mysli\",\"potentialAction\":[{\"@type\":\"SearchAction\",\"target\":{\"@type\":\"EntryPoint\",\"urlTemplate\":\"https:\/\/www.diagnostika-mysli.cz\/blog\/?s={search_term_string}\"},\"query-input\":\"required name=search_term_string\"}],\"inLanguage\":\"cs\"},{\"@type\":\"WebPage\",\"@id\":\"https:\/\/www.diagnostika-mysli.cz\/blog\/autismus\/autismus-projevy-u-dospelych\/#webpage\",\"url\":\"https:\/\/www.diagnostika-mysli.cz\/blog\/autismus\/autismus-projevy-u-dospelych\/\",\"name\":\"Autismus projevy u dosp\u011bl\u00fdch - Test Mysli\",\"isPartOf\":{\"@id\":\"https:\/\/www.diagnostika-mysli.cz\/blog\/#website\"},\"datePublished\":\"2025-05-27T01:25:17+00:00\",\"dateModified\":\"2025-05-27T01:25:17+00:00\",\"author\":{\"@id\":\"https:\/\/www.diagnostika-mysli.cz\/blog\/#\/schema\/person\/8eb1bcaf59fea75c780c11946f4e3490\"},\"breadcrumb\":{\"@id\":\"https:\/\/www.diagnostika-mysli.cz\/blog\/autismus\/autismus-projevy-u-dospelych\/#breadcrumb\"},\"inLanguage\":\"cs\",\"potentialAction\":[{\"@type\":\"ReadAction\",\"target\":[\"https:\/\/www.diagnostika-mysli.cz\/blog\/autismus\/autismus-projevy-u-dospelych\/\"]}]},{\"@type\":\"BreadcrumbList\",\"@id\":\"https:\/\/www.diagnostika-mysli.cz\/blog\/autismus\/autismus-projevy-u-dospelych\/#breadcrumb\",\"itemListElement\":[{\"@type\":\"ListItem\",\"position\":1,\"name\":\"Blog\",\"item\":\"https:\/\/www.diagnostika-mysli.cz\/blog\/\"},{\"@type\":\"ListItem\",\"position\":2,\"name\":\"Autismus\",\"item\":\"https:\/\/www.diagnostika-mysli.cz\/blog\/autismus\/\"},{\"@type\":\"ListItem\",\"position\":3,\"name\":\"Autismus projevy u dosp\u011bl\u00fdch\"}]},{\"@type\":\"Person\",\"@id\":\"https:\/\/www.diagnostika-mysli.cz\/blog\/#\/schema\/person\/8eb1bcaf59fea75c780c11946f4e3490\",\"name\":\"Test Mysli\",\"image\":{\"@type\":\"ImageObject\",\"@id\":\"https:\/\/www.diagnostika-mysli.cz\/blog\/#personlogo\",\"inLanguage\":\"cs\",\"url\":\"https:\/\/secure.gravatar.com\/avatar\/6743211f010801ea26aa9423a2daab37?s=96&d=mm&r=g\",\"contentUrl\":\"https:\/\/secure.gravatar.com\/avatar\/6743211f010801ea26aa9423a2daab37?s=96&d=mm&r=g\",\"caption\":\"Test Mysli\"},\"sameAs\":[\"https:\/\/www.diagnostika-mysli.cz\/blog\"],\"url\":\"https:\/\/www.diagnostika-mysli.cz\/blog\/author\/diagnostyka-umyslu\/\"}]}<\/script>\n<!-- \/ Yoast SEO plugin. -->","yoast_head_json":{"title":"Autismus projevy u dosp\u011bl\u00fdch - Test Mysli","robots":{"index":"index","follow":"follow","max-snippet":"max-snippet:-1","max-image-preview":"max-image-preview:large","max-video-preview":"max-video-preview:-1"},"canonical":"https:\/\/www.diagnostika-mysli.cz\/blog\/autismus\/autismus-projevy-u-dospelych\/","og_locale":"cs_CZ","og_type":"article","og_title":"Autismus projevy u dosp\u011bl\u00fdch - Test Mysli","og_description":"&#8220;Jak rozpoznat a spr\u00e1vn\u011b l\u00e9\u010dit projevy autismu u dosp\u011bl\u00fdch?&#8221; Autismus je neurov\u00fdvojov\u00e1 porucha, kter\u00e1 se projevuje v d\u011btstv\u00ed a ovliv\u0148uje soci\u00e1ln\u00ed interakce, komunikaci a chov\u00e1n\u00ed....","og_url":"https:\/\/www.diagnostika-mysli.cz\/blog\/autismus\/autismus-projevy-u-dospelych\/","og_site_name":"Test Mysli","article_published_time":"2025-05-27T01:25:17+00:00","twitter_card":"summary_large_image","twitter_misc":{"Napsal(a)":"Test Mysli","Odhadovan\u00e1 doba \u010dten\u00ed":"3 minuty"},"schema":{"@context":"https:\/\/schema.org","@graph":[{"@type":"WebSite","@id":"https:\/\/www.diagnostika-mysli.cz\/blog\/#website","url":"https:\/\/www.diagnostika-mysli.cz\/blog\/","name":"Test Mysli","description":"Blog o poruch\u00e1ch mysli","potentialAction":[{"@type":"SearchAction","target":{"@type":"EntryPoint","urlTemplate":"https:\/\/www.diagnostika-mysli.cz\/blog\/?s={search_term_string}"},"query-input":"required name=search_term_string"}],"inLanguage":"cs"},{"@type":"WebPage","@id":"https:\/\/www.diagnostika-mysli.cz\/blog\/autismus\/autismus-projevy-u-dospelych\/#webpage","url":"https:\/\/www.diagnostika-mysli.cz\/blog\/autismus\/autismus-projevy-u-dospelych\/","name":"Autismus projevy u dosp\u011bl\u00fdch - Test Mysli","isPartOf":{"@id":"https:\/\/www.diagnostika-mysli.cz\/blog\/#website"},"datePublished":"2025-05-27T01:25:17+00:00","dateModified":"2025-05-27T01:25:17+00:00","author":{"@id":"https:\/\/www.diagnostika-mysli.cz\/blog\/#\/schema\/person\/8eb1bcaf59fea75c780c11946f4e3490"},"breadcrumb":{"@id":"https:\/\/www.diagnostika-mysli.cz\/blog\/autismus\/autismus-projevy-u-dospelych\/#breadcrumb"},"inLanguage":"cs","potentialAction":[{"@type":"ReadAction","target":["https:\/\/www.diagnostika-mysli.cz\/blog\/autismus\/autismus-projevy-u-dospelych\/"]}]},{"@type":"BreadcrumbList","@id":"https:\/\/www.diagnostika-mysli.cz\/blog\/autismus\/autismus-projevy-u-dospelych\/#breadcrumb","itemListElement":[{"@type":"ListItem","position":1,"name":"Blog","item":"https:\/\/www.diagnostika-mysli.cz\/blog\/"},{"@type":"ListItem","position":2,"name":"Autismus","item":"https:\/\/www.diagnostika-mysli.cz\/blog\/autismus\/"},{"@type":"ListItem","position":3,"name":"Autismus projevy u dosp\u011bl\u00fdch"}]},{"@type":"Person","@id":"https:\/\/www.diagnostika-mysli.cz\/blog\/#\/schema\/person\/8eb1bcaf59fea75c780c11946f4e3490","name":"Test Mysli","image":{"@type":"ImageObject","@id":"https:\/\/www.diagnostika-mysli.cz\/blog\/#personlogo","inLanguage":"cs","url":"https:\/\/secure.gravatar.com\/avatar\/6743211f010801ea26aa9423a2daab37?s=96&d=mm&r=g","contentUrl":"https:\/\/secure.gravatar.com\/avatar\/6743211f010801ea26aa9423a2daab37?s=96&d=mm&r=g","caption":"Test Mysli"},"sameAs":["https:\/\/www.diagnostika-mysli.cz\/blog"],"url":"https:\/\/www.diagnostika-mysli.cz\/blog\/author\/diagnostyka-umyslu\/"}]}},"amp_enabled":true,"_links":{"self":[{"href":"https:\/\/www.diagnostika-mysli.cz\/blog\/wp-json\/wp\/v2\/posts\/3320"}],"collection":[{"href":"https:\/\/www.diagnostika-mysli.cz\/blog\/wp-json\/wp\/v2\/posts"}],"about":[{"href":"https:\/\/www.diagnostika-mysli.cz\/blog\/wp-json\/wp\/v2\/types\/post"}],"author":[{"embeddable":true,"href":"https:\/\/www.diagnostika-mysli.cz\/blog\/wp-json\/wp\/v2\/users\/1"}],"replies":[{"embeddable":true,"href":"https:\/\/www.diagnostika-mysli.cz\/blog\/wp-json\/wp\/v2\/comments?post=3320"}],"version-history":[{"count":0,"href":"https:\/\/www.diagnostika-mysli.cz\/blog\/wp-json\/wp\/v2\/posts\/3320\/revisions"}],"wp:attachment":[{"href":"https:\/\/www.diagnostika-mysli.cz\/blog\/wp-json\/wp\/v2\/media?parent=3320"}],"wp:term":[{"taxonomy":"category","embeddable":true,"href":"https:\/\/www.diagnostika-mysli.cz\/blog\/wp-json\/wp\/v2\/categories?post=3320"},{"taxonomy":"post_tag","embeddable":true,"href":"https:\/\/www.diagnostika-mysli.cz\/blog\/wp-json\/wp\/v2\/tags?post=3320"}],"curies":[{"name":"wp","href":"https:\/\/api.w.org\/{rel}","templated":true}]}}