{"id":3324,"date":"2025-05-29T02:05:24","date_gmt":"2025-05-29T00:05:24","guid":{"rendered":"https:\/\/www.diagnostika-mysli.cz\/blog\/adhd\/dite-s-adhd-ve-skole\/"},"modified":"2025-05-29T02:05:24","modified_gmt":"2025-05-29T00:05:24","slug":"dite-s-adhd-ve-skole","status":"publish","type":"post","link":"https:\/\/www.diagnostika-mysli.cz\/blog\/adhd\/dite-s-adhd-ve-skole\/","title":{"rendered":"D\u00edt\u011b s ADHD ve \u0161kole"},"content":{"rendered":"<div class='topics'>\n<div class='topic'>\n<h2>Jak rozpoznat d\u00edt\u011b s ADHD ve \u0161kole a jak mu pomoci<\/h2>\n<p>ADHD (Attention Deficit Hyperactivity Disorder) je neurov\u00fdvojov\u00e1 porucha, kter\u00e1 se projevuje p\u0159edev\u0161\u00edm u d\u011bt\u00ed ve v\u011bku \u0161koln\u00ed doch\u00e1zky. Tato porucha ovliv\u0148uje pozornost, hyperaktivitu a impulzivitu d\u00edt\u011bte, co\u017e m\u016f\u017ee m\u00edt negativn\u00ed dopad na jeho \u0161koln\u00ed v\u00fdkon a soci\u00e1ln\u00ed interakce. Pokud m\u00e1te podez\u0159en\u00ed, \u017ee va\u0161e d\u00edt\u011b trp\u00ed ADHD, je d\u016fle\u017eit\u00e9 v\u010das rozpoznat p\u0159\u00edznaky a poskytnout mu odpov\u00eddaj\u00edc\u00ed podporu.<\/p>\n<p>Prvn\u00edm krokem k rozpozn\u00e1n\u00ed ADHD u d\u00edt\u011bte ve \u0161kole je pozorn\u00e9 sledov\u00e1n\u00ed jeho chov\u00e1n\u00ed a projev\u016f. Mezi nej\u010dast\u011bj\u0161\u00ed p\u0159\u00edznaky ADHD pat\u0159\u00ed neschopnost udr\u017eet pozornost na jednom m\u00edst\u011b, \u010dast\u00e9 p\u0159eskakov\u00e1n\u00ed z jedn\u00e9 \u010dinnosti na druhou, obt\u00ed\u017en\u00e9 dodr\u017eov\u00e1n\u00ed pokyn\u016f a pravidel, neklid a nadm\u011brn\u00e1 pohyblivost, impulzivn\u00ed chov\u00e1n\u00ed a obt\u00ed\u017en\u00e9<\/p>\n<\/div>\n<div class='topic'>\n<h2>V\u00fdzvy a mo\u017enosti pro d\u00edt\u011b s ADHD v b\u011b\u017en\u00e9 \u0161koln\u00ed t\u0159\u00edd\u011b<\/h2>\n<p>D\u011bti s ADHD (porucha pozornosti s hyperaktivitou) maj\u00ed specifick\u00e9 pot\u0159eby a v\u00fdzvy, kter\u00e9 se mohou projevovat v b\u011b\u017en\u00e9 \u0161koln\u00ed t\u0159\u00edd\u011b. Tato porucha ovliv\u0148uje jejich schopnost soust\u0159edit se, udr\u017eovat pozornost a kontrolovat sv\u00e9 chov\u00e1n\u00ed. V b\u011b\u017en\u00e9 \u0161koln\u00ed t\u0159\u00edd\u011b se mohou setkat s mnoha v\u00fdzvami, ale z\u00e1rove\u0148 existuj\u00ed i mo\u017enosti, jak jim pomoci a podpo\u0159it jejich \u00fasp\u011bch ve \u0161kole.<\/p>\n<p>Jednou z nejv\u011bt\u0161\u00edch v\u00fdzev pro d\u011bti s ADHD v b\u011b\u017en\u00e9 \u0161koln\u00ed t\u0159\u00edd\u011b je udr\u017eet pozornost. Tyto d\u011bti maj\u00ed \u010dasto probl\u00e9m se soust\u0159edit na jednu v\u011bc po del\u0161\u00ed dobu a mohou b\u00fdt snadno rozpt\u00fdleny vn\u011bj\u0161\u00edmi podn\u011bty. V b\u011b\u017en\u00e9 t\u0159\u00edd\u011b je mnoho v\u011bc\u00ed, kter\u00e9 mohou d\u00edt\u011bti s ADHD odv\u00e1d\u011bt pozornost, jako jsou zvuky<\/p>\n<\/div>\n<div class='topic'>\n<h2>Spolupr\u00e1ce mezi rodi\u010di, u\u010diteli a odborn\u00edky p\u0159i vzd\u011bl\u00e1v\u00e1n\u00ed d\u00edt\u011bte s ADHD<\/h2>\n<p>Spolupr\u00e1ce mezi rodi\u010di, u\u010diteli a odborn\u00edky je kl\u00ed\u010dov\u00fdm prvkem p\u0159i vzd\u011bl\u00e1v\u00e1n\u00ed d\u00edt\u011bte s ADHD. Tato spolupr\u00e1ce je nezbytn\u00e1 pro \u00fasp\u011b\u0161n\u00e9 zvl\u00e1dnut\u00ed vzd\u011bl\u00e1vac\u00edho procesu a pro dosa\u017een\u00ed optim\u00e1ln\u00edho v\u00fdvoje d\u00edt\u011bte s touto poruchou.<\/p>\n<p>ADHD (Attention Deficit Hyperactivity Disorder) je neurobiologick\u00e1 porucha, kter\u00e1 se projevuje poruchami pozornosti, hyperaktivitou a impulzivitou. D\u011bti s touto poruchou maj\u00ed \u010dasto probl\u00e9my se soust\u0159ed\u011bn\u00edm, udr\u017een\u00edm pozornosti, pl\u00e1nov\u00e1n\u00edm a organizac\u00ed sv\u00e9ho \u010dasu. Tyto obt\u00ed\u017ee mohou negativn\u011b ovlivnit jejich \u0161koln\u00ed v\u00fdkon a soci\u00e1ln\u00ed interakce.<\/p>\n<p>Proto je d\u016fle\u017eit\u00e9, aby rodi\u010de, u\u010ditel\u00e9 a odborn\u00edci spolupracovali a vz\u00e1jemn\u011b si pom\u00e1hali p\u0159i vzd\u011bl\u00e1v\u00e1n\u00ed d\u00edt\u011bte s ADHD. Rodi\u010de jsou prvn\u00edmi<\/p>\n<\/div>\n<div class='topic'>\n<h2>Alternativn\u00ed vzd\u011bl\u00e1vac\u00ed p\u0159\u00edstupy pro d\u00edt\u011b s ADHD ve \u0161kole<\/h2>\n<p>Alternativn\u00ed vzd\u011bl\u00e1vac\u00ed p\u0159\u00edstupy pro d\u00edt\u011b s ADHD ve \u0161kole jsou zp\u016fsoby, jak p\u0159izp\u016fsobit vzd\u011bl\u00e1v\u00e1n\u00ed pro d\u011bti s poruchou pozornosti s hyperaktivitou (ADHD). Tato porucha m\u016f\u017ee m\u00edt v\u00fdrazn\u00fd vliv na schopnost d\u00edt\u011bte se soust\u0159edit, u\u010dit se a interagovat s ostatn\u00edmi ve \u0161koln\u00edm prost\u0159ed\u00ed. Proto je d\u016fle\u017eit\u00e9, aby \u0161koly nab\u00edzely alternativn\u00ed p\u0159\u00edstupy, kter\u00e9 umo\u017en\u00ed d\u011btem s ADHD \u00fasp\u011b\u0161n\u011b se zapojit do vzd\u011bl\u00e1vac\u00edho procesu.<\/p>\n<p>Jedn\u00edm z alternativn\u00edch p\u0159\u00edstup\u016f je individu\u00e1ln\u00ed vzd\u011bl\u00e1vac\u00ed pl\u00e1n (IEP). Tento pl\u00e1n je vytvo\u0159en pro ka\u017ed\u00e9 d\u00edt\u011b s ADHD a obsahuje specifick\u00e9 c\u00edle, strategie a prost\u0159edky, kter\u00e9 pom\u00e1haj\u00ed d\u00edt\u011bti dos\u00e1hnout \u00fasp\u011bchu ve \u0161kole. IEP je vytvo\u0159en ve spolupr\u00e1ci s rodi\u010di, u\u010diteli a dal\u0161\u00edmi o<\/p>\n<\/div>\n<\/div>\n","protected":false},"excerpt":{"rendered":"<p>Jak rozpoznat d\u00edt\u011b s ADHD ve \u0161kole a jak mu pomoci ADHD (Attention Deficit Hyperactivity Disorder) je neurov\u00fdvojov\u00e1 porucha, kter\u00e1 se projevuje p\u0159edev\u0161\u00edm u d\u011bt\u00ed&#8230;<\/p>\n","protected":false},"author":1,"featured_media":0,"comment_status":"","ping_status":"open","sticky":false,"template":"","format":"standard","meta":{"inline_featured_image":false},"categories":[780],"tags":[],"yoast_head":"<!-- This site is optimized with the Yoast SEO plugin v18.1 - https:\/\/yoast.com\/wordpress\/plugins\/seo\/ -->\n<title>D\u00edt\u011b s ADHD ve \u0161kole - Test Mysli<\/title>\n<meta name=\"robots\" content=\"index, follow, max-snippet:-1, max-image-preview:large, max-video-preview:-1\" \/>\n<link rel=\"canonical\" href=\"https:\/\/www.diagnostika-mysli.cz\/blog\/adhd\/dite-s-adhd-ve-skole\/\" \/>\n<meta property=\"og:locale\" content=\"cs_CZ\" \/>\n<meta property=\"og:type\" content=\"article\" \/>\n<meta property=\"og:title\" content=\"D\u00edt\u011b s ADHD ve \u0161kole - Test Mysli\" \/>\n<meta property=\"og:description\" content=\"Jak rozpoznat d\u00edt\u011b s ADHD ve \u0161kole a jak mu pomoci ADHD (Attention Deficit Hyperactivity Disorder) je neurov\u00fdvojov\u00e1 porucha, kter\u00e1 se projevuje p\u0159edev\u0161\u00edm u d\u011bt\u00ed...\" \/>\n<meta property=\"og:url\" content=\"https:\/\/www.diagnostika-mysli.cz\/blog\/adhd\/dite-s-adhd-ve-skole\/\" \/>\n<meta property=\"og:site_name\" content=\"Test Mysli\" \/>\n<meta property=\"article:published_time\" content=\"2025-05-29T00:05:24+00:00\" \/>\n<meta name=\"twitter:card\" content=\"summary_large_image\" \/>\n<meta name=\"twitter:label1\" content=\"Napsal(a)\" \/>\n\t<meta name=\"twitter:data1\" content=\"Test Mysli\" \/>\n\t<meta name=\"twitter:label2\" content=\"Odhadovan\u00e1 doba \u010dten\u00ed\" \/>\n\t<meta name=\"twitter:data2\" content=\"3 minuty\" \/>\n<script type=\"application\/ld+json\" class=\"yoast-schema-graph\">{\"@context\":\"https:\/\/schema.org\",\"@graph\":[{\"@type\":\"WebSite\",\"@id\":\"https:\/\/www.diagnostika-mysli.cz\/blog\/#website\",\"url\":\"https:\/\/www.diagnostika-mysli.cz\/blog\/\",\"name\":\"Test Mysli\",\"description\":\"Blog o poruch\u00e1ch mysli\",\"potentialAction\":[{\"@type\":\"SearchAction\",\"target\":{\"@type\":\"EntryPoint\",\"urlTemplate\":\"https:\/\/www.diagnostika-mysli.cz\/blog\/?s={search_term_string}\"},\"query-input\":\"required name=search_term_string\"}],\"inLanguage\":\"cs\"},{\"@type\":\"WebPage\",\"@id\":\"https:\/\/www.diagnostika-mysli.cz\/blog\/adhd\/dite-s-adhd-ve-skole\/#webpage\",\"url\":\"https:\/\/www.diagnostika-mysli.cz\/blog\/adhd\/dite-s-adhd-ve-skole\/\",\"name\":\"D\u00edt\u011b s ADHD ve \u0161kole - Test Mysli\",\"isPartOf\":{\"@id\":\"https:\/\/www.diagnostika-mysli.cz\/blog\/#website\"},\"datePublished\":\"2025-05-29T00:05:24+00:00\",\"dateModified\":\"2025-05-29T00:05:24+00:00\",\"author\":{\"@id\":\"https:\/\/www.diagnostika-mysli.cz\/blog\/#\/schema\/person\/8eb1bcaf59fea75c780c11946f4e3490\"},\"breadcrumb\":{\"@id\":\"https:\/\/www.diagnostika-mysli.cz\/blog\/adhd\/dite-s-adhd-ve-skole\/#breadcrumb\"},\"inLanguage\":\"cs\",\"potentialAction\":[{\"@type\":\"ReadAction\",\"target\":[\"https:\/\/www.diagnostika-mysli.cz\/blog\/adhd\/dite-s-adhd-ve-skole\/\"]}]},{\"@type\":\"BreadcrumbList\",\"@id\":\"https:\/\/www.diagnostika-mysli.cz\/blog\/adhd\/dite-s-adhd-ve-skole\/#breadcrumb\",\"itemListElement\":[{\"@type\":\"ListItem\",\"position\":1,\"name\":\"Blog\",\"item\":\"https:\/\/www.diagnostika-mysli.cz\/blog\/\"},{\"@type\":\"ListItem\",\"position\":2,\"name\":\"ADHD\",\"item\":\"https:\/\/www.diagnostika-mysli.cz\/blog\/adhd\/\"},{\"@type\":\"ListItem\",\"position\":3,\"name\":\"D\u00edt\u011b s ADHD ve \u0161kole\"}]},{\"@type\":\"Person\",\"@id\":\"https:\/\/www.diagnostika-mysli.cz\/blog\/#\/schema\/person\/8eb1bcaf59fea75c780c11946f4e3490\",\"name\":\"Test Mysli\",\"image\":{\"@type\":\"ImageObject\",\"@id\":\"https:\/\/www.diagnostika-mysli.cz\/blog\/#personlogo\",\"inLanguage\":\"cs\",\"url\":\"https:\/\/secure.gravatar.com\/avatar\/6743211f010801ea26aa9423a2daab37?s=96&d=mm&r=g\",\"contentUrl\":\"https:\/\/secure.gravatar.com\/avatar\/6743211f010801ea26aa9423a2daab37?s=96&d=mm&r=g\",\"caption\":\"Test Mysli\"},\"sameAs\":[\"https:\/\/www.diagnostika-mysli.cz\/blog\"],\"url\":\"https:\/\/www.diagnostika-mysli.cz\/blog\/author\/diagnostyka-umyslu\/\"}]}<\/script>\n<!-- \/ Yoast SEO plugin. -->","yoast_head_json":{"title":"D\u00edt\u011b s ADHD ve \u0161kole - Test Mysli","robots":{"index":"index","follow":"follow","max-snippet":"max-snippet:-1","max-image-preview":"max-image-preview:large","max-video-preview":"max-video-preview:-1"},"canonical":"https:\/\/www.diagnostika-mysli.cz\/blog\/adhd\/dite-s-adhd-ve-skole\/","og_locale":"cs_CZ","og_type":"article","og_title":"D\u00edt\u011b s ADHD ve \u0161kole - Test Mysli","og_description":"Jak rozpoznat d\u00edt\u011b s ADHD ve \u0161kole a jak mu pomoci ADHD (Attention Deficit Hyperactivity Disorder) je neurov\u00fdvojov\u00e1 porucha, kter\u00e1 se projevuje p\u0159edev\u0161\u00edm u d\u011bt\u00ed...","og_url":"https:\/\/www.diagnostika-mysli.cz\/blog\/adhd\/dite-s-adhd-ve-skole\/","og_site_name":"Test Mysli","article_published_time":"2025-05-29T00:05:24+00:00","twitter_card":"summary_large_image","twitter_misc":{"Napsal(a)":"Test Mysli","Odhadovan\u00e1 doba \u010dten\u00ed":"3 minuty"},"schema":{"@context":"https:\/\/schema.org","@graph":[{"@type":"WebSite","@id":"https:\/\/www.diagnostika-mysli.cz\/blog\/#website","url":"https:\/\/www.diagnostika-mysli.cz\/blog\/","name":"Test Mysli","description":"Blog o poruch\u00e1ch mysli","potentialAction":[{"@type":"SearchAction","target":{"@type":"EntryPoint","urlTemplate":"https:\/\/www.diagnostika-mysli.cz\/blog\/?s={search_term_string}"},"query-input":"required name=search_term_string"}],"inLanguage":"cs"},{"@type":"WebPage","@id":"https:\/\/www.diagnostika-mysli.cz\/blog\/adhd\/dite-s-adhd-ve-skole\/#webpage","url":"https:\/\/www.diagnostika-mysli.cz\/blog\/adhd\/dite-s-adhd-ve-skole\/","name":"D\u00edt\u011b s ADHD ve \u0161kole - Test Mysli","isPartOf":{"@id":"https:\/\/www.diagnostika-mysli.cz\/blog\/#website"},"datePublished":"2025-05-29T00:05:24+00:00","dateModified":"2025-05-29T00:05:24+00:00","author":{"@id":"https:\/\/www.diagnostika-mysli.cz\/blog\/#\/schema\/person\/8eb1bcaf59fea75c780c11946f4e3490"},"breadcrumb":{"@id":"https:\/\/www.diagnostika-mysli.cz\/blog\/adhd\/dite-s-adhd-ve-skole\/#breadcrumb"},"inLanguage":"cs","potentialAction":[{"@type":"ReadAction","target":["https:\/\/www.diagnostika-mysli.cz\/blog\/adhd\/dite-s-adhd-ve-skole\/"]}]},{"@type":"BreadcrumbList","@id":"https:\/\/www.diagnostika-mysli.cz\/blog\/adhd\/dite-s-adhd-ve-skole\/#breadcrumb","itemListElement":[{"@type":"ListItem","position":1,"name":"Blog","item":"https:\/\/www.diagnostika-mysli.cz\/blog\/"},{"@type":"ListItem","position":2,"name":"ADHD","item":"https:\/\/www.diagnostika-mysli.cz\/blog\/adhd\/"},{"@type":"ListItem","position":3,"name":"D\u00edt\u011b s ADHD ve \u0161kole"}]},{"@type":"Person","@id":"https:\/\/www.diagnostika-mysli.cz\/blog\/#\/schema\/person\/8eb1bcaf59fea75c780c11946f4e3490","name":"Test Mysli","image":{"@type":"ImageObject","@id":"https:\/\/www.diagnostika-mysli.cz\/blog\/#personlogo","inLanguage":"cs","url":"https:\/\/secure.gravatar.com\/avatar\/6743211f010801ea26aa9423a2daab37?s=96&d=mm&r=g","contentUrl":"https:\/\/secure.gravatar.com\/avatar\/6743211f010801ea26aa9423a2daab37?s=96&d=mm&r=g","caption":"Test Mysli"},"sameAs":["https:\/\/www.diagnostika-mysli.cz\/blog"],"url":"https:\/\/www.diagnostika-mysli.cz\/blog\/author\/diagnostyka-umyslu\/"}]}},"amp_enabled":true,"_links":{"self":[{"href":"https:\/\/www.diagnostika-mysli.cz\/blog\/wp-json\/wp\/v2\/posts\/3324"}],"collection":[{"href":"https:\/\/www.diagnostika-mysli.cz\/blog\/wp-json\/wp\/v2\/posts"}],"about":[{"href":"https:\/\/www.diagnostika-mysli.cz\/blog\/wp-json\/wp\/v2\/types\/post"}],"author":[{"embeddable":true,"href":"https:\/\/www.diagnostika-mysli.cz\/blog\/wp-json\/wp\/v2\/users\/1"}],"replies":[{"embeddable":true,"href":"https:\/\/www.diagnostika-mysli.cz\/blog\/wp-json\/wp\/v2\/comments?post=3324"}],"version-history":[{"count":0,"href":"https:\/\/www.diagnostika-mysli.cz\/blog\/wp-json\/wp\/v2\/posts\/3324\/revisions"}],"wp:attachment":[{"href":"https:\/\/www.diagnostika-mysli.cz\/blog\/wp-json\/wp\/v2\/media?parent=3324"}],"wp:term":[{"taxonomy":"category","embeddable":true,"href":"https:\/\/www.diagnostika-mysli.cz\/blog\/wp-json\/wp\/v2\/categories?post=3324"},{"taxonomy":"post_tag","embeddable":true,"href":"https:\/\/www.diagnostika-mysli.cz\/blog\/wp-json\/wp\/v2\/tags?post=3324"}],"curies":[{"name":"wp","href":"https:\/\/api.w.org\/{rel}","templated":true}]}}