{"id":3327,"date":"2025-05-30T03:25:18","date_gmt":"2025-05-30T01:25:18","guid":{"rendered":"https:\/\/www.diagnostika-mysli.cz\/blog\/autismus\/porucha-autistickeho-spektra-test\/"},"modified":"2025-05-30T03:25:18","modified_gmt":"2025-05-30T01:25:18","slug":"porucha-autistickeho-spektra-test","status":"publish","type":"post","link":"https:\/\/www.diagnostika-mysli.cz\/blog\/autismus\/porucha-autistickeho-spektra-test\/","title":{"rendered":"Porucha autistick\u00e9ho spektra test"},"content":{"rendered":"<div class='topics'>\n<div class='topic'>\n<h2>Co je to Porucha autistick\u00e9ho spektra test a jak funguje?<\/h2>\n<p>Porucha autistick\u00e9ho spektra (PAS) je neurov\u00fdvojov\u00e1 porucha, kter\u00e1 ovliv\u0148uje soci\u00e1ln\u00ed interakci, komunikaci a chov\u00e1n\u00ed jedince. Tato porucha se projevuje ji\u017e v d\u011btstv\u00ed a m\u016f\u017ee m\u00edt r\u016fzn\u00e9 formy a z\u00e1va\u017enosti. Pro spr\u00e1vnou diagnostiku a l\u00e9\u010dbu je d\u016fle\u017eit\u00e9 prov\u00e9st test, kter\u00fd pom\u00e1h\u00e1 identifikovat p\u0159\u00edznaky PAS. Jedn\u00edm z nej\u010dast\u011bji pou\u017e\u00edvan\u00fdch test\u016f je Porucha autistick\u00e9ho spektra test.<\/p>\n<p>Porucha autistick\u00e9ho spektra test (PAS test) je standardizovan\u00fd psychologick\u00fd test, kter\u00fd slou\u017e\u00ed k diagnostice PAS. Tento test byl vyvinut\u00fd v roce 1983 a od t\u00e9 doby pro\u0161el n\u011bkolika revizemi a aktualizacemi. Jeho c\u00edlem je poskytnout komplexn\u00ed a objektivn\u00ed hodnocen\u00ed p\u0159\u00edznak\u016f PAS u d\u011bt\u00ed i dosp\u011bl\u00fdch.<\/p>\n<p>PAS test se skl\u00e1d\u00e1 z n\u011bkolika \u010d\u00e1st\u00ed, kter\u00e9 zahrnuj\u00ed pozorov\u00e1n\u00ed chov<\/p>\n<\/div>\n<div class='topic'>\n<h2>Jak\u00e9 jsou r\u016fzn\u00e9 typy Porucha autistick\u00e9ho spektra testu a jak se li\u0161\u00ed?<\/h2>\n<p>Porucha autistick\u00e9ho spektra (PAS) je neurov\u00fdvojov\u00e1 porucha, kter\u00e1 ovliv\u0148uje soci\u00e1ln\u00ed interakce, komunikaci a chov\u00e1n\u00ed jedince. Jedn\u00e1 se o komplexn\u00ed poruchu, kter\u00e1 se projevuje r\u016fzn\u00fdmi zp\u016fsoby a m\u016f\u017ee se li\u0161it v z\u00e1va\u017enosti u jednotliv\u00fdch jedinc\u016f. Pro diagnostiku PAS se pou\u017e\u00edv\u00e1 n\u011bkolik r\u016fzn\u00fdch typ\u016f test\u016f, kter\u00e9 pom\u00e1haj\u00ed l\u00e9ka\u0159\u016fm a odborn\u00edk\u016fm ur\u010dit p\u0159\u00edtomnost a z\u00e1va\u017enost t\u00e9to poruchy.<\/p>\n<p>1. ADI-R (Autism Diagnostic Interview-Revised)<br \/>ADI-R je strukturovan\u00fd rozhovor, kter\u00fd se pou\u017e\u00edv\u00e1 pro diagnostiku PAS u d\u011bt\u00ed a dosp\u00edvaj\u00edc\u00edch. Tento test se skl\u00e1d\u00e1 z 93 ot\u00e1zek, kter\u00e9 se zam\u011b\u0159uj\u00ed na chov\u00e1n\u00ed a v\u00fdvoj jedince v oblastech komunikace, soci\u00e1ln\u00ed interakce a stereotypn\u00edch chov\u00e1n\u00ed. ADI-R se prov\u00e1d\u00ed s rodi\u010di nebo pe\u010dovateli d\u00edt\u011bte a pos<\/p>\n<\/div>\n<div class='topic'>\n<h2>Jak\u00e9 jsou v\u00fdhody a nev\u00fdhody Porucha autistick\u00e9ho spektra testu pro diagnostiku poruchy?<\/h2>\n<p>Porucha autistick\u00e9ho spektra (PAS) test je jedn\u00edm z nej\u010dast\u011bji pou\u017e\u00edvan\u00fdch n\u00e1stroj\u016f pro diagnostiku poruchy autistick\u00e9ho spektra (ASD). Tento test se skl\u00e1d\u00e1 z \u0159ady ot\u00e1zek a \u00fakol\u016f, kter\u00e9 jsou navr\u017eeny tak, aby pomohly odborn\u00edk\u016fm posoudit p\u0159\u00edtomnost ASD u jednotlivce. I kdy\u017e je tento test \u0161iroce pou\u017e\u00edv\u00e1n, existuj\u00ed ur\u010dit\u00e9 v\u00fdhody a nev\u00fdhody, kter\u00e9 je t\u0159eba zv\u00e1\u017eit p\u0159i jeho pou\u017eit\u00ed pro diagnostiku poruchy autistick\u00e9ho spektra.<\/p>\n<p>Jednou z hlavn\u00edch v\u00fdhod PAS testu je jeho standardizovanost. To znamen\u00e1, \u017ee test m\u00e1 p\u0159esn\u011b stanoven\u00e9 krit\u00e9ria a postupy, kter\u00e9 mus\u00ed b\u00fdt dodr\u017eeny p\u0159i jeho administraci a vyhodnocov\u00e1n\u00ed. D\u00edky tomu je mo\u017en\u00e9 zajistit konzistentn\u00ed a spolehliv\u00e9 v\u00fdsledky, co\u017e je d\u016fle\u017eit\u00e9 pro spr\u00e1vnou diagn\u00f3zu ASD.<\/p>\n<\/div>\n<div class='topic'>\n<h2>Jak\u00fd je v\u00fdznam Porucha autistick\u00e9ho spektra testu pro osoby s poruchou a jejich rodiny?<\/h2>\n<p>Porucha autistick\u00e9ho spektra (PAS) je neurov\u00fdvojov\u00e1 porucha, kter\u00e1 ovliv\u0148uje soci\u00e1ln\u00ed interakce, komunikaci a chov\u00e1n\u00ed jednotlivce. Tato porucha se projevuje ji\u017e v d\u011btstv\u00ed a m\u016f\u017ee m\u00edt v\u00fdrazn\u00fd dopad na \u017eivot jednotlivce i jeho rodiny. Proto je d\u016fle\u017eit\u00e9, aby byla porucha co nejd\u0159\u00edve diagnostikov\u00e1na a aby byla poskytnuta odpov\u00eddaj\u00edc\u00ed podpora a l\u00e9\u010dba.<\/p>\n<p>Porucha autistick\u00e9ho spektra test (PAS test) je n\u00e1stroj, kter\u00fd slou\u017e\u00ed k diagnostice a hodnocen\u00ed poruchy autistick\u00e9ho spektra. Tento test se skl\u00e1d\u00e1 z r\u016fzn\u00fdch ot\u00e1zek a \u00fakol\u016f, kter\u00e9 jsou zam\u011b\u0159eny na r\u016fzn\u00e9 oblasti, jako je soci\u00e1ln\u00ed interakce, komunikace a chov\u00e1n\u00ed. V\u00fdsledky PAS testu pom\u00e1haj\u00ed odborn\u00edk\u016fm ur\u010dit, zda m\u00e1 jedinec poruchu autistick\u00e9ho spektra a jak\u00fd typ poruchy m\u00e1.<\/p>\n<p>Pro osoby<\/p>\n<\/div>\n<\/div>\n","protected":false},"excerpt":{"rendered":"<p>Co je to Porucha autistick\u00e9ho spektra test a jak funguje? Porucha autistick\u00e9ho spektra (PAS) je neurov\u00fdvojov\u00e1 porucha, kter\u00e1 ovliv\u0148uje soci\u00e1ln\u00ed interakci, komunikaci a chov\u00e1n\u00ed jedince&#8230;.<\/p>\n","protected":false},"author":1,"featured_media":0,"comment_status":"","ping_status":"open","sticky":false,"template":"","format":"standard","meta":{"inline_featured_image":false},"categories":[849],"tags":[],"yoast_head":"<!-- This site is optimized with the Yoast SEO plugin v18.1 - https:\/\/yoast.com\/wordpress\/plugins\/seo\/ -->\n<title>Porucha autistick\u00e9ho spektra test - Test Mysli<\/title>\n<meta name=\"robots\" content=\"index, follow, max-snippet:-1, max-image-preview:large, max-video-preview:-1\" \/>\n<link rel=\"canonical\" href=\"https:\/\/www.diagnostika-mysli.cz\/blog\/autismus\/porucha-autistickeho-spektra-test\/\" \/>\n<meta property=\"og:locale\" content=\"cs_CZ\" \/>\n<meta property=\"og:type\" content=\"article\" \/>\n<meta property=\"og:title\" content=\"Porucha autistick\u00e9ho spektra test - Test Mysli\" \/>\n<meta property=\"og:description\" content=\"Co je to Porucha autistick\u00e9ho spektra test a jak funguje? Porucha autistick\u00e9ho spektra (PAS) je neurov\u00fdvojov\u00e1 porucha, kter\u00e1 ovliv\u0148uje soci\u00e1ln\u00ed interakci, komunikaci a chov\u00e1n\u00ed jedince....\" \/>\n<meta property=\"og:url\" content=\"https:\/\/www.diagnostika-mysli.cz\/blog\/autismus\/porucha-autistickeho-spektra-test\/\" \/>\n<meta property=\"og:site_name\" content=\"Test Mysli\" \/>\n<meta property=\"article:published_time\" content=\"2025-05-30T01:25:18+00:00\" \/>\n<meta name=\"twitter:card\" content=\"summary_large_image\" \/>\n<meta name=\"twitter:label1\" content=\"Napsal(a)\" \/>\n\t<meta name=\"twitter:data1\" content=\"Test Mysli\" \/>\n\t<meta name=\"twitter:label2\" content=\"Odhadovan\u00e1 doba \u010dten\u00ed\" \/>\n\t<meta name=\"twitter:data2\" content=\"3 minuty\" \/>\n<script type=\"application\/ld+json\" class=\"yoast-schema-graph\">{\"@context\":\"https:\/\/schema.org\",\"@graph\":[{\"@type\":\"WebSite\",\"@id\":\"https:\/\/www.diagnostika-mysli.cz\/blog\/#website\",\"url\":\"https:\/\/www.diagnostika-mysli.cz\/blog\/\",\"name\":\"Test Mysli\",\"description\":\"Blog o poruch\u00e1ch mysli\",\"potentialAction\":[{\"@type\":\"SearchAction\",\"target\":{\"@type\":\"EntryPoint\",\"urlTemplate\":\"https:\/\/www.diagnostika-mysli.cz\/blog\/?s={search_term_string}\"},\"query-input\":\"required name=search_term_string\"}],\"inLanguage\":\"cs\"},{\"@type\":\"WebPage\",\"@id\":\"https:\/\/www.diagnostika-mysli.cz\/blog\/autismus\/porucha-autistickeho-spektra-test\/#webpage\",\"url\":\"https:\/\/www.diagnostika-mysli.cz\/blog\/autismus\/porucha-autistickeho-spektra-test\/\",\"name\":\"Porucha autistick\u00e9ho spektra test - Test Mysli\",\"isPartOf\":{\"@id\":\"https:\/\/www.diagnostika-mysli.cz\/blog\/#website\"},\"datePublished\":\"2025-05-30T01:25:18+00:00\",\"dateModified\":\"2025-05-30T01:25:18+00:00\",\"author\":{\"@id\":\"https:\/\/www.diagnostika-mysli.cz\/blog\/#\/schema\/person\/8eb1bcaf59fea75c780c11946f4e3490\"},\"breadcrumb\":{\"@id\":\"https:\/\/www.diagnostika-mysli.cz\/blog\/autismus\/porucha-autistickeho-spektra-test\/#breadcrumb\"},\"inLanguage\":\"cs\",\"potentialAction\":[{\"@type\":\"ReadAction\",\"target\":[\"https:\/\/www.diagnostika-mysli.cz\/blog\/autismus\/porucha-autistickeho-spektra-test\/\"]}]},{\"@type\":\"BreadcrumbList\",\"@id\":\"https:\/\/www.diagnostika-mysli.cz\/blog\/autismus\/porucha-autistickeho-spektra-test\/#breadcrumb\",\"itemListElement\":[{\"@type\":\"ListItem\",\"position\":1,\"name\":\"Blog\",\"item\":\"https:\/\/www.diagnostika-mysli.cz\/blog\/\"},{\"@type\":\"ListItem\",\"position\":2,\"name\":\"Autismus\",\"item\":\"https:\/\/www.diagnostika-mysli.cz\/blog\/autismus\/\"},{\"@type\":\"ListItem\",\"position\":3,\"name\":\"Porucha autistick\u00e9ho spektra test\"}]},{\"@type\":\"Person\",\"@id\":\"https:\/\/www.diagnostika-mysli.cz\/blog\/#\/schema\/person\/8eb1bcaf59fea75c780c11946f4e3490\",\"name\":\"Test Mysli\",\"image\":{\"@type\":\"ImageObject\",\"@id\":\"https:\/\/www.diagnostika-mysli.cz\/blog\/#personlogo\",\"inLanguage\":\"cs\",\"url\":\"https:\/\/secure.gravatar.com\/avatar\/6743211f010801ea26aa9423a2daab37?s=96&d=mm&r=g\",\"contentUrl\":\"https:\/\/secure.gravatar.com\/avatar\/6743211f010801ea26aa9423a2daab37?s=96&d=mm&r=g\",\"caption\":\"Test Mysli\"},\"sameAs\":[\"https:\/\/www.diagnostika-mysli.cz\/blog\"],\"url\":\"https:\/\/www.diagnostika-mysli.cz\/blog\/author\/diagnostyka-umyslu\/\"}]}<\/script>\n<!-- \/ Yoast SEO plugin. -->","yoast_head_json":{"title":"Porucha autistick\u00e9ho spektra test - Test Mysli","robots":{"index":"index","follow":"follow","max-snippet":"max-snippet:-1","max-image-preview":"max-image-preview:large","max-video-preview":"max-video-preview:-1"},"canonical":"https:\/\/www.diagnostika-mysli.cz\/blog\/autismus\/porucha-autistickeho-spektra-test\/","og_locale":"cs_CZ","og_type":"article","og_title":"Porucha autistick\u00e9ho spektra test - Test Mysli","og_description":"Co je to Porucha autistick\u00e9ho spektra test a jak funguje? Porucha autistick\u00e9ho spektra (PAS) je neurov\u00fdvojov\u00e1 porucha, kter\u00e1 ovliv\u0148uje soci\u00e1ln\u00ed interakci, komunikaci a chov\u00e1n\u00ed jedince....","og_url":"https:\/\/www.diagnostika-mysli.cz\/blog\/autismus\/porucha-autistickeho-spektra-test\/","og_site_name":"Test Mysli","article_published_time":"2025-05-30T01:25:18+00:00","twitter_card":"summary_large_image","twitter_misc":{"Napsal(a)":"Test Mysli","Odhadovan\u00e1 doba \u010dten\u00ed":"3 minuty"},"schema":{"@context":"https:\/\/schema.org","@graph":[{"@type":"WebSite","@id":"https:\/\/www.diagnostika-mysli.cz\/blog\/#website","url":"https:\/\/www.diagnostika-mysli.cz\/blog\/","name":"Test Mysli","description":"Blog o poruch\u00e1ch mysli","potentialAction":[{"@type":"SearchAction","target":{"@type":"EntryPoint","urlTemplate":"https:\/\/www.diagnostika-mysli.cz\/blog\/?s={search_term_string}"},"query-input":"required name=search_term_string"}],"inLanguage":"cs"},{"@type":"WebPage","@id":"https:\/\/www.diagnostika-mysli.cz\/blog\/autismus\/porucha-autistickeho-spektra-test\/#webpage","url":"https:\/\/www.diagnostika-mysli.cz\/blog\/autismus\/porucha-autistickeho-spektra-test\/","name":"Porucha autistick\u00e9ho spektra test - Test Mysli","isPartOf":{"@id":"https:\/\/www.diagnostika-mysli.cz\/blog\/#website"},"datePublished":"2025-05-30T01:25:18+00:00","dateModified":"2025-05-30T01:25:18+00:00","author":{"@id":"https:\/\/www.diagnostika-mysli.cz\/blog\/#\/schema\/person\/8eb1bcaf59fea75c780c11946f4e3490"},"breadcrumb":{"@id":"https:\/\/www.diagnostika-mysli.cz\/blog\/autismus\/porucha-autistickeho-spektra-test\/#breadcrumb"},"inLanguage":"cs","potentialAction":[{"@type":"ReadAction","target":["https:\/\/www.diagnostika-mysli.cz\/blog\/autismus\/porucha-autistickeho-spektra-test\/"]}]},{"@type":"BreadcrumbList","@id":"https:\/\/www.diagnostika-mysli.cz\/blog\/autismus\/porucha-autistickeho-spektra-test\/#breadcrumb","itemListElement":[{"@type":"ListItem","position":1,"name":"Blog","item":"https:\/\/www.diagnostika-mysli.cz\/blog\/"},{"@type":"ListItem","position":2,"name":"Autismus","item":"https:\/\/www.diagnostika-mysli.cz\/blog\/autismus\/"},{"@type":"ListItem","position":3,"name":"Porucha autistick\u00e9ho spektra test"}]},{"@type":"Person","@id":"https:\/\/www.diagnostika-mysli.cz\/blog\/#\/schema\/person\/8eb1bcaf59fea75c780c11946f4e3490","name":"Test Mysli","image":{"@type":"ImageObject","@id":"https:\/\/www.diagnostika-mysli.cz\/blog\/#personlogo","inLanguage":"cs","url":"https:\/\/secure.gravatar.com\/avatar\/6743211f010801ea26aa9423a2daab37?s=96&d=mm&r=g","contentUrl":"https:\/\/secure.gravatar.com\/avatar\/6743211f010801ea26aa9423a2daab37?s=96&d=mm&r=g","caption":"Test Mysli"},"sameAs":["https:\/\/www.diagnostika-mysli.cz\/blog"],"url":"https:\/\/www.diagnostika-mysli.cz\/blog\/author\/diagnostyka-umyslu\/"}]}},"amp_enabled":true,"_links":{"self":[{"href":"https:\/\/www.diagnostika-mysli.cz\/blog\/wp-json\/wp\/v2\/posts\/3327"}],"collection":[{"href":"https:\/\/www.diagnostika-mysli.cz\/blog\/wp-json\/wp\/v2\/posts"}],"about":[{"href":"https:\/\/www.diagnostika-mysli.cz\/blog\/wp-json\/wp\/v2\/types\/post"}],"author":[{"embeddable":true,"href":"https:\/\/www.diagnostika-mysli.cz\/blog\/wp-json\/wp\/v2\/users\/1"}],"replies":[{"embeddable":true,"href":"https:\/\/www.diagnostika-mysli.cz\/blog\/wp-json\/wp\/v2\/comments?post=3327"}],"version-history":[{"count":0,"href":"https:\/\/www.diagnostika-mysli.cz\/blog\/wp-json\/wp\/v2\/posts\/3327\/revisions"}],"wp:attachment":[{"href":"https:\/\/www.diagnostika-mysli.cz\/blog\/wp-json\/wp\/v2\/media?parent=3327"}],"wp:term":[{"taxonomy":"category","embeddable":true,"href":"https:\/\/www.diagnostika-mysli.cz\/blog\/wp-json\/wp\/v2\/categories?post=3327"},{"taxonomy":"post_tag","embeddable":true,"href":"https:\/\/www.diagnostika-mysli.cz\/blog\/wp-json\/wp\/v2\/tags?post=3327"}],"curies":[{"name":"wp","href":"https:\/\/api.w.org\/{rel}","templated":true}]}}