{"id":3332,"date":"2025-06-02T03:25:38","date_gmt":"2025-06-02T01:25:38","guid":{"rendered":"https:\/\/www.diagnostika-mysli.cz\/blog\/autismus\/jak-poznat-dite-s-autismem\/"},"modified":"2025-06-02T03:25:38","modified_gmt":"2025-06-02T01:25:38","slug":"jak-poznat-dite-s-autismem","status":"publish","type":"post","link":"https:\/\/www.diagnostika-mysli.cz\/blog\/autismus\/jak-poznat-dite-s-autismem\/","title":{"rendered":"Jak poznat dite s autismem"},"content":{"rendered":"<div class='topics'>\n<div class='topic'>\n<h2>Co je autismus a jak\u00e9 jsou jeho p\u0159\u00edznaky u d\u011bt\u00ed?<\/h2>\n<p>Autismus je neurov\u00fdvojov\u00e1 porucha, kter\u00e1 ovliv\u0148uje komunikaci a soci\u00e1ln\u00ed interakci u jedinc\u016f. Tato porucha se obvykle projevuje ji\u017e v d\u011btstv\u00ed a m\u016f\u017ee m\u00edt r\u016fzn\u00e9 formy a z\u00e1va\u017enosti. V \u010cesk\u00e9 republice se odhaduje, \u017ee autismus postihuje p\u0159ibli\u017en\u011b 1 % populace.<\/p>\n<p>Jedn\u00edm z hlavn\u00edch p\u0159\u00edznak\u016f autismu je probl\u00e9m s komunikac\u00ed. D\u011bti s touto poruchou maj\u00ed \u010dasto probl\u00e9my s porozum\u011bn\u00edm verb\u00e1ln\u00edho i neverb\u00e1ln\u00edho jazyka. Mohou m\u00edt omezenou schopnost mluvit nebo mohou m\u00edt probl\u00e9my s porozum\u011bn\u00edm \u0159e\u010di ostatn\u00edch. N\u011bkter\u00e9 d\u011bti s autismem mohou m\u00edt tak\u00e9 opakuj\u00edc\u00ed se \u0159e\u010dov\u00e9 vzorce nebo mohou mluvit o jednom t\u00e9matu po\u0159\u00e1d dokola.<\/p>\n<p>Dal\u0161\u00edm v\u00fdznamn\u00fdm p\u0159\u00edznakem autismu je omezen\u00ed soci\u00e1ln\u00ed interakce. D\u011bti s touto poruchou maj<\/p>\n<\/div>\n<div class='topic'>\n<h2>&#8211; Vysv\u011btlen\u00ed, co je autismus a jak se projevuje u d\u011bt\u00ed<\/h2>\n<p>Autismus je neurov\u00fdvojov\u00e1 porucha, kter\u00e1 ovliv\u0148uje komunikaci a soci\u00e1ln\u00ed interakci u d\u011bt\u00ed. Tato porucha se projevuje ji\u017e od ran\u00e9ho d\u011btstv\u00ed a m\u016f\u017ee m\u00edt r\u016fzn\u00e9 formy a stupn\u011b z\u00e1va\u017enosti. V sou\u010dasn\u00e9 dob\u011b se odhaduje, \u017ee autismus postihuje p\u0159ibli\u017en\u011b 1 % populace.<\/p>\n<p>Jedn\u00edm z hlavn\u00edch projev\u016f autismu je probl\u00e9m s komunikac\u00ed. D\u011bti s touto poruchou maj\u00ed \u010dasto probl\u00e9my s porozum\u011bn\u00edm verb\u00e1ln\u00edho i neverb\u00e1ln\u00edho jazyka. Mohou m\u00edt omezenou schopnost mluvit, opakovat slova nebo v\u011bty, nebo naopak mluvit velmi rychle a ne\u00fa\u010deln\u011b. N\u011bkter\u00e9 d\u011bti s autismem mohou m\u00edt tak\u00e9 probl\u00e9my s porozum\u011bn\u00edm emoc\u00ed a n\u00e1lad druh\u00fdch lid\u00ed, co\u017e m\u016f\u017ee v\u00e9st k nespr\u00e1vn\u00fdm soci\u00e1ln\u00edm interakc\u00edm.<\/p>\n<p>Dal\u0161\u00edm v\u00fdznamn\u00fdm projevem autismu je omezen<\/p>\n<\/div>\n<div class='topic'>\n<h2>&#8211; P\u0159ehled nej\u010dast\u011bj\u0161\u00edch p\u0159\u00edznak\u016f, jako jsou probl\u00e9my s komunikac\u00ed a soci\u00e1ln\u00ed interakc\u00ed, opakuj\u00edc\u00ed se chov\u00e1n\u00ed a omezen\u00e9 z\u00e1jmy<\/h2>\n<p>Autismus je neurov\u00fdvojov\u00e1 porucha, kter\u00e1 se projevuje v ran\u00e9m d\u011btstv\u00ed a trv\u00e1 po cel\u00fd \u017eivot. Jedn\u00e1 se o poruchu, kter\u00e1 ovliv\u0148uje komunikaci, soci\u00e1ln\u00ed interakci a chov\u00e1n\u00ed jedince. P\u0159\u00edznaky autismu se mohou li\u0161it od jedince k jedinci, ale existuje n\u011bkolik nej\u010dast\u011bj\u0161\u00edch p\u0159\u00edznak\u016f, kter\u00e9 jsou typick\u00e9 pro tuto poruchu.<\/p>\n<p>Probl\u00e9my s komunikac\u00ed jsou jedn\u00edm z hlavn\u00edch p\u0159\u00edznak\u016f autismu. D\u011bti s touto poruchou maj\u00ed \u010dasto probl\u00e9my s porozum\u011bn\u00edm verb\u00e1ln\u00ed komunikaci a mohou m\u00edt omezenou schopnost mluvit. Mohou m\u00edt tak\u00e9 probl\u00e9my s porozum\u011bn\u00edm neverb\u00e1ln\u00ed komunikaci, jako jsou gesta, mimika a t\u00f3n hlasu. N\u011bkter\u00e9 d\u011bti s autismem mohou m\u00edt tak\u00e9 opo\u017ed\u011bn\u00fd v\u00fdvoj \u0159e\u010di a mohou m\u00edt probl\u00e9my s pou\u017e\u00edv\u00e1n\u00edm slov v kontextu.<\/p>\n<p>Dal<\/p>\n<\/div>\n<div class='topic'>\n<h2>&#8211; D\u016fle\u017eitost v\u010dasn\u00e9ho rozpozn\u00e1n\u00ed a diagnostiky autismu u d\u011bt\u00ed<\/h2>\n<p>Autismus je neurov\u00fdvojov\u00e9 onemocn\u011bn\u00ed, kter\u00e9 ovliv\u0148uje soci\u00e1ln\u00ed interakce, komunikaci a chov\u00e1n\u00ed jedince. Toto onemocn\u011bn\u00ed se obvykle projevuje ji\u017e v d\u011btstv\u00ed a m\u016f\u017ee m\u00edt v\u00fdrazn\u00fd dopad na cel\u00fd \u017eivot d\u00edt\u011bte. Proto je velmi d\u016fle\u017eit\u00e9, aby byl autismus u d\u011bt\u00ed rozpozn\u00e1n a diagnostikov\u00e1n co nejd\u0159\u00edve.<\/p>\n<p>V\u010dasn\u00e9 rozpozn\u00e1n\u00ed a diagnostika autismu umo\u017e\u0148uje d\u00edt\u011bti z\u00edskat pot\u0159ebnou podporu a p\u00e9\u010di, kter\u00e1 mu pom\u016f\u017ee v jeho dal\u0161\u00edm v\u00fdvoji. D\u00edky tomu m\u016f\u017ee d\u00edt\u011b s autismem z\u00edskat dovednosti a schopnosti, kter\u00e9 mu umo\u017en\u00ed l\u00e9pe se p\u0159izp\u016fsobit sv\u00e9mu okol\u00ed a v\u00e9st plnohodnotn\u00fd \u017eivot.<\/p>\n<p>Jedn\u00edm z hlavn\u00edch d\u016fvod\u016f, pro\u010d je d\u016fle\u017eit\u00e9 autismus u d\u011bt\u00ed rozpoznat co nejd\u0159\u00edve, je skute\u010dnost, \u017ee d\u011bti<\/p>\n<\/div>\n<div class='topic'>\n<h2><\/h2>\n<p>\u010cesk\u00e1 kuchyn\u011b je jednou z nejstar\u0161\u00edch a nejbohat\u0161\u00edch kuchyn\u00ed v Evrop\u011b. Jej\u00ed ko\u0159eny sahaj\u00ed a\u017e do 9. stolet\u00ed, kdy se za\u010daly formovat prvn\u00ed tradi\u010dn\u00ed pokrmy. \u010cesk\u00e1 kuchyn\u011b je ovlivn\u011bna p\u0159edev\u0161\u00edm st\u0159edoevropskou kuchyn\u00ed, ale najdeme v n\u00ed i prvky z n\u011bmeck\u00e9, rakousk\u00e9, ma\u010farsk\u00e9 a \u017eidovsk\u00e9 kuchyn\u011b.<\/p>\n<p>Hlavn\u00edmi surovinami \u010desk\u00e9 kuchyn\u011b jsou brambory, maso, zelenina, ml\u00e9\u010dn\u00e9 v\u00fdrobky a obiloviny. V\u011bt\u0161ina pokrm\u016f je pom\u011brn\u011b jednoduch\u00e1, ale velmi chutn\u00e1 a s vysokou v\u00fd\u017eivovou hodnotou. Mezi nejzn\u00e1m\u011bj\u0161\u00ed \u010desk\u00e9 speciality pat\u0159\u00ed vep\u0159ov\u00e1 pe\u010den\u011b s knedl\u00edky, gul\u00e1\u0161, sv\u00ed\u010dkov\u00e1 na smetan\u011b, brambor\u00e1ky, sma\u017een\u00fd s\u00fdr a tradi\u010dn\u00ed \u010desk<\/p>\n<\/div>\n<div class='topic'>\n<h2>Jak\u00e9 jsou mo\u017enosti l\u00e9\u010dby a podpory pro d\u011bti s autismem?<\/h2>\n<p>Autismus je neurov\u00fdvojov\u00e9 onemocn\u011bn\u00ed, kter\u00e9 ovliv\u0148uje soci\u00e1ln\u00ed interakce, komunikaci a chov\u00e1n\u00ed jedince. Toto onemocn\u011bn\u00ed se obvykle projevuje ji\u017e v d\u011btstv\u00ed a m\u016f\u017ee m\u00edt r\u016fzn\u00e9 formy a z\u00e1va\u017enosti. Pro d\u011bti s autismem je d\u016fle\u017eit\u00e1 v\u010dasn\u00e1 diagn\u00f3za a n\u00e1sledn\u00e1 l\u00e9\u010dba a podpora, kter\u00e1 jim pom\u016f\u017ee zlep\u0161it jejich kvalitu \u017eivota.<\/p>\n<p>Existuje mnoho mo\u017enost\u00ed l\u00e9\u010dby a podpory pro d\u011bti s autismem, kter\u00e9 jsou zam\u011b\u0159eny na r\u016fzn\u00e9 aspekty jejich \u017eivota. Jednou z nejd\u016fle\u017eit\u011bj\u0161\u00edch forem l\u00e9\u010dby je terapie, kter\u00e1 pom\u00e1h\u00e1 d\u011btem s autismem zlep\u0161it sv\u00e9 soci\u00e1ln\u00ed a komunika\u010dn\u00ed schopnosti. Mezi nej\u010dast\u011bji pou\u017e\u00edvan\u00e9 terapie pat\u0159\u00ed behavior\u00e1ln\u00ed terapie, kter\u00e1 se zam\u011b\u0159uje na zm\u011bnu ne\u017e\u00e1douc\u00edho chov\u00e1n\u00ed a posilov\u00e1n\u00ed pozitivn\u00edho<\/p>\n<\/div>\n<div class='topic'>\n<h2>&#8211; P\u0159ehled r\u016fzn\u00fdch terapi\u00ed a intervenc\u00ed, kter\u00e9 mohou pomoci d\u011btem s autismem<\/h2>\n<p>Autismus je neurov\u00fdvojov\u00e9 onemocn\u011bn\u00ed, kter\u00e9 ovliv\u0148uje soci\u00e1ln\u00ed interakce, komunikaci a chov\u00e1n\u00ed jedince. Pro d\u011bti s touto poruchou je d\u016fle\u017eit\u00e9 poskytnout vhodnou terapii a intervence, kter\u00e9 jim pomohou zlep\u0161it sv\u00e9 schopnosti a zvl\u00e1dnout ka\u017edodenn\u00ed \u017eivot. V tomto \u010dl\u00e1nku se pod\u00edv\u00e1me na r\u016fzn\u00e9 terapie a intervence, kter\u00e9 jsou k dispozici pro d\u011bti s autismem.<\/p>\n<p>1. ABA terapie<br \/>ABA (Applied Behavior Analysis) je jednou z nej\u00fa\u010dinn\u011bj\u0161\u00edch terapi\u00ed pro d\u011bti s autismem. Tato terapie se zam\u011b\u0159uje na u\u010den\u00ed se nov\u00fdch dovednost\u00ed a zm\u011bnu ne\u017e\u00e1douc\u00edho chov\u00e1n\u00ed pomoc\u00ed pozitivn\u00edho posilov\u00e1n\u00ed. ABA terapie se obvykle prov\u00e1d\u00ed individu\u00e1ln\u011b a je p\u0159izp\u016fsobena pot\u0159eb\u00e1m ka\u017ed\u00e9ho jedince.<\/p>\n<p>2. Terapie hrou<br \/>Terapie hrou je dal\u0161\u00ed \u00fa\u010dinnou metodou pro d\u011bti s autismem<\/p>\n<\/div>\n<div class='topic'>\n<h2>&#8211; Vysv\u011btlen\u00ed, jak funguje ABA terapie a jak\u00e9 jsou jej\u00ed v\u00fdhody<\/h2>\n<p>ABA terapie (Applied Behavior Analysis) je jednou z nej\u00fa\u010dinn\u011bj\u0161\u00edch forem terapie pro d\u011bti s poruchami autistick\u00e9ho spektra (PAS). Tato terapie se zam\u011b\u0159uje na systematick\u00e9 a individu\u00e1ln\u00ed u\u010den\u00ed, kter\u00e9 pom\u00e1h\u00e1 d\u011btem s PAS rozv\u00edjet jejich soci\u00e1ln\u00ed, komunika\u010dn\u00ed a chov\u00e1n\u00ed do zdrav\u00e9ho a funk\u010dn\u00edho stavu.<\/p>\n<p>Princip ABA terapie spo\u010d\u00edv\u00e1 v tom, \u017ee se d\u00edt\u011b u\u010d\u00ed nov\u00e9 dovednosti pomoc\u00ed pozitivn\u00edho posilov\u00e1n\u00ed a opakov\u00e1n\u00ed. Terapeuti vyu\u017e\u00edvaj\u00ed speci\u00e1ln\u00edch technik, jako je nap\u0159\u00edklad modelov\u00e1n\u00ed, instrukce, p\u0159\u00edkazy a zp\u011btn\u00e1 vazba, aby pomohli d\u00edt\u011bti pochopit a nau\u010dit se nov\u00e9 dovednosti. D\u016fle\u017eitou sou\u010d\u00e1st\u00ed t\u00e9to terapie je tak\u00e9 vytv\u00e1\u0159en\u00ed prost\u0159ed\u00ed, kter\u00e9 podporuje pozitivn\u00ed chov\u00e1n\u00ed a odstra\u0148uje faktory, kter\u00e9 mohou zp\u016fsobovat probl\u00e9mov\u00e9 chov\u00e1n\u00ed.<\/p>\n<p>Jed<\/p>\n<\/div>\n<div class='topic'>\n<h2>&#8211; D\u016fle\u017eitost individualizovan\u00e9ho p\u0159\u00edstupu k l\u00e9\u010db\u011b a podpo\u0159e d\u011bt\u00ed s autismem<\/h2>\n<p>Autismus je neurov\u00fdvojov\u00e9 onemocn\u011bn\u00ed, kter\u00e9 ovliv\u0148uje soci\u00e1ln\u00ed interakce, komunikaci a chov\u00e1n\u00ed jedince. Toto onemocn\u011bn\u00ed postihuje p\u0159ibli\u017en\u011b 1 % populace a je \u010dast\u011bj\u0161\u00ed u chlapc\u016f ne\u017e u d\u00edvek. D\u011bti s autismem maj\u00ed \u010dasto probl\u00e9my s porozum\u011bn\u00edm emoc\u00edm, soci\u00e1ln\u00edmi interakcemi a mohou m\u00edt omezen\u00e9 z\u00e1jmy a opakuj\u00edc\u00ed se chov\u00e1n\u00ed. Proto je d\u016fle\u017eit\u00e9, aby tito jedinci dost\u00e1vali individualizovan\u00fd p\u0159\u00edstup k l\u00e9\u010db\u011b a podpo\u0159e.<\/p>\n<p>Ka\u017ed\u00e9 d\u00edt\u011b s autismem je jedine\u010dn\u00e9 a m\u00e1 sv\u00e9 vlastn\u00ed pot\u0159eby a schopnosti. Proto je d\u016fle\u017eit\u00e9, aby l\u00e9\u010dba a podpora byly p\u0159izp\u016fsobeny ka\u017ed\u00e9mu jednotlivci. Individualizovan\u00fd p\u0159\u00edstup znamen\u00e1, \u017ee se zam\u011b\u0159uje na specifick\u00e9 pot\u0159eby a schopnosti d\u00edt\u011bte a vyu\u017e\u00edv\u00e1 se r\u016fzn\u00fdch metod a technik, kter\u00e9 jsou pro n\u011bj ne<\/p>\n<\/div>\n<div class='topic'>\n<h2><\/h2>\n<p>\u010cesk\u00e1 kuchyn\u011b je jednou z nejstar\u0161\u00edch a nejbohat\u0161\u00edch kuchyn\u00ed v Evrop\u011b. Jej\u00ed ko\u0159eny sahaj\u00ed a\u017e do 9. stolet\u00ed, kdy se za\u010daly formovat prvn\u00ed tradi\u010dn\u00ed pokrmy. \u010cesk\u00e1 kuchyn\u011b je ovlivn\u011bna p\u0159edev\u0161\u00edm st\u0159edoevropskou kuchyn\u00ed, ale najdeme v n\u00ed i prvky z n\u011bmeck\u00e9, rakousk\u00e9, ma\u010farsk\u00e9 a \u017eidovsk\u00e9 kuchyn\u011b.<\/p>\n<p>Hlavn\u00edmi surovinami \u010desk\u00e9 kuchyn\u011b jsou brambory, maso, zelenina, ml\u00e9\u010dn\u00e9 v\u00fdrobky a obiloviny. V\u011bt\u0161ina pokrm\u016f je pom\u011brn\u011b jednoduch\u00e1, ale velmi chutn\u00e1 a s vysokou v\u00fd\u017eivovou hodnotou. Mezi nejzn\u00e1m\u011bj\u0161\u00ed \u010desk\u00e9 speciality pat\u0159\u00ed vep\u0159ov\u00e1 pe\u010den\u011b s knedl\u00edky, gul\u00e1\u0161, sv\u00ed\u010dkov\u00e1 na smetan\u011b, brambor\u00e1ky, sma\u017een\u00fd s\u00fdr a tradi\u010dn\u00ed \u010desk<\/p>\n<\/div>\n<div class='topic'>\n<h2>Jak mohou rodi\u010de a bl\u00edzc\u00ed pomoci d\u00edt\u011bti s autismem?<\/h2>\n<p>Autismus je neurov\u00fdvojov\u00e1 porucha, kter\u00e1 ovliv\u0148uje komunikaci, soci\u00e1ln\u00ed interakci a chov\u00e1n\u00ed jedince. Pro d\u011bti s touto poruchou m\u016f\u017ee b\u00fdt ka\u017edodenn\u00ed \u017eivot n\u00e1ro\u010dn\u00fd a mohou pot\u0159ebovat speci\u00e1ln\u00ed podporu a pomoc. Rodi\u010de a bl\u00edzc\u00ed lid\u00e9 mohou hr\u00e1t kl\u00ed\u010dovou roli v tom, jak se d\u00edt\u011b s autismem vyv\u00edj\u00ed a jak se u\u010d\u00ed zvl\u00e1dat sv\u00e9 obt\u00ed\u017ee. V tomto \u010dl\u00e1nku se pod\u00edv\u00e1me na to, jak mohou rodi\u010de a bl\u00edzc\u00ed pomoci d\u00edt\u011bti s autismem.<\/p>\n<p>1. Vzd\u011bl\u00e1vejte se o autismu<\/p>\n<p>Prvn\u00edm krokem, jak pomoci d\u00edt\u011bti s autismem, je vzd\u011bl\u00e1vat se o t\u00e9to poru\u0161e. Je d\u016fle\u017eit\u00e9 porozum\u011bt tomu, jak autismus ovliv\u0148uje va\u0161e d\u00edt\u011b a jak\u00e9 jsou jeho pot\u0159eby. Existuje mnoho zdroj\u016f, jako jsou knihy, \u010dl\u00e1nky a webov\u00e9 str\u00e1nky, kter\u00e9 v<\/p>\n<\/div>\n<div class='topic'>\n<h2>&#8211; D\u016fle\u017eitost podpory a porozum\u011bn\u00ed ze strany rod<\/h2>\n<p>Podpora a porozum\u011bn\u00ed ze strany rodiny jsou kl\u00ed\u010dov\u00e9 pro zdrav\u00fd a \u0161\u0165astn\u00fd \u017eivot jedince. Rodina je z\u00e1kladn\u00ed jednotkou spole\u010dnosti a jej\u00ed role v na\u0161em \u017eivot\u011b je nezastupiteln\u00e1. Je to pr\u00e1v\u011b rodina, kter\u00e1 n\u00e1m poskytuje bezpodm\u00edne\u010dnou l\u00e1sku, podporu a porozum\u011bn\u00ed v ka\u017ed\u00e9 situaci.<\/p>\n<p>Podpora ze strany rodiny je d\u016fle\u017eit\u00e1 zejm\u00e9na v dob\u00e1ch, kdy se pot\u00fdk\u00e1me s n\u011bjak\u00fdmi probl\u00e9my nebo v\u00fdzvami. Rodina n\u00e1m m\u016f\u017ee poskytnout emocion\u00e1ln\u00ed podporu, povzbuzen\u00ed a motivaci k \u0159e\u0161en\u00ed probl\u00e9m\u016f. Je to pr\u00e1v\u011b rodina, kter\u00e1 n\u00e1m m\u016f\u017ee pomoci naj\u00edt \u0159e\u0161en\u00ed a podat n\u00e1m pomocnou ruku v t\u011b\u017ek\u00fdch chv\u00edl\u00edch.<\/p>\n<p>Krom\u011b emocion\u00e1ln\u00ed podpory je d\u016fle\u017eit\u00e9 tak\u00e9 porozum\u011bn\u00ed ze strany rodiny. Ka\u017ed\u00fd z n\u00e1s je jedine\u010dn\u00fd a m\u00e1 sv\u00e9 vlastn\u00ed pot\u0159eby<\/p>\n<\/div>\n<\/div>\n","protected":false},"excerpt":{"rendered":"<p>Co je autismus a jak\u00e9 jsou jeho p\u0159\u00edznaky u d\u011bt\u00ed? Autismus je neurov\u00fdvojov\u00e1 porucha, kter\u00e1 ovliv\u0148uje komunikaci a soci\u00e1ln\u00ed interakci u jedinc\u016f. Tato porucha se&#8230;<\/p>\n","protected":false},"author":1,"featured_media":0,"comment_status":"","ping_status":"open","sticky":false,"template":"","format":"standard","meta":{"inline_featured_image":false},"categories":[849],"tags":[],"yoast_head":"<!-- This site is optimized with the Yoast SEO plugin v18.1 - https:\/\/yoast.com\/wordpress\/plugins\/seo\/ -->\n<title>Jak poznat dite s autismem - Test Mysli<\/title>\n<meta name=\"robots\" content=\"index, follow, max-snippet:-1, max-image-preview:large, max-video-preview:-1\" \/>\n<link rel=\"canonical\" href=\"https:\/\/www.diagnostika-mysli.cz\/blog\/autismus\/jak-poznat-dite-s-autismem\/\" \/>\n<meta property=\"og:locale\" content=\"cs_CZ\" \/>\n<meta property=\"og:type\" content=\"article\" \/>\n<meta property=\"og:title\" content=\"Jak poznat dite s autismem - Test Mysli\" \/>\n<meta property=\"og:description\" content=\"Co je autismus a jak\u00e9 jsou jeho p\u0159\u00edznaky u d\u011bt\u00ed? Autismus je neurov\u00fdvojov\u00e1 porucha, kter\u00e1 ovliv\u0148uje komunikaci a soci\u00e1ln\u00ed interakci u jedinc\u016f. Tato porucha se...\" \/>\n<meta property=\"og:url\" content=\"https:\/\/www.diagnostika-mysli.cz\/blog\/autismus\/jak-poznat-dite-s-autismem\/\" \/>\n<meta property=\"og:site_name\" content=\"Test Mysli\" \/>\n<meta property=\"article:published_time\" content=\"2025-06-02T01:25:38+00:00\" \/>\n<meta name=\"twitter:card\" content=\"summary_large_image\" \/>\n<meta name=\"twitter:label1\" content=\"Napsal(a)\" \/>\n\t<meta name=\"twitter:data1\" content=\"Test Mysli\" \/>\n\t<meta name=\"twitter:label2\" content=\"Odhadovan\u00e1 doba \u010dten\u00ed\" \/>\n\t<meta name=\"twitter:data2\" content=\"9 minut\" \/>\n<script type=\"application\/ld+json\" class=\"yoast-schema-graph\">{\"@context\":\"https:\/\/schema.org\",\"@graph\":[{\"@type\":\"WebSite\",\"@id\":\"https:\/\/www.diagnostika-mysli.cz\/blog\/#website\",\"url\":\"https:\/\/www.diagnostika-mysli.cz\/blog\/\",\"name\":\"Test Mysli\",\"description\":\"Blog o poruch\u00e1ch mysli\",\"potentialAction\":[{\"@type\":\"SearchAction\",\"target\":{\"@type\":\"EntryPoint\",\"urlTemplate\":\"https:\/\/www.diagnostika-mysli.cz\/blog\/?s={search_term_string}\"},\"query-input\":\"required name=search_term_string\"}],\"inLanguage\":\"cs\"},{\"@type\":\"WebPage\",\"@id\":\"https:\/\/www.diagnostika-mysli.cz\/blog\/autismus\/jak-poznat-dite-s-autismem\/#webpage\",\"url\":\"https:\/\/www.diagnostika-mysli.cz\/blog\/autismus\/jak-poznat-dite-s-autismem\/\",\"name\":\"Jak poznat dite s autismem - Test Mysli\",\"isPartOf\":{\"@id\":\"https:\/\/www.diagnostika-mysli.cz\/blog\/#website\"},\"datePublished\":\"2025-06-02T01:25:38+00:00\",\"dateModified\":\"2025-06-02T01:25:38+00:00\",\"author\":{\"@id\":\"https:\/\/www.diagnostika-mysli.cz\/blog\/#\/schema\/person\/8eb1bcaf59fea75c780c11946f4e3490\"},\"breadcrumb\":{\"@id\":\"https:\/\/www.diagnostika-mysli.cz\/blog\/autismus\/jak-poznat-dite-s-autismem\/#breadcrumb\"},\"inLanguage\":\"cs\",\"potentialAction\":[{\"@type\":\"ReadAction\",\"target\":[\"https:\/\/www.diagnostika-mysli.cz\/blog\/autismus\/jak-poznat-dite-s-autismem\/\"]}]},{\"@type\":\"BreadcrumbList\",\"@id\":\"https:\/\/www.diagnostika-mysli.cz\/blog\/autismus\/jak-poznat-dite-s-autismem\/#breadcrumb\",\"itemListElement\":[{\"@type\":\"ListItem\",\"position\":1,\"name\":\"Blog\",\"item\":\"https:\/\/www.diagnostika-mysli.cz\/blog\/\"},{\"@type\":\"ListItem\",\"position\":2,\"name\":\"Autismus\",\"item\":\"https:\/\/www.diagnostika-mysli.cz\/blog\/autismus\/\"},{\"@type\":\"ListItem\",\"position\":3,\"name\":\"Jak poznat dite s autismem\"}]},{\"@type\":\"Person\",\"@id\":\"https:\/\/www.diagnostika-mysli.cz\/blog\/#\/schema\/person\/8eb1bcaf59fea75c780c11946f4e3490\",\"name\":\"Test Mysli\",\"image\":{\"@type\":\"ImageObject\",\"@id\":\"https:\/\/www.diagnostika-mysli.cz\/blog\/#personlogo\",\"inLanguage\":\"cs\",\"url\":\"https:\/\/secure.gravatar.com\/avatar\/6743211f010801ea26aa9423a2daab37?s=96&d=mm&r=g\",\"contentUrl\":\"https:\/\/secure.gravatar.com\/avatar\/6743211f010801ea26aa9423a2daab37?s=96&d=mm&r=g\",\"caption\":\"Test Mysli\"},\"sameAs\":[\"https:\/\/www.diagnostika-mysli.cz\/blog\"],\"url\":\"https:\/\/www.diagnostika-mysli.cz\/blog\/author\/diagnostyka-umyslu\/\"}]}<\/script>\n<!-- \/ Yoast SEO plugin. -->","yoast_head_json":{"title":"Jak poznat dite s autismem - Test Mysli","robots":{"index":"index","follow":"follow","max-snippet":"max-snippet:-1","max-image-preview":"max-image-preview:large","max-video-preview":"max-video-preview:-1"},"canonical":"https:\/\/www.diagnostika-mysli.cz\/blog\/autismus\/jak-poznat-dite-s-autismem\/","og_locale":"cs_CZ","og_type":"article","og_title":"Jak poznat dite s autismem - Test Mysli","og_description":"Co je autismus a jak\u00e9 jsou jeho p\u0159\u00edznaky u d\u011bt\u00ed? Autismus je neurov\u00fdvojov\u00e1 porucha, kter\u00e1 ovliv\u0148uje komunikaci a soci\u00e1ln\u00ed interakci u jedinc\u016f. Tato porucha se...","og_url":"https:\/\/www.diagnostika-mysli.cz\/blog\/autismus\/jak-poznat-dite-s-autismem\/","og_site_name":"Test Mysli","article_published_time":"2025-06-02T01:25:38+00:00","twitter_card":"summary_large_image","twitter_misc":{"Napsal(a)":"Test Mysli","Odhadovan\u00e1 doba \u010dten\u00ed":"9 minut"},"schema":{"@context":"https:\/\/schema.org","@graph":[{"@type":"WebSite","@id":"https:\/\/www.diagnostika-mysli.cz\/blog\/#website","url":"https:\/\/www.diagnostika-mysli.cz\/blog\/","name":"Test Mysli","description":"Blog o poruch\u00e1ch mysli","potentialAction":[{"@type":"SearchAction","target":{"@type":"EntryPoint","urlTemplate":"https:\/\/www.diagnostika-mysli.cz\/blog\/?s={search_term_string}"},"query-input":"required name=search_term_string"}],"inLanguage":"cs"},{"@type":"WebPage","@id":"https:\/\/www.diagnostika-mysli.cz\/blog\/autismus\/jak-poznat-dite-s-autismem\/#webpage","url":"https:\/\/www.diagnostika-mysli.cz\/blog\/autismus\/jak-poznat-dite-s-autismem\/","name":"Jak poznat dite s autismem - Test Mysli","isPartOf":{"@id":"https:\/\/www.diagnostika-mysli.cz\/blog\/#website"},"datePublished":"2025-06-02T01:25:38+00:00","dateModified":"2025-06-02T01:25:38+00:00","author":{"@id":"https:\/\/www.diagnostika-mysli.cz\/blog\/#\/schema\/person\/8eb1bcaf59fea75c780c11946f4e3490"},"breadcrumb":{"@id":"https:\/\/www.diagnostika-mysli.cz\/blog\/autismus\/jak-poznat-dite-s-autismem\/#breadcrumb"},"inLanguage":"cs","potentialAction":[{"@type":"ReadAction","target":["https:\/\/www.diagnostika-mysli.cz\/blog\/autismus\/jak-poznat-dite-s-autismem\/"]}]},{"@type":"BreadcrumbList","@id":"https:\/\/www.diagnostika-mysli.cz\/blog\/autismus\/jak-poznat-dite-s-autismem\/#breadcrumb","itemListElement":[{"@type":"ListItem","position":1,"name":"Blog","item":"https:\/\/www.diagnostika-mysli.cz\/blog\/"},{"@type":"ListItem","position":2,"name":"Autismus","item":"https:\/\/www.diagnostika-mysli.cz\/blog\/autismus\/"},{"@type":"ListItem","position":3,"name":"Jak poznat dite s autismem"}]},{"@type":"Person","@id":"https:\/\/www.diagnostika-mysli.cz\/blog\/#\/schema\/person\/8eb1bcaf59fea75c780c11946f4e3490","name":"Test Mysli","image":{"@type":"ImageObject","@id":"https:\/\/www.diagnostika-mysli.cz\/blog\/#personlogo","inLanguage":"cs","url":"https:\/\/secure.gravatar.com\/avatar\/6743211f010801ea26aa9423a2daab37?s=96&d=mm&r=g","contentUrl":"https:\/\/secure.gravatar.com\/avatar\/6743211f010801ea26aa9423a2daab37?s=96&d=mm&r=g","caption":"Test Mysli"},"sameAs":["https:\/\/www.diagnostika-mysli.cz\/blog"],"url":"https:\/\/www.diagnostika-mysli.cz\/blog\/author\/diagnostyka-umyslu\/"}]}},"amp_enabled":true,"_links":{"self":[{"href":"https:\/\/www.diagnostika-mysli.cz\/blog\/wp-json\/wp\/v2\/posts\/3332"}],"collection":[{"href":"https:\/\/www.diagnostika-mysli.cz\/blog\/wp-json\/wp\/v2\/posts"}],"about":[{"href":"https:\/\/www.diagnostika-mysli.cz\/blog\/wp-json\/wp\/v2\/types\/post"}],"author":[{"embeddable":true,"href":"https:\/\/www.diagnostika-mysli.cz\/blog\/wp-json\/wp\/v2\/users\/1"}],"replies":[{"embeddable":true,"href":"https:\/\/www.diagnostika-mysli.cz\/blog\/wp-json\/wp\/v2\/comments?post=3332"}],"version-history":[{"count":0,"href":"https:\/\/www.diagnostika-mysli.cz\/blog\/wp-json\/wp\/v2\/posts\/3332\/revisions"}],"wp:attachment":[{"href":"https:\/\/www.diagnostika-mysli.cz\/blog\/wp-json\/wp\/v2\/media?parent=3332"}],"wp:term":[{"taxonomy":"category","embeddable":true,"href":"https:\/\/www.diagnostika-mysli.cz\/blog\/wp-json\/wp\/v2\/categories?post=3332"},{"taxonomy":"post_tag","embeddable":true,"href":"https:\/\/www.diagnostika-mysli.cz\/blog\/wp-json\/wp\/v2\/tags?post=3332"}],"curies":[{"name":"wp","href":"https:\/\/api.w.org\/{rel}","templated":true}]}}