{"id":3333,"date":"2025-06-03T02:05:18","date_gmt":"2025-06-03T00:05:18","guid":{"rendered":"https:\/\/www.diagnostika-mysli.cz\/blog\/adhd\/jak-se-projevuje-adhd-u-zen\/"},"modified":"2025-06-03T02:05:18","modified_gmt":"2025-06-03T00:05:18","slug":"jak-se-projevuje-adhd-u-zen","status":"publish","type":"post","link":"https:\/\/www.diagnostika-mysli.cz\/blog\/adhd\/jak-se-projevuje-adhd-u-zen\/","title":{"rendered":"Jak se projevuje ADHD u \u017een"},"content":{"rendered":"<div class='topics'>\n<div class='topic'>\n<h2>Jak\u00e9 jsou typick\u00e9 projevy ADHD u \u017een a jak se li\u0161\u00ed od projev\u016f u mu\u017e\u016f?<\/h2>\n<p>ADHD (Attention Deficit Hyperactivity Disorder) je neurov\u00fdvojov\u00e1 porucha, kter\u00e1 se projevuje p\u0159edev\u0161\u00edm probl\u00e9my s pozornost\u00ed, hyperaktivitou a impulzivitou. Tato porucha se \u010dasto spojuje s d\u011btstv\u00edm a mu\u017ei, ale ve skute\u010dnosti m\u016f\u017ee postihovat i \u017eeny. Nicm\u00e9n\u011b, projevy ADHD u \u017een se mohou li\u0161it od projev\u016f u mu\u017e\u016f.<\/p>\n<p>Typick\u00e9 projevy ADHD u \u017een jsou \u010dasto m\u00e9n\u011b n\u00e1padn\u00e9 ne\u017e u mu\u017e\u016f. To m\u016f\u017ee b\u00fdt zp\u016fsobeno t\u00edm, \u017ee \u017eeny maj\u00ed tendenci l\u00e9pe maskovat sv\u00e9 p\u0159\u00edznaky a p\u0159izp\u016fsobit se spole\u010densk\u00fdm o\u010dek\u00e1v\u00e1n\u00edm. To m\u016f\u017ee v\u00e9st k tomu, \u017ee \u017eeny s ADHD nejsou diagnostikov\u00e1ny nebo jsou diagnostikov\u00e1ny pozd\u011bji v \u017eivot\u011b.<\/p>\n<p>Jedn\u00edm z hlavn\u00edch projev\u016f ADHD u \u017een je probl\u00e9m s pozornost\u00ed. \u017deny s touto poruchou maj\u00ed \u010dasto probl\u00e9my s udr\u017een\u00edm pozornosti<\/p>\n<\/div>\n<div class='topic'>\n<h2>Vliv hormon\u00e1ln\u00edch zm\u011bn na projevy ADHD u \u017een v pr\u016fb\u011bhu \u017eivota.<\/h2>\n<p>ADHD (Attention Deficit Hyperactivity Disorder) je neurov\u00fdvojov\u00e1 porucha, kter\u00e1 se projevuje poruchami pozornosti, hyperaktivitou a impulzivitou. Tato porucha postihuje p\u0159ibli\u017en\u011b 5% populace a \u010dasto se spojuje s d\u011btstv\u00edm a mu\u017esk\u00fdm pohlav\u00edm. Nicm\u00e9n\u011b, v posledn\u00edch letech se st\u00e1le v\u00edce hovo\u0159\u00ed o vlivu hormon\u00e1ln\u00edch zm\u011bn na projevy ADHD u \u017een v pr\u016fb\u011bhu jejich \u017eivota.<\/p>\n<p>Hormon\u00e1ln\u00ed zm\u011bny jsou p\u0159irozenou sou\u010d\u00e1st\u00ed \u017eivota \u017een a mohou m\u00edt v\u00fdznamn\u00fd vliv na jejich du\u0161evn\u00ed zdrav\u00ed. V pr\u016fb\u011bhu menstrua\u010dn\u00edho cyklu doch\u00e1z\u00ed k fluktuac\u00edm hladiny hormon\u016f, jako jsou estrogen a progesteron, co\u017e m\u016f\u017ee ovlivnit projevy ADHD u \u017een. N\u011bkter\u00e9 \u017eeny mohou nap\u0159\u00edklad v obdob\u00ed p\u0159ed menstruac\u00ed (tzv. premenstrua\u010dn\u00ed syndrom) pro\u017e\u00edvat zv\u00fd\u0161enou \u00fazkost,<\/p>\n<\/div>\n<div class='topic'>\n<h2>Jak\u00e9 jsou mo\u017en\u00e9 d\u016fsledky nedostate\u010dn\u00e9ho rozpozn\u00e1n\u00ed a l\u00e9\u010dby ADHD u \u017een?<\/h2>\n<p>ADHD (Attention Deficit Hyperactivity Disorder) je neurov\u00fdvojov\u00e1 porucha, kter\u00e1 postihuje p\u0159ibli\u017en\u011b 5 % dosp\u011bl\u00e9 populace. Tato porucha se projevuje p\u0159edev\u0161\u00edm probl\u00e9my s pozornost\u00ed, hyperaktivitou a impulzivitou. V\u011bt\u0161ina lid\u00ed si p\u0159i zm\u00ednce o ADHD p\u0159edstav\u00ed p\u0159edev\u0161\u00edm d\u011bti, ale tato porucha m\u016f\u017ee trvat i v dosp\u011blosti. Bohu\u017eel, u \u017een je ADHD \u010dasto nedostate\u010dn\u011b rozpozn\u00e1no a l\u00e9\u010deno, co\u017e m\u016f\u017ee m\u00edt v\u00e1\u017en\u00e9 d\u016fsledky.<\/p>\n<p>Jedn\u00edm z mo\u017en\u00fdch d\u016fsledk\u016f nedostate\u010dn\u00e9ho rozpozn\u00e1n\u00ed a l\u00e9\u010dby ADHD u \u017een je zhor\u0161en\u00ed kvality \u017eivota. \u017deny s touto poruchou se mohou pot\u00fdkat s \u0159adou obt\u00ed\u017e\u00ed v ka\u017edodenn\u00edm \u017eivot\u011b, jako je nap\u0159\u00edklad neschopnost udr\u017eet pozornost, zapom\u00edn\u00e1n\u00ed, neschopnost pl\u00e1novat a organizovat sv\u016fj \u010das, nebo probl\u00e9my s impulziv<\/p>\n<\/div>\n<div class='topic'>\n<h2>Jak mohou \u017eeny s ADHD zvl\u00e1dat ka\u017edodenn\u00ed v\u00fdzvy a jak\u00fdm zp\u016fsobem mohou zlep\u0161it svou kvalitu \u017eivota?<\/h2>\n<p>ADHD (Attention Deficit Hyperactivity Disorder) je neurov\u00fdvojov\u00e1 porucha, kter\u00e1 ovliv\u0148uje pozornost, impulsivitu a hyperaktivitu. Tato porucha se \u010dasto spojuje s d\u011btmi, ale m\u016f\u017ee postihovat i dosp\u011bl\u00e9, zejm\u00e9na \u017eeny. \u017deny s ADHD se \u010dasto pot\u00fdkaj\u00ed s mnoha v\u00fdzvami v ka\u017edodenn\u00edm \u017eivot\u011b, ale existuje n\u011bkolik zp\u016fsob\u016f, jak mohou zvl\u00e1dat tyto v\u00fdzvy a zlep\u0161it svou kvalitu \u017eivota.<\/p>\n<p>1. Vzd\u011bl\u00e1v\u00e1n\u00ed o ADHD<\/p>\n<p>Prvn\u00edm krokem k zvl\u00e1dnut\u00ed ADHD je pochopen\u00ed t\u00e9to poruchy. \u017deny s ADHD by m\u011bly hledat informace o sv\u00e9 poru\u0161e a nau\u010dit se, jak se s n\u00ed l\u00e9pe vyrovn\u00e1vat. Existuje mnoho knih, \u010dl\u00e1nk\u016f a online zdroj\u016f, kter\u00e9 mohou pomoci \u017een\u00e1m s ADHD l\u00e9pe porozum\u011bt sv\u00e9mu stavu. Vzd\u011bl\u00e1v\u00e1n\u00ed o ADHD m\u016f\u017ee tak\u00e9 pomoci \u017een\u00e1m naj\u00edt vhodn\u00e9 l\u00e9<\/p>\n<\/div>\n<\/div>\n","protected":false},"excerpt":{"rendered":"<p>Jak\u00e9 jsou typick\u00e9 projevy ADHD u \u017een a jak se li\u0161\u00ed od projev\u016f u mu\u017e\u016f? ADHD (Attention Deficit Hyperactivity Disorder) je neurov\u00fdvojov\u00e1 porucha, kter\u00e1 se&#8230;<\/p>\n","protected":false},"author":1,"featured_media":0,"comment_status":"","ping_status":"open","sticky":false,"template":"","format":"standard","meta":{"inline_featured_image":false},"categories":[780],"tags":[],"yoast_head":"<!-- This site is optimized with the Yoast SEO plugin v18.1 - https:\/\/yoast.com\/wordpress\/plugins\/seo\/ -->\n<title>Jak se projevuje ADHD u \u017een - Test Mysli<\/title>\n<meta name=\"robots\" content=\"index, follow, max-snippet:-1, max-image-preview:large, max-video-preview:-1\" \/>\n<link rel=\"canonical\" href=\"https:\/\/www.diagnostika-mysli.cz\/blog\/adhd\/jak-se-projevuje-adhd-u-zen\/\" \/>\n<meta property=\"og:locale\" content=\"cs_CZ\" \/>\n<meta property=\"og:type\" content=\"article\" \/>\n<meta property=\"og:title\" content=\"Jak se projevuje ADHD u \u017een - Test Mysli\" \/>\n<meta property=\"og:description\" content=\"Jak\u00e9 jsou typick\u00e9 projevy ADHD u \u017een a jak se li\u0161\u00ed od projev\u016f u mu\u017e\u016f? ADHD (Attention Deficit Hyperactivity Disorder) je neurov\u00fdvojov\u00e1 porucha, kter\u00e1 se...\" \/>\n<meta property=\"og:url\" content=\"https:\/\/www.diagnostika-mysli.cz\/blog\/adhd\/jak-se-projevuje-adhd-u-zen\/\" \/>\n<meta property=\"og:site_name\" content=\"Test Mysli\" \/>\n<meta property=\"article:published_time\" content=\"2025-06-03T00:05:18+00:00\" \/>\n<meta name=\"twitter:card\" content=\"summary_large_image\" \/>\n<meta name=\"twitter:label1\" content=\"Napsal(a)\" \/>\n\t<meta name=\"twitter:data1\" content=\"Test Mysli\" \/>\n\t<meta name=\"twitter:label2\" content=\"Odhadovan\u00e1 doba \u010dten\u00ed\" \/>\n\t<meta name=\"twitter:data2\" content=\"3 minuty\" \/>\n<script type=\"application\/ld+json\" class=\"yoast-schema-graph\">{\"@context\":\"https:\/\/schema.org\",\"@graph\":[{\"@type\":\"WebSite\",\"@id\":\"https:\/\/www.diagnostika-mysli.cz\/blog\/#website\",\"url\":\"https:\/\/www.diagnostika-mysli.cz\/blog\/\",\"name\":\"Test Mysli\",\"description\":\"Blog o poruch\u00e1ch mysli\",\"potentialAction\":[{\"@type\":\"SearchAction\",\"target\":{\"@type\":\"EntryPoint\",\"urlTemplate\":\"https:\/\/www.diagnostika-mysli.cz\/blog\/?s={search_term_string}\"},\"query-input\":\"required name=search_term_string\"}],\"inLanguage\":\"cs\"},{\"@type\":\"WebPage\",\"@id\":\"https:\/\/www.diagnostika-mysli.cz\/blog\/adhd\/jak-se-projevuje-adhd-u-zen\/#webpage\",\"url\":\"https:\/\/www.diagnostika-mysli.cz\/blog\/adhd\/jak-se-projevuje-adhd-u-zen\/\",\"name\":\"Jak se projevuje ADHD u \u017een - Test Mysli\",\"isPartOf\":{\"@id\":\"https:\/\/www.diagnostika-mysli.cz\/blog\/#website\"},\"datePublished\":\"2025-06-03T00:05:18+00:00\",\"dateModified\":\"2025-06-03T00:05:18+00:00\",\"author\":{\"@id\":\"https:\/\/www.diagnostika-mysli.cz\/blog\/#\/schema\/person\/8eb1bcaf59fea75c780c11946f4e3490\"},\"breadcrumb\":{\"@id\":\"https:\/\/www.diagnostika-mysli.cz\/blog\/adhd\/jak-se-projevuje-adhd-u-zen\/#breadcrumb\"},\"inLanguage\":\"cs\",\"potentialAction\":[{\"@type\":\"ReadAction\",\"target\":[\"https:\/\/www.diagnostika-mysli.cz\/blog\/adhd\/jak-se-projevuje-adhd-u-zen\/\"]}]},{\"@type\":\"BreadcrumbList\",\"@id\":\"https:\/\/www.diagnostika-mysli.cz\/blog\/adhd\/jak-se-projevuje-adhd-u-zen\/#breadcrumb\",\"itemListElement\":[{\"@type\":\"ListItem\",\"position\":1,\"name\":\"Blog\",\"item\":\"https:\/\/www.diagnostika-mysli.cz\/blog\/\"},{\"@type\":\"ListItem\",\"position\":2,\"name\":\"ADHD\",\"item\":\"https:\/\/www.diagnostika-mysli.cz\/blog\/adhd\/\"},{\"@type\":\"ListItem\",\"position\":3,\"name\":\"Jak se projevuje ADHD u \u017een\"}]},{\"@type\":\"Person\",\"@id\":\"https:\/\/www.diagnostika-mysli.cz\/blog\/#\/schema\/person\/8eb1bcaf59fea75c780c11946f4e3490\",\"name\":\"Test Mysli\",\"image\":{\"@type\":\"ImageObject\",\"@id\":\"https:\/\/www.diagnostika-mysli.cz\/blog\/#personlogo\",\"inLanguage\":\"cs\",\"url\":\"https:\/\/secure.gravatar.com\/avatar\/6743211f010801ea26aa9423a2daab37?s=96&d=mm&r=g\",\"contentUrl\":\"https:\/\/secure.gravatar.com\/avatar\/6743211f010801ea26aa9423a2daab37?s=96&d=mm&r=g\",\"caption\":\"Test Mysli\"},\"sameAs\":[\"https:\/\/www.diagnostika-mysli.cz\/blog\"],\"url\":\"https:\/\/www.diagnostika-mysli.cz\/blog\/author\/diagnostyka-umyslu\/\"}]}<\/script>\n<!-- \/ Yoast SEO plugin. -->","yoast_head_json":{"title":"Jak se projevuje ADHD u \u017een - Test Mysli","robots":{"index":"index","follow":"follow","max-snippet":"max-snippet:-1","max-image-preview":"max-image-preview:large","max-video-preview":"max-video-preview:-1"},"canonical":"https:\/\/www.diagnostika-mysli.cz\/blog\/adhd\/jak-se-projevuje-adhd-u-zen\/","og_locale":"cs_CZ","og_type":"article","og_title":"Jak se projevuje ADHD u \u017een - Test Mysli","og_description":"Jak\u00e9 jsou typick\u00e9 projevy ADHD u \u017een a jak se li\u0161\u00ed od projev\u016f u mu\u017e\u016f? ADHD (Attention Deficit Hyperactivity Disorder) je neurov\u00fdvojov\u00e1 porucha, kter\u00e1 se...","og_url":"https:\/\/www.diagnostika-mysli.cz\/blog\/adhd\/jak-se-projevuje-adhd-u-zen\/","og_site_name":"Test Mysli","article_published_time":"2025-06-03T00:05:18+00:00","twitter_card":"summary_large_image","twitter_misc":{"Napsal(a)":"Test Mysli","Odhadovan\u00e1 doba \u010dten\u00ed":"3 minuty"},"schema":{"@context":"https:\/\/schema.org","@graph":[{"@type":"WebSite","@id":"https:\/\/www.diagnostika-mysli.cz\/blog\/#website","url":"https:\/\/www.diagnostika-mysli.cz\/blog\/","name":"Test Mysli","description":"Blog o poruch\u00e1ch mysli","potentialAction":[{"@type":"SearchAction","target":{"@type":"EntryPoint","urlTemplate":"https:\/\/www.diagnostika-mysli.cz\/blog\/?s={search_term_string}"},"query-input":"required name=search_term_string"}],"inLanguage":"cs"},{"@type":"WebPage","@id":"https:\/\/www.diagnostika-mysli.cz\/blog\/adhd\/jak-se-projevuje-adhd-u-zen\/#webpage","url":"https:\/\/www.diagnostika-mysli.cz\/blog\/adhd\/jak-se-projevuje-adhd-u-zen\/","name":"Jak se projevuje ADHD u \u017een - Test Mysli","isPartOf":{"@id":"https:\/\/www.diagnostika-mysli.cz\/blog\/#website"},"datePublished":"2025-06-03T00:05:18+00:00","dateModified":"2025-06-03T00:05:18+00:00","author":{"@id":"https:\/\/www.diagnostika-mysli.cz\/blog\/#\/schema\/person\/8eb1bcaf59fea75c780c11946f4e3490"},"breadcrumb":{"@id":"https:\/\/www.diagnostika-mysli.cz\/blog\/adhd\/jak-se-projevuje-adhd-u-zen\/#breadcrumb"},"inLanguage":"cs","potentialAction":[{"@type":"ReadAction","target":["https:\/\/www.diagnostika-mysli.cz\/blog\/adhd\/jak-se-projevuje-adhd-u-zen\/"]}]},{"@type":"BreadcrumbList","@id":"https:\/\/www.diagnostika-mysli.cz\/blog\/adhd\/jak-se-projevuje-adhd-u-zen\/#breadcrumb","itemListElement":[{"@type":"ListItem","position":1,"name":"Blog","item":"https:\/\/www.diagnostika-mysli.cz\/blog\/"},{"@type":"ListItem","position":2,"name":"ADHD","item":"https:\/\/www.diagnostika-mysli.cz\/blog\/adhd\/"},{"@type":"ListItem","position":3,"name":"Jak se projevuje ADHD u \u017een"}]},{"@type":"Person","@id":"https:\/\/www.diagnostika-mysli.cz\/blog\/#\/schema\/person\/8eb1bcaf59fea75c780c11946f4e3490","name":"Test Mysli","image":{"@type":"ImageObject","@id":"https:\/\/www.diagnostika-mysli.cz\/blog\/#personlogo","inLanguage":"cs","url":"https:\/\/secure.gravatar.com\/avatar\/6743211f010801ea26aa9423a2daab37?s=96&d=mm&r=g","contentUrl":"https:\/\/secure.gravatar.com\/avatar\/6743211f010801ea26aa9423a2daab37?s=96&d=mm&r=g","caption":"Test Mysli"},"sameAs":["https:\/\/www.diagnostika-mysli.cz\/blog"],"url":"https:\/\/www.diagnostika-mysli.cz\/blog\/author\/diagnostyka-umyslu\/"}]}},"amp_enabled":true,"_links":{"self":[{"href":"https:\/\/www.diagnostika-mysli.cz\/blog\/wp-json\/wp\/v2\/posts\/3333"}],"collection":[{"href":"https:\/\/www.diagnostika-mysli.cz\/blog\/wp-json\/wp\/v2\/posts"}],"about":[{"href":"https:\/\/www.diagnostika-mysli.cz\/blog\/wp-json\/wp\/v2\/types\/post"}],"author":[{"embeddable":true,"href":"https:\/\/www.diagnostika-mysli.cz\/blog\/wp-json\/wp\/v2\/users\/1"}],"replies":[{"embeddable":true,"href":"https:\/\/www.diagnostika-mysli.cz\/blog\/wp-json\/wp\/v2\/comments?post=3333"}],"version-history":[{"count":0,"href":"https:\/\/www.diagnostika-mysli.cz\/blog\/wp-json\/wp\/v2\/posts\/3333\/revisions"}],"wp:attachment":[{"href":"https:\/\/www.diagnostika-mysli.cz\/blog\/wp-json\/wp\/v2\/media?parent=3333"}],"wp:term":[{"taxonomy":"category","embeddable":true,"href":"https:\/\/www.diagnostika-mysli.cz\/blog\/wp-json\/wp\/v2\/categories?post=3333"},{"taxonomy":"post_tag","embeddable":true,"href":"https:\/\/www.diagnostika-mysli.cz\/blog\/wp-json\/wp\/v2\/tags?post=3333"}],"curies":[{"name":"wp","href":"https:\/\/api.w.org\/{rel}","templated":true}]}}