{"id":3334,"date":"2025-06-03T03:25:16","date_gmt":"2025-06-03T01:25:16","guid":{"rendered":"https:\/\/www.diagnostika-mysli.cz\/blog\/autismus\/znaky-autismu-u-deti\/"},"modified":"2025-06-03T03:25:16","modified_gmt":"2025-06-03T01:25:16","slug":"znaky-autismu-u-deti","status":"publish","type":"post","link":"https:\/\/www.diagnostika-mysli.cz\/blog\/autismus\/znaky-autismu-u-deti\/","title":{"rendered":"Znaky autismu u d\u011bt\u00ed"},"content":{"rendered":"<div class='topics'>\n<div class='topic'>\n<h2>Co jsou to znaky autismu u d\u011bt\u00ed a jak je rozpoznat?<\/h2>\n<p>Autismus je neurov\u00fdvojov\u00e1 porucha, kter\u00e1 se projevuje v d\u011btstv\u00ed a ovliv\u0148uje soci\u00e1ln\u00ed interakce, komunikaci a chov\u00e1n\u00ed. Tato porucha se projevuje r\u016fzn\u00fdmi zp\u016fsoby a m\u016f\u017ee se li\u0161it v z\u00e1va\u017enosti u ka\u017ed\u00e9ho jednotlivce. V tomto \u010dl\u00e1nku se zam\u011b\u0159\u00edme na znaky autismu u d\u011bt\u00ed a jak je rozpoznat.<\/p>\n<p>Jedn\u00edm z hlavn\u00edch znak\u016f autismu u d\u011bt\u00ed je probl\u00e9m s komunikac\u00ed a soci\u00e1ln\u00edmi interakcemi. D\u011bti s touto poruchou maj\u00ed \u010dasto probl\u00e9my s porozum\u011bn\u00edm verb\u00e1ln\u00ed komunikace a mohou m\u00edt omezen\u00e9 nebo opakuj\u00edc\u00ed se \u0159e\u010dov\u00e9 schopnosti. Mohou tak\u00e9 m\u00edt probl\u00e9my s porozum\u011bn\u00edm neverb\u00e1ln\u00ed komunikace, jako jsou gesta, mimika a t\u00f3n hlasu. D\u011bti s autismem se mohou tak\u00e9 vyh\u00fdbat o\u010dn\u00edmu kontaktu a mohou m\u00edt pot\u00ed\u017ee s porozum\u011bn\u00edm emoc\u00ed a<\/p>\n<\/div>\n<div class='topic'>\n<h2>Jak\u00e9 jsou nej\u010dast\u011bj\u0161\u00ed projevy autismu u d\u011bt\u00ed a jak s nimi pracovat?<\/h2>\n<p>Autismus je neurov\u00fdvojov\u00e1 porucha, kter\u00e1 se projevuje v d\u011btstv\u00ed a ovliv\u0148uje soci\u00e1ln\u00ed interakce, komunikaci a chov\u00e1n\u00ed. Ka\u017ed\u00e9 d\u00edt\u011b s autismem je jedine\u010dn\u00e9 a m\u00e1 sv\u00e9 vlastn\u00ed pot\u0159eby a schopnosti. Nicm\u00e9n\u011b existuj\u00ed ur\u010dit\u00e9 spole\u010dn\u00e9 projevy, kter\u00e9 jsou typick\u00e9 pro d\u011bti s touto poruchou.<\/p>\n<p>Jedn\u00edm z nej\u010dast\u011bj\u0161\u00edch projev\u016f autismu u d\u011bt\u00ed je probl\u00e9m s komunikac\u00ed a soci\u00e1ln\u00edmi interakcemi. D\u011bti s touto poruchou maj\u00ed \u010dasto probl\u00e9my s porozum\u011bn\u00edm neverb\u00e1ln\u00ed komunikace, jako jsou gesta, mimika a t\u00f3n hlasu. Mohou tak\u00e9 m\u00edt probl\u00e9my s porozum\u011bn\u00edm a pou\u017e\u00edv\u00e1n\u00edm \u0159e\u010di. Mnoho d\u011bt\u00ed s autismem tak\u00e9 projevuje opakuj\u00edc\u00ed se chov\u00e1n\u00ed, jako je nap\u0159\u00edklad opakov\u00e1n\u00ed slov nebo v\u011bt, nebo se mohou soust\u0159edit na ur\u010dit\u00e9 p\u0159edm\u011bty nebo \u010dinn<\/p>\n<\/div>\n<div class='topic'>\n<h2>Jak\u00fd vliv m\u00e1 autismus na v\u00fdvoj d\u00edt\u011bte a jak mu pomoci v jeho ka\u017edodenn\u00edm \u017eivot\u011b?<\/h2>\n<p>Autismus je neurov\u00fdvojov\u00e9 onemocn\u011bn\u00ed, kter\u00e9 ovliv\u0148uje soci\u00e1ln\u00ed interakce, komunikaci a chov\u00e1n\u00ed jedince. Toto onemocn\u011bn\u00ed se projevuje ji\u017e v ran\u00e9m d\u011btstv\u00ed a m\u016f\u017ee m\u00edt v\u00fdznamn\u00fd vliv na v\u00fdvoj d\u00edt\u011bte. V tomto \u010dl\u00e1nku se pod\u00edv\u00e1me na to, jak\u00fd vliv m\u00e1 autismus na v\u00fdvoj d\u00edt\u011bte a jak mu m\u016f\u017eeme pomoci v jeho ka\u017edodenn\u00edm \u017eivot\u011b.<\/p>\n<p>Vliv autismu na v\u00fdvoj d\u00edt\u011bte se projevuje v mnoha oblastech. Jednou z nich je soci\u00e1ln\u00ed interakce. D\u011bti s autismem maj\u00ed \u010dasto probl\u00e9my s navazov\u00e1n\u00edm a udr\u017eov\u00e1n\u00edm vztah\u016f s ostatn\u00edmi lidmi. M\u016f\u017ee se projevovat jako neschopnost porozum\u011bt soci\u00e1ln\u00edm sign\u00e1l\u016fm, jako jsou nap\u0159\u00edklad o\u010dn\u00ed kontakt, gesta nebo mimika. D\u011bti s autismem tak\u00e9 mohou m\u00edt probl\u00e9my s porozum\u011bn\u00edm emoc\u00edm a projevov\u00e1n<\/p>\n<\/div>\n<div class='topic'>\n<h2>Jak\u00e9 jsou mo\u017enosti l\u00e9\u010dby a podpory pro d\u011bti s autismem a jejich rodiny?<\/h2>\n<p>Autismus je neurov\u00fdvojov\u00e9 onemocn\u011bn\u00ed, kter\u00e9 ovliv\u0148uje soci\u00e1ln\u00ed interakci, komunikaci a chov\u00e1n\u00ed jedince. Toto onemocn\u011bn\u00ed se m\u016f\u017ee projevovat v r\u016fzn\u00fdch form\u00e1ch a stupn\u00edch z\u00e1va\u017enosti, a proto je d\u016fle\u017eit\u00e9, aby byla l\u00e9\u010dba a podpora p\u0159izp\u016fsobena individu\u00e1ln\u00edm pot\u0159eb\u00e1m ka\u017ed\u00e9ho d\u00edt\u011bte s autismem a jeho rodiny.<\/p>\n<p>Existuje mnoho r\u016fzn\u00fdch mo\u017enost\u00ed l\u00e9\u010dby a podpory pro d\u011bti s autismem a jejich rodiny. N\u011bkter\u00e9 z nich jsou zam\u011b\u0159eny na zlep\u0161en\u00ed symptom\u016f autismu, zat\u00edmco jin\u00e9 se zam\u011b\u0159uj\u00ed na podporu v\u00fdvoje a zvl\u00e1d\u00e1n\u00ed ka\u017edodenn\u00edch v\u00fdzev.<\/p>\n<p>Jednou z nej\u010dast\u011bj\u0161\u00edch forem l\u00e9\u010dby je terapie. Existuje n\u011bkolik druh\u016f terapie, kter\u00e9 mohou b\u00fdt u\u017eite\u010dn\u00e9 pro d\u011bti s autismem. Jednou z nich je behavior\u00e1ln\u00ed terapie, kter\u00e1 se zam\u011b\u0159<\/p>\n<\/div>\n<\/div>\n","protected":false},"excerpt":{"rendered":"<p>Co jsou to znaky autismu u d\u011bt\u00ed a jak je rozpoznat? Autismus je neurov\u00fdvojov\u00e1 porucha, kter\u00e1 se projevuje v d\u011btstv\u00ed a ovliv\u0148uje soci\u00e1ln\u00ed interakce, komunikaci&#8230;<\/p>\n","protected":false},"author":1,"featured_media":0,"comment_status":"","ping_status":"open","sticky":false,"template":"","format":"standard","meta":{"inline_featured_image":false},"categories":[849],"tags":[],"yoast_head":"<!-- This site is optimized with the Yoast SEO plugin v18.1 - https:\/\/yoast.com\/wordpress\/plugins\/seo\/ -->\n<title>Znaky autismu u d\u011bt\u00ed - Test Mysli<\/title>\n<meta name=\"robots\" content=\"index, follow, max-snippet:-1, max-image-preview:large, max-video-preview:-1\" \/>\n<link rel=\"canonical\" href=\"https:\/\/www.diagnostika-mysli.cz\/blog\/autismus\/znaky-autismu-u-deti\/\" \/>\n<meta property=\"og:locale\" content=\"cs_CZ\" \/>\n<meta property=\"og:type\" content=\"article\" \/>\n<meta property=\"og:title\" content=\"Znaky autismu u d\u011bt\u00ed - Test Mysli\" \/>\n<meta property=\"og:description\" content=\"Co jsou to znaky autismu u d\u011bt\u00ed a jak je rozpoznat? Autismus je neurov\u00fdvojov\u00e1 porucha, kter\u00e1 se projevuje v d\u011btstv\u00ed a ovliv\u0148uje soci\u00e1ln\u00ed interakce, komunikaci...\" \/>\n<meta property=\"og:url\" content=\"https:\/\/www.diagnostika-mysli.cz\/blog\/autismus\/znaky-autismu-u-deti\/\" \/>\n<meta property=\"og:site_name\" content=\"Test Mysli\" \/>\n<meta property=\"article:published_time\" content=\"2025-06-03T01:25:16+00:00\" \/>\n<meta name=\"twitter:card\" content=\"summary_large_image\" \/>\n<meta name=\"twitter:label1\" content=\"Napsal(a)\" \/>\n\t<meta name=\"twitter:data1\" content=\"Test Mysli\" \/>\n\t<meta name=\"twitter:label2\" content=\"Odhadovan\u00e1 doba \u010dten\u00ed\" \/>\n\t<meta name=\"twitter:data2\" content=\"3 minuty\" \/>\n<script type=\"application\/ld+json\" class=\"yoast-schema-graph\">{\"@context\":\"https:\/\/schema.org\",\"@graph\":[{\"@type\":\"WebSite\",\"@id\":\"https:\/\/www.diagnostika-mysli.cz\/blog\/#website\",\"url\":\"https:\/\/www.diagnostika-mysli.cz\/blog\/\",\"name\":\"Test Mysli\",\"description\":\"Blog o poruch\u00e1ch mysli\",\"potentialAction\":[{\"@type\":\"SearchAction\",\"target\":{\"@type\":\"EntryPoint\",\"urlTemplate\":\"https:\/\/www.diagnostika-mysli.cz\/blog\/?s={search_term_string}\"},\"query-input\":\"required name=search_term_string\"}],\"inLanguage\":\"cs\"},{\"@type\":\"WebPage\",\"@id\":\"https:\/\/www.diagnostika-mysli.cz\/blog\/autismus\/znaky-autismu-u-deti\/#webpage\",\"url\":\"https:\/\/www.diagnostika-mysli.cz\/blog\/autismus\/znaky-autismu-u-deti\/\",\"name\":\"Znaky autismu u d\u011bt\u00ed - Test Mysli\",\"isPartOf\":{\"@id\":\"https:\/\/www.diagnostika-mysli.cz\/blog\/#website\"},\"datePublished\":\"2025-06-03T01:25:16+00:00\",\"dateModified\":\"2025-06-03T01:25:16+00:00\",\"author\":{\"@id\":\"https:\/\/www.diagnostika-mysli.cz\/blog\/#\/schema\/person\/8eb1bcaf59fea75c780c11946f4e3490\"},\"breadcrumb\":{\"@id\":\"https:\/\/www.diagnostika-mysli.cz\/blog\/autismus\/znaky-autismu-u-deti\/#breadcrumb\"},\"inLanguage\":\"cs\",\"potentialAction\":[{\"@type\":\"ReadAction\",\"target\":[\"https:\/\/www.diagnostika-mysli.cz\/blog\/autismus\/znaky-autismu-u-deti\/\"]}]},{\"@type\":\"BreadcrumbList\",\"@id\":\"https:\/\/www.diagnostika-mysli.cz\/blog\/autismus\/znaky-autismu-u-deti\/#breadcrumb\",\"itemListElement\":[{\"@type\":\"ListItem\",\"position\":1,\"name\":\"Blog\",\"item\":\"https:\/\/www.diagnostika-mysli.cz\/blog\/\"},{\"@type\":\"ListItem\",\"position\":2,\"name\":\"Autismus\",\"item\":\"https:\/\/www.diagnostika-mysli.cz\/blog\/autismus\/\"},{\"@type\":\"ListItem\",\"position\":3,\"name\":\"Znaky autismu u d\u011bt\u00ed\"}]},{\"@type\":\"Person\",\"@id\":\"https:\/\/www.diagnostika-mysli.cz\/blog\/#\/schema\/person\/8eb1bcaf59fea75c780c11946f4e3490\",\"name\":\"Test Mysli\",\"image\":{\"@type\":\"ImageObject\",\"@id\":\"https:\/\/www.diagnostika-mysli.cz\/blog\/#personlogo\",\"inLanguage\":\"cs\",\"url\":\"https:\/\/secure.gravatar.com\/avatar\/6743211f010801ea26aa9423a2daab37?s=96&d=mm&r=g\",\"contentUrl\":\"https:\/\/secure.gravatar.com\/avatar\/6743211f010801ea26aa9423a2daab37?s=96&d=mm&r=g\",\"caption\":\"Test Mysli\"},\"sameAs\":[\"https:\/\/www.diagnostika-mysli.cz\/blog\"],\"url\":\"https:\/\/www.diagnostika-mysli.cz\/blog\/author\/diagnostyka-umyslu\/\"}]}<\/script>\n<!-- \/ Yoast SEO plugin. -->","yoast_head_json":{"title":"Znaky autismu u d\u011bt\u00ed - Test Mysli","robots":{"index":"index","follow":"follow","max-snippet":"max-snippet:-1","max-image-preview":"max-image-preview:large","max-video-preview":"max-video-preview:-1"},"canonical":"https:\/\/www.diagnostika-mysli.cz\/blog\/autismus\/znaky-autismu-u-deti\/","og_locale":"cs_CZ","og_type":"article","og_title":"Znaky autismu u d\u011bt\u00ed - Test Mysli","og_description":"Co jsou to znaky autismu u d\u011bt\u00ed a jak je rozpoznat? Autismus je neurov\u00fdvojov\u00e1 porucha, kter\u00e1 se projevuje v d\u011btstv\u00ed a ovliv\u0148uje soci\u00e1ln\u00ed interakce, komunikaci...","og_url":"https:\/\/www.diagnostika-mysli.cz\/blog\/autismus\/znaky-autismu-u-deti\/","og_site_name":"Test Mysli","article_published_time":"2025-06-03T01:25:16+00:00","twitter_card":"summary_large_image","twitter_misc":{"Napsal(a)":"Test Mysli","Odhadovan\u00e1 doba \u010dten\u00ed":"3 minuty"},"schema":{"@context":"https:\/\/schema.org","@graph":[{"@type":"WebSite","@id":"https:\/\/www.diagnostika-mysli.cz\/blog\/#website","url":"https:\/\/www.diagnostika-mysli.cz\/blog\/","name":"Test Mysli","description":"Blog o poruch\u00e1ch mysli","potentialAction":[{"@type":"SearchAction","target":{"@type":"EntryPoint","urlTemplate":"https:\/\/www.diagnostika-mysli.cz\/blog\/?s={search_term_string}"},"query-input":"required name=search_term_string"}],"inLanguage":"cs"},{"@type":"WebPage","@id":"https:\/\/www.diagnostika-mysli.cz\/blog\/autismus\/znaky-autismu-u-deti\/#webpage","url":"https:\/\/www.diagnostika-mysli.cz\/blog\/autismus\/znaky-autismu-u-deti\/","name":"Znaky autismu u d\u011bt\u00ed - Test Mysli","isPartOf":{"@id":"https:\/\/www.diagnostika-mysli.cz\/blog\/#website"},"datePublished":"2025-06-03T01:25:16+00:00","dateModified":"2025-06-03T01:25:16+00:00","author":{"@id":"https:\/\/www.diagnostika-mysli.cz\/blog\/#\/schema\/person\/8eb1bcaf59fea75c780c11946f4e3490"},"breadcrumb":{"@id":"https:\/\/www.diagnostika-mysli.cz\/blog\/autismus\/znaky-autismu-u-deti\/#breadcrumb"},"inLanguage":"cs","potentialAction":[{"@type":"ReadAction","target":["https:\/\/www.diagnostika-mysli.cz\/blog\/autismus\/znaky-autismu-u-deti\/"]}]},{"@type":"BreadcrumbList","@id":"https:\/\/www.diagnostika-mysli.cz\/blog\/autismus\/znaky-autismu-u-deti\/#breadcrumb","itemListElement":[{"@type":"ListItem","position":1,"name":"Blog","item":"https:\/\/www.diagnostika-mysli.cz\/blog\/"},{"@type":"ListItem","position":2,"name":"Autismus","item":"https:\/\/www.diagnostika-mysli.cz\/blog\/autismus\/"},{"@type":"ListItem","position":3,"name":"Znaky autismu u d\u011bt\u00ed"}]},{"@type":"Person","@id":"https:\/\/www.diagnostika-mysli.cz\/blog\/#\/schema\/person\/8eb1bcaf59fea75c780c11946f4e3490","name":"Test Mysli","image":{"@type":"ImageObject","@id":"https:\/\/www.diagnostika-mysli.cz\/blog\/#personlogo","inLanguage":"cs","url":"https:\/\/secure.gravatar.com\/avatar\/6743211f010801ea26aa9423a2daab37?s=96&d=mm&r=g","contentUrl":"https:\/\/secure.gravatar.com\/avatar\/6743211f010801ea26aa9423a2daab37?s=96&d=mm&r=g","caption":"Test Mysli"},"sameAs":["https:\/\/www.diagnostika-mysli.cz\/blog"],"url":"https:\/\/www.diagnostika-mysli.cz\/blog\/author\/diagnostyka-umyslu\/"}]}},"amp_enabled":true,"_links":{"self":[{"href":"https:\/\/www.diagnostika-mysli.cz\/blog\/wp-json\/wp\/v2\/posts\/3334"}],"collection":[{"href":"https:\/\/www.diagnostika-mysli.cz\/blog\/wp-json\/wp\/v2\/posts"}],"about":[{"href":"https:\/\/www.diagnostika-mysli.cz\/blog\/wp-json\/wp\/v2\/types\/post"}],"author":[{"embeddable":true,"href":"https:\/\/www.diagnostika-mysli.cz\/blog\/wp-json\/wp\/v2\/users\/1"}],"replies":[{"embeddable":true,"href":"https:\/\/www.diagnostika-mysli.cz\/blog\/wp-json\/wp\/v2\/comments?post=3334"}],"version-history":[{"count":0,"href":"https:\/\/www.diagnostika-mysli.cz\/blog\/wp-json\/wp\/v2\/posts\/3334\/revisions"}],"wp:attachment":[{"href":"https:\/\/www.diagnostika-mysli.cz\/blog\/wp-json\/wp\/v2\/media?parent=3334"}],"wp:term":[{"taxonomy":"category","embeddable":true,"href":"https:\/\/www.diagnostika-mysli.cz\/blog\/wp-json\/wp\/v2\/categories?post=3334"},{"taxonomy":"post_tag","embeddable":true,"href":"https:\/\/www.diagnostika-mysli.cz\/blog\/wp-json\/wp\/v2\/tags?post=3334"}],"curies":[{"name":"wp","href":"https:\/\/api.w.org\/{rel}","templated":true}]}}