{"id":3340,"date":"2025-06-06T03:25:32","date_gmt":"2025-06-06T01:25:32","guid":{"rendered":"https:\/\/www.diagnostika-mysli.cz\/blog\/autismus\/autizmus-priznaky\/"},"modified":"2025-06-06T03:25:32","modified_gmt":"2025-06-06T01:25:32","slug":"autizmus-priznaky","status":"publish","type":"post","link":"https:\/\/www.diagnostika-mysli.cz\/blog\/autismus\/autizmus-priznaky\/","title":{"rendered":"Autizmus priznaky"},"content":{"rendered":"<div class='topics'>\n<div class='topic'>\n<h2>&#8220;Jak rozpoznat p\u0159\u00edznaky autismu u d\u011bt\u00ed a dosp\u011bl\u00fdch?&#8221;<\/h2>\n<p>Autismus je neurov\u00fdvojov\u00e1 porucha, kter\u00e1 ovliv\u0148uje komunikaci, soci\u00e1ln\u00ed interakci a chov\u00e1n\u00ed jedince. Tato porucha se m\u016f\u017ee projevovat ji\u017e od ran\u00e9ho d\u011btstv\u00ed a m\u016f\u017ee trvat po cel\u00fd \u017eivot. Je d\u016fle\u017eit\u00e9 rozpoznat p\u0159\u00edznaky autismu co nejd\u0159\u00edve, aby bylo mo\u017en\u00e9 poskytnout jedinci vhodnou podporu a terapii.<\/p>\n<p>P\u0159\u00edznaky autismu se mohou li\u0161it u ka\u017ed\u00e9ho jedince a mohou se projevovat v r\u016fzn\u00fdch form\u00e1ch. Nicm\u00e9n\u011b existuj\u00ed ur\u010dit\u00e9 spole\u010dn\u00e9 znaky, kter\u00e9 mohou pomoci p\u0159i rozpozn\u00e1n\u00ed t\u00e9to poruchy.<\/p>\n<p>U d\u011bt\u00ed je nej\u010dast\u011bj\u0161\u00edm p\u0159\u00edznakem autismu probl\u00e9m s komunikac\u00ed a soci\u00e1ln\u00ed interakc\u00ed. D\u00edt\u011b s autismem m\u016f\u017ee m\u00edt probl\u00e9my s porozum\u011bn\u00edm \u0159e\u010di, m\u016f\u017ee m\u00edt omezenou schopnost navazovat o\u010dn\u00ed kontakt nebo se zapojit do hry s ostatn\u00edmi d\u011bt<\/p>\n<\/div>\n<div class='topic'>\n<h2>Tento \u010dl\u00e1nek se zam\u011b\u0159uje na typick\u00e9 p\u0159\u00edznaky autismu, kter\u00e9 se mohou projevovat u d\u011bt\u00ed i dosp\u011bl\u00fdch. Vysv\u011btl\u00edme, jak\u00e9 jsou hlavn\u00ed znaky autismu a jak je rozpoznat v r\u016fzn\u00fdch v\u011bkov\u00fdch skupin\u00e1ch. D\u00e1le se dozv\u00edte, jak\u00e9 jsou mo\u017enosti l\u00e9\u010dby a podpory pro osoby s autismem.<\/h2>\n<p>Autismus je neurov\u00fdvojov\u00e9 onemocn\u011bn\u00ed, kter\u00e9 ovliv\u0148uje komunikaci, soci\u00e1ln\u00ed interakci a chov\u00e1n\u00ed jedince. Toto onemocn\u011bn\u00ed se m\u016f\u017ee projevovat r\u016fzn\u00fdmi zp\u016fsoby a m\u016f\u017ee se li\u0161it v z\u00e1va\u017enosti u jednotliv\u00fdch osob. V tomto \u010dl\u00e1nku se zam\u011b\u0159\u00edme na typick\u00e9 p\u0159\u00edznaky autismu, kter\u00e9 se mohou projevovat u d\u011bt\u00ed i dosp\u011bl\u00fdch.<\/p>\n<p>Hlavn\u00edm p\u0159\u00edznakem autismu je probl\u00e9m s komunikac\u00ed a soci\u00e1ln\u00ed interakc\u00ed. D\u011bti s autismem mohou m\u00edt probl\u00e9my s porozum\u011bn\u00edm verb\u00e1ln\u00ed komunikace, mohou m\u00edt omezen\u00fd slovn\u00ed z\u00e1sobn\u00edk a mohou m\u00edt probl\u00e9my s vyjad\u0159ov\u00e1n\u00edm sv\u00fdch pocit\u016f a pot\u0159eb. D\u00e1le mohou m\u00edt probl\u00e9my s porozum\u011bn\u00edm neverb\u00e1ln\u00ed komunikace, jako jsou nap\u0159\u00edklad gesta, mimika a t\u00f3n hlasu. Tyto probl\u00e9my mohou v\u00e9st k nespr\u00e1vn<\/p>\n<\/div>\n<div class='topic'>\n<h2><\/h2>\n<p>\u010cesk\u00e1 kuchyn\u011b je jednou z nejstar\u0161\u00edch a nejbohat\u0161\u00edch kuchyn\u00ed v Evrop\u011b. Jej\u00ed ko\u0159eny sahaj\u00ed a\u017e do 9. stolet\u00ed, kdy se za\u010daly formovat prvn\u00ed tradi\u010dn\u00ed pokrmy. \u010cesk\u00e1 kuchyn\u011b je ovlivn\u011bna p\u0159edev\u0161\u00edm st\u0159edoevropskou kuchyn\u00ed, ale najdeme v n\u00ed i prvky z n\u011bmeck\u00e9, rakousk\u00e9, ma\u010farsk\u00e9 a \u017eidovsk\u00e9 kuchyn\u011b.<\/p>\n<p>Hlavn\u00edmi surovinami \u010desk\u00e9 kuchyn\u011b jsou brambory, maso, zelenina, ml\u00e9\u010dn\u00e9 v\u00fdrobky a obiloviny. V\u011bt\u0161ina pokrm\u016f je pom\u011brn\u011b jednoduch\u00e1, ale velmi chutn\u00e1 a s vysokou v\u00fd\u017eivovou hodnotou. Mezi nejzn\u00e1m\u011bj\u0161\u00ed \u010desk\u00e9 speciality pat\u0159\u00ed vep\u0159ov\u00e1 pe\u010den\u011b s knedl\u00edky, gul\u00e1\u0161, sv\u00ed\u010dkov\u00e1 na smetan\u011b, brambor\u00e1ky, sma\u017een\u00fd s\u00fdr a tradi\u010dn\u00ed \u010desk<\/p>\n<\/div>\n<div class='topic'>\n<h2>&#8220;Rozd\u00edly mezi Aspergerov\u00fdm syndromem a klasick\u00fdm autismem&#8221;<\/h2>\n<p>Asperger\u016fv syndrom a klasick\u00e9 autismus jsou dva z nejzn\u00e1m\u011bj\u0161\u00edch poruch autistick\u00e9ho spektra. Oba tyto stavy maj\u00ed mnoho spole\u010dn\u00fdch rys\u016f, ale existuj\u00ed tak\u00e9 z\u00e1sadn\u00ed rozd\u00edly, kter\u00e9 je odli\u0161uj\u00ed. V tomto \u010dl\u00e1nku se pod\u00edv\u00e1me na tyto rozd\u00edly a porovn\u00e1me Asperger\u016fv syndrom a klasick\u00fd autismus.<\/p>\n<p>1. Diagnostick\u00e1 krit\u00e9ria<\/p>\n<p>Asperger\u016fv syndrom a klasick\u00fd autismus jsou oba diagnostikov\u00e1ny podle krit\u00e9ri\u00ed stanoven\u00fdch v diagnostick\u00e9m manu\u00e1lu DSM-5 (Diagnostick\u00fd a statistick\u00fd manu\u00e1l du\u0161evn\u00edch poruch). Nicm\u00e9n\u011b, zat\u00edmco klasick\u00fd autismus je klasifikov\u00e1n jako porucha autistick\u00e9ho spektra, Asperger\u016fv syndrom byl v roce 2013 p\u0159e\u0159azen do kategorie poruch komunika\u010dn\u00edho a soci\u00e1ln\u00edho chov\u00e1n\u00ed. To znamen\u00e1, \u017ee Asperger\u016fv syndrom je nyn\u00ed pova\u017eov\u00e1n za formu poruchy aut<\/p>\n<\/div>\n<div class='topic'>\n<h2>Asperger\u016fv syndrom a klasick\u00fd autismus jsou dva r\u016fzn\u00e9 typy poruchy autistick\u00e9ho spektra. V tomto \u010dl\u00e1nku se zam\u011b\u0159\u00edme na jejich hlavn\u00ed rozd\u00edly v p\u0159\u00edznac\u00edch a projevech. Vysv\u011btl\u00edme tak\u00e9, jak\u00e9 jsou mo\u017enosti l\u00e9\u010dby a podpory pro osoby s t\u011bmito poruchami.<\/h2>\n<p>Asperger\u016fv syndrom a klasick\u00fd autismus jsou dva r\u016fzn\u00e9 typy poruchy autistick\u00e9ho spektra, kter\u00e9 maj\u00ed mnoho spole\u010dn\u00fdch rys\u016f, ale tak\u00e9 se od sebe li\u0161\u00ed v n\u011bkter\u00fdch kl\u00ed\u010dov\u00fdch aspektech. Ob\u011b tyto poruchy jsou charakterizov\u00e1ny probl\u00e9my v soci\u00e1ln\u00ed interakci, komunikaci a omezen\u00fdmi a opakuj\u00edc\u00edmi se z\u00e1jmy a chov\u00e1n\u00edm. Nicm\u00e9n\u011b, existuj\u00ed ur\u010dit\u00e9 rozd\u00edly v p\u0159\u00edznac\u00edch a projevech, kter\u00e9 jsou d\u016fle\u017eit\u00e9 pro spr\u00e1vnou diagn\u00f3zu a l\u00e9\u010dbu.<\/p>\n<p>Asperger\u016fv syndrom je pova\u017eov\u00e1n za m\u00edrn\u011bj\u0161\u00ed formu poruchy autistick\u00e9ho spektra. Osoby s t\u00edmto syndromem maj\u00ed obvykle norm\u00e1ln\u00ed nebo nadpr\u016fm\u011brn\u00fd intelekt a mohou b\u00fdt schopn\u00e9 fungovat v b\u011b\u017en\u00e9m \u017eivot\u011b bez v\u00fdrazn\u00e9 podpory. Hlavn\u00edm rozd\u00edlem mezi Aspergerov\u00fdm syndromem a klasick\u00fdm autismem je absence<\/p>\n<\/div>\n<div class='topic'>\n<h2><\/h2>\n<p>\u010cesk\u00e1 kuchyn\u011b je jednou z nejstar\u0161\u00edch a nejbohat\u0161\u00edch kuchyn\u00ed v Evrop\u011b. Jej\u00ed ko\u0159eny sahaj\u00ed a\u017e do 9. stolet\u00ed, kdy se za\u010daly formovat prvn\u00ed tradi\u010dn\u00ed pokrmy. \u010cesk\u00e1 kuchyn\u011b je ovlivn\u011bna p\u0159edev\u0161\u00edm st\u0159edoevropskou kuchyn\u00ed, ale najdeme v n\u00ed i prvky z n\u011bmeck\u00e9, rakousk\u00e9, ma\u010farsk\u00e9 a \u017eidovsk\u00e9 kuchyn\u011b.<\/p>\n<p>Hlavn\u00edmi surovinami \u010desk\u00e9 kuchyn\u011b jsou brambory, maso, zelenina, ml\u00e9\u010dn\u00e9 v\u00fdrobky a obiloviny. V\u011bt\u0161ina pokrm\u016f je pom\u011brn\u011b jednoduch\u00e1, ale velmi chutn\u00e1 a s vysokou v\u00fd\u017eivovou hodnotou. Mezi nejzn\u00e1m\u011bj\u0161\u00ed \u010desk\u00e9 speciality pat\u0159\u00ed vep\u0159ov\u00e1 pe\u010den\u011b s knedl\u00edky, gul\u00e1\u0161, sv\u00ed\u010dkov\u00e1 na smetan\u011b, brambor\u00e1ky, sma\u017een\u00fd s\u00fdr a tradi\u010dn\u00ed \u010desk<\/p>\n<\/div>\n<div class='topic'>\n<h2>&#8220;Vliv prost\u0159ed\u00ed na projevy autismu&#8221;<\/h2>\n<p>Autismus je neurov\u00fdvojov\u00e1 porucha, kter\u00e1 ovliv\u0148uje soci\u00e1ln\u00ed interakce, komunikaci a chov\u00e1n\u00ed jedince. Jedn\u00e1 se o poruchu, kter\u00e1 se projevuje ji\u017e v d\u011btstv\u00ed a m\u016f\u017ee m\u00edt r\u016fzn\u00e9 formy a stupn\u011b z\u00e1va\u017enosti. V posledn\u00edch letech se st\u00e1le v\u00edce hovo\u0159\u00ed o vlivu prost\u0159ed\u00ed na projevy autismu. V tomto \u010dl\u00e1nku se zam\u011b\u0159\u00edme na to, jak prost\u0159ed\u00ed m\u016f\u017ee ovlivnit jedince s touto poruchou.<\/p>\n<p>Prost\u0159ed\u00ed, ve kter\u00e9m se d\u00edt\u011b s autismem nach\u00e1z\u00ed, m\u016f\u017ee m\u00edt velk\u00fd vliv na jeho projevy. Jedn\u00edm z nejd\u016fle\u017eit\u011bj\u0161\u00edch faktor\u016f je rodina. Rodi\u010de a dal\u0161\u00ed \u010dlenov\u00e9 rodiny maj\u00ed velk\u00fd vliv na v\u00fdvoj d\u00edt\u011bte s autismem. Jejich p\u0159\u00edstup, komunikace a chov\u00e1n\u00ed mohou ovlivnit, jak se d\u00edt\u011b u\u010d\u00ed a jak se vyv\u00edj\u00ed. Rodi\u010de by m\u011bli b\u00fdt informov\u00e1ni o<\/p>\n<\/div>\n<div class='topic'>\n<h2>Prost\u0159ed\u00ed<\/h2>\n<p>Prost\u0159ed\u00ed je term\u00edn, kter\u00fdm ozna\u010dujeme v\u0161echny \u017eiv\u00e9 i ne\u017eiv\u00e9 prvky, kter\u00e9 n\u00e1s obklopuj\u00ed. Je to prostor, ve kter\u00e9m \u017eijeme, pracujeme, odpo\u010d\u00edv\u00e1me a pro\u017e\u00edv\u00e1me sv\u016fj ka\u017edodenn\u00ed \u017eivot. Prost\u0159ed\u00ed je velmi d\u016fle\u017eit\u00fdm faktorem pro na\u0161e zdrav\u00ed, pohodu a kvalitu \u017eivota.<\/p>\n<p>V prost\u0159ed\u00ed se nach\u00e1z\u00ed mnoho r\u016fzn\u00fdch slo\u017eek, jako jsou vzduch, voda, p\u016fda, rostliny, zv\u00ed\u0159ata, ale tak\u00e9 lid\u00e9 a jejich \u010dinnost. V\u0161echny tyto prvky spolu tvo\u0159\u00ed komplexn\u00ed syst\u00e9m, kter\u00fd ovliv\u0148uje n\u00e1\u0161 \u017eivot a zdrav\u00ed.<\/p>\n<p>Vzduch je jedn\u00edm z nejd\u016fle\u017eit\u011bj\u0161\u00edch prvk\u016f prost\u0159ed\u00ed. Je to sm\u011bs plyn\u016f, kter\u00e1 je nezbytn\u00e1 pro d\u00fdch\u00e1n\u00ed a p\u0159e\u017eit\u00ed v\u0161ech \u017eiv\u00fdch organism\u016f. Kvalita vzduchu je v\u0161ak v dne\u0161n\u00ed dob\u011b velk\u00fdm<\/p>\n<\/div>\n<\/div>\n","protected":false},"excerpt":{"rendered":"<p>&#8220;Jak rozpoznat p\u0159\u00edznaky autismu u d\u011bt\u00ed a dosp\u011bl\u00fdch?&#8221; Autismus je neurov\u00fdvojov\u00e1 porucha, kter\u00e1 ovliv\u0148uje komunikaci, soci\u00e1ln\u00ed interakci a chov\u00e1n\u00ed jedince. Tato porucha se m\u016f\u017ee projevovat&#8230;<\/p>\n","protected":false},"author":1,"featured_media":0,"comment_status":"","ping_status":"open","sticky":false,"template":"","format":"standard","meta":{"inline_featured_image":false},"categories":[849],"tags":[],"yoast_head":"<!-- This site is optimized with the Yoast SEO plugin v18.1 - https:\/\/yoast.com\/wordpress\/plugins\/seo\/ -->\n<title>Autizmus priznaky - Test Mysli<\/title>\n<meta name=\"robots\" content=\"index, follow, max-snippet:-1, max-image-preview:large, max-video-preview:-1\" \/>\n<link rel=\"canonical\" href=\"https:\/\/www.diagnostika-mysli.cz\/blog\/autismus\/autizmus-priznaky\/\" \/>\n<meta property=\"og:locale\" content=\"cs_CZ\" \/>\n<meta property=\"og:type\" content=\"article\" \/>\n<meta property=\"og:title\" content=\"Autizmus priznaky - Test Mysli\" \/>\n<meta property=\"og:description\" content=\"&#8220;Jak rozpoznat p\u0159\u00edznaky autismu u d\u011bt\u00ed a dosp\u011bl\u00fdch?&#8221; Autismus je neurov\u00fdvojov\u00e1 porucha, kter\u00e1 ovliv\u0148uje komunikaci, soci\u00e1ln\u00ed interakci a chov\u00e1n\u00ed jedince. Tato porucha se m\u016f\u017ee projevovat...\" \/>\n<meta property=\"og:url\" content=\"https:\/\/www.diagnostika-mysli.cz\/blog\/autismus\/autizmus-priznaky\/\" \/>\n<meta property=\"og:site_name\" content=\"Test Mysli\" \/>\n<meta property=\"article:published_time\" content=\"2025-06-06T01:25:32+00:00\" \/>\n<meta name=\"twitter:card\" content=\"summary_large_image\" \/>\n<meta name=\"twitter:label1\" content=\"Napsal(a)\" \/>\n\t<meta name=\"twitter:data1\" content=\"Test Mysli\" \/>\n\t<meta name=\"twitter:label2\" content=\"Odhadovan\u00e1 doba \u010dten\u00ed\" \/>\n\t<meta name=\"twitter:data2\" content=\"6 minut\" \/>\n<script type=\"application\/ld+json\" class=\"yoast-schema-graph\">{\"@context\":\"https:\/\/schema.org\",\"@graph\":[{\"@type\":\"WebSite\",\"@id\":\"https:\/\/www.diagnostika-mysli.cz\/blog\/#website\",\"url\":\"https:\/\/www.diagnostika-mysli.cz\/blog\/\",\"name\":\"Test Mysli\",\"description\":\"Blog o poruch\u00e1ch mysli\",\"potentialAction\":[{\"@type\":\"SearchAction\",\"target\":{\"@type\":\"EntryPoint\",\"urlTemplate\":\"https:\/\/www.diagnostika-mysli.cz\/blog\/?s={search_term_string}\"},\"query-input\":\"required name=search_term_string\"}],\"inLanguage\":\"cs\"},{\"@type\":\"WebPage\",\"@id\":\"https:\/\/www.diagnostika-mysli.cz\/blog\/autismus\/autizmus-priznaky\/#webpage\",\"url\":\"https:\/\/www.diagnostika-mysli.cz\/blog\/autismus\/autizmus-priznaky\/\",\"name\":\"Autizmus priznaky - Test Mysli\",\"isPartOf\":{\"@id\":\"https:\/\/www.diagnostika-mysli.cz\/blog\/#website\"},\"datePublished\":\"2025-06-06T01:25:32+00:00\",\"dateModified\":\"2025-06-06T01:25:32+00:00\",\"author\":{\"@id\":\"https:\/\/www.diagnostika-mysli.cz\/blog\/#\/schema\/person\/8eb1bcaf59fea75c780c11946f4e3490\"},\"breadcrumb\":{\"@id\":\"https:\/\/www.diagnostika-mysli.cz\/blog\/autismus\/autizmus-priznaky\/#breadcrumb\"},\"inLanguage\":\"cs\",\"potentialAction\":[{\"@type\":\"ReadAction\",\"target\":[\"https:\/\/www.diagnostika-mysli.cz\/blog\/autismus\/autizmus-priznaky\/\"]}]},{\"@type\":\"BreadcrumbList\",\"@id\":\"https:\/\/www.diagnostika-mysli.cz\/blog\/autismus\/autizmus-priznaky\/#breadcrumb\",\"itemListElement\":[{\"@type\":\"ListItem\",\"position\":1,\"name\":\"Blog\",\"item\":\"https:\/\/www.diagnostika-mysli.cz\/blog\/\"},{\"@type\":\"ListItem\",\"position\":2,\"name\":\"Autismus\",\"item\":\"https:\/\/www.diagnostika-mysli.cz\/blog\/autismus\/\"},{\"@type\":\"ListItem\",\"position\":3,\"name\":\"Autizmus priznaky\"}]},{\"@type\":\"Person\",\"@id\":\"https:\/\/www.diagnostika-mysli.cz\/blog\/#\/schema\/person\/8eb1bcaf59fea75c780c11946f4e3490\",\"name\":\"Test Mysli\",\"image\":{\"@type\":\"ImageObject\",\"@id\":\"https:\/\/www.diagnostika-mysli.cz\/blog\/#personlogo\",\"inLanguage\":\"cs\",\"url\":\"https:\/\/secure.gravatar.com\/avatar\/6743211f010801ea26aa9423a2daab37?s=96&d=mm&r=g\",\"contentUrl\":\"https:\/\/secure.gravatar.com\/avatar\/6743211f010801ea26aa9423a2daab37?s=96&d=mm&r=g\",\"caption\":\"Test Mysli\"},\"sameAs\":[\"https:\/\/www.diagnostika-mysli.cz\/blog\"],\"url\":\"https:\/\/www.diagnostika-mysli.cz\/blog\/author\/diagnostyka-umyslu\/\"}]}<\/script>\n<!-- \/ Yoast SEO plugin. -->","yoast_head_json":{"title":"Autizmus priznaky - Test Mysli","robots":{"index":"index","follow":"follow","max-snippet":"max-snippet:-1","max-image-preview":"max-image-preview:large","max-video-preview":"max-video-preview:-1"},"canonical":"https:\/\/www.diagnostika-mysli.cz\/blog\/autismus\/autizmus-priznaky\/","og_locale":"cs_CZ","og_type":"article","og_title":"Autizmus priznaky - Test Mysli","og_description":"&#8220;Jak rozpoznat p\u0159\u00edznaky autismu u d\u011bt\u00ed a dosp\u011bl\u00fdch?&#8221; Autismus je neurov\u00fdvojov\u00e1 porucha, kter\u00e1 ovliv\u0148uje komunikaci, soci\u00e1ln\u00ed interakci a chov\u00e1n\u00ed jedince. Tato porucha se m\u016f\u017ee projevovat...","og_url":"https:\/\/www.diagnostika-mysli.cz\/blog\/autismus\/autizmus-priznaky\/","og_site_name":"Test Mysli","article_published_time":"2025-06-06T01:25:32+00:00","twitter_card":"summary_large_image","twitter_misc":{"Napsal(a)":"Test Mysli","Odhadovan\u00e1 doba \u010dten\u00ed":"6 minut"},"schema":{"@context":"https:\/\/schema.org","@graph":[{"@type":"WebSite","@id":"https:\/\/www.diagnostika-mysli.cz\/blog\/#website","url":"https:\/\/www.diagnostika-mysli.cz\/blog\/","name":"Test Mysli","description":"Blog o poruch\u00e1ch mysli","potentialAction":[{"@type":"SearchAction","target":{"@type":"EntryPoint","urlTemplate":"https:\/\/www.diagnostika-mysli.cz\/blog\/?s={search_term_string}"},"query-input":"required name=search_term_string"}],"inLanguage":"cs"},{"@type":"WebPage","@id":"https:\/\/www.diagnostika-mysli.cz\/blog\/autismus\/autizmus-priznaky\/#webpage","url":"https:\/\/www.diagnostika-mysli.cz\/blog\/autismus\/autizmus-priznaky\/","name":"Autizmus priznaky - Test Mysli","isPartOf":{"@id":"https:\/\/www.diagnostika-mysli.cz\/blog\/#website"},"datePublished":"2025-06-06T01:25:32+00:00","dateModified":"2025-06-06T01:25:32+00:00","author":{"@id":"https:\/\/www.diagnostika-mysli.cz\/blog\/#\/schema\/person\/8eb1bcaf59fea75c780c11946f4e3490"},"breadcrumb":{"@id":"https:\/\/www.diagnostika-mysli.cz\/blog\/autismus\/autizmus-priznaky\/#breadcrumb"},"inLanguage":"cs","potentialAction":[{"@type":"ReadAction","target":["https:\/\/www.diagnostika-mysli.cz\/blog\/autismus\/autizmus-priznaky\/"]}]},{"@type":"BreadcrumbList","@id":"https:\/\/www.diagnostika-mysli.cz\/blog\/autismus\/autizmus-priznaky\/#breadcrumb","itemListElement":[{"@type":"ListItem","position":1,"name":"Blog","item":"https:\/\/www.diagnostika-mysli.cz\/blog\/"},{"@type":"ListItem","position":2,"name":"Autismus","item":"https:\/\/www.diagnostika-mysli.cz\/blog\/autismus\/"},{"@type":"ListItem","position":3,"name":"Autizmus priznaky"}]},{"@type":"Person","@id":"https:\/\/www.diagnostika-mysli.cz\/blog\/#\/schema\/person\/8eb1bcaf59fea75c780c11946f4e3490","name":"Test Mysli","image":{"@type":"ImageObject","@id":"https:\/\/www.diagnostika-mysli.cz\/blog\/#personlogo","inLanguage":"cs","url":"https:\/\/secure.gravatar.com\/avatar\/6743211f010801ea26aa9423a2daab37?s=96&d=mm&r=g","contentUrl":"https:\/\/secure.gravatar.com\/avatar\/6743211f010801ea26aa9423a2daab37?s=96&d=mm&r=g","caption":"Test Mysli"},"sameAs":["https:\/\/www.diagnostika-mysli.cz\/blog"],"url":"https:\/\/www.diagnostika-mysli.cz\/blog\/author\/diagnostyka-umyslu\/"}]}},"amp_enabled":true,"_links":{"self":[{"href":"https:\/\/www.diagnostika-mysli.cz\/blog\/wp-json\/wp\/v2\/posts\/3340"}],"collection":[{"href":"https:\/\/www.diagnostika-mysli.cz\/blog\/wp-json\/wp\/v2\/posts"}],"about":[{"href":"https:\/\/www.diagnostika-mysli.cz\/blog\/wp-json\/wp\/v2\/types\/post"}],"author":[{"embeddable":true,"href":"https:\/\/www.diagnostika-mysli.cz\/blog\/wp-json\/wp\/v2\/users\/1"}],"replies":[{"embeddable":true,"href":"https:\/\/www.diagnostika-mysli.cz\/blog\/wp-json\/wp\/v2\/comments?post=3340"}],"version-history":[{"count":0,"href":"https:\/\/www.diagnostika-mysli.cz\/blog\/wp-json\/wp\/v2\/posts\/3340\/revisions"}],"wp:attachment":[{"href":"https:\/\/www.diagnostika-mysli.cz\/blog\/wp-json\/wp\/v2\/media?parent=3340"}],"wp:term":[{"taxonomy":"category","embeddable":true,"href":"https:\/\/www.diagnostika-mysli.cz\/blog\/wp-json\/wp\/v2\/categories?post=3340"},{"taxonomy":"post_tag","embeddable":true,"href":"https:\/\/www.diagnostika-mysli.cz\/blog\/wp-json\/wp\/v2\/tags?post=3340"}],"curies":[{"name":"wp","href":"https:\/\/api.w.org\/{rel}","templated":true}]}}