{"id":3341,"date":"2025-06-07T02:05:17","date_gmt":"2025-06-07T00:05:17","guid":{"rendered":"https:\/\/www.diagnostika-mysli.cz\/blog\/adhd\/adhd-u-malych-deti\/"},"modified":"2025-06-07T02:05:17","modified_gmt":"2025-06-07T00:05:17","slug":"adhd-u-malych-deti","status":"publish","type":"post","link":"https:\/\/www.diagnostika-mysli.cz\/blog\/adhd\/adhd-u-malych-deti\/","title":{"rendered":"ADHD u mal\u00fdch d\u011bt\u00ed"},"content":{"rendered":"<div class='topics'>\n<div class='topic'>\n<h2>Jak rozpoznat ADHD u mal\u00fdch d\u011bt\u00ed: P\u0159\u00edznaky a diagnostika<\/h2>\n<p>ADHD (Attention Deficit Hyperactivity Disorder) je neurov\u00fdvojov\u00e1 porucha, kter\u00e1 se projevuje p\u0159edev\u0161\u00edm u d\u011bt\u00ed. Jedn\u00e1 se o poruchu, kter\u00e1 ovliv\u0148uje pozornost, impulzivitu a hyperaktivitu. U mal\u00fdch d\u011bt\u00ed m\u016f\u017ee b\u00fdt obt\u00ed\u017en\u00e9 rozpoznat p\u0159\u00edznaky ADHD, proto\u017ee tyto chov\u00e1n\u00ed mohou b\u00fdt pova\u017eov\u00e1na za norm\u00e1ln\u00ed sou\u010d\u00e1st d\u011btsk\u00e9ho v\u00fdvoje. Nicm\u00e9n\u011b, pokud jsou tyto p\u0159\u00edznaky v\u00fdrazn\u011bj\u0161\u00ed a trvaj\u00ed d\u00e9le ne\u017e u b\u011b\u017en\u00fdch d\u011bt\u00ed, m\u016f\u017ee to b\u00fdt zn\u00e1mkou ADHD.<\/p>\n<p>Existuje n\u011bkolik p\u0159\u00edznak\u016f, kter\u00e9 mohou nazna\u010dovat p\u0159\u00edtomnost ADHD u mal\u00fdch d\u011bt\u00ed. Mezi nej\u010dast\u011bj\u0161\u00ed pat\u0159\u00ed neschopnost udr\u017eet pozornost na jednom m\u00edst\u011b, \u010dast\u00e9 p\u0159eskakov\u00e1n\u00ed z jedn\u00e9 \u010dinnosti na druhou, obt\u00ed\u017enost s pln\u011bn\u00edm \u00fakol\u016f, neschopnost poslouchat pokyny, \u010dast\u00e9 p\u0159e<\/p>\n<\/div>\n<div class='topic'>\n<h2>Vliv ADHD na v\u00fdvoj d\u00edt\u011bte: Jak mu pomoci a podpo\u0159it jeho schopnosti<\/h2>\n<p>ADHD (Attention Deficit Hyperactivity Disorder) je neurov\u00fdvojov\u00e1 porucha, kter\u00e1 ovliv\u0148uje chov\u00e1n\u00ed a pozornost d\u00edt\u011bte. Tato porucha se projevuje p\u0159edev\u0161\u00edm nedostatkem pozornosti, hyperaktivitou a impulzivitou. Vliv ADHD na v\u00fdvoj d\u00edt\u011bte m\u016f\u017ee b\u00fdt velmi v\u00fdrazn\u00fd a m\u016f\u017ee m\u00edt dopad na jeho celkov\u00fd \u017eivot.<\/p>\n<p>Jedn\u00edm z hlavn\u00edch vliv\u016f ADHD na v\u00fdvoj d\u00edt\u011bte je omezen\u00ed jeho schopnosti soust\u0159edit se. D\u00edt\u011b s ADHD m\u00e1 probl\u00e9my s udr\u017een\u00edm pozornosti na jedn\u00e9 v\u011bci, co\u017e m\u016f\u017ee v\u00e9st k probl\u00e9m\u016fm ve \u0161kole a v b\u011b\u017en\u00e9m \u017eivot\u011b. Je d\u016fle\u017eit\u00e9 si uv\u011bdomit, \u017ee d\u00edt\u011b s ADHD nen\u00ed l\u00edn\u00e9 nebo neochotn\u00e9 se u\u010dit, ale m\u00e1 probl\u00e9m s regulac\u00ed sv\u00e9 pozornosti. Proto je d\u016fle\u017eit\u00e9 mu poskytnout podporu a pomoci mu naj\u00edt zp\u016fsoby, jak se l\u00e9pe soust\u0159edit.<\/p>\n<p>Dal\u0161\u00edm vlivem ADHD<\/p>\n<\/div>\n<div class='topic'>\n<h2>L\u00e9\u010dba ADHD u mal\u00fdch d\u011bt\u00ed: Mo\u017enosti a doporu\u010den\u00ed pro rodi\u010de<\/h2>\n<p>ADHD (Attention Deficit Hyperactivity Disorder) je porucha, kter\u00e1 postihuje p\u0159ibli\u017en\u011b 5% d\u011bt\u00ed ve v\u011bku 3-17 let. Tato porucha se projevuje p\u0159edev\u0161\u00edm probl\u00e9my s pozornost\u00ed, hyperaktivitou a impulzivitou. U mal\u00fdch d\u011bt\u00ed m\u016f\u017ee b\u00fdt diagnostikov\u00e1na ji\u017e ve v\u011bku 3 let, co\u017e m\u016f\u017ee b\u00fdt pro rodi\u010de velmi n\u00e1ro\u010dn\u00e9 a stresuj\u00edc\u00ed. Nicm\u00e9n\u011b existuje \u0159ada mo\u017enost\u00ed, jak l\u00e9\u010dit ADHD u mal\u00fdch d\u011bt\u00ed a pomoci jim tak zvl\u00e1dat ka\u017edodenn\u00ed \u017eivot.<\/p>\n<p>Prvn\u00edm krokem pro rodi\u010de je vyhledat odbornou pomoc. Diagn\u00f3za ADHD mus\u00ed b\u00fdt stanovena kvalifikovan\u00fdm odborn\u00edkem, jako je d\u011btsk\u00fd psychiatr nebo psycholog. Ti provedou d\u016fkladn\u00e9 vy\u0161et\u0159en\u00ed a poskytnou doporu\u010den\u00ed pro dal\u0161\u00ed l\u00e9\u010dbu.<\/p>\n<p>Jednou z mo\u017enost\u00ed l\u00e9\u010dby je farmakoterapie. U mal\u00fdch d\u011bt\u00ed se nej\u010dast\u011bji pou\u017e\u00edvaj<\/p>\n<\/div>\n<div class='topic'>\n<h2>Vztah mezi stravou a ADHD u d\u011bt\u00ed: Jak\u00e1 potrava m\u016f\u017ee ovlivnit projevy poruchy<\/h2>\n<p>ADHD (Attention Deficit Hyperactivity Disorder) je porucha, kter\u00e1 postihuje p\u0159ibli\u017en\u011b 5% d\u011bt\u00ed ve v\u011bku \u0161koln\u00ed doch\u00e1zky. Tato porucha se projevuje p\u0159edev\u0161\u00edm probl\u00e9my s pozornost\u00ed, hyperaktivitou a impulzivitou. V posledn\u00edch letech se st\u00e1le v\u00edce hovo\u0159\u00ed o vztahu mezi stravou a ADHD u d\u011bt\u00ed. Zd\u00e1 se toti\u017e, \u017ee ur\u010dit\u00e9 potraviny mohou m\u00edt vliv na projevy t\u00e9to poruchy.<\/p>\n<p>Jedn\u00edm z hlavn\u00edch faktor\u016f, kter\u00fd m\u016f\u017ee ovlivnit projevy ADHD u d\u011bt\u00ed, je strava. V\u011bdci se domn\u00edvaj\u00ed, \u017ee ur\u010dit\u00e9 potraviny mohou zhor\u0161ovat p\u0159\u00edznaky t\u00e9to poruchy, zat\u00edmco jin\u00e9 mohou pomoci je zm\u00edrnit. Je d\u016fle\u017eit\u00e9 si uv\u011bdomit, \u017ee strava nen\u00ed p\u0159\u00ed\u010dinou ADHD, ale m\u016f\u017ee m\u00edt vliv na jeho projevy.<\/p>\n<p>Jedn\u00edm z nej\u010dast\u011bj\u0161\u00edch doporu\u010den\u00ed pro rodi\u010de d\u011bt<\/p>\n<\/div>\n<\/div>\n","protected":false},"excerpt":{"rendered":"<p>Jak rozpoznat ADHD u mal\u00fdch d\u011bt\u00ed: P\u0159\u00edznaky a diagnostika ADHD (Attention Deficit Hyperactivity Disorder) je neurov\u00fdvojov\u00e1 porucha, kter\u00e1 se projevuje p\u0159edev\u0161\u00edm u d\u011bt\u00ed. Jedn\u00e1 se&#8230;<\/p>\n","protected":false},"author":1,"featured_media":0,"comment_status":"","ping_status":"open","sticky":false,"template":"","format":"standard","meta":{"inline_featured_image":false},"categories":[780],"tags":[],"yoast_head":"<!-- This site is optimized with the Yoast SEO plugin v18.1 - https:\/\/yoast.com\/wordpress\/plugins\/seo\/ -->\n<title>ADHD u mal\u00fdch d\u011bt\u00ed - Test Mysli<\/title>\n<meta name=\"robots\" content=\"index, follow, max-snippet:-1, max-image-preview:large, max-video-preview:-1\" \/>\n<link rel=\"canonical\" href=\"https:\/\/www.diagnostika-mysli.cz\/blog\/adhd\/adhd-u-malych-deti\/\" \/>\n<meta property=\"og:locale\" content=\"cs_CZ\" \/>\n<meta property=\"og:type\" content=\"article\" \/>\n<meta property=\"og:title\" content=\"ADHD u mal\u00fdch d\u011bt\u00ed - Test Mysli\" \/>\n<meta property=\"og:description\" content=\"Jak rozpoznat ADHD u mal\u00fdch d\u011bt\u00ed: P\u0159\u00edznaky a diagnostika ADHD (Attention Deficit Hyperactivity Disorder) je neurov\u00fdvojov\u00e1 porucha, kter\u00e1 se projevuje p\u0159edev\u0161\u00edm u d\u011bt\u00ed. Jedn\u00e1 se...\" \/>\n<meta property=\"og:url\" content=\"https:\/\/www.diagnostika-mysli.cz\/blog\/adhd\/adhd-u-malych-deti\/\" \/>\n<meta property=\"og:site_name\" content=\"Test Mysli\" \/>\n<meta property=\"article:published_time\" content=\"2025-06-07T00:05:17+00:00\" \/>\n<meta name=\"twitter:card\" content=\"summary_large_image\" \/>\n<meta name=\"twitter:label1\" content=\"Napsal(a)\" \/>\n\t<meta name=\"twitter:data1\" content=\"Test Mysli\" \/>\n\t<meta name=\"twitter:label2\" content=\"Odhadovan\u00e1 doba \u010dten\u00ed\" \/>\n\t<meta name=\"twitter:data2\" content=\"3 minuty\" \/>\n<script type=\"application\/ld+json\" class=\"yoast-schema-graph\">{\"@context\":\"https:\/\/schema.org\",\"@graph\":[{\"@type\":\"WebSite\",\"@id\":\"https:\/\/www.diagnostika-mysli.cz\/blog\/#website\",\"url\":\"https:\/\/www.diagnostika-mysli.cz\/blog\/\",\"name\":\"Test Mysli\",\"description\":\"Blog o poruch\u00e1ch mysli\",\"potentialAction\":[{\"@type\":\"SearchAction\",\"target\":{\"@type\":\"EntryPoint\",\"urlTemplate\":\"https:\/\/www.diagnostika-mysli.cz\/blog\/?s={search_term_string}\"},\"query-input\":\"required name=search_term_string\"}],\"inLanguage\":\"cs\"},{\"@type\":\"WebPage\",\"@id\":\"https:\/\/www.diagnostika-mysli.cz\/blog\/adhd\/adhd-u-malych-deti\/#webpage\",\"url\":\"https:\/\/www.diagnostika-mysli.cz\/blog\/adhd\/adhd-u-malych-deti\/\",\"name\":\"ADHD u mal\u00fdch d\u011bt\u00ed - Test Mysli\",\"isPartOf\":{\"@id\":\"https:\/\/www.diagnostika-mysli.cz\/blog\/#website\"},\"datePublished\":\"2025-06-07T00:05:17+00:00\",\"dateModified\":\"2025-06-07T00:05:17+00:00\",\"author\":{\"@id\":\"https:\/\/www.diagnostika-mysli.cz\/blog\/#\/schema\/person\/8eb1bcaf59fea75c780c11946f4e3490\"},\"breadcrumb\":{\"@id\":\"https:\/\/www.diagnostika-mysli.cz\/blog\/adhd\/adhd-u-malych-deti\/#breadcrumb\"},\"inLanguage\":\"cs\",\"potentialAction\":[{\"@type\":\"ReadAction\",\"target\":[\"https:\/\/www.diagnostika-mysli.cz\/blog\/adhd\/adhd-u-malych-deti\/\"]}]},{\"@type\":\"BreadcrumbList\",\"@id\":\"https:\/\/www.diagnostika-mysli.cz\/blog\/adhd\/adhd-u-malych-deti\/#breadcrumb\",\"itemListElement\":[{\"@type\":\"ListItem\",\"position\":1,\"name\":\"Blog\",\"item\":\"https:\/\/www.diagnostika-mysli.cz\/blog\/\"},{\"@type\":\"ListItem\",\"position\":2,\"name\":\"ADHD\",\"item\":\"https:\/\/www.diagnostika-mysli.cz\/blog\/adhd\/\"},{\"@type\":\"ListItem\",\"position\":3,\"name\":\"ADHD u mal\u00fdch d\u011bt\u00ed\"}]},{\"@type\":\"Person\",\"@id\":\"https:\/\/www.diagnostika-mysli.cz\/blog\/#\/schema\/person\/8eb1bcaf59fea75c780c11946f4e3490\",\"name\":\"Test Mysli\",\"image\":{\"@type\":\"ImageObject\",\"@id\":\"https:\/\/www.diagnostika-mysli.cz\/blog\/#personlogo\",\"inLanguage\":\"cs\",\"url\":\"https:\/\/secure.gravatar.com\/avatar\/6743211f010801ea26aa9423a2daab37?s=96&d=mm&r=g\",\"contentUrl\":\"https:\/\/secure.gravatar.com\/avatar\/6743211f010801ea26aa9423a2daab37?s=96&d=mm&r=g\",\"caption\":\"Test Mysli\"},\"sameAs\":[\"https:\/\/www.diagnostika-mysli.cz\/blog\"],\"url\":\"https:\/\/www.diagnostika-mysli.cz\/blog\/author\/diagnostyka-umyslu\/\"}]}<\/script>\n<!-- \/ Yoast SEO plugin. -->","yoast_head_json":{"title":"ADHD u mal\u00fdch d\u011bt\u00ed - Test Mysli","robots":{"index":"index","follow":"follow","max-snippet":"max-snippet:-1","max-image-preview":"max-image-preview:large","max-video-preview":"max-video-preview:-1"},"canonical":"https:\/\/www.diagnostika-mysli.cz\/blog\/adhd\/adhd-u-malych-deti\/","og_locale":"cs_CZ","og_type":"article","og_title":"ADHD u mal\u00fdch d\u011bt\u00ed - Test Mysli","og_description":"Jak rozpoznat ADHD u mal\u00fdch d\u011bt\u00ed: P\u0159\u00edznaky a diagnostika ADHD (Attention Deficit Hyperactivity Disorder) je neurov\u00fdvojov\u00e1 porucha, kter\u00e1 se projevuje p\u0159edev\u0161\u00edm u d\u011bt\u00ed. Jedn\u00e1 se...","og_url":"https:\/\/www.diagnostika-mysli.cz\/blog\/adhd\/adhd-u-malych-deti\/","og_site_name":"Test Mysli","article_published_time":"2025-06-07T00:05:17+00:00","twitter_card":"summary_large_image","twitter_misc":{"Napsal(a)":"Test Mysli","Odhadovan\u00e1 doba \u010dten\u00ed":"3 minuty"},"schema":{"@context":"https:\/\/schema.org","@graph":[{"@type":"WebSite","@id":"https:\/\/www.diagnostika-mysli.cz\/blog\/#website","url":"https:\/\/www.diagnostika-mysli.cz\/blog\/","name":"Test Mysli","description":"Blog o poruch\u00e1ch mysli","potentialAction":[{"@type":"SearchAction","target":{"@type":"EntryPoint","urlTemplate":"https:\/\/www.diagnostika-mysli.cz\/blog\/?s={search_term_string}"},"query-input":"required name=search_term_string"}],"inLanguage":"cs"},{"@type":"WebPage","@id":"https:\/\/www.diagnostika-mysli.cz\/blog\/adhd\/adhd-u-malych-deti\/#webpage","url":"https:\/\/www.diagnostika-mysli.cz\/blog\/adhd\/adhd-u-malych-deti\/","name":"ADHD u mal\u00fdch d\u011bt\u00ed - Test Mysli","isPartOf":{"@id":"https:\/\/www.diagnostika-mysli.cz\/blog\/#website"},"datePublished":"2025-06-07T00:05:17+00:00","dateModified":"2025-06-07T00:05:17+00:00","author":{"@id":"https:\/\/www.diagnostika-mysli.cz\/blog\/#\/schema\/person\/8eb1bcaf59fea75c780c11946f4e3490"},"breadcrumb":{"@id":"https:\/\/www.diagnostika-mysli.cz\/blog\/adhd\/adhd-u-malych-deti\/#breadcrumb"},"inLanguage":"cs","potentialAction":[{"@type":"ReadAction","target":["https:\/\/www.diagnostika-mysli.cz\/blog\/adhd\/adhd-u-malych-deti\/"]}]},{"@type":"BreadcrumbList","@id":"https:\/\/www.diagnostika-mysli.cz\/blog\/adhd\/adhd-u-malych-deti\/#breadcrumb","itemListElement":[{"@type":"ListItem","position":1,"name":"Blog","item":"https:\/\/www.diagnostika-mysli.cz\/blog\/"},{"@type":"ListItem","position":2,"name":"ADHD","item":"https:\/\/www.diagnostika-mysli.cz\/blog\/adhd\/"},{"@type":"ListItem","position":3,"name":"ADHD u mal\u00fdch d\u011bt\u00ed"}]},{"@type":"Person","@id":"https:\/\/www.diagnostika-mysli.cz\/blog\/#\/schema\/person\/8eb1bcaf59fea75c780c11946f4e3490","name":"Test Mysli","image":{"@type":"ImageObject","@id":"https:\/\/www.diagnostika-mysli.cz\/blog\/#personlogo","inLanguage":"cs","url":"https:\/\/secure.gravatar.com\/avatar\/6743211f010801ea26aa9423a2daab37?s=96&d=mm&r=g","contentUrl":"https:\/\/secure.gravatar.com\/avatar\/6743211f010801ea26aa9423a2daab37?s=96&d=mm&r=g","caption":"Test Mysli"},"sameAs":["https:\/\/www.diagnostika-mysli.cz\/blog"],"url":"https:\/\/www.diagnostika-mysli.cz\/blog\/author\/diagnostyka-umyslu\/"}]}},"amp_enabled":true,"_links":{"self":[{"href":"https:\/\/www.diagnostika-mysli.cz\/blog\/wp-json\/wp\/v2\/posts\/3341"}],"collection":[{"href":"https:\/\/www.diagnostika-mysli.cz\/blog\/wp-json\/wp\/v2\/posts"}],"about":[{"href":"https:\/\/www.diagnostika-mysli.cz\/blog\/wp-json\/wp\/v2\/types\/post"}],"author":[{"embeddable":true,"href":"https:\/\/www.diagnostika-mysli.cz\/blog\/wp-json\/wp\/v2\/users\/1"}],"replies":[{"embeddable":true,"href":"https:\/\/www.diagnostika-mysli.cz\/blog\/wp-json\/wp\/v2\/comments?post=3341"}],"version-history":[{"count":0,"href":"https:\/\/www.diagnostika-mysli.cz\/blog\/wp-json\/wp\/v2\/posts\/3341\/revisions"}],"wp:attachment":[{"href":"https:\/\/www.diagnostika-mysli.cz\/blog\/wp-json\/wp\/v2\/media?parent=3341"}],"wp:term":[{"taxonomy":"category","embeddable":true,"href":"https:\/\/www.diagnostika-mysli.cz\/blog\/wp-json\/wp\/v2\/categories?post=3341"},{"taxonomy":"post_tag","embeddable":true,"href":"https:\/\/www.diagnostika-mysli.cz\/blog\/wp-json\/wp\/v2\/tags?post=3341"}],"curies":[{"name":"wp","href":"https:\/\/api.w.org\/{rel}","templated":true}]}}