{"id":3342,"date":"2025-06-07T03:25:18","date_gmt":"2025-06-07T01:25:18","guid":{"rendered":"https:\/\/www.diagnostika-mysli.cz\/blog\/autismus\/porucha-autistickeho-spektra-2\/"},"modified":"2025-06-07T03:25:18","modified_gmt":"2025-06-07T01:25:18","slug":"porucha-autistickeho-spektra-2","status":"publish","type":"post","link":"https:\/\/www.diagnostika-mysli.cz\/blog\/autismus\/porucha-autistickeho-spektra-2\/","title":{"rendered":"Porucha autistickeho spektra"},"content":{"rendered":"<div class='topics'>\n<div class='topic'>\n<h2>Co je porucha autistick\u00e9ho spektra a jak\u00e9 jsou jej\u00ed p\u0159\u00edznaky?<\/h2>\n<p>Porucha autistick\u00e9ho spektra (PAS) je neurov\u00fdvojov\u00e1 porucha, kter\u00e1 ovliv\u0148uje soci\u00e1ln\u00ed interakce, komunikaci a chov\u00e1n\u00ed jedince. Tato porucha se projevuje ji\u017e v d\u011btstv\u00ed a trv\u00e1 cel\u00fd \u017eivot. PAS se d\u011bl\u00ed do n\u011bkolika kategori\u00ed, jako nap\u0159\u00edklad autismus, Asperger\u016fv syndrom, Rett\u016fv syndrom, dezintegra\u010dn\u00ed porucha d\u011btstv\u00ed a neklasifikovan\u00e1 porucha autistick\u00e9ho spektra.<\/p>\n<p>Jedn\u00edm z hlavn\u00edch p\u0159\u00edznak\u016f PAS je probl\u00e9m s komunikac\u00ed a soci\u00e1ln\u00edmi interakcemi. D\u011bti s touto poruchou maj\u00ed \u010dasto probl\u00e9my s porozum\u011bn\u00edm neverb\u00e1ln\u00ed komunikace, jako jsou nap\u0159\u00edklad gesta, mimika nebo t\u00f3n hlasu. Mohou tak\u00e9 m\u00edt probl\u00e9my s porozum\u011bn\u00edm emoc\u00ed a n\u00e1lad druh\u00fdch lid\u00ed. D\u011bti s PAS se tak\u00e9 \u010dasto vyh\u00fdbaj\u00ed o\u010dn\u00edmu kontaktu a maj\u00ed probl\u00e9my s navazov\u00e1n\u00edm a udr\u017eov<\/p>\n<\/div>\n<div class='topic'>\n<h2>Jak\u00e9 jsou mo\u017en\u00e9 p\u0159\u00ed\u010diny poruchy autistick\u00e9ho spektra a jak se projevuje u jednotliv\u00fdch jedinc\u016f?<\/h2>\n<p>Porucha autistick\u00e9ho spektra (PAS) je neurov\u00fdvojov\u00e1 porucha, kter\u00e1 ovliv\u0148uje soci\u00e1ln\u00ed interakce, komunikaci a chov\u00e1n\u00ed jedince. Tato porucha se projevuje ji\u017e v d\u011btstv\u00ed a m\u016f\u017ee trvat po cel\u00fd \u017eivot. P\u0159\u00ed\u010diny PAS nejsou zcela zn\u00e1my, ale v\u011bdci se shoduj\u00ed, \u017ee se jedn\u00e1 o kombinaci genetick\u00fdch a environment\u00e1ln\u00edch faktor\u016f.<\/p>\n<p>Genetick\u00e9 faktory jsou pova\u017eov\u00e1ny za hlavn\u00ed p\u0159\u00ed\u010dinu PAS. Studie ukazuj\u00ed, \u017ee d\u011bdi\u010dnost hraje v\u00fdznamnou roli v rozvoji t\u00e9to poruchy. Nap\u0159\u00edklad pokud m\u00e1 jedno z rodi\u010d\u016f PAS, je pravd\u011bpodobnost, \u017ee se porucha objev\u00ed u jejich potomka, vy\u0161\u0161\u00ed. V\u00fdzkumy tak\u00e9 ukazuj\u00ed, \u017ee u jednovaje\u010dn\u00fdch dvoj\u010dat, kdy maj\u00ed oba jedinci stejn\u00fd genetick\u00fd materi\u00e1l, je vysok\u00e1 pravd\u011bpodobnost, \u017ee oba budou m\u00edt PAS.<\/p>\n<p>Dal<\/p>\n<\/div>\n<div class='topic'>\n<h2>Jak\u00e9 jsou mo\u017enosti l\u00e9\u010dby a podpory pro osoby s poruchou autistick\u00e9ho spektra?<\/h2>\n<p>Porucha autistick\u00e9ho spektra (PAS) je neurov\u00fdvojov\u00e1 porucha, kter\u00e1 ovliv\u0148uje soci\u00e1ln\u00ed interakce, komunikaci a chov\u00e1n\u00ed jedince. Ka\u017ed\u00fd jedinec s PAS m\u00e1 sv\u00e9 vlastn\u00ed jedine\u010dn\u00e9 pot\u0159eby a schopnosti, a proto je d\u016fle\u017eit\u00e9, aby l\u00e9\u010dba a podpora byly p\u0159izp\u016fsobeny individu\u00e1ln\u011b. Existuje mnoho mo\u017enost\u00ed l\u00e9\u010dby a podpory pro osoby s PAS, kter\u00e9 mohou pomoci zlep\u0161it jejich kvalitu \u017eivota a usnadnit jim integraci do spole\u010dnosti.<\/p>\n<p>1. Terapie<\/p>\n<p>Terapie je jednou z nej\u010dast\u011bj\u0161\u00edch forem l\u00e9\u010dby pro osoby s PAS. Existuje n\u011bkolik typ\u016f terapi\u00ed, kter\u00e9 mohou b\u00fdt u\u017eite\u010dn\u00e9:<\/p>\n<p>&#8211; Behavior\u00e1ln\u00ed terapie: Tato terapie se zam\u011b\u0159uje na zm\u011bnu ne\u017e\u00e1douc\u00edho chov\u00e1n\u00ed a u\u010den\u00ed nov\u00fdch dovednost\u00ed. Jedn\u00edm z nejzn\u00e1m\u011bj\u0161\u00edch typ\u016f behavior\u00e1ln\u00ed terapie je aplikovan\u00e1 behavior\u00e1ln\u00ed anal\u00fdza (ABA), kter\u00e1<\/p>\n<\/div>\n<div class='topic'>\n<h2>Jak mohou rodina a okol\u00ed pomoci osob\u00e1m s poruchou autistick\u00e9ho spektra a jak\u00e9 jsou d\u016fle\u017eit\u00e9 aspekty v komunikaci s nimi?<\/h2>\n<p>Porucha autistick\u00e9ho spektra (PAS) je neurov\u00fdvojov\u00e1 porucha, kter\u00e1 ovliv\u0148uje soci\u00e1ln\u00ed interakce, komunikaci a chov\u00e1n\u00ed jedince. Osoby s PAS maj\u00ed \u010dasto probl\u00e9my s porozum\u011bn\u00edm emoc\u00ed, soci\u00e1ln\u00edmi n\u00e1vyky a komunikac\u00ed s ostatn\u00edmi. Vzhledem k tomu, \u017ee PAS je porucha celo\u017eivotn\u00ed, je d\u016fle\u017eit\u00e9, aby rodina a okol\u00ed poskytovali podporu a pomoc t\u011bmto jedinc\u016fm.<\/p>\n<p>Rodina a okol\u00ed mohou hr\u00e1t kl\u00ed\u010dovou roli v \u017eivot\u011b osoby s PAS. Jedn\u00edm z nejd\u016fle\u017eit\u011bj\u0161\u00edch zp\u016fsob\u016f, jak mohou pomoci, je vytvo\u0159en\u00ed bezpe\u010dn\u00e9ho a podp\u016frn\u00e9ho prost\u0159ed\u00ed. Osoby s PAS maj\u00ed \u010dasto pot\u00ed\u017ee s p\u0159izp\u016fsoben\u00edm se zm\u011bn\u00e1m a nov\u00fdm situac\u00edm, proto je d\u016fle\u017eit\u00e9, aby se v jejich okol\u00ed c\u00edtili v bezpe\u010d\u00ed a jistot\u011b. Rodina a okol\u00ed by m\u011bli b\u00fdt trp\u011bliv<\/p>\n<\/div>\n<\/div>\n","protected":false},"excerpt":{"rendered":"<p>Co je porucha autistick\u00e9ho spektra a jak\u00e9 jsou jej\u00ed p\u0159\u00edznaky? Porucha autistick\u00e9ho spektra (PAS) je neurov\u00fdvojov\u00e1 porucha, kter\u00e1 ovliv\u0148uje soci\u00e1ln\u00ed interakce, komunikaci a chov\u00e1n\u00ed jedince&#8230;.<\/p>\n","protected":false},"author":1,"featured_media":0,"comment_status":"","ping_status":"open","sticky":false,"template":"","format":"standard","meta":{"inline_featured_image":false},"categories":[849],"tags":[],"yoast_head":"<!-- This site is optimized with the Yoast SEO plugin v18.1 - https:\/\/yoast.com\/wordpress\/plugins\/seo\/ -->\n<title>Porucha autistickeho spektra - Test Mysli<\/title>\n<meta name=\"robots\" content=\"index, follow, max-snippet:-1, max-image-preview:large, max-video-preview:-1\" \/>\n<link rel=\"canonical\" href=\"https:\/\/www.diagnostika-mysli.cz\/blog\/autismus\/porucha-autistickeho-spektra-2\/\" \/>\n<meta property=\"og:locale\" content=\"cs_CZ\" \/>\n<meta property=\"og:type\" content=\"article\" \/>\n<meta property=\"og:title\" content=\"Porucha autistickeho spektra - Test Mysli\" \/>\n<meta property=\"og:description\" content=\"Co je porucha autistick\u00e9ho spektra a jak\u00e9 jsou jej\u00ed p\u0159\u00edznaky? Porucha autistick\u00e9ho spektra (PAS) je neurov\u00fdvojov\u00e1 porucha, kter\u00e1 ovliv\u0148uje soci\u00e1ln\u00ed interakce, komunikaci a chov\u00e1n\u00ed jedince....\" \/>\n<meta property=\"og:url\" content=\"https:\/\/www.diagnostika-mysli.cz\/blog\/autismus\/porucha-autistickeho-spektra-2\/\" \/>\n<meta property=\"og:site_name\" content=\"Test Mysli\" \/>\n<meta property=\"article:published_time\" content=\"2025-06-07T01:25:18+00:00\" \/>\n<meta name=\"twitter:card\" content=\"summary_large_image\" \/>\n<meta name=\"twitter:label1\" content=\"Napsal(a)\" \/>\n\t<meta name=\"twitter:data1\" content=\"Test Mysli\" \/>\n\t<meta name=\"twitter:label2\" content=\"Odhadovan\u00e1 doba \u010dten\u00ed\" \/>\n\t<meta name=\"twitter:data2\" content=\"3 minuty\" \/>\n<script type=\"application\/ld+json\" class=\"yoast-schema-graph\">{\"@context\":\"https:\/\/schema.org\",\"@graph\":[{\"@type\":\"WebSite\",\"@id\":\"https:\/\/www.diagnostika-mysli.cz\/blog\/#website\",\"url\":\"https:\/\/www.diagnostika-mysli.cz\/blog\/\",\"name\":\"Test Mysli\",\"description\":\"Blog o poruch\u00e1ch mysli\",\"potentialAction\":[{\"@type\":\"SearchAction\",\"target\":{\"@type\":\"EntryPoint\",\"urlTemplate\":\"https:\/\/www.diagnostika-mysli.cz\/blog\/?s={search_term_string}\"},\"query-input\":\"required name=search_term_string\"}],\"inLanguage\":\"cs\"},{\"@type\":\"WebPage\",\"@id\":\"https:\/\/www.diagnostika-mysli.cz\/blog\/autismus\/porucha-autistickeho-spektra-2\/#webpage\",\"url\":\"https:\/\/www.diagnostika-mysli.cz\/blog\/autismus\/porucha-autistickeho-spektra-2\/\",\"name\":\"Porucha autistickeho spektra - Test Mysli\",\"isPartOf\":{\"@id\":\"https:\/\/www.diagnostika-mysli.cz\/blog\/#website\"},\"datePublished\":\"2025-06-07T01:25:18+00:00\",\"dateModified\":\"2025-06-07T01:25:18+00:00\",\"author\":{\"@id\":\"https:\/\/www.diagnostika-mysli.cz\/blog\/#\/schema\/person\/8eb1bcaf59fea75c780c11946f4e3490\"},\"breadcrumb\":{\"@id\":\"https:\/\/www.diagnostika-mysli.cz\/blog\/autismus\/porucha-autistickeho-spektra-2\/#breadcrumb\"},\"inLanguage\":\"cs\",\"potentialAction\":[{\"@type\":\"ReadAction\",\"target\":[\"https:\/\/www.diagnostika-mysli.cz\/blog\/autismus\/porucha-autistickeho-spektra-2\/\"]}]},{\"@type\":\"BreadcrumbList\",\"@id\":\"https:\/\/www.diagnostika-mysli.cz\/blog\/autismus\/porucha-autistickeho-spektra-2\/#breadcrumb\",\"itemListElement\":[{\"@type\":\"ListItem\",\"position\":1,\"name\":\"Blog\",\"item\":\"https:\/\/www.diagnostika-mysli.cz\/blog\/\"},{\"@type\":\"ListItem\",\"position\":2,\"name\":\"Autismus\",\"item\":\"https:\/\/www.diagnostika-mysli.cz\/blog\/autismus\/\"},{\"@type\":\"ListItem\",\"position\":3,\"name\":\"Porucha autistickeho spektra\"}]},{\"@type\":\"Person\",\"@id\":\"https:\/\/www.diagnostika-mysli.cz\/blog\/#\/schema\/person\/8eb1bcaf59fea75c780c11946f4e3490\",\"name\":\"Test Mysli\",\"image\":{\"@type\":\"ImageObject\",\"@id\":\"https:\/\/www.diagnostika-mysli.cz\/blog\/#personlogo\",\"inLanguage\":\"cs\",\"url\":\"https:\/\/secure.gravatar.com\/avatar\/6743211f010801ea26aa9423a2daab37?s=96&d=mm&r=g\",\"contentUrl\":\"https:\/\/secure.gravatar.com\/avatar\/6743211f010801ea26aa9423a2daab37?s=96&d=mm&r=g\",\"caption\":\"Test Mysli\"},\"sameAs\":[\"https:\/\/www.diagnostika-mysli.cz\/blog\"],\"url\":\"https:\/\/www.diagnostika-mysli.cz\/blog\/author\/diagnostyka-umyslu\/\"}]}<\/script>\n<!-- \/ Yoast SEO plugin. -->","yoast_head_json":{"title":"Porucha autistickeho spektra - Test Mysli","robots":{"index":"index","follow":"follow","max-snippet":"max-snippet:-1","max-image-preview":"max-image-preview:large","max-video-preview":"max-video-preview:-1"},"canonical":"https:\/\/www.diagnostika-mysli.cz\/blog\/autismus\/porucha-autistickeho-spektra-2\/","og_locale":"cs_CZ","og_type":"article","og_title":"Porucha autistickeho spektra - Test Mysli","og_description":"Co je porucha autistick\u00e9ho spektra a jak\u00e9 jsou jej\u00ed p\u0159\u00edznaky? Porucha autistick\u00e9ho spektra (PAS) je neurov\u00fdvojov\u00e1 porucha, kter\u00e1 ovliv\u0148uje soci\u00e1ln\u00ed interakce, komunikaci a chov\u00e1n\u00ed jedince....","og_url":"https:\/\/www.diagnostika-mysli.cz\/blog\/autismus\/porucha-autistickeho-spektra-2\/","og_site_name":"Test Mysli","article_published_time":"2025-06-07T01:25:18+00:00","twitter_card":"summary_large_image","twitter_misc":{"Napsal(a)":"Test Mysli","Odhadovan\u00e1 doba \u010dten\u00ed":"3 minuty"},"schema":{"@context":"https:\/\/schema.org","@graph":[{"@type":"WebSite","@id":"https:\/\/www.diagnostika-mysli.cz\/blog\/#website","url":"https:\/\/www.diagnostika-mysli.cz\/blog\/","name":"Test Mysli","description":"Blog o poruch\u00e1ch mysli","potentialAction":[{"@type":"SearchAction","target":{"@type":"EntryPoint","urlTemplate":"https:\/\/www.diagnostika-mysli.cz\/blog\/?s={search_term_string}"},"query-input":"required name=search_term_string"}],"inLanguage":"cs"},{"@type":"WebPage","@id":"https:\/\/www.diagnostika-mysli.cz\/blog\/autismus\/porucha-autistickeho-spektra-2\/#webpage","url":"https:\/\/www.diagnostika-mysli.cz\/blog\/autismus\/porucha-autistickeho-spektra-2\/","name":"Porucha autistickeho spektra - Test Mysli","isPartOf":{"@id":"https:\/\/www.diagnostika-mysli.cz\/blog\/#website"},"datePublished":"2025-06-07T01:25:18+00:00","dateModified":"2025-06-07T01:25:18+00:00","author":{"@id":"https:\/\/www.diagnostika-mysli.cz\/blog\/#\/schema\/person\/8eb1bcaf59fea75c780c11946f4e3490"},"breadcrumb":{"@id":"https:\/\/www.diagnostika-mysli.cz\/blog\/autismus\/porucha-autistickeho-spektra-2\/#breadcrumb"},"inLanguage":"cs","potentialAction":[{"@type":"ReadAction","target":["https:\/\/www.diagnostika-mysli.cz\/blog\/autismus\/porucha-autistickeho-spektra-2\/"]}]},{"@type":"BreadcrumbList","@id":"https:\/\/www.diagnostika-mysli.cz\/blog\/autismus\/porucha-autistickeho-spektra-2\/#breadcrumb","itemListElement":[{"@type":"ListItem","position":1,"name":"Blog","item":"https:\/\/www.diagnostika-mysli.cz\/blog\/"},{"@type":"ListItem","position":2,"name":"Autismus","item":"https:\/\/www.diagnostika-mysli.cz\/blog\/autismus\/"},{"@type":"ListItem","position":3,"name":"Porucha autistickeho spektra"}]},{"@type":"Person","@id":"https:\/\/www.diagnostika-mysli.cz\/blog\/#\/schema\/person\/8eb1bcaf59fea75c780c11946f4e3490","name":"Test Mysli","image":{"@type":"ImageObject","@id":"https:\/\/www.diagnostika-mysli.cz\/blog\/#personlogo","inLanguage":"cs","url":"https:\/\/secure.gravatar.com\/avatar\/6743211f010801ea26aa9423a2daab37?s=96&d=mm&r=g","contentUrl":"https:\/\/secure.gravatar.com\/avatar\/6743211f010801ea26aa9423a2daab37?s=96&d=mm&r=g","caption":"Test Mysli"},"sameAs":["https:\/\/www.diagnostika-mysli.cz\/blog"],"url":"https:\/\/www.diagnostika-mysli.cz\/blog\/author\/diagnostyka-umyslu\/"}]}},"amp_enabled":true,"_links":{"self":[{"href":"https:\/\/www.diagnostika-mysli.cz\/blog\/wp-json\/wp\/v2\/posts\/3342"}],"collection":[{"href":"https:\/\/www.diagnostika-mysli.cz\/blog\/wp-json\/wp\/v2\/posts"}],"about":[{"href":"https:\/\/www.diagnostika-mysli.cz\/blog\/wp-json\/wp\/v2\/types\/post"}],"author":[{"embeddable":true,"href":"https:\/\/www.diagnostika-mysli.cz\/blog\/wp-json\/wp\/v2\/users\/1"}],"replies":[{"embeddable":true,"href":"https:\/\/www.diagnostika-mysli.cz\/blog\/wp-json\/wp\/v2\/comments?post=3342"}],"version-history":[{"count":0,"href":"https:\/\/www.diagnostika-mysli.cz\/blog\/wp-json\/wp\/v2\/posts\/3342\/revisions"}],"wp:attachment":[{"href":"https:\/\/www.diagnostika-mysli.cz\/blog\/wp-json\/wp\/v2\/media?parent=3342"}],"wp:term":[{"taxonomy":"category","embeddable":true,"href":"https:\/\/www.diagnostika-mysli.cz\/blog\/wp-json\/wp\/v2\/categories?post=3342"},{"taxonomy":"post_tag","embeddable":true,"href":"https:\/\/www.diagnostika-mysli.cz\/blog\/wp-json\/wp\/v2\/tags?post=3342"}],"curies":[{"name":"wp","href":"https:\/\/api.w.org\/{rel}","templated":true}]}}