{"id":3343,"date":"2025-06-08T02:05:39","date_gmt":"2025-06-08T00:05:39","guid":{"rendered":"https:\/\/www.diagnostika-mysli.cz\/blog\/adhd\/projevy-adhd-ve-skole\/"},"modified":"2025-06-08T02:05:39","modified_gmt":"2025-06-08T00:05:39","slug":"projevy-adhd-ve-skole","status":"publish","type":"post","link":"https:\/\/www.diagnostika-mysli.cz\/blog\/adhd\/projevy-adhd-ve-skole\/","title":{"rendered":"Projevy ADHD ve \u0161kole"},"content":{"rendered":"<div class='topics'>\n<div class='topic'>\n<h2>Jak rozpoznat a spr\u00e1vn\u011b \u0159e\u0161it projevy ADHD u \u017e\u00e1k\u016f ve \u0161kole<\/h2>\n<p>ADHD (Attention Deficit Hyperactivity Disorder) je neurov\u00fdvojov\u00e1 porucha, kter\u00e1 se projevuje p\u0159edev\u0161\u00edm u d\u011bt\u00ed a ml\u00e1de\u017ee. Tato porucha ovliv\u0148uje jejich schopnost soust\u0159edit se, pl\u00e1novat a kontrolovat sv\u00e9 chov\u00e1n\u00ed. Pro \u017e\u00e1ky ve \u0161kole m\u016f\u017ee b\u00fdt ADHD velkou p\u0159ek\u00e1\u017ekou v jejich u\u010den\u00ed a \u00fasp\u011bchu ve \u0161kole. Proto je d\u016fle\u017eit\u00e9, aby u\u010ditel\u00e9 a rodi\u010de byli schopni rozpoznat a spr\u00e1vn\u011b \u0159e\u0161it projevy ADHD u \u017e\u00e1k\u016f.<\/p>\n<p>Prvn\u00edm krokem k rozpozn\u00e1n\u00ed ADHD u \u017e\u00e1k\u016f ve \u0161kole je pozorov\u00e1n\u00ed jejich chov\u00e1n\u00ed. D\u011bti s ADHD maj\u00ed \u010dasto probl\u00e9my s pozornost\u00ed, jsou nespokojen\u00e9 a neklidn\u00e9. Mohou b\u00fdt tak\u00e9 impulzivn\u00ed a mohou m\u00edt probl\u00e9my s dodr\u017eov\u00e1n\u00edm pravidel. Tyto projevy mohou b\u00fdt zvl\u00e1\u0161t\u011b patrn\u00e9 ve \u0161kole, kde jsou \u017e\u00e1ci vystaveni mnoha podn\u011bt<\/p>\n<\/div>\n<div class='topic'>\n<h2>&#8211; Vysv\u011btlen\u00ed, co je ADHD a jak\u00e9 jsou jeho typick\u00e9 projevy u d\u011bt\u00ed ve \u0161kole<\/h2>\n<p>ADHD (Attention Deficit Hyperactivity Disorder) je neurov\u00fdvojov\u00e1 porucha, kter\u00e1 se projevuje p\u0159edev\u0161\u00edm u d\u011bt\u00ed ve v\u011bku od 6 do 12 let. Tato porucha ovliv\u0148uje schopnost d\u00edt\u011bte soust\u0159edit se, pl\u00e1novat a kontrolovat sv\u00e9 chov\u00e1n\u00ed. Je to chronick\u00fd stav, kter\u00fd m\u016f\u017ee trvat a\u017e do dosp\u011blosti.<\/p>\n<p>Jedn\u00edm z hlavn\u00edch p\u0159\u00edznak\u016f ADHD je neschopnost udr\u017eet pozornost na jednom m\u00edst\u011b nebo p\u0159i jedn\u00e9 \u010dinnosti. D\u011bti s touto poruchou maj\u00ed \u010dasto probl\u00e9my s dokon\u010den\u00edm \u00fakol\u016f, proto\u017ee se snadno rozptyluj\u00ed a p\u0159ech\u00e1zej\u00ed na jinou \u010dinnost. Mohou se tak\u00e9 zapom\u00ednat na d\u016fle\u017eit\u00e9 v\u011bci, jako jsou dom\u00e1c\u00ed \u00fakoly nebo \u0161koln\u00ed pot\u0159eby.<\/p>\n<p>Dal\u0161\u00edm typick\u00fdm projevem ADHD u d\u011bt\u00ed ve \u0161kole je hyperaktivita. D\u011bti s touto poruchou jsou \u010dasto velmi neposedn\u00e9 a nemohou z\u016fstat na jednom m\u00edst<\/p>\n<\/div>\n<div class='topic'>\n<h2>&#8211; D\u016fle\u017eitost v\u010dasn\u00e9ho rozpozn\u00e1n\u00ed a diagnostiky ADHD pro \u00fasp\u011b\u0161n\u00e9 \u0159e\u0161en\u00ed vzd\u011bl\u00e1vac\u00edch pot\u0159eb d\u00edt\u011bte<\/h2>\n<p>ADHD (Attention Deficit Hyperactivity Disorder) je neurov\u00fdvojov\u00e1 porucha, kter\u00e1 se projevuje poruchami pozornosti, hyperaktivitou a impulzivitou. Tato porucha m\u016f\u017ee m\u00edt v\u00fdrazn\u00fd vliv na vzd\u011bl\u00e1vac\u00ed pot\u0159eby d\u00edt\u011bte a proto je d\u016fle\u017eit\u00e9 ji v\u010das rozpoznat a diagnostikovat.<\/p>\n<p>V\u010dasn\u00e9 rozpozn\u00e1n\u00ed ADHD je kl\u00ed\u010dov\u00e9 pro \u00fasp\u011b\u0161n\u00e9 \u0159e\u0161en\u00ed vzd\u011bl\u00e1vac\u00edch pot\u0159eb d\u00edt\u011bte. Pokud nen\u00ed porucha v\u010das odhalena, m\u016f\u017ee m\u00edt negativn\u00ed dopad na akademick\u00e9 v\u00fdsledky, soci\u00e1ln\u00ed interakce a celkov\u00fd \u017eivot d\u00edt\u011bte. D\u011bti s ADHD maj\u00ed \u010dasto probl\u00e9my s koncentrac\u00ed, udr\u017een\u00edm pozornosti a pl\u00e1nov\u00e1n\u00edm, co\u017e m\u016f\u017ee v\u00e9st k n\u00edzk\u00fdm v\u00fdsledk\u016fm ve \u0161kole a neschopnosti dokon\u010dit \u00fakoly. Tyto probl\u00e9my mohou b\u00fdt zdrojem frustrace a n\u00edzk\u00e9 sebe\u00facty u d\u00edt\u011bte.<\/p>\n<p>V\u010dasn<\/p>\n<\/div>\n<div class='topic'>\n<h2>&#8211; Mo\u017enosti podpory a speci\u00e1ln\u00edch vzd\u011bl\u00e1vac\u00edch opat\u0159en\u00ed pro \u017e\u00e1ky s ADHD ve \u0161kole<\/h2>\n<p>ADHD (Attention Deficit Hyperactivity Disorder) je neurov\u00fdvojov\u00e1 porucha, kter\u00e1 se projevuje poruchami pozornosti, hyperaktivitou a impulzivitou. Tato porucha m\u016f\u017ee m\u00edt v\u00fdrazn\u00fd dopad na \u017e\u00e1ky ve \u0161kole, co\u017e m\u016f\u017ee v\u00e9st k probl\u00e9m\u016fm s u\u010den\u00edm a chov\u00e1n\u00edm. Proto je d\u016fle\u017eit\u00e9, aby \u0161koly poskytovaly speci\u00e1ln\u00ed podporu a vzd\u011bl\u00e1vac\u00ed opat\u0159en\u00ed pro \u017e\u00e1ky s ADHD, aby mohli dos\u00e1hnout sv\u00e9ho pln\u00e9ho potenci\u00e1lu.<\/p>\n<p>Existuje mnoho mo\u017enost\u00ed podpory pro \u017e\u00e1ky s ADHD ve \u0161kole. Jednou z nich je individu\u00e1ln\u00ed vzd\u011bl\u00e1vac\u00ed pl\u00e1n (IVP), kter\u00fd je vytvo\u0159en pro ka\u017ed\u00e9ho \u017e\u00e1ka s ADHD na z\u00e1klad\u011b jeho specifick\u00fdch pot\u0159eb. IVP zahrnuje strategie a opat\u0159en\u00ed, kter\u00e1 pom\u00e1haj\u00ed \u017e\u00e1kovi l\u00e9pe se u\u010dit a zvl\u00e1dat sv\u00e9 chov\u00e1n\u00ed. Nap\u0159\u00edklad m\u016f\u017ee obsahovat pravideln\u00e9 p\u0159est\u00e1<\/p>\n<\/div>\n<div class='topic'>\n<h2><\/h2>\n<p>\u010cesk\u00e1 kuchyn\u011b je jednou z nejstar\u0161\u00edch a nejbohat\u0161\u00edch kuchyn\u00ed v Evrop\u011b. Jej\u00ed ko\u0159eny sahaj\u00ed a\u017e do 9. stolet\u00ed, kdy se za\u010daly formovat prvn\u00ed tradi\u010dn\u00ed pokrmy. \u010cesk\u00e1 kuchyn\u011b je ovlivn\u011bna p\u0159edev\u0161\u00edm st\u0159edoevropskou kuchyn\u00ed, ale najdeme v n\u00ed i prvky z n\u011bmeck\u00e9, rakousk\u00e9, ma\u010farsk\u00e9 a \u017eidovsk\u00e9 kuchyn\u011b.<\/p>\n<p>Hlavn\u00edmi surovinami \u010desk\u00e9 kuchyn\u011b jsou brambory, maso, zelenina, ml\u00e9\u010dn\u00e9 v\u00fdrobky a obiloviny. V\u011bt\u0161ina pokrm\u016f je pom\u011brn\u011b jednoduch\u00e1, ale velmi chutn\u00e1 a s vysokou v\u00fd\u017eivovou hodnotou. Mezi nejzn\u00e1m\u011bj\u0161\u00ed \u010desk\u00e9 speciality pat\u0159\u00ed vep\u0159ov\u00e1 pe\u010den\u011b s knedl\u00edky, gul\u00e1\u0161, sv\u00ed\u010dkov\u00e1 na smetan\u011b, brambor\u00e1ky, sma\u017een\u00fd s\u00fdr a tradi\u010dn\u00ed \u010desk<\/p>\n<\/div>\n<div class='topic'>\n<h2>Vliv prost\u0159ed\u00ed ve \u0161kole na projevy ADHD u \u017e\u00e1k\u016f<\/h2>\n<p>Prost\u0159ed\u00ed ve \u0161kole hraje velmi d\u016fle\u017eitou roli v projevech ADHD u \u017e\u00e1k\u016f. ADHD (Attention Deficit Hyperactivity Disorder) je porucha, kter\u00e1 se projevuje poruchou pozornosti, hyperaktivitou a impulzivitou. Tato porucha m\u016f\u017ee m\u00edt vliv na u\u010den\u00ed, chov\u00e1n\u00ed a soci\u00e1ln\u00ed interakce \u017e\u00e1k\u016f. Je proto d\u016fle\u017eit\u00e9, aby \u0161kola poskytovala prost\u0159ed\u00ed, kter\u00e9 bude vhodn\u00e9 pro \u017e\u00e1ky s ADHD.<\/p>\n<p>Jedn\u00edm z hlavn\u00edch faktor\u016f, kter\u00e9 ovliv\u0148uj\u00ed projevy ADHD u \u017e\u00e1k\u016f, je prost\u0159ed\u00ed t\u0159\u00eddy. \u017d\u00e1ci s ADHD maj\u00ed \u010dasto probl\u00e9my s koncentrac\u00ed a pozornost\u00ed, a proto je pro n\u011b d\u016fle\u017eit\u00e9, aby m\u011bli klidn\u00e9 a p\u0159ehledn\u00e9 prost\u0159ed\u00ed. Hlu\u010dn\u00e9 a ru\u0161iv\u00e9 prost\u0159ed\u00ed m\u016f\u017ee zhor\u0161it jejich schopnost soust\u0159edit se a plnit \u00fakoly. Je proto d\u016fle\u017eit\u00e9, aby u\u010ditel\u00e9 vytv\u00e1\u0159eli prost\u0159ed\u00ed, kter\u00e9 bude pro \u017e<\/p>\n<\/div>\n<div class='topic'>\n<h2>&#8211; Jak\u00e9 faktory ve \u0161koln\u00edm prost\u0159ed\u00ed mohou ovliv\u0148ovat projevy ADHD u \u017e\u00e1k\u016f<\/h2>\n<p>ADHD (Attention Deficit Hyperactivity Disorder) je neurov\u00fdvojov\u00e1 porucha, kter\u00e1 se projevuje p\u0159edev\u0161\u00edm u d\u011bt\u00ed a ml\u00e1de\u017ee. Tato porucha m\u016f\u017ee m\u00edt vliv na mnoho aspekt\u016f \u017eivota jedince, v\u010detn\u011b jeho \u0161koln\u00edho prost\u0159ed\u00ed. \u017d\u00e1ci s ADHD mohou m\u00edt probl\u00e9my s koncentrac\u00ed, impulzivitou a hyperaktivitou, co\u017e m\u016f\u017ee negativn\u011b ovlivnit jejich \u0161koln\u00ed v\u00fdkon a chov\u00e1n\u00ed. Existuje mnoho faktor\u016f ve \u0161koln\u00edm prost\u0159ed\u00ed, kter\u00e9 mohou ovliv\u0148ovat projevy ADHD u \u017e\u00e1k\u016f. V n\u00e1sleduj\u00edc\u00edm textu se pod\u00edv\u00e1me na n\u011bkter\u00e9 z t\u011bchto faktor\u016f a jak mohou m\u00edt vliv na \u017e\u00e1ky s ADHD.<\/p>\n<p>1. Velikost t\u0159\u00eddy a prost\u0159ed\u00ed<\/p>\n<p>Velikost t\u0159\u00eddy a prost\u0159ed\u00ed mohou hr\u00e1t d\u016fle\u017eitou roli v projevech ADHD u \u017e\u00e1k\u016f. V\u011bt\u0161\u00ed t\u0159\u00eddy mohou b\u00fdt pro \u017e\u00e1ky s ADHD n\u00e1ro<\/p>\n<\/div>\n<div class='topic'>\n<h2>&#8211; D\u016fle\u017eitost vhodn\u00e9ho prost\u0159ed\u00ed pro \u017e\u00e1ky s ADHD a mo\u017enosti jeho vytvo\u0159en\u00ed<\/h2>\n<p>Pro \u017e\u00e1ky s ADHD (porucha pozornosti s hyperaktivitou) je velmi d\u016fle\u017eit\u00e9 m\u00edt vhodn\u00e9 prost\u0159ed\u00ed, kter\u00e9 jim pom\u016f\u017ee zvl\u00e1dat jejich obt\u00ed\u017ee a podpo\u0159\u00ed jejich u\u010den\u00ed. Tito \u017e\u00e1ci maj\u00ed \u010dasto probl\u00e9my s koncentrac\u00ed, impulzivitou a hyperaktivitou, co\u017e m\u016f\u017ee negativn\u011b ovlivnit jejich \u0161koln\u00ed v\u00fdkon a celkov\u00fd pocit z prost\u0159ed\u00ed ve \u0161kole.<\/p>\n<p>Vhodn\u00e9 prost\u0159ed\u00ed pro \u017e\u00e1ky s ADHD by m\u011blo b\u00fdt p\u0159izp\u016fsobeno jejich pot\u0159eb\u00e1m a m\u011blo by b\u00fdt vytvo\u0159eno ve spolupr\u00e1ci s pedagogick\u00fdm t\u00fdmem, rodi\u010di a samotn\u00fdm \u017e\u00e1kem. Z\u00e1kladem je vytvo\u0159it prost\u0159ed\u00ed, kter\u00e9 bude klidn\u00e9, p\u0159ehledn\u00e9 a podn\u011btn\u00e9.<\/p>\n<p>Kl\u00ed\u010dov\u00fdm prvkem je minimalizovat ru\u0161iv\u00e9 vlivy v prost\u0159ed\u00ed. To znamen\u00e1, \u017ee by m\u011blo b\u00fdt omezeno mno\u017estv\u00ed barev, vzor\u016f a p\u0159edm\u011b<\/p>\n<\/div>\n<div class='topic'>\n<h2>&#8211; Spolupr\u00e1ce mezi u\u010diteli, rodi\u010di a dal\u0161\u00edmi odborn\u00edky p\u0159i vytv\u00e1\u0159en\u00ed podp\u016frn\u00e9ho prost\u0159ed\u00ed pro \u017e\u00e1ky s ADHD<\/h2>\n<p>Spolupr\u00e1ce mezi u\u010diteli, rodi\u010di a dal\u0161\u00edmi odborn\u00edky je kl\u00ed\u010dov\u00fdm prvkem p\u0159i vytv\u00e1\u0159en\u00ed podp\u016frn\u00e9ho prost\u0159ed\u00ed pro \u017e\u00e1ky s ADHD. Tato spolupr\u00e1ce je nezbytn\u00e1 pro \u00fasp\u011b\u0161n\u00e9 zvl\u00e1dnut\u00ed vzd\u011bl\u00e1vac\u00edho procesu a pro dosa\u017een\u00ed optim\u00e1ln\u00edho rozvoje d\u00edt\u011bte s touto poruchou.<\/p>\n<p>ADHD (Attention Deficit Hyperactivity Disorder) je neurobiologick\u00e1 porucha, kter\u00e1 se projevuje poruchami pozornosti, hyperaktivitou a impulzivitou. Tato porucha m\u016f\u017ee m\u00edt v\u00fdrazn\u00fd vliv na vzd\u011bl\u00e1v\u00e1n\u00ed d\u00edt\u011bte, proto je d\u016fle\u017eit\u00e9, aby u\u010ditel\u00e9, rodi\u010de a dal\u0161\u00ed odborn\u00edci spolupracovali a vytvo\u0159ili pro \u017e\u00e1ka s ADHD podp\u016frn\u00e9 prost\u0159ed\u00ed.<\/p>\n<p>Prvn\u00edm krokem k \u00fasp\u011b\u0161n\u00e9 spolupr\u00e1ci je vz\u00e1jemn\u00e9 porozum\u011bn\u00ed a respekt mezi v\u0161emi z\u00fa\u010dastn\u011bn\u00fdmi stranami. U\u010ditel\u00e9 by<\/p>\n<\/div>\n<div class='topic'>\n<h2><\/h2>\n<p>\u010cesk\u00e1 kuchyn\u011b je jednou z nejstar\u0161\u00edch a nejbohat\u0161\u00edch kuchyn\u00ed v Evrop\u011b. Jej\u00ed ko\u0159eny sahaj\u00ed a\u017e do 9. stolet\u00ed, kdy se za\u010daly formovat prvn\u00ed tradi\u010dn\u00ed pokrmy. \u010cesk\u00e1 kuchyn\u011b je ovlivn\u011bna p\u0159edev\u0161\u00edm st\u0159edoevropskou kuchyn\u00ed, ale najdeme v n\u00ed i prvky z n\u011bmeck\u00e9, rakousk\u00e9, ma\u010farsk\u00e9 a \u017eidovsk\u00e9 kuchyn\u011b.<\/p>\n<p>Hlavn\u00edmi surovinami \u010desk\u00e9 kuchyn\u011b jsou brambory, maso, zelenina, ml\u00e9\u010dn\u00e9 v\u00fdrobky a obiloviny. V\u011bt\u0161ina pokrm\u016f je pom\u011brn\u011b jednoduch\u00e1, ale velmi chutn\u00e1 a s vysokou v\u00fd\u017eivovou hodnotou. Mezi nejzn\u00e1m\u011bj\u0161\u00ed \u010desk\u00e9 speciality pat\u0159\u00ed vep\u0159ov\u00e1 pe\u010den\u011b s knedl\u00edky, gul\u00e1\u0161, sv\u00ed\u010dkov\u00e1 na smetan\u011b, brambor\u00e1ky, sma\u017een\u00fd s\u00fdr a tradi\u010dn\u00ed \u010desk<\/p>\n<\/div>\n<div class='topic'>\n<h2>Strategie pro zvl\u00e1<\/h2>\n<p>Strategie pro zvl\u00e1d\u00e1n\u00ed jsou d\u016fle\u017eit\u00fdm n\u00e1strojem pro dosa\u017een\u00ed \u00fasp\u011bchu v r\u016fzn\u00fdch oblastech \u017eivota. Tyto strategie se pou\u017e\u00edvaj\u00ed k \u0159e\u0161en\u00ed probl\u00e9m\u016f, dosa\u017een\u00ed c\u00edl\u016f a zvl\u00e1dnut\u00ed n\u00e1ro\u010dn\u00fdch situac\u00ed. V tomto \u010dl\u00e1nku se pod\u00edv\u00e1me na t\u0159i hlavn\u00ed strategie pro zvl\u00e1d\u00e1n\u00ed, kter\u00e9 mohou b\u00fdt u\u017eite\u010dn\u00e9 pro ka\u017ed\u00e9ho.<\/p>\n<p>1. Pl\u00e1nov\u00e1n\u00ed a organizace<\/p>\n<p>Prvn\u00ed strategi\u00ed pro zvl\u00e1d\u00e1n\u00ed je pl\u00e1nov\u00e1n\u00ed a organizace. Tato strategie se zam\u011b\u0159uje na p\u0159\u00edpravu a pl\u00e1nov\u00e1n\u00ed p\u0159edem, aby se minimalizovaly p\u0159ek\u00e1\u017eky a probl\u00e9my. Pl\u00e1nov\u00e1n\u00ed zahrnuje stanoven\u00ed c\u00edl\u016f a vytvo\u0159en\u00ed pl\u00e1nu, jak je dos\u00e1hnout. Organizace se pak zam\u011b\u0159uje na efektivn\u00ed rozvr\u017een\u00ed \u010dasu, \u00fakol\u016f a zdroj\u016f. Tato strategie je u\u017eite\u010dn\u00e1 pro zvl\u00e1d\u00e1n\u00ed n\u00e1ro\u010dn\u00fdch situac\u00ed, jako jsou nap<\/p>\n<\/div>\n<\/div>\n","protected":false},"excerpt":{"rendered":"<p>Jak rozpoznat a spr\u00e1vn\u011b \u0159e\u0161it projevy ADHD u \u017e\u00e1k\u016f ve \u0161kole ADHD (Attention Deficit Hyperactivity Disorder) je neurov\u00fdvojov\u00e1 porucha, kter\u00e1 se projevuje p\u0159edev\u0161\u00edm u d\u011bt\u00ed&#8230;<\/p>\n","protected":false},"author":1,"featured_media":0,"comment_status":"","ping_status":"open","sticky":false,"template":"","format":"standard","meta":{"inline_featured_image":false},"categories":[780],"tags":[],"yoast_head":"<!-- This site is optimized with the Yoast SEO plugin v18.1 - https:\/\/yoast.com\/wordpress\/plugins\/seo\/ -->\n<title>Projevy ADHD ve \u0161kole - Test Mysli<\/title>\n<meta name=\"robots\" content=\"index, follow, max-snippet:-1, max-image-preview:large, max-video-preview:-1\" \/>\n<link rel=\"canonical\" href=\"https:\/\/www.diagnostika-mysli.cz\/blog\/adhd\/projevy-adhd-ve-skole\/\" \/>\n<meta property=\"og:locale\" content=\"cs_CZ\" \/>\n<meta property=\"og:type\" content=\"article\" \/>\n<meta property=\"og:title\" content=\"Projevy ADHD ve \u0161kole - Test Mysli\" \/>\n<meta property=\"og:description\" content=\"Jak rozpoznat a spr\u00e1vn\u011b \u0159e\u0161it projevy ADHD u \u017e\u00e1k\u016f ve \u0161kole ADHD (Attention Deficit Hyperactivity Disorder) je neurov\u00fdvojov\u00e1 porucha, kter\u00e1 se projevuje p\u0159edev\u0161\u00edm u d\u011bt\u00ed...\" \/>\n<meta property=\"og:url\" content=\"https:\/\/www.diagnostika-mysli.cz\/blog\/adhd\/projevy-adhd-ve-skole\/\" \/>\n<meta property=\"og:site_name\" content=\"Test Mysli\" \/>\n<meta property=\"article:published_time\" content=\"2025-06-08T00:05:39+00:00\" \/>\n<meta name=\"twitter:card\" content=\"summary_large_image\" \/>\n<meta name=\"twitter:label1\" content=\"Napsal(a)\" \/>\n\t<meta name=\"twitter:data1\" content=\"Test Mysli\" \/>\n\t<meta name=\"twitter:label2\" content=\"Odhadovan\u00e1 doba \u010dten\u00ed\" \/>\n\t<meta name=\"twitter:data2\" content=\"9 minut\" \/>\n<script type=\"application\/ld+json\" class=\"yoast-schema-graph\">{\"@context\":\"https:\/\/schema.org\",\"@graph\":[{\"@type\":\"WebSite\",\"@id\":\"https:\/\/www.diagnostika-mysli.cz\/blog\/#website\",\"url\":\"https:\/\/www.diagnostika-mysli.cz\/blog\/\",\"name\":\"Test Mysli\",\"description\":\"Blog o poruch\u00e1ch mysli\",\"potentialAction\":[{\"@type\":\"SearchAction\",\"target\":{\"@type\":\"EntryPoint\",\"urlTemplate\":\"https:\/\/www.diagnostika-mysli.cz\/blog\/?s={search_term_string}\"},\"query-input\":\"required name=search_term_string\"}],\"inLanguage\":\"cs\"},{\"@type\":\"WebPage\",\"@id\":\"https:\/\/www.diagnostika-mysli.cz\/blog\/adhd\/projevy-adhd-ve-skole\/#webpage\",\"url\":\"https:\/\/www.diagnostika-mysli.cz\/blog\/adhd\/projevy-adhd-ve-skole\/\",\"name\":\"Projevy ADHD ve \u0161kole - Test Mysli\",\"isPartOf\":{\"@id\":\"https:\/\/www.diagnostika-mysli.cz\/blog\/#website\"},\"datePublished\":\"2025-06-08T00:05:39+00:00\",\"dateModified\":\"2025-06-08T00:05:39+00:00\",\"author\":{\"@id\":\"https:\/\/www.diagnostika-mysli.cz\/blog\/#\/schema\/person\/8eb1bcaf59fea75c780c11946f4e3490\"},\"breadcrumb\":{\"@id\":\"https:\/\/www.diagnostika-mysli.cz\/blog\/adhd\/projevy-adhd-ve-skole\/#breadcrumb\"},\"inLanguage\":\"cs\",\"potentialAction\":[{\"@type\":\"ReadAction\",\"target\":[\"https:\/\/www.diagnostika-mysli.cz\/blog\/adhd\/projevy-adhd-ve-skole\/\"]}]},{\"@type\":\"BreadcrumbList\",\"@id\":\"https:\/\/www.diagnostika-mysli.cz\/blog\/adhd\/projevy-adhd-ve-skole\/#breadcrumb\",\"itemListElement\":[{\"@type\":\"ListItem\",\"position\":1,\"name\":\"Blog\",\"item\":\"https:\/\/www.diagnostika-mysli.cz\/blog\/\"},{\"@type\":\"ListItem\",\"position\":2,\"name\":\"ADHD\",\"item\":\"https:\/\/www.diagnostika-mysli.cz\/blog\/adhd\/\"},{\"@type\":\"ListItem\",\"position\":3,\"name\":\"Projevy ADHD ve \u0161kole\"}]},{\"@type\":\"Person\",\"@id\":\"https:\/\/www.diagnostika-mysli.cz\/blog\/#\/schema\/person\/8eb1bcaf59fea75c780c11946f4e3490\",\"name\":\"Test Mysli\",\"image\":{\"@type\":\"ImageObject\",\"@id\":\"https:\/\/www.diagnostika-mysli.cz\/blog\/#personlogo\",\"inLanguage\":\"cs\",\"url\":\"https:\/\/secure.gravatar.com\/avatar\/6743211f010801ea26aa9423a2daab37?s=96&d=mm&r=g\",\"contentUrl\":\"https:\/\/secure.gravatar.com\/avatar\/6743211f010801ea26aa9423a2daab37?s=96&d=mm&r=g\",\"caption\":\"Test Mysli\"},\"sameAs\":[\"https:\/\/www.diagnostika-mysli.cz\/blog\"],\"url\":\"https:\/\/www.diagnostika-mysli.cz\/blog\/author\/diagnostyka-umyslu\/\"}]}<\/script>\n<!-- \/ Yoast SEO plugin. -->","yoast_head_json":{"title":"Projevy ADHD ve \u0161kole - Test Mysli","robots":{"index":"index","follow":"follow","max-snippet":"max-snippet:-1","max-image-preview":"max-image-preview:large","max-video-preview":"max-video-preview:-1"},"canonical":"https:\/\/www.diagnostika-mysli.cz\/blog\/adhd\/projevy-adhd-ve-skole\/","og_locale":"cs_CZ","og_type":"article","og_title":"Projevy ADHD ve \u0161kole - Test Mysli","og_description":"Jak rozpoznat a spr\u00e1vn\u011b \u0159e\u0161it projevy ADHD u \u017e\u00e1k\u016f ve \u0161kole ADHD (Attention Deficit Hyperactivity Disorder) je neurov\u00fdvojov\u00e1 porucha, kter\u00e1 se projevuje p\u0159edev\u0161\u00edm u d\u011bt\u00ed...","og_url":"https:\/\/www.diagnostika-mysli.cz\/blog\/adhd\/projevy-adhd-ve-skole\/","og_site_name":"Test Mysli","article_published_time":"2025-06-08T00:05:39+00:00","twitter_card":"summary_large_image","twitter_misc":{"Napsal(a)":"Test Mysli","Odhadovan\u00e1 doba \u010dten\u00ed":"9 minut"},"schema":{"@context":"https:\/\/schema.org","@graph":[{"@type":"WebSite","@id":"https:\/\/www.diagnostika-mysli.cz\/blog\/#website","url":"https:\/\/www.diagnostika-mysli.cz\/blog\/","name":"Test Mysli","description":"Blog o poruch\u00e1ch mysli","potentialAction":[{"@type":"SearchAction","target":{"@type":"EntryPoint","urlTemplate":"https:\/\/www.diagnostika-mysli.cz\/blog\/?s={search_term_string}"},"query-input":"required name=search_term_string"}],"inLanguage":"cs"},{"@type":"WebPage","@id":"https:\/\/www.diagnostika-mysli.cz\/blog\/adhd\/projevy-adhd-ve-skole\/#webpage","url":"https:\/\/www.diagnostika-mysli.cz\/blog\/adhd\/projevy-adhd-ve-skole\/","name":"Projevy ADHD ve \u0161kole - Test Mysli","isPartOf":{"@id":"https:\/\/www.diagnostika-mysli.cz\/blog\/#website"},"datePublished":"2025-06-08T00:05:39+00:00","dateModified":"2025-06-08T00:05:39+00:00","author":{"@id":"https:\/\/www.diagnostika-mysli.cz\/blog\/#\/schema\/person\/8eb1bcaf59fea75c780c11946f4e3490"},"breadcrumb":{"@id":"https:\/\/www.diagnostika-mysli.cz\/blog\/adhd\/projevy-adhd-ve-skole\/#breadcrumb"},"inLanguage":"cs","potentialAction":[{"@type":"ReadAction","target":["https:\/\/www.diagnostika-mysli.cz\/blog\/adhd\/projevy-adhd-ve-skole\/"]}]},{"@type":"BreadcrumbList","@id":"https:\/\/www.diagnostika-mysli.cz\/blog\/adhd\/projevy-adhd-ve-skole\/#breadcrumb","itemListElement":[{"@type":"ListItem","position":1,"name":"Blog","item":"https:\/\/www.diagnostika-mysli.cz\/blog\/"},{"@type":"ListItem","position":2,"name":"ADHD","item":"https:\/\/www.diagnostika-mysli.cz\/blog\/adhd\/"},{"@type":"ListItem","position":3,"name":"Projevy ADHD ve \u0161kole"}]},{"@type":"Person","@id":"https:\/\/www.diagnostika-mysli.cz\/blog\/#\/schema\/person\/8eb1bcaf59fea75c780c11946f4e3490","name":"Test Mysli","image":{"@type":"ImageObject","@id":"https:\/\/www.diagnostika-mysli.cz\/blog\/#personlogo","inLanguage":"cs","url":"https:\/\/secure.gravatar.com\/avatar\/6743211f010801ea26aa9423a2daab37?s=96&d=mm&r=g","contentUrl":"https:\/\/secure.gravatar.com\/avatar\/6743211f010801ea26aa9423a2daab37?s=96&d=mm&r=g","caption":"Test Mysli"},"sameAs":["https:\/\/www.diagnostika-mysli.cz\/blog"],"url":"https:\/\/www.diagnostika-mysli.cz\/blog\/author\/diagnostyka-umyslu\/"}]}},"amp_enabled":true,"_links":{"self":[{"href":"https:\/\/www.diagnostika-mysli.cz\/blog\/wp-json\/wp\/v2\/posts\/3343"}],"collection":[{"href":"https:\/\/www.diagnostika-mysli.cz\/blog\/wp-json\/wp\/v2\/posts"}],"about":[{"href":"https:\/\/www.diagnostika-mysli.cz\/blog\/wp-json\/wp\/v2\/types\/post"}],"author":[{"embeddable":true,"href":"https:\/\/www.diagnostika-mysli.cz\/blog\/wp-json\/wp\/v2\/users\/1"}],"replies":[{"embeddable":true,"href":"https:\/\/www.diagnostika-mysli.cz\/blog\/wp-json\/wp\/v2\/comments?post=3343"}],"version-history":[{"count":0,"href":"https:\/\/www.diagnostika-mysli.cz\/blog\/wp-json\/wp\/v2\/posts\/3343\/revisions"}],"wp:attachment":[{"href":"https:\/\/www.diagnostika-mysli.cz\/blog\/wp-json\/wp\/v2\/media?parent=3343"}],"wp:term":[{"taxonomy":"category","embeddable":true,"href":"https:\/\/www.diagnostika-mysli.cz\/blog\/wp-json\/wp\/v2\/categories?post=3343"},{"taxonomy":"post_tag","embeddable":true,"href":"https:\/\/www.diagnostika-mysli.cz\/blog\/wp-json\/wp\/v2\/tags?post=3343"}],"curies":[{"name":"wp","href":"https:\/\/api.w.org\/{rel}","templated":true}]}}