{"id":3344,"date":"2025-06-08T03:25:21","date_gmt":"2025-06-08T01:25:21","guid":{"rendered":"https:\/\/www.diagnostika-mysli.cz\/blog\/autismus\/aspergeruv-syndrom-u-muzu\/"},"modified":"2025-06-08T03:25:21","modified_gmt":"2025-06-08T01:25:21","slug":"aspergeruv-syndrom-u-muzu","status":"publish","type":"post","link":"https:\/\/www.diagnostika-mysli.cz\/blog\/autismus\/aspergeruv-syndrom-u-muzu\/","title":{"rendered":"Asperger\u016fv syndrom u mu\u017e\u016f"},"content":{"rendered":"<div class='topics'>\n<div class='topic'>\n<h2>Co je Asperger\u016fv syndrom a jak se projevuje u mu\u017e\u016f?<\/h2>\n<p>Asperger\u016fv syndrom je neurov\u00fdvojov\u00e9 onemocn\u011bn\u00ed, kter\u00e9 se projevuje p\u0159edev\u0161\u00edm v soci\u00e1ln\u00edch interakc\u00edch a komunikaci. Toto onemocn\u011bn\u00ed je sou\u010d\u00e1st\u00ed \u0161ir\u0161\u00ed skupiny poruch autistick\u00e9ho spektra a je pojmenov\u00e1no po rakousk\u00e9m l\u00e9ka\u0159i Hanse Aspergera, kter\u00fd jej poprv\u00e9 popsal v roce 1944.<\/p>\n<p>U mu\u017e\u016f se Asperger\u016fv syndrom projevuje r\u016fzn\u00fdmi zp\u016fsoby, ale existuj\u00ed ur\u010dit\u00e9 charakteristick\u00e9 rysy, kter\u00e9 jsou \u010dast\u011bji pozorov\u00e1ny. Jedn\u00edm z nich je probl\u00e9m s porozum\u011bn\u00edm soci\u00e1ln\u00edm n\u00e1vyk\u016fm a nesn\u00e1ze s navazov\u00e1n\u00edm a udr\u017eov\u00e1n\u00edm vztah\u016f. Mu\u017ei s Aspergerov\u00fdm syndromem mohou m\u00edt pot\u00ed\u017ee s \u010dten\u00edm neverb\u00e1ln\u00edch sign\u00e1l\u016f, jako jsou nap\u0159\u00edklad mimika, gesta nebo t\u00f3n hlasu, co\u017e jim m\u016f\u017ee zt\u00ed\u017eit porozum\u011bn\u00ed emoc\u00edm a n\u00e1lad\u00e1m d<\/p>\n<\/div>\n<div class='topic'>\n<h2>Asperger\u016fv syndrom je neurov\u00fdvojov\u00e9 onemocn\u011bn\u00ed, kter\u00e9 se projevuje p\u0159edev\u0161\u00edm obt\u00ed\u017eemi v soci\u00e1ln\u00edm chov\u00e1n\u00ed a komunikaci. U mu\u017e\u016f se tento syndrom projevuje \u010dast\u011bji ne\u017e u \u017een, a to p\u0159ibli\u017en\u011b v pom\u011bru 4:Typick\u00e9 p\u0159\u00edznaky Aspergerova syndromu u mu\u017e\u016f zahrnuj\u00ed nap\u0159\u00edklad probl\u00e9my s porozum\u011bn\u00edm neverb\u00e1ln\u00ed komunikace, omezen\u00e9 z\u00e1jmy a stereotypn\u00ed chov\u00e1n\u00ed.<\/h2>\n<p>Asperger\u016fv syndrom je neurov\u00fdvojov\u00e9 onemocn\u011bn\u00ed, kter\u00e9 se projevuje p\u0159edev\u0161\u00edm obt\u00ed\u017eemi v soci\u00e1ln\u00edm chov\u00e1n\u00ed a komunikaci. Jedn\u00e1 se o poruchu zahrnuj\u00edc\u00ed \u0161irok\u00e9 spektrum p\u0159\u00edznak\u016f, kter\u00e9 mohou b\u00fdt u ka\u017ed\u00e9ho jedince odli\u0161n\u00e9ho charakteru a intenzity. Toto onemocn\u011bn\u00ed je pojmenov\u00e1no po rakousk\u00e9m l\u00e9ka\u0159i Hansi Aspergerovi, kter\u00fd jej poprv\u00e9 popsal v roce 1944.<\/p>\n<p>Asperger\u016fv syndrom se projevuje p\u0159edev\u0161\u00edm u mu\u017e\u016f, a to p\u0159ibli\u017en\u011b v pom\u011bru 4:1. To znamen\u00e1, \u017ee mu\u017ei jsou \u010dty\u0159ikr\u00e1t \u010dast\u011bji posti\u017eeni ne\u017e \u017eeny. P\u0159\u00ed\u010dina tohoto rozd\u00edlu nen\u00ed zcela jasn\u00e1, ale v\u011bdci se domn\u00edvaj\u00ed, \u017ee to m\u016f\u017ee b\u00fdt zp\u016fsobeno genetick\u00fdmi faktory.<\/p>\n<p>Typick\u00e9 p\u0159\u00edznaky Aspergerova syndromu u mu\u017e\u016f zahrnuj\u00ed nap\u0159<\/p>\n<\/div>\n<div class='topic'>\n<h2><\/h2>\n<p>\u010cesk\u00e1 kuchyn\u011b je jednou z nejstar\u0161\u00edch a nejbohat\u0161\u00edch kuchyn\u00ed v Evrop\u011b. Jej\u00ed ko\u0159eny sahaj\u00ed a\u017e do 9. stolet\u00ed, kdy se za\u010daly formovat prvn\u00ed tradi\u010dn\u00ed pokrmy. \u010cesk\u00e1 kuchyn\u011b je ovlivn\u011bna p\u0159edev\u0161\u00edm st\u0159edoevropskou kuchyn\u00ed, ale najdeme v n\u00ed i prvky z n\u011bmeck\u00e9, rakousk\u00e9, ma\u010farsk\u00e9 a \u017eidovsk\u00e9 kuchyn\u011b.<\/p>\n<p>Hlavn\u00edmi surovinami \u010desk\u00e9 kuchyn\u011b jsou brambory, maso, zelenina, ml\u00e9\u010dn\u00e9 v\u00fdrobky a obiloviny. V\u011bt\u0161ina pokrm\u016f je pom\u011brn\u011b jednoduch\u00e1, ale velmi chutn\u00e1 a s vysokou v\u00fd\u017eivovou hodnotou. Mezi nejzn\u00e1m\u011bj\u0161\u00ed \u010desk\u00e9 speciality pat\u0159\u00ed vep\u0159ov\u00e1 pe\u010den\u011b s knedl\u00edky, gul\u00e1\u0161, sv\u00ed\u010dkov\u00e1 na smetan\u011b, brambor\u00e1ky, sma\u017een\u00fd s\u00fdr a tradi\u010dn\u00ed \u010desk<\/p>\n<\/div>\n<div class='topic'>\n<h2>Jak\u00e9 jsou mo\u017en\u00e9 p\u0159\u00ed\u010diny Aspergerova syndromu u mu\u017e\u016f?<\/h2>\n<p>Asperger\u016fv syndrom je neurov\u00fdvojov\u00e9 onemocn\u011bn\u00ed, kter\u00e9 se projevuje p\u0159edev\u0161\u00edm poruchami soci\u00e1ln\u00ed interakce a komunikace, stereotypn\u00edmi chov\u00e1n\u00edmi a omezen\u00fdmi z\u00e1jmy. Toto onemocn\u011bn\u00ed se \u010dasto vyskytuje u mu\u017e\u016f, a\u010dkoli m\u016f\u017ee postihnout i \u017eeny. Existuje n\u011bkolik mo\u017en\u00fdch p\u0159\u00ed\u010din Aspergerova syndromu u mu\u017e\u016f, kter\u00e9 mohou b\u00fdt genetick\u00e9, biologick\u00e9 nebo prost\u0159ed\u00ed.<\/p>\n<p>Jednou z mo\u017en\u00fdch p\u0159\u00ed\u010din Aspergerova syndromu u mu\u017e\u016f je genetick\u00e1 predispozice. V\u011bdci zjistili, \u017ee u rodin, kde m\u00e1 n\u011bkdo Asperger\u016fv syndrom, je vy\u0161\u0161\u00ed pravd\u011bpodobnost, \u017ee se tento syndrom objev\u00ed i u dal\u0161\u00edch \u010dlen\u016f rodiny. Studie ukazuj\u00ed, \u017ee genetick\u00e9 faktory mohou hr\u00e1t v\u00fdznamnou roli v rozvoji Aspergerova syndromu u mu\u017e\u016f. V\u00fdzkumy ukazuj\u00ed,<\/p>\n<\/div>\n<div class='topic'>\n<h2>P\u0159esn\u00e9 p\u0159\u00ed\u010diny Aspergerova syndromu nejsou zat\u00edm zn\u00e1my, ale v\u011bdci se domn\u00edvaj\u00ed, \u017ee m\u016f\u017ee b\u00fdt zp\u016fsoben kombinac\u00ed genetick\u00fdch a environment\u00e1ln\u00edch faktor\u016f. U mu\u017e\u016f se tak\u00e9 \u010dast\u011bji projevuje d\u011bdi\u010dn\u00e1 predispozice k tomuto onemocn\u011bn\u00ed<\/h2>\n<p>Asperger\u016fv syndrom je neurov\u00fdvojov\u00e9 onemocn\u011bn\u00ed, kter\u00e9 se projevuje p\u0159edev\u0161\u00edm poruchami soci\u00e1ln\u00ed interakce a komunikace, stereotypn\u00edmi chov\u00e1n\u00edmi a omezen\u00fdmi z\u00e1jmy. P\u0159esn\u00e9 p\u0159\u00ed\u010diny tohoto syndromu nejsou zat\u00edm zn\u00e1my, ale v\u011bdci se domn\u00edvaj\u00ed, \u017ee m\u016f\u017ee b\u00fdt zp\u016fsoben kombinac\u00ed genetick\u00fdch a environment\u00e1ln\u00edch faktor\u016f.<\/p>\n<p>Genetick\u00e9 faktory hraj\u00ed v\u00fdznamnou roli v rozvoji Aspergerova syndromu. Studie ukazuj\u00ed, \u017ee u jednovaje\u010dn\u00fdch dvoj\u010dat, kdy maj\u00ed oba jedinci stejn\u00fd genetick\u00fd materi\u00e1l, je vysok\u00e1 pravd\u011bpodobnost, \u017ee pokud jeden z nich m\u00e1 Asperger\u016fv syndrom, bude ho m\u00edt i druh\u00fd. To nazna\u010duje, \u017ee existuje d\u011bdi\u010dn\u00e1 predispozice k tomuto onemocn\u011bn\u00ed. V\u00fdzkumy tak\u00e9 ukazuj\u00ed, \u017ee u rodin, kde m\u00e1 n\u011bkdo Asperger\u016fv syndrom<\/p>\n<\/div>\n<\/div>\n","protected":false},"excerpt":{"rendered":"<p>Co je Asperger\u016fv syndrom a jak se projevuje u mu\u017e\u016f? Asperger\u016fv syndrom je neurov\u00fdvojov\u00e9 onemocn\u011bn\u00ed, kter\u00e9 se projevuje p\u0159edev\u0161\u00edm v soci\u00e1ln\u00edch interakc\u00edch a komunikaci. Toto&#8230;<\/p>\n","protected":false},"author":1,"featured_media":0,"comment_status":"","ping_status":"open","sticky":false,"template":"","format":"standard","meta":{"inline_featured_image":false},"categories":[849],"tags":[],"yoast_head":"<!-- This site is optimized with the Yoast SEO plugin v18.1 - https:\/\/yoast.com\/wordpress\/plugins\/seo\/ -->\n<title>Asperger\u016fv syndrom u mu\u017e\u016f - Test Mysli<\/title>\n<meta name=\"robots\" content=\"index, follow, max-snippet:-1, max-image-preview:large, max-video-preview:-1\" \/>\n<link rel=\"canonical\" href=\"https:\/\/www.diagnostika-mysli.cz\/blog\/autismus\/aspergeruv-syndrom-u-muzu\/\" \/>\n<meta property=\"og:locale\" content=\"cs_CZ\" \/>\n<meta property=\"og:type\" content=\"article\" \/>\n<meta property=\"og:title\" content=\"Asperger\u016fv syndrom u mu\u017e\u016f - Test Mysli\" \/>\n<meta property=\"og:description\" content=\"Co je Asperger\u016fv syndrom a jak se projevuje u mu\u017e\u016f? Asperger\u016fv syndrom je neurov\u00fdvojov\u00e9 onemocn\u011bn\u00ed, kter\u00e9 se projevuje p\u0159edev\u0161\u00edm v soci\u00e1ln\u00edch interakc\u00edch a komunikaci. Toto...\" \/>\n<meta property=\"og:url\" content=\"https:\/\/www.diagnostika-mysli.cz\/blog\/autismus\/aspergeruv-syndrom-u-muzu\/\" \/>\n<meta property=\"og:site_name\" content=\"Test Mysli\" \/>\n<meta property=\"article:published_time\" content=\"2025-06-08T01:25:21+00:00\" \/>\n<meta name=\"twitter:card\" content=\"summary_large_image\" \/>\n<meta name=\"twitter:label1\" content=\"Napsal(a)\" \/>\n\t<meta name=\"twitter:data1\" content=\"Test Mysli\" \/>\n\t<meta name=\"twitter:label2\" content=\"Odhadovan\u00e1 doba \u010dten\u00ed\" \/>\n\t<meta name=\"twitter:data2\" content=\"4 minuty\" \/>\n<script type=\"application\/ld+json\" class=\"yoast-schema-graph\">{\"@context\":\"https:\/\/schema.org\",\"@graph\":[{\"@type\":\"WebSite\",\"@id\":\"https:\/\/www.diagnostika-mysli.cz\/blog\/#website\",\"url\":\"https:\/\/www.diagnostika-mysli.cz\/blog\/\",\"name\":\"Test Mysli\",\"description\":\"Blog o poruch\u00e1ch mysli\",\"potentialAction\":[{\"@type\":\"SearchAction\",\"target\":{\"@type\":\"EntryPoint\",\"urlTemplate\":\"https:\/\/www.diagnostika-mysli.cz\/blog\/?s={search_term_string}\"},\"query-input\":\"required name=search_term_string\"}],\"inLanguage\":\"cs\"},{\"@type\":\"WebPage\",\"@id\":\"https:\/\/www.diagnostika-mysli.cz\/blog\/autismus\/aspergeruv-syndrom-u-muzu\/#webpage\",\"url\":\"https:\/\/www.diagnostika-mysli.cz\/blog\/autismus\/aspergeruv-syndrom-u-muzu\/\",\"name\":\"Asperger\u016fv syndrom u mu\u017e\u016f - Test Mysli\",\"isPartOf\":{\"@id\":\"https:\/\/www.diagnostika-mysli.cz\/blog\/#website\"},\"datePublished\":\"2025-06-08T01:25:21+00:00\",\"dateModified\":\"2025-06-08T01:25:21+00:00\",\"author\":{\"@id\":\"https:\/\/www.diagnostika-mysli.cz\/blog\/#\/schema\/person\/8eb1bcaf59fea75c780c11946f4e3490\"},\"breadcrumb\":{\"@id\":\"https:\/\/www.diagnostika-mysli.cz\/blog\/autismus\/aspergeruv-syndrom-u-muzu\/#breadcrumb\"},\"inLanguage\":\"cs\",\"potentialAction\":[{\"@type\":\"ReadAction\",\"target\":[\"https:\/\/www.diagnostika-mysli.cz\/blog\/autismus\/aspergeruv-syndrom-u-muzu\/\"]}]},{\"@type\":\"BreadcrumbList\",\"@id\":\"https:\/\/www.diagnostika-mysli.cz\/blog\/autismus\/aspergeruv-syndrom-u-muzu\/#breadcrumb\",\"itemListElement\":[{\"@type\":\"ListItem\",\"position\":1,\"name\":\"Blog\",\"item\":\"https:\/\/www.diagnostika-mysli.cz\/blog\/\"},{\"@type\":\"ListItem\",\"position\":2,\"name\":\"Autismus\",\"item\":\"https:\/\/www.diagnostika-mysli.cz\/blog\/autismus\/\"},{\"@type\":\"ListItem\",\"position\":3,\"name\":\"Asperger\u016fv syndrom u mu\u017e\u016f\"}]},{\"@type\":\"Person\",\"@id\":\"https:\/\/www.diagnostika-mysli.cz\/blog\/#\/schema\/person\/8eb1bcaf59fea75c780c11946f4e3490\",\"name\":\"Test Mysli\",\"image\":{\"@type\":\"ImageObject\",\"@id\":\"https:\/\/www.diagnostika-mysli.cz\/blog\/#personlogo\",\"inLanguage\":\"cs\",\"url\":\"https:\/\/secure.gravatar.com\/avatar\/6743211f010801ea26aa9423a2daab37?s=96&d=mm&r=g\",\"contentUrl\":\"https:\/\/secure.gravatar.com\/avatar\/6743211f010801ea26aa9423a2daab37?s=96&d=mm&r=g\",\"caption\":\"Test Mysli\"},\"sameAs\":[\"https:\/\/www.diagnostika-mysli.cz\/blog\"],\"url\":\"https:\/\/www.diagnostika-mysli.cz\/blog\/author\/diagnostyka-umyslu\/\"}]}<\/script>\n<!-- \/ Yoast SEO plugin. -->","yoast_head_json":{"title":"Asperger\u016fv syndrom u mu\u017e\u016f - Test Mysli","robots":{"index":"index","follow":"follow","max-snippet":"max-snippet:-1","max-image-preview":"max-image-preview:large","max-video-preview":"max-video-preview:-1"},"canonical":"https:\/\/www.diagnostika-mysli.cz\/blog\/autismus\/aspergeruv-syndrom-u-muzu\/","og_locale":"cs_CZ","og_type":"article","og_title":"Asperger\u016fv syndrom u mu\u017e\u016f - Test Mysli","og_description":"Co je Asperger\u016fv syndrom a jak se projevuje u mu\u017e\u016f? Asperger\u016fv syndrom je neurov\u00fdvojov\u00e9 onemocn\u011bn\u00ed, kter\u00e9 se projevuje p\u0159edev\u0161\u00edm v soci\u00e1ln\u00edch interakc\u00edch a komunikaci. Toto...","og_url":"https:\/\/www.diagnostika-mysli.cz\/blog\/autismus\/aspergeruv-syndrom-u-muzu\/","og_site_name":"Test Mysli","article_published_time":"2025-06-08T01:25:21+00:00","twitter_card":"summary_large_image","twitter_misc":{"Napsal(a)":"Test Mysli","Odhadovan\u00e1 doba \u010dten\u00ed":"4 minuty"},"schema":{"@context":"https:\/\/schema.org","@graph":[{"@type":"WebSite","@id":"https:\/\/www.diagnostika-mysli.cz\/blog\/#website","url":"https:\/\/www.diagnostika-mysli.cz\/blog\/","name":"Test Mysli","description":"Blog o poruch\u00e1ch mysli","potentialAction":[{"@type":"SearchAction","target":{"@type":"EntryPoint","urlTemplate":"https:\/\/www.diagnostika-mysli.cz\/blog\/?s={search_term_string}"},"query-input":"required name=search_term_string"}],"inLanguage":"cs"},{"@type":"WebPage","@id":"https:\/\/www.diagnostika-mysli.cz\/blog\/autismus\/aspergeruv-syndrom-u-muzu\/#webpage","url":"https:\/\/www.diagnostika-mysli.cz\/blog\/autismus\/aspergeruv-syndrom-u-muzu\/","name":"Asperger\u016fv syndrom u mu\u017e\u016f - Test Mysli","isPartOf":{"@id":"https:\/\/www.diagnostika-mysli.cz\/blog\/#website"},"datePublished":"2025-06-08T01:25:21+00:00","dateModified":"2025-06-08T01:25:21+00:00","author":{"@id":"https:\/\/www.diagnostika-mysli.cz\/blog\/#\/schema\/person\/8eb1bcaf59fea75c780c11946f4e3490"},"breadcrumb":{"@id":"https:\/\/www.diagnostika-mysli.cz\/blog\/autismus\/aspergeruv-syndrom-u-muzu\/#breadcrumb"},"inLanguage":"cs","potentialAction":[{"@type":"ReadAction","target":["https:\/\/www.diagnostika-mysli.cz\/blog\/autismus\/aspergeruv-syndrom-u-muzu\/"]}]},{"@type":"BreadcrumbList","@id":"https:\/\/www.diagnostika-mysli.cz\/blog\/autismus\/aspergeruv-syndrom-u-muzu\/#breadcrumb","itemListElement":[{"@type":"ListItem","position":1,"name":"Blog","item":"https:\/\/www.diagnostika-mysli.cz\/blog\/"},{"@type":"ListItem","position":2,"name":"Autismus","item":"https:\/\/www.diagnostika-mysli.cz\/blog\/autismus\/"},{"@type":"ListItem","position":3,"name":"Asperger\u016fv syndrom u mu\u017e\u016f"}]},{"@type":"Person","@id":"https:\/\/www.diagnostika-mysli.cz\/blog\/#\/schema\/person\/8eb1bcaf59fea75c780c11946f4e3490","name":"Test Mysli","image":{"@type":"ImageObject","@id":"https:\/\/www.diagnostika-mysli.cz\/blog\/#personlogo","inLanguage":"cs","url":"https:\/\/secure.gravatar.com\/avatar\/6743211f010801ea26aa9423a2daab37?s=96&d=mm&r=g","contentUrl":"https:\/\/secure.gravatar.com\/avatar\/6743211f010801ea26aa9423a2daab37?s=96&d=mm&r=g","caption":"Test Mysli"},"sameAs":["https:\/\/www.diagnostika-mysli.cz\/blog"],"url":"https:\/\/www.diagnostika-mysli.cz\/blog\/author\/diagnostyka-umyslu\/"}]}},"amp_enabled":true,"_links":{"self":[{"href":"https:\/\/www.diagnostika-mysli.cz\/blog\/wp-json\/wp\/v2\/posts\/3344"}],"collection":[{"href":"https:\/\/www.diagnostika-mysli.cz\/blog\/wp-json\/wp\/v2\/posts"}],"about":[{"href":"https:\/\/www.diagnostika-mysli.cz\/blog\/wp-json\/wp\/v2\/types\/post"}],"author":[{"embeddable":true,"href":"https:\/\/www.diagnostika-mysli.cz\/blog\/wp-json\/wp\/v2\/users\/1"}],"replies":[{"embeddable":true,"href":"https:\/\/www.diagnostika-mysli.cz\/blog\/wp-json\/wp\/v2\/comments?post=3344"}],"version-history":[{"count":0,"href":"https:\/\/www.diagnostika-mysli.cz\/blog\/wp-json\/wp\/v2\/posts\/3344\/revisions"}],"wp:attachment":[{"href":"https:\/\/www.diagnostika-mysli.cz\/blog\/wp-json\/wp\/v2\/media?parent=3344"}],"wp:term":[{"taxonomy":"category","embeddable":true,"href":"https:\/\/www.diagnostika-mysli.cz\/blog\/wp-json\/wp\/v2\/categories?post=3344"},{"taxonomy":"post_tag","embeddable":true,"href":"https:\/\/www.diagnostika-mysli.cz\/blog\/wp-json\/wp\/v2\/tags?post=3344"}],"curies":[{"name":"wp","href":"https:\/\/api.w.org\/{rel}","templated":true}]}}