{"id":3350,"date":"2025-06-11T03:25:31","date_gmt":"2025-06-11T01:25:31","guid":{"rendered":"https:\/\/www.diagnostika-mysli.cz\/blog\/autismus\/prvni-priznaky-autismu\/"},"modified":"2025-06-11T03:25:31","modified_gmt":"2025-06-11T01:25:31","slug":"prvni-priznaky-autismu","status":"publish","type":"post","link":"https:\/\/www.diagnostika-mysli.cz\/blog\/autismus\/prvni-priznaky-autismu\/","title":{"rendered":"Prvn\u00ed p\u0159\u00edznaky autismu"},"content":{"rendered":"<div class='topics'>\n<div class='topic'>\n<h2>Co jsou prvn\u00ed p\u0159\u00edznaky autismu a jak je rozpoznat?<\/h2>\n<p>Autismus je neurov\u00fdvojov\u00e9 onemocn\u011bn\u00ed, kter\u00e9 ovliv\u0148uje soci\u00e1ln\u00ed interakce, komunikaci a chov\u00e1n\u00ed jedince. Prvn\u00ed p\u0159\u00edznaky autismu se mohou objevit ji\u017e v prvn\u00edch letech \u017eivota a je d\u016fle\u017eit\u00e9 je co nejd\u0159\u00edve rozpoznat, aby bylo mo\u017en\u00e9 poskytnout d\u00edt\u011bti vhodnou podporu a terapii.<\/p>\n<p>Jedn\u00edm z prvn\u00edch p\u0159\u00edznak\u016f autismu m\u016f\u017ee b\u00fdt naru\u0161en\u00e1 soci\u00e1ln\u00ed interakce. D\u00edt\u011b s autismem m\u016f\u017ee m\u00edt probl\u00e9my s navazov\u00e1n\u00edm kontaktu s ostatn\u00edmi lidmi, nech\u00e1pe neslovn\u00ed komunikaci a m\u016f\u017ee se vyh\u00fdbat o\u010dn\u00edmu kontaktu. M\u016f\u017ee tak\u00e9 m\u00edt probl\u00e9my s porozum\u011bn\u00edm emoc\u00edm a projevov\u00e1n\u00edm vlastn\u00edch emoc\u00ed.<\/p>\n<p>Dal\u0161\u00edm p\u0159\u00edznakem m\u016f\u017ee b\u00fdt omezen\u00e1 komunikace. D\u00edt\u011b s autismem m\u016f\u017ee m\u00edt probl\u00e9my s rozvojem \u0159e\u010di, opakuj\u00edc\u00ed se \u0159e\u010dov\u00e9 vzorce,<\/p>\n<\/div>\n<div class='topic'>\n<h2>&#8211; Autistick\u00e9 poruchy jsou neurov\u00fdvojov\u00e9 poruchy, kter\u00e9 se projevuj\u00ed ji\u017e v d\u011btstv\u00ed. Prvn\u00ed p\u0159\u00edznaky se mohou objevit ji\u017e v prvn\u00edch letech \u017eivota a je d\u016fle\u017eit\u00e9 je v\u010das rozpoznat, aby bylo mo\u017en\u00e9 poskytnout d\u00edt\u011bti vhodnou podporu a terapii.<\/h2>\n<p>Autistick\u00e9 poruchy jsou neurov\u00fdvojov\u00e9 poruchy, kter\u00e9 se projevuj\u00ed ji\u017e v d\u011btstv\u00ed. Jedn\u00e1 se o komplexn\u00ed poruchy, kter\u00e9 ovliv\u0148uj\u00ed soci\u00e1ln\u00ed interakce, komunikaci a chov\u00e1n\u00ed jedince. Prvn\u00ed p\u0159\u00edznaky se mohou objevit ji\u017e v prvn\u00edch letech \u017eivota a je d\u016fle\u017eit\u00e9 je v\u010das rozpoznat, aby bylo mo\u017en\u00e9 poskytnout d\u00edt\u011bti vhodnou podporu a terapii.<\/p>\n<p>Autismus je porucha, kter\u00e1 se projevuje odli\u0161n\u00fdm zp\u016fsobem vn\u00edm\u00e1n\u00ed sv\u011bta a soci\u00e1ln\u00edch interakc\u00ed. D\u011bti s touto poruchou maj\u00ed \u010dasto probl\u00e9my s porozum\u011bn\u00edm emoc\u00edm a soci\u00e1ln\u00edm sign\u00e1l\u016fm, co\u017e m\u016f\u017ee v\u00e9st k nespr\u00e1vn\u00fdm reakc\u00edm a chov\u00e1n\u00ed. Mnoho d\u011bt\u00ed s autismem m\u00e1 tak\u00e9 omezen\u00e9 z\u00e1jmy a stereotypn\u00ed chov\u00e1n\u00ed.<\/p>\n<p>Existuje n\u011bkolik typ\u016f autistick\u00fdch poruch, jako nap\u0159\u00edklad autismus, Aspe<\/p>\n<\/div>\n<div class='topic'>\n<h2><\/h2>\n<p>\u010cesk\u00e1 kuchyn\u011b je jednou z nejstar\u0161\u00edch a nejbohat\u0161\u00edch kuchyn\u00ed v Evrop\u011b. Jej\u00ed ko\u0159eny sahaj\u00ed a\u017e do 9. stolet\u00ed, kdy se za\u010daly formovat prvn\u00ed tradi\u010dn\u00ed pokrmy. \u010cesk\u00e1 kuchyn\u011b je ovlivn\u011bna p\u0159edev\u0161\u00edm st\u0159edoevropskou kuchyn\u00ed, ale najdeme v n\u00ed i prvky z n\u011bmeck\u00e9, rakousk\u00e9, ma\u010farsk\u00e9 a \u017eidovsk\u00e9 kuchyn\u011b.<\/p>\n<p>Hlavn\u00edmi surovinami \u010desk\u00e9 kuchyn\u011b jsou brambory, maso, zelenina, ml\u00e9\u010dn\u00e9 v\u00fdrobky a obiloviny. V\u011bt\u0161ina pokrm\u016f je pom\u011brn\u011b jednoduch\u00e1, ale velmi chutn\u00e1 a s vysokou v\u00fd\u017eivovou hodnotou. Mezi nejzn\u00e1m\u011bj\u0161\u00ed \u010desk\u00e9 speciality pat\u0159\u00ed vep\u0159ov\u00e1 pe\u010den\u011b s knedl\u00edky, gul\u00e1\u0161, sv\u00ed\u010dkov\u00e1 na smetan\u011b, brambor\u00e1ky, sma\u017een\u00fd s\u00fdr a tradi\u010dn\u00ed \u010desk<\/p>\n<\/div>\n<div class='topic'>\n<h2>Jak\u00e9 jsou nej\u010dast\u011bj\u0161\u00ed projevy autismu u d\u011bt\u00ed?<\/h2>\n<p>Autismus je neurov\u00fdvojov\u00e1 porucha, kter\u00e1 se projevuje ji\u017e v d\u011btstv\u00ed. Jedn\u00e1 se o poruchu, kter\u00e1 ovliv\u0148uje soci\u00e1ln\u00ed interakce, komunikaci a chov\u00e1n\u00ed. Ka\u017ed\u00e9 d\u00edt\u011b s autismem je jedine\u010dn\u00e9 a projevy se mohou li\u0161it, ale existuj\u00ed n\u011bkter\u00e9 nej\u010dast\u011bj\u0161\u00ed projevy, kter\u00e9 jsou typick\u00e9 pro d\u011bti s touto poruchou.<\/p>\n<p>Jedn\u00edm z nej\u010dast\u011bj\u0161\u00edch projev\u016f autismu u d\u011bt\u00ed je probl\u00e9m s komunikac\u00ed. D\u011bti s touto poruchou maj\u00ed \u010dasto probl\u00e9my s verb\u00e1ln\u00ed komunikac\u00ed, co\u017e znamen\u00e1, \u017ee maj\u00ed pot\u00ed\u017ee s mluven\u00edm a porozum\u011bn\u00edm \u0159e\u010di. Mnoho d\u011bt\u00ed s autismem tak\u00e9 nem\u00e1 z\u00e1jem o o\u010dn\u00ed kontakt a m\u016f\u017ee se vyh\u00fdbat pohledu na druh\u00e9 osoby. Mohou tak\u00e9 m\u00edt probl\u00e9my s porozum\u011bn\u00edm neverb\u00e1ln\u00ed komunikace, jako jsou gesta, mimika a t\u00f3n hlasu.<\/p>\n<p>Dal<\/p>\n<\/div>\n<div class='topic'>\n<h2>&#8211; Mezi nej\u010dast\u011bj\u0161\u00ed projevy autismu u d\u011bt\u00ed pat\u0159\u00ed probl\u00e9my s komunikac\u00ed a soci\u00e1ln\u00ed interakc\u00ed, opakuj\u00edc\u00ed se chov\u00e1n\u00ed a omezen\u00e9 z\u00e1jmy. D\u011bti s autismem mohou tak\u00e9 m\u00edt probl\u00e9my s p\u0159izp\u016fsoben\u00edm se nov\u00fdm situac\u00edm a zm\u011bn\u00e1m.<\/h2>\n<p>Autismus je neurov\u00fdvojov\u00e9 onemocn\u011bn\u00ed, kter\u00e9 se projevuje ji\u017e v d\u011btstv\u00ed. Jedn\u00e1 se o poruchu, kter\u00e1 ovliv\u0148uje soci\u00e1ln\u00ed interakci, komunikaci a chov\u00e1n\u00ed jedince. Mezi nej\u010dast\u011bj\u0161\u00ed projevy autismu u d\u011bt\u00ed pat\u0159\u00ed probl\u00e9my s komunikac\u00ed a soci\u00e1ln\u00ed interakc\u00ed, opakuj\u00edc\u00ed se chov\u00e1n\u00ed a omezen\u00e9 z\u00e1jmy.<\/p>\n<p>D\u011bti s autismem maj\u00ed \u010dasto probl\u00e9my s porozum\u011bn\u00edm verb\u00e1ln\u00ed a neverb\u00e1ln\u00ed komunikace. M\u016f\u017ee se jednat o pot\u00ed\u017ee s porozum\u011bn\u00edm \u0159e\u010di, ale tak\u00e9 s porozum\u011bn\u00edm gest a mimiky. D\u011bti s autismem mohou m\u00edt tak\u00e9 probl\u00e9my s vyjad\u0159ov\u00e1n\u00edm sv\u00fdch my\u0161lenek a pocit\u016f. M\u016f\u017ee se projevovat nap\u0159\u00edklad t\u00edm, \u017ee d\u00edt\u011b nemluv\u00ed v\u016fbec, nebo m\u00e1 omezenou slovn\u00ed z\u00e1sobu a pou\u017e\u00edv\u00e1 opakuj\u00edc\u00ed se fr\u00e1ze.<\/p>\n<p>Dal\u0161\u00edm projevem autismu<\/p>\n<\/div>\n<div class='topic'>\n<h2><\/h2>\n<p>\u010cesk\u00e1 kuchyn\u011b je jednou z nejstar\u0161\u00edch a nejbohat\u0161\u00edch kuchyn\u00ed v Evrop\u011b. Jej\u00ed ko\u0159eny sahaj\u00ed a\u017e do 9. stolet\u00ed, kdy se za\u010daly formovat prvn\u00ed tradi\u010dn\u00ed pokrmy. \u010cesk\u00e1 kuchyn\u011b je ovlivn\u011bna p\u0159edev\u0161\u00edm st\u0159edoevropskou kuchyn\u00ed, ale najdeme v n\u00ed i prvky z n\u011bmeck\u00e9, rakousk\u00e9, ma\u010farsk\u00e9 a \u017eidovsk\u00e9 kuchyn\u011b.<\/p>\n<p>Hlavn\u00edmi surovinami \u010desk\u00e9 kuchyn\u011b jsou brambory, maso, zelenina, ml\u00e9\u010dn\u00e9 v\u00fdrobky a obiloviny. V\u011bt\u0161ina pokrm\u016f je pom\u011brn\u011b jednoduch\u00e1, ale velmi chutn\u00e1 a s vysokou v\u00fd\u017eivovou hodnotou. Mezi nejzn\u00e1m\u011bj\u0161\u00ed \u010desk\u00e9 speciality pat\u0159\u00ed vep\u0159ov\u00e1 pe\u010den\u011b s knedl\u00edky, gul\u00e1\u0161, sv\u00ed\u010dkov\u00e1 na smetan\u011b, brambor\u00e1ky, sma\u017een\u00fd s\u00fdr a tradi\u010dn\u00ed \u010desk<\/p>\n<\/div>\n<div class='topic'>\n<h2>Jak\u00e9 jsou mo\u017en\u00e9 p\u0159\u00ed\u010diny autismu?<\/h2>\n<p>Autismus je neurov\u00fdvojov\u00e1 porucha, kter\u00e1 ovliv\u0148uje komunikaci a soci\u00e1ln\u00ed interakci jedince. P\u0159esn\u00e1 p\u0159\u00ed\u010dina autismu nen\u00ed zat\u00edm zn\u00e1ma, ale v\u011bdci se shoduj\u00ed, \u017ee se jedn\u00e1 o kombinaci genetick\u00fdch a environment\u00e1ln\u00edch faktor\u016f.<\/p>\n<p>Jednou z mo\u017en\u00fdch p\u0159\u00ed\u010din autismu m\u016f\u017ee b\u00fdt genetick\u00e1 predispozice. Studie ukazuj\u00ed, \u017ee d\u011bdi\u010dnost hraje v\u00fdznamnou roli v rozvoji autismu. Nap\u0159\u00edklad, pokud m\u00e1 jedno d\u00edt\u011b autismus, je pravd\u011bpodobnost, \u017ee i jeho sourozenec bude m\u00edt tuto poruchu, vy\u0161\u0161\u00ed ne\u017e u b\u011b\u017en\u00e9 populace. V\u011bdci se domn\u00edvaj\u00ed, \u017ee existuje v\u00edce gen\u016f, kter\u00e9 mohou b\u00fdt spojeny s v\u00fdvojem autismu, a \u017ee kombinace t\u011bchto gen\u016f m\u016f\u017ee b\u00fdt odpov\u011bdn\u00e1 za vznik t\u00e9to poruchy.<\/p>\n<p>Dal\u0161\u00edm faktorem, kter\u00fd m\u016f\u017ee hr\u00e1t roli v rozvoji autismu, je prost\u0159ed\u00ed<\/p>\n<\/div>\n<div class='topic'>\n<h2>&#8211; P\u0159esn\u00e9 p\u0159\u00ed\u010diny autismu nejsou zat\u00edm zn\u00e1my, ale v\u011bdci se domn\u00edvaj\u00ed,<\/h2>\n<p>Autismus je neurov\u00fdvojov\u00e1 porucha, kter\u00e1 ovliv\u0148uje komunikaci a soci\u00e1ln\u00ed interakci jedince. P\u0159esn\u00e9 p\u0159\u00ed\u010diny t\u00e9to poruchy nejsou zat\u00edm zn\u00e1my, ale v\u011bdci se domn\u00edvaj\u00ed, \u017ee se jedn\u00e1 o kombinaci genetick\u00fdch a environment\u00e1ln\u00edch faktor\u016f.<\/p>\n<p>Genetick\u00e9 faktory hraj\u00ed v\u00fdznamnou roli v rozvoji autismu. Studie ukazuj\u00ed, \u017ee d\u011bdi\u010dnost m\u016f\u017ee b\u00fdt p\u0159\u00ed\u010dinou a\u017e u 90 % p\u0159\u00edpad\u016f autismu. To znamen\u00e1, \u017ee pokud m\u00e1 jedno d\u00edt\u011b autismus, je velk\u00e1 pravd\u011bpodobnost, \u017ee i jeho sourozenci budou m\u00edt poruchu v r\u016fzn\u00e9 m\u00ed\u0159e. V\u011bdci se zam\u011b\u0159uj\u00ed na identifikaci konkr\u00e9tn\u00edch gen\u016f, kter\u00e9 mohou b\u00fdt spojeny s v\u00fdvojem autismu. Zat\u00edm bylo identifikov\u00e1no n\u011bkolik gen\u016f, kter\u00e9 mohou hr\u00e1t roli v rozvoji t\u00e9to poruchy, ale st\u00e1le se jedn\u00e1 o nejasn\u00fd a komplex<\/p>\n<\/div>\n<\/div>\n","protected":false},"excerpt":{"rendered":"<p>Co jsou prvn\u00ed p\u0159\u00edznaky autismu a jak je rozpoznat? Autismus je neurov\u00fdvojov\u00e9 onemocn\u011bn\u00ed, kter\u00e9 ovliv\u0148uje soci\u00e1ln\u00ed interakce, komunikaci a chov\u00e1n\u00ed jedince. Prvn\u00ed p\u0159\u00edznaky autismu se&#8230;<\/p>\n","protected":false},"author":1,"featured_media":0,"comment_status":"","ping_status":"open","sticky":false,"template":"","format":"standard","meta":{"inline_featured_image":false},"categories":[849],"tags":[],"yoast_head":"<!-- This site is optimized with the Yoast SEO plugin v18.1 - https:\/\/yoast.com\/wordpress\/plugins\/seo\/ -->\n<title>Prvn\u00ed p\u0159\u00edznaky autismu - Test Mysli<\/title>\n<meta name=\"robots\" content=\"index, follow, max-snippet:-1, max-image-preview:large, max-video-preview:-1\" \/>\n<link rel=\"canonical\" href=\"https:\/\/www.diagnostika-mysli.cz\/blog\/autismus\/prvni-priznaky-autismu\/\" \/>\n<meta property=\"og:locale\" content=\"cs_CZ\" \/>\n<meta property=\"og:type\" content=\"article\" \/>\n<meta property=\"og:title\" content=\"Prvn\u00ed p\u0159\u00edznaky autismu - Test Mysli\" \/>\n<meta property=\"og:description\" content=\"Co jsou prvn\u00ed p\u0159\u00edznaky autismu a jak je rozpoznat? Autismus je neurov\u00fdvojov\u00e9 onemocn\u011bn\u00ed, kter\u00e9 ovliv\u0148uje soci\u00e1ln\u00ed interakce, komunikaci a chov\u00e1n\u00ed jedince. Prvn\u00ed p\u0159\u00edznaky autismu se...\" \/>\n<meta property=\"og:url\" content=\"https:\/\/www.diagnostika-mysli.cz\/blog\/autismus\/prvni-priznaky-autismu\/\" \/>\n<meta property=\"og:site_name\" content=\"Test Mysli\" \/>\n<meta property=\"article:published_time\" content=\"2025-06-11T01:25:31+00:00\" \/>\n<meta name=\"twitter:card\" content=\"summary_large_image\" \/>\n<meta name=\"twitter:label1\" content=\"Napsal(a)\" \/>\n\t<meta name=\"twitter:data1\" content=\"Test Mysli\" \/>\n\t<meta name=\"twitter:label2\" content=\"Odhadovan\u00e1 doba \u010dten\u00ed\" \/>\n\t<meta name=\"twitter:data2\" content=\"6 minut\" \/>\n<script type=\"application\/ld+json\" class=\"yoast-schema-graph\">{\"@context\":\"https:\/\/schema.org\",\"@graph\":[{\"@type\":\"WebSite\",\"@id\":\"https:\/\/www.diagnostika-mysli.cz\/blog\/#website\",\"url\":\"https:\/\/www.diagnostika-mysli.cz\/blog\/\",\"name\":\"Test Mysli\",\"description\":\"Blog o poruch\u00e1ch mysli\",\"potentialAction\":[{\"@type\":\"SearchAction\",\"target\":{\"@type\":\"EntryPoint\",\"urlTemplate\":\"https:\/\/www.diagnostika-mysli.cz\/blog\/?s={search_term_string}\"},\"query-input\":\"required name=search_term_string\"}],\"inLanguage\":\"cs\"},{\"@type\":\"WebPage\",\"@id\":\"https:\/\/www.diagnostika-mysli.cz\/blog\/autismus\/prvni-priznaky-autismu\/#webpage\",\"url\":\"https:\/\/www.diagnostika-mysli.cz\/blog\/autismus\/prvni-priznaky-autismu\/\",\"name\":\"Prvn\u00ed p\u0159\u00edznaky autismu - Test Mysli\",\"isPartOf\":{\"@id\":\"https:\/\/www.diagnostika-mysli.cz\/blog\/#website\"},\"datePublished\":\"2025-06-11T01:25:31+00:00\",\"dateModified\":\"2025-06-11T01:25:31+00:00\",\"author\":{\"@id\":\"https:\/\/www.diagnostika-mysli.cz\/blog\/#\/schema\/person\/8eb1bcaf59fea75c780c11946f4e3490\"},\"breadcrumb\":{\"@id\":\"https:\/\/www.diagnostika-mysli.cz\/blog\/autismus\/prvni-priznaky-autismu\/#breadcrumb\"},\"inLanguage\":\"cs\",\"potentialAction\":[{\"@type\":\"ReadAction\",\"target\":[\"https:\/\/www.diagnostika-mysli.cz\/blog\/autismus\/prvni-priznaky-autismu\/\"]}]},{\"@type\":\"BreadcrumbList\",\"@id\":\"https:\/\/www.diagnostika-mysli.cz\/blog\/autismus\/prvni-priznaky-autismu\/#breadcrumb\",\"itemListElement\":[{\"@type\":\"ListItem\",\"position\":1,\"name\":\"Blog\",\"item\":\"https:\/\/www.diagnostika-mysli.cz\/blog\/\"},{\"@type\":\"ListItem\",\"position\":2,\"name\":\"Autismus\",\"item\":\"https:\/\/www.diagnostika-mysli.cz\/blog\/autismus\/\"},{\"@type\":\"ListItem\",\"position\":3,\"name\":\"Prvn\u00ed p\u0159\u00edznaky autismu\"}]},{\"@type\":\"Person\",\"@id\":\"https:\/\/www.diagnostika-mysli.cz\/blog\/#\/schema\/person\/8eb1bcaf59fea75c780c11946f4e3490\",\"name\":\"Test Mysli\",\"image\":{\"@type\":\"ImageObject\",\"@id\":\"https:\/\/www.diagnostika-mysli.cz\/blog\/#personlogo\",\"inLanguage\":\"cs\",\"url\":\"https:\/\/secure.gravatar.com\/avatar\/6743211f010801ea26aa9423a2daab37?s=96&d=mm&r=g\",\"contentUrl\":\"https:\/\/secure.gravatar.com\/avatar\/6743211f010801ea26aa9423a2daab37?s=96&d=mm&r=g\",\"caption\":\"Test Mysli\"},\"sameAs\":[\"https:\/\/www.diagnostika-mysli.cz\/blog\"],\"url\":\"https:\/\/www.diagnostika-mysli.cz\/blog\/author\/diagnostyka-umyslu\/\"}]}<\/script>\n<!-- \/ Yoast SEO plugin. -->","yoast_head_json":{"title":"Prvn\u00ed p\u0159\u00edznaky autismu - Test Mysli","robots":{"index":"index","follow":"follow","max-snippet":"max-snippet:-1","max-image-preview":"max-image-preview:large","max-video-preview":"max-video-preview:-1"},"canonical":"https:\/\/www.diagnostika-mysli.cz\/blog\/autismus\/prvni-priznaky-autismu\/","og_locale":"cs_CZ","og_type":"article","og_title":"Prvn\u00ed p\u0159\u00edznaky autismu - Test Mysli","og_description":"Co jsou prvn\u00ed p\u0159\u00edznaky autismu a jak je rozpoznat? Autismus je neurov\u00fdvojov\u00e9 onemocn\u011bn\u00ed, kter\u00e9 ovliv\u0148uje soci\u00e1ln\u00ed interakce, komunikaci a chov\u00e1n\u00ed jedince. Prvn\u00ed p\u0159\u00edznaky autismu se...","og_url":"https:\/\/www.diagnostika-mysli.cz\/blog\/autismus\/prvni-priznaky-autismu\/","og_site_name":"Test Mysli","article_published_time":"2025-06-11T01:25:31+00:00","twitter_card":"summary_large_image","twitter_misc":{"Napsal(a)":"Test Mysli","Odhadovan\u00e1 doba \u010dten\u00ed":"6 minut"},"schema":{"@context":"https:\/\/schema.org","@graph":[{"@type":"WebSite","@id":"https:\/\/www.diagnostika-mysli.cz\/blog\/#website","url":"https:\/\/www.diagnostika-mysli.cz\/blog\/","name":"Test Mysli","description":"Blog o poruch\u00e1ch mysli","potentialAction":[{"@type":"SearchAction","target":{"@type":"EntryPoint","urlTemplate":"https:\/\/www.diagnostika-mysli.cz\/blog\/?s={search_term_string}"},"query-input":"required name=search_term_string"}],"inLanguage":"cs"},{"@type":"WebPage","@id":"https:\/\/www.diagnostika-mysli.cz\/blog\/autismus\/prvni-priznaky-autismu\/#webpage","url":"https:\/\/www.diagnostika-mysli.cz\/blog\/autismus\/prvni-priznaky-autismu\/","name":"Prvn\u00ed p\u0159\u00edznaky autismu - Test Mysli","isPartOf":{"@id":"https:\/\/www.diagnostika-mysli.cz\/blog\/#website"},"datePublished":"2025-06-11T01:25:31+00:00","dateModified":"2025-06-11T01:25:31+00:00","author":{"@id":"https:\/\/www.diagnostika-mysli.cz\/blog\/#\/schema\/person\/8eb1bcaf59fea75c780c11946f4e3490"},"breadcrumb":{"@id":"https:\/\/www.diagnostika-mysli.cz\/blog\/autismus\/prvni-priznaky-autismu\/#breadcrumb"},"inLanguage":"cs","potentialAction":[{"@type":"ReadAction","target":["https:\/\/www.diagnostika-mysli.cz\/blog\/autismus\/prvni-priznaky-autismu\/"]}]},{"@type":"BreadcrumbList","@id":"https:\/\/www.diagnostika-mysli.cz\/blog\/autismus\/prvni-priznaky-autismu\/#breadcrumb","itemListElement":[{"@type":"ListItem","position":1,"name":"Blog","item":"https:\/\/www.diagnostika-mysli.cz\/blog\/"},{"@type":"ListItem","position":2,"name":"Autismus","item":"https:\/\/www.diagnostika-mysli.cz\/blog\/autismus\/"},{"@type":"ListItem","position":3,"name":"Prvn\u00ed p\u0159\u00edznaky autismu"}]},{"@type":"Person","@id":"https:\/\/www.diagnostika-mysli.cz\/blog\/#\/schema\/person\/8eb1bcaf59fea75c780c11946f4e3490","name":"Test Mysli","image":{"@type":"ImageObject","@id":"https:\/\/www.diagnostika-mysli.cz\/blog\/#personlogo","inLanguage":"cs","url":"https:\/\/secure.gravatar.com\/avatar\/6743211f010801ea26aa9423a2daab37?s=96&d=mm&r=g","contentUrl":"https:\/\/secure.gravatar.com\/avatar\/6743211f010801ea26aa9423a2daab37?s=96&d=mm&r=g","caption":"Test Mysli"},"sameAs":["https:\/\/www.diagnostika-mysli.cz\/blog"],"url":"https:\/\/www.diagnostika-mysli.cz\/blog\/author\/diagnostyka-umyslu\/"}]}},"amp_enabled":true,"_links":{"self":[{"href":"https:\/\/www.diagnostika-mysli.cz\/blog\/wp-json\/wp\/v2\/posts\/3350"}],"collection":[{"href":"https:\/\/www.diagnostika-mysli.cz\/blog\/wp-json\/wp\/v2\/posts"}],"about":[{"href":"https:\/\/www.diagnostika-mysli.cz\/blog\/wp-json\/wp\/v2\/types\/post"}],"author":[{"embeddable":true,"href":"https:\/\/www.diagnostika-mysli.cz\/blog\/wp-json\/wp\/v2\/users\/1"}],"replies":[{"embeddable":true,"href":"https:\/\/www.diagnostika-mysli.cz\/blog\/wp-json\/wp\/v2\/comments?post=3350"}],"version-history":[{"count":0,"href":"https:\/\/www.diagnostika-mysli.cz\/blog\/wp-json\/wp\/v2\/posts\/3350\/revisions"}],"wp:attachment":[{"href":"https:\/\/www.diagnostika-mysli.cz\/blog\/wp-json\/wp\/v2\/media?parent=3350"}],"wp:term":[{"taxonomy":"category","embeddable":true,"href":"https:\/\/www.diagnostika-mysli.cz\/blog\/wp-json\/wp\/v2\/categories?post=3350"},{"taxonomy":"post_tag","embeddable":true,"href":"https:\/\/www.diagnostika-mysli.cz\/blog\/wp-json\/wp\/v2\/tags?post=3350"}],"curies":[{"name":"wp","href":"https:\/\/api.w.org\/{rel}","templated":true}]}}