{"id":3355,"date":"2025-06-13T03:25:19","date_gmt":"2025-06-13T01:25:19","guid":{"rendered":"https:\/\/www.diagnostika-mysli.cz\/blog\/autismus\/atypicky-autismus-2\/"},"modified":"2025-06-13T03:25:19","modified_gmt":"2025-06-13T01:25:19","slug":"atypicky-autismus-2","status":"publish","type":"post","link":"https:\/\/www.diagnostika-mysli.cz\/blog\/autismus\/atypicky-autismus-2\/","title":{"rendered":"Atypicky autismus"},"content":{"rendered":"<div class='topics'>\n<div class='topic'>\n<h2>Co je atypick\u00fd autismus a jak se li\u0161\u00ed od klasick\u00e9ho autismu?<\/h2>\n<p>Atypick\u00fd autismus je neurov\u00fdvojov\u00e9 onemocn\u011bn\u00ed, kter\u00e9 se projevuje poruchami v soci\u00e1ln\u00edm chov\u00e1n\u00ed, komunikaci a chov\u00e1n\u00ed. Jedn\u00e1 se o poruchu, kter\u00e1 je podobn\u00e1 klasick\u00e9mu autismu, ale li\u0161\u00ed se v n\u011bkolika kl\u00ed\u010dov\u00fdch aspektech.<\/p>\n<p>Prvn\u00edm rozd\u00edlem mezi atypick\u00fdm autismem a klasick\u00fdm autismem je v\u011bk, ve kter\u00e9m se projevuje. Zat\u00edmco klasick\u00fd autismus se obvykle projevuje ji\u017e v prvn\u00edch t\u0159ech letech \u017eivota, atypick\u00fd autismus se m\u016f\u017ee projevit a\u017e v pozd\u011bj\u0161\u00edm v\u011bku, nap\u0159\u00edklad v d\u011btstv\u00ed nebo dokonce v dosp\u011blosti. To m\u016f\u017ee b\u00fdt zp\u016fsobeno t\u00edm, \u017ee atypick\u00fd autismus nen\u00ed tak v\u00fdrazn\u00fd jako klasick\u00fd autismus a m\u016f\u017ee b\u00fdt snadno p\u0159ehl\u00e9dnut.<\/p>\n<p>Dal\u0161\u00edm rozd\u00edlem je v\u00fdskyt p\u0159\u00edznak\u016f. Zat\u00edmco u klasick\u00e9ho autismu jsou p\u0159\u00edznaky pom<\/p>\n<\/div>\n<div class='topic'>\n<h2>Jak\u00e9 jsou p\u0159\u00edznaky a projevy atypick\u00e9ho autismu a jak mohou ovlivnit ka\u017edodenn\u00ed \u017eivot jedince?<\/h2>\n<p>Atypick\u00fd autismus je jedn\u00edm z mnoha typ\u016f poruch autistick\u00e9ho spektra (PAS). Jedn\u00e1 se o neurov\u00fdvojovou poruchu, kter\u00e1 ovliv\u0148uje soci\u00e1ln\u00ed interakci, komunikaci a chov\u00e1n\u00ed jedince. Atypick\u00fd autismus se projevuje odli\u0161n\u011b u ka\u017ed\u00e9ho jedince a m\u016f\u017ee m\u00edt r\u016fzn\u00e9 \u00farovn\u011b z\u00e1va\u017enosti.<\/p>\n<p>Jedn\u00edm z hlavn\u00edch p\u0159\u00edznak\u016f atypick\u00e9ho autismu je probl\u00e9m s komunikac\u00ed a soci\u00e1ln\u00ed interakc\u00ed. Jedinci s touto poruchou maj\u00ed \u010dasto probl\u00e9my s porozum\u011bn\u00edm neverb\u00e1ln\u00ed komunikace, jako jsou nap\u0159\u00edklad gesta, mimika nebo t\u00f3n hlasu. Mohou m\u00edt tak\u00e9 probl\u00e9my s porozum\u011bn\u00edm emoc\u00edm a s vyjad\u0159ov\u00e1n\u00edm sv\u00fdch vlastn\u00edch pocit\u016f. To m\u016f\u017ee v\u00e9st k nedorozum\u011bn\u00edm a probl\u00e9m\u016fm v komunikaci s ostatn\u00edmi.<\/p>\n<p>Dal\u0161\u00edm p\u0159\u00edznakem atypick\u00e9ho autismu je omezen\u00fd z\u00e1jem a opakov\u00e1n\u00ed ur\u010dit\u00fdch<\/p>\n<\/div>\n<div class='topic'>\n<h2>Jak\u00e9 jsou mo\u017enosti l\u00e9\u010dby a podpory pro osoby s atypick\u00fdm autismem a jejich rodiny?<\/h2>\n<p>Atypick\u00e9 autismus, tak\u00e9 zn\u00e1m\u00e9 jako autismus bez ment\u00e1ln\u00ed retardace nebo autismus s vysokou funkcionalitou, je jedn\u00edm z mnoha forem autismu. Osoby s atypick\u00fdm autismem maj\u00ed podobn\u00e9 p\u0159\u00edznaky jako osoby s klasick\u00fdm autismem, ale jejich intelektu\u00e1ln\u00ed schopnosti jsou obvykle vy\u0161\u0161\u00ed. Tato forma autismu m\u016f\u017ee b\u00fdt diagnostikov\u00e1na v jak\u00e9mkoli v\u011bku, ale nej\u010dast\u011bji se projevuje v d\u011btstv\u00ed.<\/p>\n<p>Pro osoby s atypick\u00fdm autismem a jejich rodiny m\u016f\u017ee b\u00fdt obt\u00ed\u017en\u00e9 naj\u00edt vhodnou l\u00e9\u010dbu a podporu. Nicm\u00e9n\u011b existuje n\u011bkolik mo\u017enost\u00ed, kter\u00e9 mohou pomoci zlep\u0161it kvalitu \u017eivota t\u011bchto jedinc\u016f a jejich rodin.<\/p>\n<p>1. Terapie chov\u00e1n\u00edm a komunikace<\/p>\n<p>Terapie chov\u00e1n\u00edm a komunikace je jednou z nej\u010dast\u011bj\u0161\u00edch forem l\u00e9\u010dby pro osoby s atypick\u00fdm autismem. Tato terapie se zam\u011b\u0159uje na u\u010den\u00ed se<\/p>\n<\/div>\n<div class='topic'>\n<h2>Jak m\u016f\u017ee spole\u010dnost p\u0159isp\u011bt k lep\u0161\u00edmu porozum\u011bn\u00ed a integraci osob s atypick\u00fdm autismem?<\/h2>\n<p>Atypick\u00e9 autismus je neurov\u00fdvojov\u00e9 onemocn\u011bn\u00ed, kter\u00e9 ovliv\u0148uje soci\u00e1ln\u00ed interakce, komunikaci a chov\u00e1n\u00ed jednotlivce. Osoby s atypick\u00fdm autismem maj\u00ed \u010dasto probl\u00e9my s porozum\u011bn\u00edm soci\u00e1ln\u00edm n\u00e1vyk\u016fm a mohou m\u00edt omezen\u00e9 schopnosti komunikovat s ostatn\u00edmi. V dne\u0161n\u00ed dob\u011b se v\u0161ak st\u00e1le v\u00edce hovo\u0159\u00ed o d\u016fle\u017eitosti integrace osob s atypick\u00fdm autismem do spole\u010dnosti a o tom, jak m\u016f\u017ee spole\u010dnost p\u0159isp\u011bt k lep\u0161\u00edmu porozum\u011bn\u00ed a integraci t\u011bchto jedinc\u016f.<\/p>\n<p>Prvn\u00edm krokem k lep\u0161\u00edmu porozum\u011bn\u00ed a integraci osob s atypick\u00fdm autismem je zv\u00fd\u0161en\u00ed informovanosti ve spole\u010dnosti. Je d\u016fle\u017eit\u00e9, aby lid\u00e9 m\u011bli dostate\u010dn\u00e9 znalosti o tom, co atypick\u00fd autismus je a jak ovliv\u0148uje \u017eivot jednotlivce. To m\u016f\u017ee pomoci odstranit p\u0159edsudky a stereotypy, kter\u00e9 mohou b\u00fdt p\u0159<\/p>\n<\/div>\n<\/div>\n","protected":false},"excerpt":{"rendered":"<p>Co je atypick\u00fd autismus a jak se li\u0161\u00ed od klasick\u00e9ho autismu? Atypick\u00fd autismus je neurov\u00fdvojov\u00e9 onemocn\u011bn\u00ed, kter\u00e9 se projevuje poruchami v soci\u00e1ln\u00edm chov\u00e1n\u00ed, komunikaci a&#8230;<\/p>\n","protected":false},"author":1,"featured_media":0,"comment_status":"","ping_status":"open","sticky":false,"template":"","format":"standard","meta":{"inline_featured_image":false},"categories":[849],"tags":[],"yoast_head":"<!-- This site is optimized with the Yoast SEO plugin v18.1 - https:\/\/yoast.com\/wordpress\/plugins\/seo\/ -->\n<title>Atypicky autismus - Test Mysli<\/title>\n<meta name=\"robots\" content=\"index, follow, max-snippet:-1, max-image-preview:large, max-video-preview:-1\" \/>\n<link rel=\"canonical\" href=\"https:\/\/www.diagnostika-mysli.cz\/blog\/autismus\/atypicky-autismus-2\/\" \/>\n<meta property=\"og:locale\" content=\"cs_CZ\" \/>\n<meta property=\"og:type\" content=\"article\" \/>\n<meta property=\"og:title\" content=\"Atypicky autismus - Test Mysli\" \/>\n<meta property=\"og:description\" content=\"Co je atypick\u00fd autismus a jak se li\u0161\u00ed od klasick\u00e9ho autismu? Atypick\u00fd autismus je neurov\u00fdvojov\u00e9 onemocn\u011bn\u00ed, kter\u00e9 se projevuje poruchami v soci\u00e1ln\u00edm chov\u00e1n\u00ed, komunikaci a...\" \/>\n<meta property=\"og:url\" content=\"https:\/\/www.diagnostika-mysli.cz\/blog\/autismus\/atypicky-autismus-2\/\" \/>\n<meta property=\"og:site_name\" content=\"Test Mysli\" \/>\n<meta property=\"article:published_time\" content=\"2025-06-13T01:25:19+00:00\" \/>\n<meta name=\"twitter:card\" content=\"summary_large_image\" \/>\n<meta name=\"twitter:label1\" content=\"Napsal(a)\" \/>\n\t<meta name=\"twitter:data1\" content=\"Test Mysli\" \/>\n\t<meta name=\"twitter:label2\" content=\"Odhadovan\u00e1 doba \u010dten\u00ed\" \/>\n\t<meta name=\"twitter:data2\" content=\"3 minuty\" \/>\n<script type=\"application\/ld+json\" class=\"yoast-schema-graph\">{\"@context\":\"https:\/\/schema.org\",\"@graph\":[{\"@type\":\"WebSite\",\"@id\":\"https:\/\/www.diagnostika-mysli.cz\/blog\/#website\",\"url\":\"https:\/\/www.diagnostika-mysli.cz\/blog\/\",\"name\":\"Test Mysli\",\"description\":\"Blog o poruch\u00e1ch mysli\",\"potentialAction\":[{\"@type\":\"SearchAction\",\"target\":{\"@type\":\"EntryPoint\",\"urlTemplate\":\"https:\/\/www.diagnostika-mysli.cz\/blog\/?s={search_term_string}\"},\"query-input\":\"required name=search_term_string\"}],\"inLanguage\":\"cs\"},{\"@type\":\"WebPage\",\"@id\":\"https:\/\/www.diagnostika-mysli.cz\/blog\/autismus\/atypicky-autismus-2\/#webpage\",\"url\":\"https:\/\/www.diagnostika-mysli.cz\/blog\/autismus\/atypicky-autismus-2\/\",\"name\":\"Atypicky autismus - Test Mysli\",\"isPartOf\":{\"@id\":\"https:\/\/www.diagnostika-mysli.cz\/blog\/#website\"},\"datePublished\":\"2025-06-13T01:25:19+00:00\",\"dateModified\":\"2025-06-13T01:25:19+00:00\",\"author\":{\"@id\":\"https:\/\/www.diagnostika-mysli.cz\/blog\/#\/schema\/person\/8eb1bcaf59fea75c780c11946f4e3490\"},\"breadcrumb\":{\"@id\":\"https:\/\/www.diagnostika-mysli.cz\/blog\/autismus\/atypicky-autismus-2\/#breadcrumb\"},\"inLanguage\":\"cs\",\"potentialAction\":[{\"@type\":\"ReadAction\",\"target\":[\"https:\/\/www.diagnostika-mysli.cz\/blog\/autismus\/atypicky-autismus-2\/\"]}]},{\"@type\":\"BreadcrumbList\",\"@id\":\"https:\/\/www.diagnostika-mysli.cz\/blog\/autismus\/atypicky-autismus-2\/#breadcrumb\",\"itemListElement\":[{\"@type\":\"ListItem\",\"position\":1,\"name\":\"Blog\",\"item\":\"https:\/\/www.diagnostika-mysli.cz\/blog\/\"},{\"@type\":\"ListItem\",\"position\":2,\"name\":\"Autismus\",\"item\":\"https:\/\/www.diagnostika-mysli.cz\/blog\/autismus\/\"},{\"@type\":\"ListItem\",\"position\":3,\"name\":\"Atypicky autismus\"}]},{\"@type\":\"Person\",\"@id\":\"https:\/\/www.diagnostika-mysli.cz\/blog\/#\/schema\/person\/8eb1bcaf59fea75c780c11946f4e3490\",\"name\":\"Test Mysli\",\"image\":{\"@type\":\"ImageObject\",\"@id\":\"https:\/\/www.diagnostika-mysli.cz\/blog\/#personlogo\",\"inLanguage\":\"cs\",\"url\":\"https:\/\/secure.gravatar.com\/avatar\/6743211f010801ea26aa9423a2daab37?s=96&d=mm&r=g\",\"contentUrl\":\"https:\/\/secure.gravatar.com\/avatar\/6743211f010801ea26aa9423a2daab37?s=96&d=mm&r=g\",\"caption\":\"Test Mysli\"},\"sameAs\":[\"https:\/\/www.diagnostika-mysli.cz\/blog\"],\"url\":\"https:\/\/www.diagnostika-mysli.cz\/blog\/author\/diagnostyka-umyslu\/\"}]}<\/script>\n<!-- \/ Yoast SEO plugin. -->","yoast_head_json":{"title":"Atypicky autismus - Test Mysli","robots":{"index":"index","follow":"follow","max-snippet":"max-snippet:-1","max-image-preview":"max-image-preview:large","max-video-preview":"max-video-preview:-1"},"canonical":"https:\/\/www.diagnostika-mysli.cz\/blog\/autismus\/atypicky-autismus-2\/","og_locale":"cs_CZ","og_type":"article","og_title":"Atypicky autismus - Test Mysli","og_description":"Co je atypick\u00fd autismus a jak se li\u0161\u00ed od klasick\u00e9ho autismu? Atypick\u00fd autismus je neurov\u00fdvojov\u00e9 onemocn\u011bn\u00ed, kter\u00e9 se projevuje poruchami v soci\u00e1ln\u00edm chov\u00e1n\u00ed, komunikaci a...","og_url":"https:\/\/www.diagnostika-mysli.cz\/blog\/autismus\/atypicky-autismus-2\/","og_site_name":"Test Mysli","article_published_time":"2025-06-13T01:25:19+00:00","twitter_card":"summary_large_image","twitter_misc":{"Napsal(a)":"Test Mysli","Odhadovan\u00e1 doba \u010dten\u00ed":"3 minuty"},"schema":{"@context":"https:\/\/schema.org","@graph":[{"@type":"WebSite","@id":"https:\/\/www.diagnostika-mysli.cz\/blog\/#website","url":"https:\/\/www.diagnostika-mysli.cz\/blog\/","name":"Test Mysli","description":"Blog o poruch\u00e1ch mysli","potentialAction":[{"@type":"SearchAction","target":{"@type":"EntryPoint","urlTemplate":"https:\/\/www.diagnostika-mysli.cz\/blog\/?s={search_term_string}"},"query-input":"required name=search_term_string"}],"inLanguage":"cs"},{"@type":"WebPage","@id":"https:\/\/www.diagnostika-mysli.cz\/blog\/autismus\/atypicky-autismus-2\/#webpage","url":"https:\/\/www.diagnostika-mysli.cz\/blog\/autismus\/atypicky-autismus-2\/","name":"Atypicky autismus - Test Mysli","isPartOf":{"@id":"https:\/\/www.diagnostika-mysli.cz\/blog\/#website"},"datePublished":"2025-06-13T01:25:19+00:00","dateModified":"2025-06-13T01:25:19+00:00","author":{"@id":"https:\/\/www.diagnostika-mysli.cz\/blog\/#\/schema\/person\/8eb1bcaf59fea75c780c11946f4e3490"},"breadcrumb":{"@id":"https:\/\/www.diagnostika-mysli.cz\/blog\/autismus\/atypicky-autismus-2\/#breadcrumb"},"inLanguage":"cs","potentialAction":[{"@type":"ReadAction","target":["https:\/\/www.diagnostika-mysli.cz\/blog\/autismus\/atypicky-autismus-2\/"]}]},{"@type":"BreadcrumbList","@id":"https:\/\/www.diagnostika-mysli.cz\/blog\/autismus\/atypicky-autismus-2\/#breadcrumb","itemListElement":[{"@type":"ListItem","position":1,"name":"Blog","item":"https:\/\/www.diagnostika-mysli.cz\/blog\/"},{"@type":"ListItem","position":2,"name":"Autismus","item":"https:\/\/www.diagnostika-mysli.cz\/blog\/autismus\/"},{"@type":"ListItem","position":3,"name":"Atypicky autismus"}]},{"@type":"Person","@id":"https:\/\/www.diagnostika-mysli.cz\/blog\/#\/schema\/person\/8eb1bcaf59fea75c780c11946f4e3490","name":"Test Mysli","image":{"@type":"ImageObject","@id":"https:\/\/www.diagnostika-mysli.cz\/blog\/#personlogo","inLanguage":"cs","url":"https:\/\/secure.gravatar.com\/avatar\/6743211f010801ea26aa9423a2daab37?s=96&d=mm&r=g","contentUrl":"https:\/\/secure.gravatar.com\/avatar\/6743211f010801ea26aa9423a2daab37?s=96&d=mm&r=g","caption":"Test Mysli"},"sameAs":["https:\/\/www.diagnostika-mysli.cz\/blog"],"url":"https:\/\/www.diagnostika-mysli.cz\/blog\/author\/diagnostyka-umyslu\/"}]}},"amp_enabled":true,"_links":{"self":[{"href":"https:\/\/www.diagnostika-mysli.cz\/blog\/wp-json\/wp\/v2\/posts\/3355"}],"collection":[{"href":"https:\/\/www.diagnostika-mysli.cz\/blog\/wp-json\/wp\/v2\/posts"}],"about":[{"href":"https:\/\/www.diagnostika-mysli.cz\/blog\/wp-json\/wp\/v2\/types\/post"}],"author":[{"embeddable":true,"href":"https:\/\/www.diagnostika-mysli.cz\/blog\/wp-json\/wp\/v2\/users\/1"}],"replies":[{"embeddable":true,"href":"https:\/\/www.diagnostika-mysli.cz\/blog\/wp-json\/wp\/v2\/comments?post=3355"}],"version-history":[{"count":0,"href":"https:\/\/www.diagnostika-mysli.cz\/blog\/wp-json\/wp\/v2\/posts\/3355\/revisions"}],"wp:attachment":[{"href":"https:\/\/www.diagnostika-mysli.cz\/blog\/wp-json\/wp\/v2\/media?parent=3355"}],"wp:term":[{"taxonomy":"category","embeddable":true,"href":"https:\/\/www.diagnostika-mysli.cz\/blog\/wp-json\/wp\/v2\/categories?post=3355"},{"taxonomy":"post_tag","embeddable":true,"href":"https:\/\/www.diagnostika-mysli.cz\/blog\/wp-json\/wp\/v2\/tags?post=3355"}],"curies":[{"name":"wp","href":"https:\/\/api.w.org\/{rel}","templated":true}]}}