{"id":3357,"date":"2025-06-14T03:25:28","date_gmt":"2025-06-14T01:25:28","guid":{"rendered":"https:\/\/www.diagnostika-mysli.cz\/blog\/autismus\/znamky-autismu\/"},"modified":"2025-06-14T03:25:28","modified_gmt":"2025-06-14T01:25:28","slug":"znamky-autismu","status":"publish","type":"post","link":"https:\/\/www.diagnostika-mysli.cz\/blog\/autismus\/znamky-autismu\/","title":{"rendered":"Zn\u00e1mky autismu"},"content":{"rendered":"<div class='topics'>\n<div class='topic'>\n<h2>Co jsou to zn\u00e1mky autismu a jak je rozpoznat?<\/h2>\n<p>Autismus je neurov\u00fdvojov\u00e1 porucha, kter\u00e1 ovliv\u0148uje soci\u00e1ln\u00ed interakce, komunikaci a chov\u00e1n\u00ed jedince. Tato porucha se projevuje ji\u017e v d\u011btstv\u00ed a m\u016f\u017ee m\u00edt r\u016fzn\u00e9 formy a stupn\u011b z\u00e1va\u017enosti. Jedn\u00edm z hlavn\u00edch n\u00e1stroj\u016f pro diagnostiku autismu jsou tzv. zn\u00e1mky autismu.<\/p>\n<p>Zn\u00e1mky autismu jsou specifick\u00e9 chov\u00e1n\u00ed a projevy, kter\u00e9 se vyskytuj\u00ed u jedinc\u016f s touto poruchou. Tyto zn\u00e1mky se mohou projevovat ji\u017e od ran\u00e9ho d\u011btstv\u00ed a mohou b\u00fdt pozorov\u00e1ny u d\u011bt\u00ed i dosp\u011bl\u00fdch. Je d\u016fle\u017eit\u00e9 si uv\u011bdomit, \u017ee ka\u017ed\u00fd jedinec s autismem m\u016f\u017ee m\u00edt jin\u00e9 zn\u00e1mky a jejich projevy se mohou li\u0161it v z\u00e1vislosti na v\u011bku a z\u00e1va\u017enosti poruchy.<\/p>\n<p>Mezi nej\u010dast\u011bj\u0161\u00ed zn\u00e1mky autismu pat\u0159\u00ed probl\u00e9my s komunikac\u00ed a soci\u00e1ln\u00edmi interakcemi.<\/p>\n<\/div>\n<div class='topic'>\n<h2>Zn\u00e1mky autismu jsou specifick\u00e9 chov\u00e1n\u00ed a projevy, kter\u00e9 se objevuj\u00ed u jedinc\u016f s touto poruchou. Mezi nej\u010dast\u011bj\u0161\u00ed zn\u00e1mky pat\u0159\u00ed probl\u00e9my s komunikac\u00ed a soci\u00e1ln\u00ed interakc\u00ed, opakuj\u00edc\u00ed se chov\u00e1n\u00ed a omezen\u00e9 z\u00e1jmy. Diagn\u00f3za autismu se stanovuje na z\u00e1klad\u011b d\u016fkladn\u00e9ho vy\u0161et\u0159en\u00ed a pozorov\u00e1n\u00ed chov\u00e1n\u00ed jedince.<\/h2>\n<p>Autismus je neurov\u00fdvojov\u00e1 porucha, kter\u00e1 se projevuje specifick\u00fdmi chov\u00e1n\u00ed a projevy u jedinc\u016f, kte\u0159\u00ed j\u00edm trp\u00ed. Tato porucha se obvykle projevuje ji\u017e v d\u011btstv\u00ed a m\u016f\u017ee m\u00edt r\u016fzn\u00e9 formy a stupn\u011b z\u00e1va\u017enosti. Mezi nej\u010dast\u011bj\u0161\u00ed zn\u00e1mky autismu pat\u0159\u00ed probl\u00e9my s komunikac\u00ed a soci\u00e1ln\u00ed interakc\u00ed, opakuj\u00edc\u00ed se chov\u00e1n\u00ed a omezen\u00e9 z\u00e1jmy.<\/p>\n<p>Jednou z hlavn\u00edch zn\u00e1mek autismu je probl\u00e9m s komunikac\u00ed. Jedinci s touto poruchou maj\u00ed \u010dasto probl\u00e9my s porozum\u011bn\u00edm verb\u00e1ln\u00edho i neverb\u00e1ln\u00edho jazyka. Mohou m\u00edt nap\u0159\u00edklad probl\u00e9my s porozum\u011bn\u00edm \u0159e\u010di druh\u00fdch, s vyjad\u0159ov\u00e1n\u00edm sv\u00fdch my\u0161lenek a pocit\u016f, nebo s porozum\u011bn\u00edm obrazov\u00e9ho materi\u00e1lu. Mnoho jedinc\u016f s autismem tak\u00e9 m\u016f\u017ee m\u00edt omezenou schopnost pou\u017e\u00edvat \u0159e\u010d<\/p>\n<\/div>\n<div class='topic'>\n<h2><\/h2>\n<p>\u010cesk\u00e1 kuchyn\u011b je jednou z nejstar\u0161\u00edch a nejbohat\u0161\u00edch kuchyn\u00ed v Evrop\u011b. Jej\u00ed ko\u0159eny sahaj\u00ed a\u017e do 9. stolet\u00ed, kdy se za\u010daly formovat prvn\u00ed tradi\u010dn\u00ed pokrmy. \u010cesk\u00e1 kuchyn\u011b je ovlivn\u011bna p\u0159edev\u0161\u00edm st\u0159edoevropskou kuchyn\u00ed, ale najdeme v n\u00ed i prvky z n\u011bmeck\u00e9, rakousk\u00e9, ma\u010farsk\u00e9 a \u017eidovsk\u00e9 kuchyn\u011b.<\/p>\n<p>Hlavn\u00edmi surovinami \u010desk\u00e9 kuchyn\u011b jsou brambory, maso, zelenina, ml\u00e9\u010dn\u00e9 v\u00fdrobky a obiloviny. V\u011bt\u0161ina pokrm\u016f je pom\u011brn\u011b jednoduch\u00e1, ale velmi chutn\u00e1 a s vysokou v\u00fd\u017eivovou hodnotou. Mezi nejzn\u00e1m\u011bj\u0161\u00ed \u010desk\u00e9 speciality pat\u0159\u00ed vep\u0159ov\u00e1 pe\u010den\u011b s knedl\u00edky, gul\u00e1\u0161, sv\u00ed\u010dkov\u00e1 na smetan\u011b, brambor\u00e1ky, sma\u017een\u00fd s\u00fdr a tradi\u010dn\u00ed \u010desk<\/p>\n<\/div>\n<div class='topic'>\n<h2>Jak\u00e9 jsou r\u016fzn\u00e9 formy autismu a jak se li\u0161\u00ed jejich zn\u00e1mky?<\/h2>\n<p>Autismus je neurov\u00fdvojov\u00e1 porucha, kter\u00e1 ovliv\u0148uje komunikaci a soci\u00e1ln\u00ed interakci jedince. Existuje mnoho r\u016fzn\u00fdch forem autismu, kter\u00e9 se li\u0161\u00ed v z\u00e1va\u017enosti a projevech. V tomto \u010dl\u00e1nku se pod\u00edv\u00e1me na nej\u010dast\u011bj\u0161\u00ed formy autismu a jejich charakteristick\u00e9 znaky.<\/p>\n<p>1. Autistick\u00e1 porucha spektra (ASD)<\/p>\n<p>Autistick\u00e1 porucha spektra (ASD) je nej\u010dast\u011bj\u0161\u00ed forma autismu. Tato porucha se projevuje v \u0161irok\u00e9m spektru z\u00e1va\u017enosti a m\u016f\u017ee se li\u0161it od m\u00edrn\u00e9 a\u017e po t\u011b\u017ekou formu. Lid\u00e9 s ASD maj\u00ed probl\u00e9my s komunikac\u00ed a soci\u00e1ln\u00edmi interakcemi, a \u010dasto maj\u00ed omezen\u00e9 a opakuj\u00edc\u00ed se chov\u00e1n\u00ed. N\u011bkte\u0159\u00ed jedinci s ASD mohou m\u00edt tak\u00e9 probl\u00e9my s motorick\u00fdmi dovednostmi a citlivost\u00ed na zvuky, sv\u011btlo a dotek.<\/p>\n<p>2. Asperger\u016fv syndrom<\/p>\n<p>Asperger\u016fv syndrom je forma autismu,<\/p>\n<\/div>\n<div class='topic'>\n<h2>Existuje n\u011bkolik r\u016fzn\u00fdch forem autismu, jako nap\u0159\u00edklad Asperger\u016fv syndrom, atypick\u00fd autismus nebo Rett\u016fv syndrom. Ka\u017ed\u00e1 z t\u011bchto forem m\u00e1 sv\u00e9 specifick\u00e9 znaky a projevy. Nap\u0159\u00edklad u Aspergerova syndromu jsou jedinci \u010dasto schopni komunikovat, ale maj\u00ed probl\u00e9my s porozum\u011bn\u00edm soci\u00e1ln\u00edm situac\u00edm.<\/h2>\n<p>Autismus je neurov\u00fdvojov\u00e1 porucha, kter\u00e1 se projevuje v r\u016fzn\u00fdch form\u00e1ch. Jednou z nich je Asperger\u016fv syndrom, kter\u00fd je pojmenov\u00e1n po rakousk\u00e9m l\u00e9ka\u0159i Hanse Aspergera. Tato forma autismu se projevuje p\u0159edev\u0161\u00edm poruchami soci\u00e1ln\u00ed interakce a komunikace.<\/p>\n<p>Jedn\u00edm z hlavn\u00edch znak\u016f Aspergerova syndromu je neschopnost porozum\u011bt soci\u00e1ln\u00edm situac\u00edm a nespr\u00e1vn\u00e9 ch\u00e1p\u00e1n\u00ed soci\u00e1ln\u00edch norem. Jedinci s touto poruchou mohou m\u00edt probl\u00e9my s porozum\u011bn\u00edm neverb\u00e1ln\u00ed komunikace, jako jsou nap\u0159\u00edklad gesta, mimika nebo t\u00f3n hlasu. Mohou tak\u00e9 m\u00edt obt\u00ed\u017ee s porozum\u011bn\u00edm ironie, sarkasmu a metafor.<\/p>\n<p>Dal\u0161\u00edm charakteristick\u00fdm rysem Aspergerova syndromu je omezen\u00fd z\u00e1jem a opakov\u00e1n\u00ed ur\u010dit\u00fdch \u010dinnost\u00ed. Jedinci s touto poruchou se mohou siln\u011b soust\u0159edit na ur\u010dit\u00e9 aktivity a b\u00fdt v nich velmi do<\/p>\n<\/div>\n<div class='topic'>\n<h2><\/h2>\n<p>\u010cesk\u00e1 kuchyn\u011b je jednou z nejstar\u0161\u00edch a nejbohat\u0161\u00edch kuchyn\u00ed v Evrop\u011b. Jej\u00ed ko\u0159eny sahaj\u00ed a\u017e do 9. stolet\u00ed, kdy se za\u010daly formovat prvn\u00ed tradi\u010dn\u00ed pokrmy. \u010cesk\u00e1 kuchyn\u011b je ovlivn\u011bna p\u0159edev\u0161\u00edm st\u0159edoevropskou kuchyn\u00ed, ale najdeme v n\u00ed i prvky z n\u011bmeck\u00e9, rakousk\u00e9, ma\u010farsk\u00e9 a \u017eidovsk\u00e9 kuchyn\u011b.<\/p>\n<p>Hlavn\u00edmi surovinami \u010desk\u00e9 kuchyn\u011b jsou brambory, maso, zelenina, ml\u00e9\u010dn\u00e9 v\u00fdrobky a obiloviny. V\u011bt\u0161ina pokrm\u016f je pom\u011brn\u011b jednoduch\u00e1, ale velmi chutn\u00e1 a s vysokou v\u00fd\u017eivovou hodnotou. Mezi nejzn\u00e1m\u011bj\u0161\u00ed \u010desk\u00e9 speciality pat\u0159\u00ed vep\u0159ov\u00e1 pe\u010den\u011b s knedl\u00edky, gul\u00e1\u0161, sv\u00ed\u010dkov\u00e1 na smetan\u011b, brambor\u00e1ky, sma\u017een\u00fd s\u00fdr a tradi\u010dn\u00ed \u010desk<\/p>\n<\/div>\n<div class='topic'>\n<h2>Jak mohou rodi\u010de a u\u010d<\/h2>\n<p>Rodi\u010de a u\u010ditel\u00e9 jsou d\u016fle\u017eit\u00fdmi a nezbytn\u00fdmi \u010dleny vzd\u011bl\u00e1vac\u00edho procesu d\u011bt\u00ed. Spole\u010dn\u011b maj\u00ed velk\u00fd vliv na v\u00fdvoj a vzd\u011bl\u00e1n\u00ed d\u011bt\u00ed, a proto je d\u016fle\u017eit\u00e9, aby spolupracovali a komunikovali mezi sebou.<\/p>\n<p>Rodi\u010de jsou prvn\u00edmi u\u010diteli sv\u00fdch d\u011bt\u00ed a jejich vliv na jejich vzd\u011bl\u00e1v\u00e1n\u00ed je neoceniteln\u00fd. Od narozen\u00ed d\u00edt\u011bte jsou rodi\u010de zodpov\u011bdn\u00ed za jeho v\u00fdchovu a vzd\u011bl\u00e1v\u00e1n\u00ed. Jsou to oni, kdo d\u011btem p\u0159ed\u00e1vaj\u00ed z\u00e1kladn\u00ed hodnoty, u\u010d\u00ed je z\u00e1kladn\u00edm dovednostem a pom\u00e1haj\u00ed jim objevovat sv\u011bt kolem sebe. Rodi\u010de jsou tak\u00e9 prvn\u00edmi, kdo rozpozn\u00e1vaj\u00ed potenci\u00e1l sv\u00e9ho d\u00edt\u011bte a mohou mu pomoci rozv\u00edjet jeho schopnosti a talenty.<\/p>\n<p>Vzd\u011bl\u00e1v\u00e1n\u00ed d\u011bt\u00ed<\/p>\n<\/div>\n<\/div>\n","protected":false},"excerpt":{"rendered":"<p>Co jsou to zn\u00e1mky autismu a jak je rozpoznat? Autismus je neurov\u00fdvojov\u00e1 porucha, kter\u00e1 ovliv\u0148uje soci\u00e1ln\u00ed interakce, komunikaci a chov\u00e1n\u00ed jedince. Tato porucha se projevuje&#8230;<\/p>\n","protected":false},"author":1,"featured_media":0,"comment_status":"","ping_status":"open","sticky":false,"template":"","format":"standard","meta":{"inline_featured_image":false},"categories":[849],"tags":[],"yoast_head":"<!-- This site is optimized with the Yoast SEO plugin v18.1 - https:\/\/yoast.com\/wordpress\/plugins\/seo\/ -->\n<title>Zn\u00e1mky autismu - Test Mysli<\/title>\n<meta name=\"robots\" content=\"index, follow, max-snippet:-1, max-image-preview:large, max-video-preview:-1\" \/>\n<link rel=\"canonical\" href=\"https:\/\/www.diagnostika-mysli.cz\/blog\/autismus\/znamky-autismu\/\" \/>\n<meta property=\"og:locale\" content=\"cs_CZ\" \/>\n<meta property=\"og:type\" content=\"article\" \/>\n<meta property=\"og:title\" content=\"Zn\u00e1mky autismu - Test Mysli\" \/>\n<meta property=\"og:description\" content=\"Co jsou to zn\u00e1mky autismu a jak je rozpoznat? Autismus je neurov\u00fdvojov\u00e1 porucha, kter\u00e1 ovliv\u0148uje soci\u00e1ln\u00ed interakce, komunikaci a chov\u00e1n\u00ed jedince. Tato porucha se projevuje...\" \/>\n<meta property=\"og:url\" content=\"https:\/\/www.diagnostika-mysli.cz\/blog\/autismus\/znamky-autismu\/\" \/>\n<meta property=\"og:site_name\" content=\"Test Mysli\" \/>\n<meta property=\"article:published_time\" content=\"2025-06-14T01:25:28+00:00\" \/>\n<meta name=\"twitter:card\" content=\"summary_large_image\" \/>\n<meta name=\"twitter:label1\" content=\"Napsal(a)\" \/>\n\t<meta name=\"twitter:data1\" content=\"Test Mysli\" \/>\n\t<meta name=\"twitter:label2\" content=\"Odhadovan\u00e1 doba \u010dten\u00ed\" \/>\n\t<meta name=\"twitter:data2\" content=\"6 minut\" \/>\n<script type=\"application\/ld+json\" class=\"yoast-schema-graph\">{\"@context\":\"https:\/\/schema.org\",\"@graph\":[{\"@type\":\"WebSite\",\"@id\":\"https:\/\/www.diagnostika-mysli.cz\/blog\/#website\",\"url\":\"https:\/\/www.diagnostika-mysli.cz\/blog\/\",\"name\":\"Test Mysli\",\"description\":\"Blog o poruch\u00e1ch mysli\",\"potentialAction\":[{\"@type\":\"SearchAction\",\"target\":{\"@type\":\"EntryPoint\",\"urlTemplate\":\"https:\/\/www.diagnostika-mysli.cz\/blog\/?s={search_term_string}\"},\"query-input\":\"required name=search_term_string\"}],\"inLanguage\":\"cs\"},{\"@type\":\"WebPage\",\"@id\":\"https:\/\/www.diagnostika-mysli.cz\/blog\/autismus\/znamky-autismu\/#webpage\",\"url\":\"https:\/\/www.diagnostika-mysli.cz\/blog\/autismus\/znamky-autismu\/\",\"name\":\"Zn\u00e1mky autismu - Test Mysli\",\"isPartOf\":{\"@id\":\"https:\/\/www.diagnostika-mysli.cz\/blog\/#website\"},\"datePublished\":\"2025-06-14T01:25:28+00:00\",\"dateModified\":\"2025-06-14T01:25:28+00:00\",\"author\":{\"@id\":\"https:\/\/www.diagnostika-mysli.cz\/blog\/#\/schema\/person\/8eb1bcaf59fea75c780c11946f4e3490\"},\"breadcrumb\":{\"@id\":\"https:\/\/www.diagnostika-mysli.cz\/blog\/autismus\/znamky-autismu\/#breadcrumb\"},\"inLanguage\":\"cs\",\"potentialAction\":[{\"@type\":\"ReadAction\",\"target\":[\"https:\/\/www.diagnostika-mysli.cz\/blog\/autismus\/znamky-autismu\/\"]}]},{\"@type\":\"BreadcrumbList\",\"@id\":\"https:\/\/www.diagnostika-mysli.cz\/blog\/autismus\/znamky-autismu\/#breadcrumb\",\"itemListElement\":[{\"@type\":\"ListItem\",\"position\":1,\"name\":\"Blog\",\"item\":\"https:\/\/www.diagnostika-mysli.cz\/blog\/\"},{\"@type\":\"ListItem\",\"position\":2,\"name\":\"Autismus\",\"item\":\"https:\/\/www.diagnostika-mysli.cz\/blog\/autismus\/\"},{\"@type\":\"ListItem\",\"position\":3,\"name\":\"Zn\u00e1mky autismu\"}]},{\"@type\":\"Person\",\"@id\":\"https:\/\/www.diagnostika-mysli.cz\/blog\/#\/schema\/person\/8eb1bcaf59fea75c780c11946f4e3490\",\"name\":\"Test Mysli\",\"image\":{\"@type\":\"ImageObject\",\"@id\":\"https:\/\/www.diagnostika-mysli.cz\/blog\/#personlogo\",\"inLanguage\":\"cs\",\"url\":\"https:\/\/secure.gravatar.com\/avatar\/6743211f010801ea26aa9423a2daab37?s=96&d=mm&r=g\",\"contentUrl\":\"https:\/\/secure.gravatar.com\/avatar\/6743211f010801ea26aa9423a2daab37?s=96&d=mm&r=g\",\"caption\":\"Test Mysli\"},\"sameAs\":[\"https:\/\/www.diagnostika-mysli.cz\/blog\"],\"url\":\"https:\/\/www.diagnostika-mysli.cz\/blog\/author\/diagnostyka-umyslu\/\"}]}<\/script>\n<!-- \/ Yoast SEO plugin. -->","yoast_head_json":{"title":"Zn\u00e1mky autismu - Test Mysli","robots":{"index":"index","follow":"follow","max-snippet":"max-snippet:-1","max-image-preview":"max-image-preview:large","max-video-preview":"max-video-preview:-1"},"canonical":"https:\/\/www.diagnostika-mysli.cz\/blog\/autismus\/znamky-autismu\/","og_locale":"cs_CZ","og_type":"article","og_title":"Zn\u00e1mky autismu - Test Mysli","og_description":"Co jsou to zn\u00e1mky autismu a jak je rozpoznat? Autismus je neurov\u00fdvojov\u00e1 porucha, kter\u00e1 ovliv\u0148uje soci\u00e1ln\u00ed interakce, komunikaci a chov\u00e1n\u00ed jedince. Tato porucha se projevuje...","og_url":"https:\/\/www.diagnostika-mysli.cz\/blog\/autismus\/znamky-autismu\/","og_site_name":"Test Mysli","article_published_time":"2025-06-14T01:25:28+00:00","twitter_card":"summary_large_image","twitter_misc":{"Napsal(a)":"Test Mysli","Odhadovan\u00e1 doba \u010dten\u00ed":"6 minut"},"schema":{"@context":"https:\/\/schema.org","@graph":[{"@type":"WebSite","@id":"https:\/\/www.diagnostika-mysli.cz\/blog\/#website","url":"https:\/\/www.diagnostika-mysli.cz\/blog\/","name":"Test Mysli","description":"Blog o poruch\u00e1ch mysli","potentialAction":[{"@type":"SearchAction","target":{"@type":"EntryPoint","urlTemplate":"https:\/\/www.diagnostika-mysli.cz\/blog\/?s={search_term_string}"},"query-input":"required name=search_term_string"}],"inLanguage":"cs"},{"@type":"WebPage","@id":"https:\/\/www.diagnostika-mysli.cz\/blog\/autismus\/znamky-autismu\/#webpage","url":"https:\/\/www.diagnostika-mysli.cz\/blog\/autismus\/znamky-autismu\/","name":"Zn\u00e1mky autismu - Test Mysli","isPartOf":{"@id":"https:\/\/www.diagnostika-mysli.cz\/blog\/#website"},"datePublished":"2025-06-14T01:25:28+00:00","dateModified":"2025-06-14T01:25:28+00:00","author":{"@id":"https:\/\/www.diagnostika-mysli.cz\/blog\/#\/schema\/person\/8eb1bcaf59fea75c780c11946f4e3490"},"breadcrumb":{"@id":"https:\/\/www.diagnostika-mysli.cz\/blog\/autismus\/znamky-autismu\/#breadcrumb"},"inLanguage":"cs","potentialAction":[{"@type":"ReadAction","target":["https:\/\/www.diagnostika-mysli.cz\/blog\/autismus\/znamky-autismu\/"]}]},{"@type":"BreadcrumbList","@id":"https:\/\/www.diagnostika-mysli.cz\/blog\/autismus\/znamky-autismu\/#breadcrumb","itemListElement":[{"@type":"ListItem","position":1,"name":"Blog","item":"https:\/\/www.diagnostika-mysli.cz\/blog\/"},{"@type":"ListItem","position":2,"name":"Autismus","item":"https:\/\/www.diagnostika-mysli.cz\/blog\/autismus\/"},{"@type":"ListItem","position":3,"name":"Zn\u00e1mky autismu"}]},{"@type":"Person","@id":"https:\/\/www.diagnostika-mysli.cz\/blog\/#\/schema\/person\/8eb1bcaf59fea75c780c11946f4e3490","name":"Test Mysli","image":{"@type":"ImageObject","@id":"https:\/\/www.diagnostika-mysli.cz\/blog\/#personlogo","inLanguage":"cs","url":"https:\/\/secure.gravatar.com\/avatar\/6743211f010801ea26aa9423a2daab37?s=96&d=mm&r=g","contentUrl":"https:\/\/secure.gravatar.com\/avatar\/6743211f010801ea26aa9423a2daab37?s=96&d=mm&r=g","caption":"Test Mysli"},"sameAs":["https:\/\/www.diagnostika-mysli.cz\/blog"],"url":"https:\/\/www.diagnostika-mysli.cz\/blog\/author\/diagnostyka-umyslu\/"}]}},"amp_enabled":true,"_links":{"self":[{"href":"https:\/\/www.diagnostika-mysli.cz\/blog\/wp-json\/wp\/v2\/posts\/3357"}],"collection":[{"href":"https:\/\/www.diagnostika-mysli.cz\/blog\/wp-json\/wp\/v2\/posts"}],"about":[{"href":"https:\/\/www.diagnostika-mysli.cz\/blog\/wp-json\/wp\/v2\/types\/post"}],"author":[{"embeddable":true,"href":"https:\/\/www.diagnostika-mysli.cz\/blog\/wp-json\/wp\/v2\/users\/1"}],"replies":[{"embeddable":true,"href":"https:\/\/www.diagnostika-mysli.cz\/blog\/wp-json\/wp\/v2\/comments?post=3357"}],"version-history":[{"count":0,"href":"https:\/\/www.diagnostika-mysli.cz\/blog\/wp-json\/wp\/v2\/posts\/3357\/revisions"}],"wp:attachment":[{"href":"https:\/\/www.diagnostika-mysli.cz\/blog\/wp-json\/wp\/v2\/media?parent=3357"}],"wp:term":[{"taxonomy":"category","embeddable":true,"href":"https:\/\/www.diagnostika-mysli.cz\/blog\/wp-json\/wp\/v2\/categories?post=3357"},{"taxonomy":"post_tag","embeddable":true,"href":"https:\/\/www.diagnostika-mysli.cz\/blog\/wp-json\/wp\/v2\/tags?post=3357"}],"curies":[{"name":"wp","href":"https:\/\/api.w.org\/{rel}","templated":true}]}}