{"id":3359,"date":"2025-06-15T03:25:21","date_gmt":"2025-06-15T01:25:21","guid":{"rendered":"https:\/\/www.diagnostika-mysli.cz\/blog\/autismus\/autism-symptoms\/"},"modified":"2025-06-15T03:25:21","modified_gmt":"2025-06-15T01:25:21","slug":"autism-symptoms","status":"publish","type":"post","link":"https:\/\/www.diagnostika-mysli.cz\/blog\/autismus\/autism-symptoms\/","title":{"rendered":"Autism symptoms"},"content":{"rendered":"<div class='topics'>\n<div class='topic'>\n<h2>P\u0159ehled nej\u010dast\u011bj\u0161\u00edch symptom\u016f autismu<\/h2>\n<p>Autismus je neurov\u00fdvojov\u00e9 onemocn\u011bn\u00ed, kter\u00e9 ovliv\u0148uje soci\u00e1ln\u00ed interakci, komunikaci a chov\u00e1n\u00ed jedince. Jeho p\u0159\u00edznaky se mohou li\u0161it od jedince k jedinci, ale existuje n\u011bkolik nej\u010dast\u011bj\u0161\u00edch symptom\u016f, kter\u00e9 jsou typick\u00e9 pro tuto poruchu.<\/p>\n<p>1. Probl\u00e9my s komunikac\u00ed<br \/>Jedn\u00edm z nej\u010dast\u011bj\u0161\u00edch symptom\u016f autismu je probl\u00e9m s komunikac\u00ed. D\u011bti s touto poruchou mohou m\u00edt pot\u00ed\u017ee s porozum\u011bn\u00edm verb\u00e1ln\u00edho i neverb\u00e1ln\u00edho jazyka. Mohou m\u00edt probl\u00e9my s vyjad\u0159ov\u00e1n\u00edm sv\u00fdch pot\u0159eb, nepochopen\u00edm ironie nebo s porozum\u011bn\u00edm emocion\u00e1ln\u00edch v\u00fdraz\u016f. N\u011bkter\u00e9 d\u011bti s autismem mohou m\u00edt tak\u00e9 opo\u017ed\u011bn\u00fd v\u00fdvoj \u0159e\u010di nebo mohou mluvit pouze omezen\u00fdm slovn\u00edkem.<\/p>\n<p>2. Omezen\u00e9 z\u00e1jmy a stereotypn\u00ed chov\u00e1n\u00ed<br \/>Dal\u0161\u00edm \u010dast\u00fdm p\u0159\u00edzn<\/p>\n<\/div>\n<div class='topic'>\n<h2>Autismus je neurov\u00fdvojov\u00e1 porucha, kter\u00e1 se projevuje v r\u016fzn\u00fdch form\u00e1ch a stupn\u00edch z\u00e1va\u017enosti. Mezi nej\u010dast\u011bj\u0161\u00ed symptomy autismu pat\u0159\u00ed probl\u00e9my s komunikac\u00ed a soci\u00e1ln\u00ed interakc\u00ed, opakuj\u00edc\u00ed se chov\u00e1n\u00ed a omezen\u00e9 z\u00e1jmy. V tomto \u010dl\u00e1nku se pod\u00edv\u00e1me na tyto a dal\u0161\u00ed p\u0159\u00edznaky autismu a jak se mohou projevovat u jednotliv\u00fdch jedinc\u016f.<\/h2>\n<p>Autismus je neurov\u00fdvojov\u00e1 porucha, kter\u00e1 ovliv\u0148uje chov\u00e1n\u00ed, komunikaci a soci\u00e1ln\u00ed interakci jedince. Tato porucha se projevuje ji\u017e v d\u011btstv\u00ed a trv\u00e1 cel\u00fd \u017eivot. Jej\u00ed p\u0159\u00ed\u010dina nen\u00ed zcela zn\u00e1ma, ale v\u011bdci se shoduj\u00ed, \u017ee se jedn\u00e1 o kombinaci genetick\u00fdch a environment\u00e1ln\u00edch faktor\u016f.<\/p>\n<p>Jedn\u00edm z nej\u010dast\u011bj\u0161\u00edch p\u0159\u00edznak\u016f autismu je probl\u00e9m s komunikac\u00ed. D\u011bti s touto poruchou maj\u00ed \u010dasto probl\u00e9my s porozum\u011bn\u00edm \u0159e\u010di a s jej\u00edm pou\u017e\u00edv\u00e1n\u00edm. M\u016f\u017ee se jednat o opo\u017ed\u011bn\u00fd v\u00fdvoj \u0159e\u010di, neschopnost pou\u017e\u00edvat slova nebo dokonce \u00faplnou absenci \u0159e\u010di. N\u011bkter\u00e9 d\u011bti s autismem mohou m\u00edt tak\u00e9 probl\u00e9my s porozum\u011bn\u00edm neverb\u00e1ln\u00ed komunikace, jako jsou gesta, mimika a t\u00f3n hlasu.<\/p>\n<p>Dal\u0161\u00edm v\u00fdrazn\u00fdm p\u0159\u00edznakem autismu<\/p>\n<\/div>\n<div class='topic'>\n<h2><\/h2>\n<p>\u010cesk\u00e1 kuchyn\u011b je jednou z nejstar\u0161\u00edch a nejbohat\u0161\u00edch kuchyn\u00ed v Evrop\u011b. Jej\u00ed ko\u0159eny sahaj\u00ed a\u017e do 9. stolet\u00ed, kdy se za\u010daly formovat prvn\u00ed tradi\u010dn\u00ed pokrmy. \u010cesk\u00e1 kuchyn\u011b je ovlivn\u011bna p\u0159edev\u0161\u00edm st\u0159edoevropskou kuchyn\u00ed, ale najdeme v n\u00ed i prvky z n\u011bmeck\u00e9, rakousk\u00e9, ma\u010farsk\u00e9 a \u017eidovsk\u00e9 kuchyn\u011b.<\/p>\n<p>Hlavn\u00edmi surovinami \u010desk\u00e9 kuchyn\u011b jsou brambory, maso, zelenina, ml\u00e9\u010dn\u00e9 v\u00fdrobky a obiloviny. V\u011bt\u0161ina pokrm\u016f je pom\u011brn\u011b jednoduch\u00e1, ale velmi chutn\u00e1 a s vysokou v\u00fd\u017eivovou hodnotou. Mezi nejzn\u00e1m\u011bj\u0161\u00ed \u010desk\u00e9 speciality pat\u0159\u00ed vep\u0159ov\u00e1 pe\u010den\u011b s knedl\u00edky, gul\u00e1\u0161, sv\u00ed\u010dkov\u00e1 na smetan\u011b, brambor\u00e1ky, sma\u017een\u00fd s\u00fdr a tradi\u010dn\u00ed \u010desk<\/p>\n<\/div>\n<div class='topic'>\n<h2>Jak rozpoznat autismus u d\u011bt\u00ed<\/h2>\n<p>Autismus je neurov\u00fdvojov\u00e9 onemocn\u011bn\u00ed, kter\u00e9 ovliv\u0148uje soci\u00e1ln\u00ed interakce, komunikaci a chov\u00e1n\u00ed jedince. Toto onemocn\u011bn\u00ed se obvykle projevuje ji\u017e v d\u011btstv\u00ed a m\u016f\u017ee m\u00edt r\u016fzn\u00e9 formy a z\u00e1va\u017enosti. Je d\u016fle\u017eit\u00e9 rozpoznat autismus co nejd\u0159\u00edve, aby bylo mo\u017en\u00e9 poskytnout d\u00edt\u011bti vhodnou podporu a terapii.<\/p>\n<p>Existuje n\u011bkolik p\u0159\u00edznak\u016f, kter\u00e9 mohou nazna\u010dovat p\u0159\u00edtomnost autismu u d\u011bt\u00ed. Jedn\u00edm z nich je omezen\u00ed v soci\u00e1ln\u00ed interakci. D\u011bti s autismem maj\u00ed \u010dasto probl\u00e9my s navazov\u00e1n\u00edm kontaktu s ostatn\u00edmi lidmi, neum\u00ed se d\u00edvat do o\u010d\u00ed, nech\u00e1pou nonverb\u00e1ln\u00ed komunikaci a maj\u00ed pot\u00ed\u017ee s porozum\u011bn\u00edm emoc\u00edm druh\u00fdch. Mohou se tak\u00e9 vyh\u00fdbat soci\u00e1ln\u00edm situac\u00edm a preferovat samotu.<\/p>\n<p>Dal\u0161\u00edm d\u016fle\u017eit\u00fdm p\u0159\u00edznakem je omezen\u00ed v<\/p>\n<\/div>\n<div class='topic'>\n<h2>Autismus se obvykle projevuje ji\u017e v d\u011btstv\u00ed, ale m\u016f\u017ee b\u00fdt obt\u00ed\u017en\u00e9 jej rozpoznat, zejm\u00e9na u mal\u00fdch d\u011bt\u00ed. Mezi nej\u010dast\u011bj\u0161\u00ed p\u0159\u00edznaky autismu u d\u011bt\u00ed pat\u0159\u00ed opo\u017ed\u011bn\u00fd v\u00fdvoj \u0159e\u010di, probl\u00e9my s o\u010dn\u00edm kontaktem a soci\u00e1ln\u00ed interakc\u00ed, stereotypn\u00ed chov\u00e1n\u00ed a omezen\u00e9 z\u00e1jmy. V tomto \u010dl\u00e1n<\/h2>\n<p>Autismus je neurov\u00fdvojov\u00e9 onemocn\u011bn\u00ed, kter\u00e9 se obvykle projevuje ji\u017e v d\u011btstv\u00ed. Jedn\u00e1 se o poruchu, kter\u00e1 ovliv\u0148uje soci\u00e1ln\u00ed interakci, komunikaci a chov\u00e1n\u00ed jedince. Autismus m\u016f\u017ee b\u00fdt obt\u00ed\u017en\u00e9 rozpoznat, zejm\u00e9na u mal\u00fdch d\u011bt\u00ed, proto\u017ee p\u0159\u00edznaky se mohou li\u0161it v z\u00e1vislosti na z\u00e1va\u017enosti a individu\u00e1ln\u00edch charakteristik\u00e1ch.<\/p>\n<p>Mezi nej\u010dast\u011bj\u0161\u00ed p\u0159\u00edznaky autismu u d\u011bt\u00ed pat\u0159\u00ed opo\u017ed\u011bn\u00fd v\u00fdvoj \u0159e\u010di. D\u00edt\u011b s autismem m\u016f\u017ee m\u00edt probl\u00e9my s porozum\u011bn\u00edm a pou\u017e\u00edv\u00e1n\u00edm jazyka. M\u016f\u017ee se tak\u00e9 projevovat opakovan\u00fdm opakov\u00e1n\u00edm slov nebo fr\u00e1z\u00ed, co\u017e se naz\u00fdv\u00e1 echol\u00e1lie. N\u011bkter\u00e9 d\u011bti s autismem mohou m\u00edt tak\u00e9 probl\u00e9my s porozum\u011bn\u00edm nonverb\u00e1ln\u00ed komunikace, jako je nap\u0159\u00edklad gestikulace a mimika.<\/p>\n<p>Dal<\/p>\n<\/div>\n<\/div>\n","protected":false},"excerpt":{"rendered":"<p>P\u0159ehled nej\u010dast\u011bj\u0161\u00edch symptom\u016f autismu Autismus je neurov\u00fdvojov\u00e9 onemocn\u011bn\u00ed, kter\u00e9 ovliv\u0148uje soci\u00e1ln\u00ed interakci, komunikaci a chov\u00e1n\u00ed jedince. Jeho p\u0159\u00edznaky se mohou li\u0161it od jedince k jedinci,&#8230;<\/p>\n","protected":false},"author":1,"featured_media":0,"comment_status":"","ping_status":"open","sticky":false,"template":"","format":"standard","meta":{"inline_featured_image":false},"categories":[849],"tags":[],"yoast_head":"<!-- This site is optimized with the Yoast SEO plugin v18.1 - https:\/\/yoast.com\/wordpress\/plugins\/seo\/ -->\n<title>Autism symptoms - Test Mysli<\/title>\n<meta name=\"robots\" content=\"index, follow, max-snippet:-1, max-image-preview:large, max-video-preview:-1\" \/>\n<link rel=\"canonical\" href=\"https:\/\/www.diagnostika-mysli.cz\/blog\/autismus\/autism-symptoms\/\" \/>\n<meta property=\"og:locale\" content=\"cs_CZ\" \/>\n<meta property=\"og:type\" content=\"article\" \/>\n<meta property=\"og:title\" content=\"Autism symptoms - Test Mysli\" \/>\n<meta property=\"og:description\" content=\"P\u0159ehled nej\u010dast\u011bj\u0161\u00edch symptom\u016f autismu Autismus je neurov\u00fdvojov\u00e9 onemocn\u011bn\u00ed, kter\u00e9 ovliv\u0148uje soci\u00e1ln\u00ed interakci, komunikaci a chov\u00e1n\u00ed jedince. Jeho p\u0159\u00edznaky se mohou li\u0161it od jedince k jedinci,...\" \/>\n<meta property=\"og:url\" content=\"https:\/\/www.diagnostika-mysli.cz\/blog\/autismus\/autism-symptoms\/\" \/>\n<meta property=\"og:site_name\" content=\"Test Mysli\" \/>\n<meta property=\"article:published_time\" content=\"2025-06-15T01:25:21+00:00\" \/>\n<meta name=\"twitter:card\" content=\"summary_large_image\" \/>\n<meta name=\"twitter:label1\" content=\"Napsal(a)\" \/>\n\t<meta name=\"twitter:data1\" content=\"Test Mysli\" \/>\n\t<meta name=\"twitter:label2\" content=\"Odhadovan\u00e1 doba \u010dten\u00ed\" \/>\n\t<meta name=\"twitter:data2\" content=\"4 minuty\" \/>\n<script type=\"application\/ld+json\" class=\"yoast-schema-graph\">{\"@context\":\"https:\/\/schema.org\",\"@graph\":[{\"@type\":\"WebSite\",\"@id\":\"https:\/\/www.diagnostika-mysli.cz\/blog\/#website\",\"url\":\"https:\/\/www.diagnostika-mysli.cz\/blog\/\",\"name\":\"Test Mysli\",\"description\":\"Blog o poruch\u00e1ch mysli\",\"potentialAction\":[{\"@type\":\"SearchAction\",\"target\":{\"@type\":\"EntryPoint\",\"urlTemplate\":\"https:\/\/www.diagnostika-mysli.cz\/blog\/?s={search_term_string}\"},\"query-input\":\"required name=search_term_string\"}],\"inLanguage\":\"cs\"},{\"@type\":\"WebPage\",\"@id\":\"https:\/\/www.diagnostika-mysli.cz\/blog\/autismus\/autism-symptoms\/#webpage\",\"url\":\"https:\/\/www.diagnostika-mysli.cz\/blog\/autismus\/autism-symptoms\/\",\"name\":\"Autism symptoms - Test Mysli\",\"isPartOf\":{\"@id\":\"https:\/\/www.diagnostika-mysli.cz\/blog\/#website\"},\"datePublished\":\"2025-06-15T01:25:21+00:00\",\"dateModified\":\"2025-06-15T01:25:21+00:00\",\"author\":{\"@id\":\"https:\/\/www.diagnostika-mysli.cz\/blog\/#\/schema\/person\/8eb1bcaf59fea75c780c11946f4e3490\"},\"breadcrumb\":{\"@id\":\"https:\/\/www.diagnostika-mysli.cz\/blog\/autismus\/autism-symptoms\/#breadcrumb\"},\"inLanguage\":\"cs\",\"potentialAction\":[{\"@type\":\"ReadAction\",\"target\":[\"https:\/\/www.diagnostika-mysli.cz\/blog\/autismus\/autism-symptoms\/\"]}]},{\"@type\":\"BreadcrumbList\",\"@id\":\"https:\/\/www.diagnostika-mysli.cz\/blog\/autismus\/autism-symptoms\/#breadcrumb\",\"itemListElement\":[{\"@type\":\"ListItem\",\"position\":1,\"name\":\"Blog\",\"item\":\"https:\/\/www.diagnostika-mysli.cz\/blog\/\"},{\"@type\":\"ListItem\",\"position\":2,\"name\":\"Autismus\",\"item\":\"https:\/\/www.diagnostika-mysli.cz\/blog\/autismus\/\"},{\"@type\":\"ListItem\",\"position\":3,\"name\":\"Autism symptoms\"}]},{\"@type\":\"Person\",\"@id\":\"https:\/\/www.diagnostika-mysli.cz\/blog\/#\/schema\/person\/8eb1bcaf59fea75c780c11946f4e3490\",\"name\":\"Test Mysli\",\"image\":{\"@type\":\"ImageObject\",\"@id\":\"https:\/\/www.diagnostika-mysli.cz\/blog\/#personlogo\",\"inLanguage\":\"cs\",\"url\":\"https:\/\/secure.gravatar.com\/avatar\/6743211f010801ea26aa9423a2daab37?s=96&d=mm&r=g\",\"contentUrl\":\"https:\/\/secure.gravatar.com\/avatar\/6743211f010801ea26aa9423a2daab37?s=96&d=mm&r=g\",\"caption\":\"Test Mysli\"},\"sameAs\":[\"https:\/\/www.diagnostika-mysli.cz\/blog\"],\"url\":\"https:\/\/www.diagnostika-mysli.cz\/blog\/author\/diagnostyka-umyslu\/\"}]}<\/script>\n<!-- \/ Yoast SEO plugin. -->","yoast_head_json":{"title":"Autism symptoms - Test Mysli","robots":{"index":"index","follow":"follow","max-snippet":"max-snippet:-1","max-image-preview":"max-image-preview:large","max-video-preview":"max-video-preview:-1"},"canonical":"https:\/\/www.diagnostika-mysli.cz\/blog\/autismus\/autism-symptoms\/","og_locale":"cs_CZ","og_type":"article","og_title":"Autism symptoms - Test Mysli","og_description":"P\u0159ehled nej\u010dast\u011bj\u0161\u00edch symptom\u016f autismu Autismus je neurov\u00fdvojov\u00e9 onemocn\u011bn\u00ed, kter\u00e9 ovliv\u0148uje soci\u00e1ln\u00ed interakci, komunikaci a chov\u00e1n\u00ed jedince. Jeho p\u0159\u00edznaky se mohou li\u0161it od jedince k jedinci,...","og_url":"https:\/\/www.diagnostika-mysli.cz\/blog\/autismus\/autism-symptoms\/","og_site_name":"Test Mysli","article_published_time":"2025-06-15T01:25:21+00:00","twitter_card":"summary_large_image","twitter_misc":{"Napsal(a)":"Test Mysli","Odhadovan\u00e1 doba \u010dten\u00ed":"4 minuty"},"schema":{"@context":"https:\/\/schema.org","@graph":[{"@type":"WebSite","@id":"https:\/\/www.diagnostika-mysli.cz\/blog\/#website","url":"https:\/\/www.diagnostika-mysli.cz\/blog\/","name":"Test Mysli","description":"Blog o poruch\u00e1ch mysli","potentialAction":[{"@type":"SearchAction","target":{"@type":"EntryPoint","urlTemplate":"https:\/\/www.diagnostika-mysli.cz\/blog\/?s={search_term_string}"},"query-input":"required name=search_term_string"}],"inLanguage":"cs"},{"@type":"WebPage","@id":"https:\/\/www.diagnostika-mysli.cz\/blog\/autismus\/autism-symptoms\/#webpage","url":"https:\/\/www.diagnostika-mysli.cz\/blog\/autismus\/autism-symptoms\/","name":"Autism symptoms - Test Mysli","isPartOf":{"@id":"https:\/\/www.diagnostika-mysli.cz\/blog\/#website"},"datePublished":"2025-06-15T01:25:21+00:00","dateModified":"2025-06-15T01:25:21+00:00","author":{"@id":"https:\/\/www.diagnostika-mysli.cz\/blog\/#\/schema\/person\/8eb1bcaf59fea75c780c11946f4e3490"},"breadcrumb":{"@id":"https:\/\/www.diagnostika-mysli.cz\/blog\/autismus\/autism-symptoms\/#breadcrumb"},"inLanguage":"cs","potentialAction":[{"@type":"ReadAction","target":["https:\/\/www.diagnostika-mysli.cz\/blog\/autismus\/autism-symptoms\/"]}]},{"@type":"BreadcrumbList","@id":"https:\/\/www.diagnostika-mysli.cz\/blog\/autismus\/autism-symptoms\/#breadcrumb","itemListElement":[{"@type":"ListItem","position":1,"name":"Blog","item":"https:\/\/www.diagnostika-mysli.cz\/blog\/"},{"@type":"ListItem","position":2,"name":"Autismus","item":"https:\/\/www.diagnostika-mysli.cz\/blog\/autismus\/"},{"@type":"ListItem","position":3,"name":"Autism symptoms"}]},{"@type":"Person","@id":"https:\/\/www.diagnostika-mysli.cz\/blog\/#\/schema\/person\/8eb1bcaf59fea75c780c11946f4e3490","name":"Test Mysli","image":{"@type":"ImageObject","@id":"https:\/\/www.diagnostika-mysli.cz\/blog\/#personlogo","inLanguage":"cs","url":"https:\/\/secure.gravatar.com\/avatar\/6743211f010801ea26aa9423a2daab37?s=96&d=mm&r=g","contentUrl":"https:\/\/secure.gravatar.com\/avatar\/6743211f010801ea26aa9423a2daab37?s=96&d=mm&r=g","caption":"Test Mysli"},"sameAs":["https:\/\/www.diagnostika-mysli.cz\/blog"],"url":"https:\/\/www.diagnostika-mysli.cz\/blog\/author\/diagnostyka-umyslu\/"}]}},"amp_enabled":true,"_links":{"self":[{"href":"https:\/\/www.diagnostika-mysli.cz\/blog\/wp-json\/wp\/v2\/posts\/3359"}],"collection":[{"href":"https:\/\/www.diagnostika-mysli.cz\/blog\/wp-json\/wp\/v2\/posts"}],"about":[{"href":"https:\/\/www.diagnostika-mysli.cz\/blog\/wp-json\/wp\/v2\/types\/post"}],"author":[{"embeddable":true,"href":"https:\/\/www.diagnostika-mysli.cz\/blog\/wp-json\/wp\/v2\/users\/1"}],"replies":[{"embeddable":true,"href":"https:\/\/www.diagnostika-mysli.cz\/blog\/wp-json\/wp\/v2\/comments?post=3359"}],"version-history":[{"count":0,"href":"https:\/\/www.diagnostika-mysli.cz\/blog\/wp-json\/wp\/v2\/posts\/3359\/revisions"}],"wp:attachment":[{"href":"https:\/\/www.diagnostika-mysli.cz\/blog\/wp-json\/wp\/v2\/media?parent=3359"}],"wp:term":[{"taxonomy":"category","embeddable":true,"href":"https:\/\/www.diagnostika-mysli.cz\/blog\/wp-json\/wp\/v2\/categories?post=3359"},{"taxonomy":"post_tag","embeddable":true,"href":"https:\/\/www.diagnostika-mysli.cz\/blog\/wp-json\/wp\/v2\/tags?post=3359"}],"curies":[{"name":"wp","href":"https:\/\/api.w.org\/{rel}","templated":true}]}}