{"id":3361,"date":"2025-06-16T03:25:48","date_gmt":"2025-06-16T01:25:48","guid":{"rendered":"https:\/\/www.diagnostika-mysli.cz\/blog\/autismus\/co-je-autismus\/"},"modified":"2025-06-16T03:25:48","modified_gmt":"2025-06-16T01:25:48","slug":"co-je-autismus","status":"publish","type":"post","link":"https:\/\/www.diagnostika-mysli.cz\/blog\/autismus\/co-je-autismus\/","title":{"rendered":"Co je autismus"},"content":{"rendered":"<div class='topics'>\n<div class='topic'>\n<h2>P\u0159\u00edznaky a diagnostika autismu<\/h2>\n<p>Autismus je neurov\u00fdvojov\u00e1 porucha, kter\u00e1 ovliv\u0148uje soci\u00e1ln\u00ed interakce, komunikaci a chov\u00e1n\u00ed jedince. P\u0159\u00edznaky autismu se mohou projevovat ji\u017e od ran\u00e9ho d\u011btstv\u00ed a mohou se li\u0161it v z\u00e1va\u017enosti u jednotliv\u00fdch jedinc\u016f. V t\u00e9to \u010dl\u00e1nku se pod\u00edv\u00e1me na nej\u010dast\u011bj\u0161\u00ed p\u0159\u00edznaky autismu a jak se prov\u00e1d\u00ed jeho diagnostika.<\/p>\n<p>P\u0159\u00edznaky autismu se mohou projevovat ji\u017e v prvn\u00edch letech \u017eivota d\u00edt\u011bte. Mezi nej\u010dast\u011bj\u0161\u00ed pat\u0159\u00ed probl\u00e9my s komunikac\u00ed a soci\u00e1ln\u00edmi interakcemi. D\u00edt\u011b s autismem m\u016f\u017ee m\u00edt probl\u00e9my s navazov\u00e1n\u00edm o\u010dn\u00edho kontaktu, projevov\u00e1n\u00edm empatie a porozum\u011bn\u00edm soci\u00e1ln\u00edm n\u00e1vyk\u016fm. M\u016f\u017ee se tak\u00e9 projevovat opakovan\u00fdmi a stereotypn\u00edmi chov\u00e1n\u00edmi, jako je nap\u0159\u00edklad opakovan\u00e9 pohyby nebo z\u00e1jmy.<\/p>\n<p>Dal\u0161\u00edm v\u00fd<\/p>\n<\/div>\n<div class='topic'>\n<h2>&#8211; Jak\u00e9 jsou hlavn\u00ed p\u0159\u00edznaky autismu a jak se projevuj\u00ed?<\/h2>\n<p>Autismus je neurov\u00fdvojov\u00e9 onemocn\u011bn\u00ed, kter\u00e9 ovliv\u0148uje komunikaci a soci\u00e1ln\u00ed interakci jedince. Je to porucha, kter\u00e1 se projevuje ji\u017e v d\u011btstv\u00ed a m\u016f\u017ee m\u00edt r\u016fzn\u00e9 formy a z\u00e1va\u017enosti. Hlavn\u00edm rysem autismu je omezen\u00ed v soci\u00e1ln\u00edch interakc\u00edch a komunikaci, ale m\u016f\u017ee se tak\u00e9 projevovat opakuj\u00edc\u00edmi se vzorci chov\u00e1n\u00ed a omezen\u00fdmi z\u00e1jmy.<\/p>\n<p>Jedn\u00edm z hlavn\u00edch p\u0159\u00edznak\u016f autismu je probl\u00e9m s komunikac\u00ed. D\u011bti s touto poruchou maj\u00ed \u010dasto probl\u00e9my s porozum\u011bn\u00edm verb\u00e1ln\u00ed komunikaci a mohou m\u00edt omezenou schopnost mluvit. Mohou tak\u00e9 m\u00edt probl\u00e9my s porozum\u011bn\u00edm neverb\u00e1ln\u00ed komunikaci, jako jsou gesta, mimika a t\u00f3n hlasu. Mnoho d\u011bt\u00ed s autismem tak\u00e9 mluv\u00ed s opo\u017ed\u011bn\u00edm nebo opakuj\u00ed slova a v\u011bty, co\u017e se naz\u00fdv\u00e1 echol<\/p>\n<\/div>\n<div class='topic'>\n<h2>&#8211; Jak prob\u00edh\u00e1 diagnostika autismu a kdo ji prov\u00e1d\u00ed?<\/h2>\n<p>Diagnostika autismu je proces, kter\u00fdm se zji\u0161\u0165uje p\u0159\u00edtomnost tohoto neurov\u00fdvojov\u00e9ho poruchy u jedince. Jedn\u00e1 se o slo\u017eit\u00fd a d\u016fle\u017eit\u00fd krok v diagnostick\u00e9m procesu, kter\u00fd m\u016f\u017ee m\u00edt vliv na dal\u0161\u00ed l\u00e9\u010dbu a podporu jedince s autismem.<\/p>\n<p>Diagnostika autismu se obvykle prov\u00e1d\u00ed v r\u00e1mci multidisciplin\u00e1rn\u00edho t\u00fdmu, kter\u00fd zahrnuje r\u016fzn\u00e9 odborn\u00edky, jako jsou l\u00e9ka\u0159i, psychologov\u00e9, logopedov\u00e9 a dal\u0161\u00ed specialist\u00e9. Tento t\u00fdm spolupracuje a vyhodnocuje r\u016fzn\u00e9 aspekty chov\u00e1n\u00ed, komunikace a soci\u00e1ln\u00edch interakc\u00ed jedince, aby mohl b\u00fdt stanoven p\u0159esn\u00fd diagn\u00f3za.<\/p>\n<p>Prvn\u00edm krokem v diagnostick\u00e9m procesu je obvykle n\u00e1v\u0161t\u011bva u l\u00e9ka\u0159e, kter\u00fd provede fyzick\u00e9 vy\u0161et\u0159en\u00ed a vylou\u010d\u00ed p\u0159\u00edtomnost jin\u00fdch zdravotn\u00edch probl\u00e9m\u016f, kter\u00e9 by mohly zp\u016fsobovat podobn\u00e9 p\u0159\u00edzn<\/p>\n<\/div>\n<div class='topic'>\n<h2>&#8211; Jak\u00e9 jsou mo\u017enosti l\u00e9\u010dby a podpory pro osoby s autismem?<\/h2>\n<p>Autismus je neurov\u00fdvojov\u00e9 onemocn\u011bn\u00ed, kter\u00e9 ovliv\u0148uje soci\u00e1ln\u00ed interakce, komunikaci a chov\u00e1n\u00ed jedince. Toto onemocn\u011bn\u00ed se projevuje ji\u017e v d\u011btstv\u00ed a m\u016f\u017ee m\u00edt r\u016fzn\u00e9 formy a z\u00e1va\u017enosti. Pro osoby s autismem je d\u016fle\u017eit\u00e1 spr\u00e1vn\u00e1 diagn\u00f3za a n\u00e1sledn\u00e1 l\u00e9\u010dba a podpora, kter\u00e1 jim pom\u016f\u017ee zvl\u00e1dat ka\u017edodenn\u00ed \u017eivot.<\/p>\n<p>Existuje n\u011bkolik mo\u017enost\u00ed l\u00e9\u010dby a podpory pro osoby s autismem. Jednou z nich je terapie, kter\u00e1 se zam\u011b\u0159uje na rozvoj komunika\u010dn\u00edch a soci\u00e1ln\u00edch dovednost\u00ed, sni\u017eov\u00e1n\u00ed stereotypn\u00edho chov\u00e1n\u00ed a zlep\u0161en\u00ed adaptace na b\u011b\u017en\u00e9 situace. Mezi nej\u010dast\u011bji pou\u017e\u00edvan\u00e9 terapie pat\u0159\u00ed behavior\u00e1ln\u00ed terapie, kter\u00e1 se zam\u011b\u0159uje na zm\u011bnu ne\u017e\u00e1douc\u00edho chov\u00e1n\u00ed a posilov\u00e1n\u00ed pozitivn\u00edho chov\u00e1n\u00ed, a komunika\u010dn\u00ed terapie, kter\u00e1 pom<\/p>\n<\/div>\n<div class='topic'>\n<h2><\/h2>\n<p>\u010cesk\u00e1 kuchyn\u011b je jednou z nejstar\u0161\u00edch a nejbohat\u0161\u00edch kuchyn\u00ed v Evrop\u011b. Jej\u00ed ko\u0159eny sahaj\u00ed a\u017e do 9. stolet\u00ed, kdy se za\u010daly formovat prvn\u00ed tradi\u010dn\u00ed pokrmy. \u010cesk\u00e1 kuchyn\u011b je ovlivn\u011bna p\u0159edev\u0161\u00edm st\u0159edoevropskou kuchyn\u00ed, ale najdeme v n\u00ed i prvky z n\u011bmeck\u00e9, rakousk\u00e9, ma\u010farsk\u00e9 a \u017eidovsk\u00e9 kuchyn\u011b.<\/p>\n<p>Hlavn\u00edmi surovinami \u010desk\u00e9 kuchyn\u011b jsou brambory, maso, zelenina, ml\u00e9\u010dn\u00e9 v\u00fdrobky a obiloviny. V\u011bt\u0161ina pokrm\u016f je pom\u011brn\u011b jednoduch\u00e1, ale velmi chutn\u00e1 a s vysokou v\u00fd\u017eivovou hodnotou. Mezi nejzn\u00e1m\u011bj\u0161\u00ed \u010desk\u00e9 speciality pat\u0159\u00ed vep\u0159ov\u00e1 pe\u010den\u011b s knedl\u00edky, gul\u00e1\u0161, sv\u00ed\u010dkov\u00e1 na smetan\u011b, brambor\u00e1ky, sma\u017een\u00fd s\u00fdr a tradi\u010dn\u00ed \u010desk<\/p>\n<\/div>\n<div class='topic'>\n<h2>Vliv autismu na ka\u017edodenn\u00ed \u017eivot<\/h2>\n<p>Autismus je neurov\u00fdvojov\u00e1 porucha, kter\u00e1 ovliv\u0148uje komunikaci a soci\u00e1ln\u00ed interakci jedince. Tato porucha se projevuje ji\u017e od d\u011btstv\u00ed a m\u016f\u017ee m\u00edt v\u00fdrazn\u00fd vliv na ka\u017edodenn\u00ed \u017eivot jedince i jeho rodiny.<\/p>\n<p>Jedn\u00edm z hlavn\u00edch projev\u016f autismu je probl\u00e9m s komunikac\u00ed. D\u011bti s touto poruchou maj\u00ed \u010dasto probl\u00e9my s porozum\u011bn\u00edm verb\u00e1ln\u00edho i neverb\u00e1ln\u00edho jazyka. Mohou m\u00edt pot\u00ed\u017ee s vyjad\u0159ov\u00e1n\u00edm sv\u00fdch pot\u0159eb, p\u0159\u00e1n\u00ed a emoc\u00ed. To m\u016f\u017ee v\u00e9st k frustraci a nepochopen\u00ed ze strany okol\u00ed. Komunikace je v\u0161ak kl\u00ed\u010dov\u00e1 pro ka\u017edodenn\u00ed \u017eivot a pr\u00e1v\u011b proto je pro jedince s autismem d\u016fle\u017eit\u00e9 nau\u010dit se komunikovat a porozum\u011bt komunikaci ostatn\u00edch.<\/p>\n<p>Dal\u0161\u00edm v\u00fdznamn\u00fdm aspektem autismu je omezen\u00ed soci\u00e1ln\u00edch interakc\u00ed. D\u011bti s touto poruchou maj\u00ed \u010dasto probl\u00e9my s navaz<\/p>\n<\/div>\n<div class='topic'>\n<h2>&#8211; Jak\u00fdm zp\u016fsobem m\u016f\u017ee autismus ovlivnit ka\u017edodenn\u00ed \u017eivot osoby s touto poruchou?<\/h2>\n<p>Autismus je neurov\u00fdvojov\u00e1 porucha, kter\u00e1 ovliv\u0148uje komunikaci, soci\u00e1ln\u00ed interakci a chov\u00e1n\u00ed jedince. Tato porucha se projevuje ji\u017e od d\u011btstv\u00ed a m\u016f\u017ee m\u00edt r\u016fzn\u00e9 formy a stupn\u011b z\u00e1va\u017enosti. Osoby s autismem maj\u00ed \u010dasto probl\u00e9my s porozum\u011bn\u00edm emoc\u00edm a soci\u00e1ln\u00edm interakc\u00edm, co\u017e m\u016f\u017ee m\u00edt v\u00fdrazn\u00fd vliv na jejich ka\u017edodenn\u00ed \u017eivot.<\/p>\n<p>Jedn\u00edm z hlavn\u00edch projev\u016f autismu je probl\u00e9m s komunikac\u00ed. Osoby s touto poruchou maj\u00ed \u010dasto probl\u00e9my s porozum\u011bn\u00edm verb\u00e1ln\u00ed komunikaci a mohou m\u00edt omezenou schopnost vyjad\u0159ovat sv\u00e9 my\u0161lenky a pocity. To m\u016f\u017ee v\u00e9st k frustraci a izolaci, proto\u017ee se nemohou efektivn\u011b dorozum\u00edvat s ostatn\u00edmi. N\u011bkter\u00e9 osoby s autismem mohou m\u00edt tak\u00e9 probl\u00e9my s porozum\u011bn\u00edm neverb\u00e1ln\u00ed komunikaci, jako jsou gesta, mimika a t\u00f3n hlasu<\/p>\n<\/div>\n<div class='topic'>\n<h2>&#8211; Jak\u00e9 jsou b\u011b\u017en\u00e9 v\u00fdzvy a obt\u00ed\u017ee, se kter\u00fdmi se mohou lid\u00e9 s autismem pot\u00fdkat?<\/h2>\n<p>Autismus je neurov\u00fdvojov\u00e1 porucha, kter\u00e1 ovliv\u0148uje komunikaci, soci\u00e1ln\u00ed interakci a chov\u00e1n\u00ed jedince. Ka\u017ed\u00fd \u010dlov\u011bk s autismem je jedine\u010dn\u00fd a m\u00e1 sv\u00e9 vlastn\u00ed schopnosti a v\u00fdzvy. Nicm\u00e9n\u011b existuj\u00ed n\u011bkter\u00e9 b\u011b\u017en\u00e9 v\u00fdzvy a obt\u00ed\u017ee, se kter\u00fdmi se lid\u00e9 s autismem mohou pot\u00fdkat.<\/p>\n<p>Jednou z nej\u010dast\u011bj\u0161\u00edch v\u00fdzev je probl\u00e9m s komunikac\u00ed. Lid\u00e9 s autismem mohou m\u00edt probl\u00e9my s porozum\u011bn\u00edm verb\u00e1ln\u00ed komunikace, co\u017e m\u016f\u017ee v\u00e9st k nedorozum\u011bn\u00edm a frustraci. Mohou tak\u00e9 m\u00edt probl\u00e9my s vyjad\u0159ov\u00e1n\u00edm sv\u00fdch my\u0161lenek a pocit\u016f, co\u017e m\u016f\u017ee v\u00e9st k nespr\u00e1vn\u00e9 interpretaci jejich chov\u00e1n\u00ed ostatn\u00edmi.<\/p>\n<p>Dal\u0161\u00ed b\u011b\u017enou v\u00fdzvou je soci\u00e1ln\u00ed interakce. Lid\u00e9 s autismem mohou m\u00edt probl\u00e9my s porozum\u011bn\u00edm soci\u00e1ln\u00edch norem a neum\u011bj\u00ed \u010d\u00edst neverb\u00e1ln\u00ed sign\u00e1ly<\/p>\n<\/div>\n<div class='topic'>\n<h2>&#8211; Jak mohou rodina a bl\u00edzc\u00ed pomoci s p\u0159izp\u016fsoben\u00edm se a zvl\u00e1d\u00e1n\u00edm t\u011bchto v\u00fdzev?<\/h2>\n<p>P\u0159izp\u016fsoben\u00ed se a zvl\u00e1d\u00e1n\u00ed v\u00fdzev m\u016f\u017ee b\u00fdt pro mnoho lid\u00ed obt\u00ed\u017en\u00fdm \u00fakolem, zejm\u00e9na pokud se jedn\u00e1 o n\u00e1ro\u010dn\u00e9 situace, jako jsou ztr\u00e1ta zam\u011bstn\u00e1n\u00ed, nemoc nebo rozvod. V t\u011bchto okam\u017eic\u00edch m\u016f\u017ee b\u00fdt rodina a bl\u00edzc\u00ed velkou oporou a pomoci p\u0159i p\u0159ekon\u00e1v\u00e1n\u00ed t\u011bchto obt\u00ed\u017en\u00fdch obdob\u00ed.<\/p>\n<p>Prvn\u00edm a nejd\u016fle\u017eit\u011bj\u0161\u00edm zp\u016fsobem, jak mohou rodina a bl\u00edzc\u00ed pomoci, je poskytnut\u00ed emocion\u00e1ln\u00ed podpory. V t\u011b\u017ek\u00fdch \u010dasech je d\u016fle\u017eit\u00e9 m\u00edt n\u011bkoho, kdo v\u00e1s bude poslouchat, porozum\u00ed va\u0161im pocit\u016fm a bude v\u00e1m oporou. Rodina a bl\u00edzc\u00ed mohou b\u00fdt t\u011bmi, kte\u0159\u00ed v\u00e1m poskytnou laskav\u00e1 slova, povzbuzen\u00ed a podporu, kterou pot\u0159ebujete k tomu, abyste se c\u00edtili l\u00e9pe.<\/p>\n<p>Dal<\/p>\n<\/div>\n<div class='topic'>\n<h2><\/h2>\n<p>\u010cesk\u00e1 kuchyn\u011b je jednou z nejstar\u0161\u00edch a nejbohat\u0161\u00edch kuchyn\u00ed v Evrop\u011b. Jej\u00ed ko\u0159eny sahaj\u00ed a\u017e do 9. stolet\u00ed, kdy se za\u010daly formovat prvn\u00ed tradi\u010dn\u00ed pokrmy. \u010cesk\u00e1 kuchyn\u011b je ovlivn\u011bna p\u0159edev\u0161\u00edm st\u0159edoevropskou kuchyn\u00ed, ale najdeme v n\u00ed i prvky z n\u011bmeck\u00e9, rakousk\u00e9, ma\u010farsk\u00e9 a \u017eidovsk\u00e9 kuchyn\u011b.<\/p>\n<p>Hlavn\u00edmi surovinami \u010desk\u00e9 kuchyn\u011b jsou brambory, maso, zelenina, ml\u00e9\u010dn\u00e9 v\u00fdrobky a obiloviny. V\u011bt\u0161ina pokrm\u016f je pom\u011brn\u011b jednoduch\u00e1, ale velmi chutn\u00e1 a s vysokou v\u00fd\u017eivovou hodnotou. Mezi nejzn\u00e1m\u011bj\u0161\u00ed \u010desk\u00e9 speciality pat\u0159\u00ed vep\u0159ov\u00e1 pe\u010den\u011b s knedl\u00edky, gul\u00e1\u0161, sv\u00ed\u010dkov\u00e1 na smetan\u011b, brambor\u00e1ky, sma\u017een\u00fd s\u00fdr a tradi\u010dn\u00ed \u010desk<\/p>\n<\/div>\n<div class='topic'>\n<h2>R\u016fzn\u00e9 formy autismu<\/h2>\n<p>Autismus je neurov\u00fdvojov\u00e1 porucha, kter\u00e1 se projevuje v r\u016fzn\u00fdch form\u00e1ch. Jedn\u00e1 se o komplexn\u00ed poruchu, kter\u00e1 ovliv\u0148uje soci\u00e1ln\u00ed interakci, komunikaci a chov\u00e1n\u00ed jedince. V sou\u010dasn\u00e9 dob\u011b se odhaduje, \u017ee autismus postihuje p\u0159ibli\u017en\u011b 1 % populace.<\/p>\n<p>Existuje n\u011bkolik r\u016fzn\u00fdch forem autismu, kter\u00e9 se li\u0161\u00ed v z\u00e1va\u017enosti p\u0159\u00edznak\u016f a projev\u016f. Mezi nej\u010dast\u011bj\u0161\u00ed formy pat\u0159\u00ed klasick\u00fd autismus, Asperger\u016fv syndrom a atypick\u00fd autismus.<\/p>\n<p>Klasick\u00fd autismus je nejzn\u00e1m\u011bj\u0161\u00ed a nejz\u00e1va\u017en\u011bj\u0161\u00ed forma autismu. Tito jedinci maj\u00ed probl\u00e9my s komunikac\u00ed a soci\u00e1ln\u00ed interakc\u00ed, \u010dasto maj\u00ed omezen\u00e9 z\u00e1jmy a opakuj\u00ed stereotypn\u00ed chov\u00e1n\u00ed. Mohou m\u00edt tak\u00e9 probl\u00e9my s motorikou a citlivost\u00ed na ur\u010dit\u00e9 podn\u011bty. Tito jedinci pot\u0159ebuj\u00ed v\u011bt\u0161\u00ed podporu a p\u00e9\u010di, aby se mohli pln\u011b zap<\/p>\n<\/div>\n<div class='topic'>\n<h2>&#8211; Existuje v\u00edce forem autismu a jak se li\u0161\u00ed?<\/h2>\n<p>Autismus je neurov\u00fdvojov\u00e1 porucha, kter\u00e1 ovliv\u0148uje soci\u00e1ln\u00ed interakce, komunikaci a chov\u00e1n\u00ed jedince. Existuje mnoho forem autismu, kter\u00e9 se li\u0161\u00ed v z\u00e1va\u017enosti a projevech. V tomto \u010dl\u00e1nku se pod\u00edv\u00e1me na n\u011bkter\u00e9 z nej\u010dast\u011bj\u0161\u00edch forem autismu a jak se od sebe li\u0161\u00ed.<\/p>\n<p>1. Klasick\u00fd autismus<br \/>Klasick\u00fd autismus, tak\u00e9 naz\u00fdvan\u00fd jako d\u011btsk\u00fd autismus, je nejzn\u00e1m\u011bj\u0161\u00ed forma autismu. Je charakterizov\u00e1n v\u00fdrazn\u00fdmi probl\u00e9my v komunikaci a soci\u00e1ln\u00edch interakc\u00edch, stejn\u011b jako opakuj\u00edc\u00edmi se chov\u00e1n\u00edmi a omezen\u00fdmi z\u00e1jmy. D\u011bti s klasick\u00fdm autismem mohou m\u00edt tak\u00e9 probl\u00e9my s \u0159e\u010d\u00ed a mohou vykazovat opo\u017ed\u011bn\u00fd v\u00fdvoj motoriky.<\/p>\n<p>2. Asperger\u016fv syndrom<br \/>Asperger\u016fv syndrom je forma autismu, kter\u00e1 se projevuje p\u0159edev\u0161\u00edm probl\u00e9my v soci\u00e1ln\u00edch inte<\/p>\n<\/div>\n<div class='topic'>\n<h2>&#8211; Jak\u00e9 jsou hlavn\u00ed rozd\u00edly mezi Aspergerov\u00fdm syndromem, Kannerov\u00fdm syndromem a atypick\u00fdm autismem?<\/h2>\n<p>Asperger\u016fv syndrom, Kanner\u016fv syndrom a atypick\u00e9 autismus jsou v\u0161echny poruchy zahrnut\u00e9 v \u0161ir\u0161\u00edm spektru autismu. Tyto poruchy se vyskytuj\u00ed u d\u011bt\u00ed a maj\u00ed spole\u010dn\u00fdm znakem probl\u00e9my s komunikac\u00ed a soci\u00e1ln\u00edmi interakcemi. Nicm\u00e9n\u011b, existuj\u00ed n\u011bkter\u00e9 hlavn\u00ed rozd\u00edly mezi t\u011bmito t\u0159emi poruchami, kter\u00e9 je d\u016fle\u017eit\u00e9 rozli\u0161ovat.<\/p>\n<p>Asperger\u016fv syndrom je nej\u010dast\u011bji diagnostikovanou poruchou v r\u00e1mci spektra autismu. Hlavn\u00edm rozd\u00edlem mezi Aspergerov\u00fdm syndromem a ostatn\u00edmi formami autismu je, \u017ee u d\u011bt\u00ed s Aspergerov\u00fdm syndromem nejsou pozorov\u00e1ny \u017e\u00e1dn\u00e9 v\u00fdrazn\u00e9 probl\u00e9my s \u0159e\u010d\u00ed a jazykem. Tyto d\u011bti maj\u00ed obvykle norm\u00e1ln\u00ed nebo nadpr\u016fm\u011brnou \u00farove\u0148 \u0159e\u010di a mohou m\u00edt dokonce i vysokou inteligenci. Nicm\u00e9n\u011b, maj<\/p>\n<\/div>\n<div class='topic'>\n<h2>&#8211; Jak\u00e9 jsou specifick\u00e9 pot\u0159eby a v\u00fdzvy pro ka\u017edou formu autism<\/h2>\n<p>Autismus je neurov\u00fdvojov\u00e9 onemocn\u011bn\u00ed, kter\u00e9 ovliv\u0148uje komunikaci, soci\u00e1ln\u00ed interakci a chov\u00e1n\u00ed jedince. Existuje mnoho r\u016fzn\u00fdch forem autismu, kter\u00e9 se li\u0161\u00ed v z\u00e1va\u017enosti a projevech. Ka\u017ed\u00e1 forma autismu m\u00e1 sv\u00e9 specifick\u00e9 pot\u0159eby a v\u00fdzvy, kter\u00e9 je d\u016fle\u017eit\u00e9 br\u00e1t v \u00favahu p\u0159i poskytov\u00e1n\u00ed podpory a p\u00e9\u010de.<\/p>\n<p>Jednou z nej\u010dast\u011bj\u0161\u00edch forem autismu je Asperger\u016fv syndrom. Tato forma se projevuje p\u0159edev\u0161\u00edm obt\u00ed\u017eemi v soci\u00e1ln\u00ed interakci a komunikaci. Lid\u00e9 s Aspergerov\u00fdm syndromem mohou m\u00edt probl\u00e9my s porozum\u011bn\u00edm neverb\u00e1ln\u00ed komunikace, jako jsou nap\u0159\u00edklad gesta a mimika. Mohou tak\u00e9 m\u00edt omezen\u00e9 z\u00e1jmy a stereotypn\u00ed chov\u00e1n\u00ed. Pro tyto jedince je d\u016fle\u017eit\u00e9 poskytnout strukturovan\u00e9 prost\u0159ed\u00ed a jasn\u00e1 pravidla, aby se c\u00edtili bezpe\u010dn\u011b a mohli<\/p>\n<\/div>\n<\/div>\n","protected":false},"excerpt":{"rendered":"<p>P\u0159\u00edznaky a diagnostika autismu Autismus je neurov\u00fdvojov\u00e1 porucha, kter\u00e1 ovliv\u0148uje soci\u00e1ln\u00ed interakce, komunikaci a chov\u00e1n\u00ed jedince. P\u0159\u00edznaky autismu se mohou projevovat ji\u017e od ran\u00e9ho d\u011btstv\u00ed&#8230;<\/p>\n","protected":false},"author":1,"featured_media":0,"comment_status":"","ping_status":"open","sticky":false,"template":"","format":"standard","meta":{"inline_featured_image":false},"categories":[849],"tags":[],"yoast_head":"<!-- This site is optimized with the Yoast SEO plugin v18.1 - https:\/\/yoast.com\/wordpress\/plugins\/seo\/ -->\n<title>Co je autismus - Test Mysli<\/title>\n<meta name=\"robots\" content=\"index, follow, max-snippet:-1, max-image-preview:large, max-video-preview:-1\" \/>\n<link rel=\"canonical\" href=\"https:\/\/www.diagnostika-mysli.cz\/blog\/autismus\/co-je-autismus\/\" \/>\n<meta property=\"og:locale\" content=\"cs_CZ\" \/>\n<meta property=\"og:type\" content=\"article\" \/>\n<meta property=\"og:title\" content=\"Co je autismus - Test Mysli\" \/>\n<meta property=\"og:description\" content=\"P\u0159\u00edznaky a diagnostika autismu Autismus je neurov\u00fdvojov\u00e1 porucha, kter\u00e1 ovliv\u0148uje soci\u00e1ln\u00ed interakce, komunikaci a chov\u00e1n\u00ed jedince. P\u0159\u00edznaky autismu se mohou projevovat ji\u017e od ran\u00e9ho d\u011btstv\u00ed...\" \/>\n<meta property=\"og:url\" content=\"https:\/\/www.diagnostika-mysli.cz\/blog\/autismus\/co-je-autismus\/\" \/>\n<meta property=\"og:site_name\" content=\"Test Mysli\" \/>\n<meta property=\"article:published_time\" content=\"2025-06-16T01:25:48+00:00\" \/>\n<meta name=\"twitter:card\" content=\"summary_large_image\" \/>\n<meta name=\"twitter:label1\" content=\"Napsal(a)\" \/>\n\t<meta name=\"twitter:data1\" content=\"Test Mysli\" \/>\n\t<meta name=\"twitter:label2\" content=\"Odhadovan\u00e1 doba \u010dten\u00ed\" \/>\n\t<meta name=\"twitter:data2\" content=\"11 minut\" \/>\n<script type=\"application\/ld+json\" class=\"yoast-schema-graph\">{\"@context\":\"https:\/\/schema.org\",\"@graph\":[{\"@type\":\"WebSite\",\"@id\":\"https:\/\/www.diagnostika-mysli.cz\/blog\/#website\",\"url\":\"https:\/\/www.diagnostika-mysli.cz\/blog\/\",\"name\":\"Test Mysli\",\"description\":\"Blog o poruch\u00e1ch mysli\",\"potentialAction\":[{\"@type\":\"SearchAction\",\"target\":{\"@type\":\"EntryPoint\",\"urlTemplate\":\"https:\/\/www.diagnostika-mysli.cz\/blog\/?s={search_term_string}\"},\"query-input\":\"required name=search_term_string\"}],\"inLanguage\":\"cs\"},{\"@type\":\"WebPage\",\"@id\":\"https:\/\/www.diagnostika-mysli.cz\/blog\/autismus\/co-je-autismus\/#webpage\",\"url\":\"https:\/\/www.diagnostika-mysli.cz\/blog\/autismus\/co-je-autismus\/\",\"name\":\"Co je autismus - Test Mysli\",\"isPartOf\":{\"@id\":\"https:\/\/www.diagnostika-mysli.cz\/blog\/#website\"},\"datePublished\":\"2025-06-16T01:25:48+00:00\",\"dateModified\":\"2025-06-16T01:25:48+00:00\",\"author\":{\"@id\":\"https:\/\/www.diagnostika-mysli.cz\/blog\/#\/schema\/person\/8eb1bcaf59fea75c780c11946f4e3490\"},\"breadcrumb\":{\"@id\":\"https:\/\/www.diagnostika-mysli.cz\/blog\/autismus\/co-je-autismus\/#breadcrumb\"},\"inLanguage\":\"cs\",\"potentialAction\":[{\"@type\":\"ReadAction\",\"target\":[\"https:\/\/www.diagnostika-mysli.cz\/blog\/autismus\/co-je-autismus\/\"]}]},{\"@type\":\"BreadcrumbList\",\"@id\":\"https:\/\/www.diagnostika-mysli.cz\/blog\/autismus\/co-je-autismus\/#breadcrumb\",\"itemListElement\":[{\"@type\":\"ListItem\",\"position\":1,\"name\":\"Blog\",\"item\":\"https:\/\/www.diagnostika-mysli.cz\/blog\/\"},{\"@type\":\"ListItem\",\"position\":2,\"name\":\"Autismus\",\"item\":\"https:\/\/www.diagnostika-mysli.cz\/blog\/autismus\/\"},{\"@type\":\"ListItem\",\"position\":3,\"name\":\"Co je autismus\"}]},{\"@type\":\"Person\",\"@id\":\"https:\/\/www.diagnostika-mysli.cz\/blog\/#\/schema\/person\/8eb1bcaf59fea75c780c11946f4e3490\",\"name\":\"Test Mysli\",\"image\":{\"@type\":\"ImageObject\",\"@id\":\"https:\/\/www.diagnostika-mysli.cz\/blog\/#personlogo\",\"inLanguage\":\"cs\",\"url\":\"https:\/\/secure.gravatar.com\/avatar\/6743211f010801ea26aa9423a2daab37?s=96&d=mm&r=g\",\"contentUrl\":\"https:\/\/secure.gravatar.com\/avatar\/6743211f010801ea26aa9423a2daab37?s=96&d=mm&r=g\",\"caption\":\"Test Mysli\"},\"sameAs\":[\"https:\/\/www.diagnostika-mysli.cz\/blog\"],\"url\":\"https:\/\/www.diagnostika-mysli.cz\/blog\/author\/diagnostyka-umyslu\/\"}]}<\/script>\n<!-- \/ Yoast SEO plugin. -->","yoast_head_json":{"title":"Co je autismus - Test Mysli","robots":{"index":"index","follow":"follow","max-snippet":"max-snippet:-1","max-image-preview":"max-image-preview:large","max-video-preview":"max-video-preview:-1"},"canonical":"https:\/\/www.diagnostika-mysli.cz\/blog\/autismus\/co-je-autismus\/","og_locale":"cs_CZ","og_type":"article","og_title":"Co je autismus - Test Mysli","og_description":"P\u0159\u00edznaky a diagnostika autismu Autismus je neurov\u00fdvojov\u00e1 porucha, kter\u00e1 ovliv\u0148uje soci\u00e1ln\u00ed interakce, komunikaci a chov\u00e1n\u00ed jedince. P\u0159\u00edznaky autismu se mohou projevovat ji\u017e od ran\u00e9ho d\u011btstv\u00ed...","og_url":"https:\/\/www.diagnostika-mysli.cz\/blog\/autismus\/co-je-autismus\/","og_site_name":"Test Mysli","article_published_time":"2025-06-16T01:25:48+00:00","twitter_card":"summary_large_image","twitter_misc":{"Napsal(a)":"Test Mysli","Odhadovan\u00e1 doba \u010dten\u00ed":"11 minut"},"schema":{"@context":"https:\/\/schema.org","@graph":[{"@type":"WebSite","@id":"https:\/\/www.diagnostika-mysli.cz\/blog\/#website","url":"https:\/\/www.diagnostika-mysli.cz\/blog\/","name":"Test Mysli","description":"Blog o poruch\u00e1ch mysli","potentialAction":[{"@type":"SearchAction","target":{"@type":"EntryPoint","urlTemplate":"https:\/\/www.diagnostika-mysli.cz\/blog\/?s={search_term_string}"},"query-input":"required name=search_term_string"}],"inLanguage":"cs"},{"@type":"WebPage","@id":"https:\/\/www.diagnostika-mysli.cz\/blog\/autismus\/co-je-autismus\/#webpage","url":"https:\/\/www.diagnostika-mysli.cz\/blog\/autismus\/co-je-autismus\/","name":"Co je autismus - Test Mysli","isPartOf":{"@id":"https:\/\/www.diagnostika-mysli.cz\/blog\/#website"},"datePublished":"2025-06-16T01:25:48+00:00","dateModified":"2025-06-16T01:25:48+00:00","author":{"@id":"https:\/\/www.diagnostika-mysli.cz\/blog\/#\/schema\/person\/8eb1bcaf59fea75c780c11946f4e3490"},"breadcrumb":{"@id":"https:\/\/www.diagnostika-mysli.cz\/blog\/autismus\/co-je-autismus\/#breadcrumb"},"inLanguage":"cs","potentialAction":[{"@type":"ReadAction","target":["https:\/\/www.diagnostika-mysli.cz\/blog\/autismus\/co-je-autismus\/"]}]},{"@type":"BreadcrumbList","@id":"https:\/\/www.diagnostika-mysli.cz\/blog\/autismus\/co-je-autismus\/#breadcrumb","itemListElement":[{"@type":"ListItem","position":1,"name":"Blog","item":"https:\/\/www.diagnostika-mysli.cz\/blog\/"},{"@type":"ListItem","position":2,"name":"Autismus","item":"https:\/\/www.diagnostika-mysli.cz\/blog\/autismus\/"},{"@type":"ListItem","position":3,"name":"Co je autismus"}]},{"@type":"Person","@id":"https:\/\/www.diagnostika-mysli.cz\/blog\/#\/schema\/person\/8eb1bcaf59fea75c780c11946f4e3490","name":"Test Mysli","image":{"@type":"ImageObject","@id":"https:\/\/www.diagnostika-mysli.cz\/blog\/#personlogo","inLanguage":"cs","url":"https:\/\/secure.gravatar.com\/avatar\/6743211f010801ea26aa9423a2daab37?s=96&d=mm&r=g","contentUrl":"https:\/\/secure.gravatar.com\/avatar\/6743211f010801ea26aa9423a2daab37?s=96&d=mm&r=g","caption":"Test Mysli"},"sameAs":["https:\/\/www.diagnostika-mysli.cz\/blog"],"url":"https:\/\/www.diagnostika-mysli.cz\/blog\/author\/diagnostyka-umyslu\/"}]}},"amp_enabled":true,"_links":{"self":[{"href":"https:\/\/www.diagnostika-mysli.cz\/blog\/wp-json\/wp\/v2\/posts\/3361"}],"collection":[{"href":"https:\/\/www.diagnostika-mysli.cz\/blog\/wp-json\/wp\/v2\/posts"}],"about":[{"href":"https:\/\/www.diagnostika-mysli.cz\/blog\/wp-json\/wp\/v2\/types\/post"}],"author":[{"embeddable":true,"href":"https:\/\/www.diagnostika-mysli.cz\/blog\/wp-json\/wp\/v2\/users\/1"}],"replies":[{"embeddable":true,"href":"https:\/\/www.diagnostika-mysli.cz\/blog\/wp-json\/wp\/v2\/comments?post=3361"}],"version-history":[{"count":0,"href":"https:\/\/www.diagnostika-mysli.cz\/blog\/wp-json\/wp\/v2\/posts\/3361\/revisions"}],"wp:attachment":[{"href":"https:\/\/www.diagnostika-mysli.cz\/blog\/wp-json\/wp\/v2\/media?parent=3361"}],"wp:term":[{"taxonomy":"category","embeddable":true,"href":"https:\/\/www.diagnostika-mysli.cz\/blog\/wp-json\/wp\/v2\/categories?post=3361"},{"taxonomy":"post_tag","embeddable":true,"href":"https:\/\/www.diagnostika-mysli.cz\/blog\/wp-json\/wp\/v2\/tags?post=3361"}],"curies":[{"name":"wp","href":"https:\/\/api.w.org\/{rel}","templated":true}]}}