{"id":3363,"date":"2025-06-17T03:25:27","date_gmt":"2025-06-17T01:25:27","guid":{"rendered":"https:\/\/www.diagnostika-mysli.cz\/blog\/autismus\/deti-s-autismem\/"},"modified":"2025-06-17T03:25:27","modified_gmt":"2025-06-17T01:25:27","slug":"deti-s-autismem","status":"publish","type":"post","link":"https:\/\/www.diagnostika-mysli.cz\/blog\/autismus\/deti-s-autismem\/","title":{"rendered":"D\u011bti s autismem"},"content":{"rendered":"<div class='topics'>\n<div class='topic'>\n<h2>Co je autismus a jak se projevuje u d\u011bt\u00ed?<\/h2>\n<p>Autismus je neurov\u00fdvojov\u00e1 porucha, kter\u00e1 ovliv\u0148uje soci\u00e1ln\u00ed interakce, komunikaci a chov\u00e1n\u00ed jedince. Tato porucha se obvykle projevuje ji\u017e v d\u011btstv\u00ed a m\u016f\u017ee m\u00edt r\u016fzn\u00e9 formy a z\u00e1va\u017enosti. V \u010cesk\u00e9 republice se odhaduje, \u017ee autismus postihuje p\u0159ibli\u017en\u011b 1 % populace.<\/p>\n<p>Jedn\u00edm z hlavn\u00edch projev\u016f autismu u d\u011bt\u00ed je probl\u00e9m s komunikac\u00ed a soci\u00e1ln\u00edmi interakcemi. D\u011bti s touto poruchou maj\u00ed \u010dasto probl\u00e9my s porozum\u011bn\u00edm neverb\u00e1ln\u00ed komunikace, jako jsou nap\u0159\u00edklad gesta, mimika nebo t\u00f3n hlasu. Mohou tak\u00e9 m\u00edt probl\u00e9my s porozum\u011bn\u00edm a pou\u017e\u00edv\u00e1n\u00edm \u0159e\u010di. N\u011bkter\u00e9 d\u011bti s autismem mohou m\u00edt omezen\u00fd nebo opakuj\u00edc\u00ed se slovn\u00edk, zat\u00edmco jin\u00e9 mohou m\u00edt probl\u00e9my s porozum\u011bn\u00edm abstraktn\u00edch slov nebo s pou\u017e\u00edv\u00e1n\u00edm \u0159e<\/p>\n<\/div>\n<div class='topic'>\n<h2>Autismus je neurov\u00fdvojov\u00e1 porucha, kter\u00e1 se projevuje od ran\u00e9ho d\u011btstv\u00ed. D\u011bti s autismem maj\u00ed probl\u00e9my s komunikac\u00ed a soci\u00e1ln\u00edmi interakcemi, \u010dasto maj\u00ed omezen\u00e9 z\u00e1jmy a opakuj\u00ed stereotypn\u00ed chov\u00e1n\u00ed. Tato porucha se projevuje r\u016fzn\u011b u ka\u017ed\u00e9ho jedince a m\u016f\u017ee b\u00fdt m\u00edrn\u00e1 a\u017e t\u011b\u017ek\u00e1.<\/h2>\n<p>Autismus je neurov\u00fdvojov\u00e1 porucha, kter\u00e1 se projevuje od ran\u00e9ho d\u011btstv\u00ed. Jedn\u00e1 se o poruchu, kter\u00e1 ovliv\u0148uje komunikaci, soci\u00e1ln\u00ed interakce a chov\u00e1n\u00ed jedince. D\u011bti s autismem maj\u00ed probl\u00e9my s porozum\u011bn\u00edm verb\u00e1ln\u00ed a neverb\u00e1ln\u00ed komunikace, co\u017e m\u016f\u017ee v\u00e9st k omezen\u00e9mu projevu sv\u00fdch pot\u0159eb, p\u0159\u00e1n\u00ed a emoc\u00ed. Tato porucha se projevuje r\u016fzn\u011b u ka\u017ed\u00e9ho jedince a m\u016f\u017ee b\u00fdt m\u00edrn\u00e1 a\u017e t\u011b\u017ek\u00e1.<\/p>\n<p>Jedn\u00edm z hlavn\u00edch p\u0159\u00edznak\u016f autismu je probl\u00e9m s komunikac\u00ed. D\u011bti s touto poruchou mohou m\u00edt probl\u00e9my s porozum\u011bn\u00edm \u0159e\u010di, mohou m\u00edt omezenou schopnost mluvit nebo mohou m\u00edt probl\u00e9my s pou\u017e\u00edv\u00e1n\u00edm slov ve spr\u00e1vn\u00e9m kontextu. N\u011bkter\u00e9 d\u011bti s autismem mohou m\u00edt tak\u00e9 probl\u00e9my s porozum\u011bn\u00edm neverb\u00e1ln\u00ed komunikace, jako jsou gest<\/p>\n<\/div>\n<div class='topic'>\n<h2><\/h2>\n<p>\u010cesk\u00e1 kuchyn\u011b je jednou z nejstar\u0161\u00edch a nejbohat\u0161\u00edch kuchyn\u00ed v Evrop\u011b. Jej\u00ed ko\u0159eny sahaj\u00ed a\u017e do 9. stolet\u00ed, kdy se za\u010daly formovat prvn\u00ed tradi\u010dn\u00ed pokrmy. \u010cesk\u00e1 kuchyn\u011b je ovlivn\u011bna p\u0159edev\u0161\u00edm st\u0159edoevropskou kuchyn\u00ed, ale najdeme v n\u00ed i prvky z n\u011bmeck\u00e9, rakousk\u00e9, ma\u010farsk\u00e9 a \u017eidovsk\u00e9 kuchyn\u011b.<\/p>\n<p>Hlavn\u00edmi surovinami \u010desk\u00e9 kuchyn\u011b jsou brambory, maso, zelenina, ml\u00e9\u010dn\u00e9 v\u00fdrobky a obiloviny. V\u011bt\u0161ina pokrm\u016f je pom\u011brn\u011b jednoduch\u00e1, ale velmi chutn\u00e1 a s vysokou v\u00fd\u017eivovou hodnotou. Mezi nejzn\u00e1m\u011bj\u0161\u00ed \u010desk\u00e9 speciality pat\u0159\u00ed vep\u0159ov\u00e1 pe\u010den\u011b s knedl\u00edky, gul\u00e1\u0161, sv\u00ed\u010dkov\u00e1 na smetan\u011b, brambor\u00e1ky, sma\u017een\u00fd s\u00fdr a tradi\u010dn\u00ed \u010desk<\/p>\n<\/div>\n<div class='topic'>\n<h2>Jak\u00e9 jsou mo\u017enosti l\u00e9\u010dby a podpory pro d\u011bti s autismem?<\/h2>\n<p>Autismus je neurov\u00fdvojov\u00e9 onemocn\u011bn\u00ed, kter\u00e9 ovliv\u0148uje soci\u00e1ln\u00ed interakce, komunikaci a chov\u00e1n\u00ed jedince. Toto onemocn\u011bn\u00ed se obvykle projevuje ji\u017e v d\u011btstv\u00ed a m\u016f\u017ee m\u00edt r\u016fzn\u00e9 formy a z\u00e1va\u017enosti. Pro d\u011bti s autismem je d\u016fle\u017eit\u00e1 v\u010dasn\u00e1 diagn\u00f3za a n\u00e1sledn\u00e1 l\u00e9\u010dba a podpora, kter\u00e1 jim pom\u016f\u017ee zlep\u0161it jejich kvalitu \u017eivota.<\/p>\n<p>Existuje mnoho mo\u017enost\u00ed l\u00e9\u010dby a podpory pro d\u011bti s autismem, kter\u00e9 jsou zam\u011b\u0159eny na r\u016fzn\u00e9 aspekty jejich \u017eivota. Jednou z nejd\u016fle\u017eit\u011bj\u0161\u00edch forem l\u00e9\u010dby je terapie, kter\u00e1 pom\u00e1h\u00e1 d\u011btem s autismem zlep\u0161it sv\u00e9 soci\u00e1ln\u00ed a komunika\u010dn\u00ed schopnosti. Mezi nej\u010dast\u011bji pou\u017e\u00edvan\u00e9 terapie pat\u0159\u00ed behavior\u00e1ln\u00ed terapie, kter\u00e1 se zam\u011b\u0159uje na zm\u011bnu ne\u017e\u00e1douc\u00edho chov\u00e1n\u00ed a posilov\u00e1n\u00ed pozitivn\u00edho<\/p>\n<\/div>\n<div class='topic'>\n<h2>L\u00e9\u010dba autismu nen\u00ed jednotn\u00e1 a z\u00e1vis\u00ed na individu\u00e1ln\u00edch pot\u0159eb\u00e1ch ka\u017ed\u00e9ho d\u00edt\u011bte. Mezi mo\u017enosti l\u00e9\u010dby pat\u0159\u00ed terapie chov\u00e1n\u00edm, logopedie, speci\u00e1ln\u00ed vzd\u011bl\u00e1v\u00e1n\u00ed a podpora rodiny. D\u016fle\u017eit\u00e1 je tak\u00e9 spolupr\u00e1ce s odborn\u00edky a v\u010dasn\u00e1 diagn\u00f3za, kter\u00e1 umo\u017e\u0148uje zah\u00e1jit l\u00e9\u010dbu co nejd\u0159\u00edve.<\/h2>\n<p>Autismus je neurov\u00fdvojov\u00e9 onemocn\u011bn\u00ed, kter\u00e9 se projevuje poruchou soci\u00e1ln\u00ed interakce, komunikace a omezen\u00fdmi z\u00e1jmy a aktivitami. Ka\u017ed\u00fd jedinec s autismem je jedine\u010dn\u00fd a m\u00e1 sv\u00e9 individu\u00e1ln\u00ed pot\u0159eby, proto nen\u00ed mo\u017en\u00e9 stanovit jednotn\u00fd p\u0159\u00edstup k l\u00e9\u010db\u011b. L\u00e9\u010dba autismu se mus\u00ed p\u0159izp\u016fsobit konkr\u00e9tn\u00edmu d\u00edt\u011bti a jeho pot\u0159eb\u00e1m.<\/p>\n<p>Mezi mo\u017enosti l\u00e9\u010dby autismu pat\u0159\u00ed terapie chov\u00e1n\u00edm, logopedie, speci\u00e1ln\u00ed vzd\u011bl\u00e1v\u00e1n\u00ed a podpora rodiny. Terapie chov\u00e1n\u00edm se zam\u011b\u0159uje na zlep\u0161en\u00ed soci\u00e1ln\u00edch dovednost\u00ed, komunikace a sebeovl\u00e1d\u00e1n\u00ed. Logopedie pom\u00e1h\u00e1 s rozvojem \u0159e\u010di a komunikace, kter\u00e9 jsou \u010dasto posti\u017eeny u d\u011bt\u00ed s autismem. Speci\u00e1ln\u00ed vzd\u011bl\u00e1v\u00e1n\u00ed je d\u016fle\u017eit\u00e9 pro d\u011bti s autismem, proto\u017ee jim poskytuje p\u0159izp\u016fsoben\u00e9<\/p>\n<\/div>\n<div class='topic'>\n<h2><\/h2>\n<p>\u010cesk\u00e1 kuchyn\u011b je jednou z nejstar\u0161\u00edch a nejbohat\u0161\u00edch kuchyn\u00ed v Evrop\u011b. Jej\u00ed ko\u0159eny sahaj\u00ed a\u017e do 9. stolet\u00ed, kdy se za\u010daly formovat prvn\u00ed tradi\u010dn\u00ed pokrmy. \u010cesk\u00e1 kuchyn\u011b je ovlivn\u011bna p\u0159edev\u0161\u00edm st\u0159edoevropskou kuchyn\u00ed, ale najdeme v n\u00ed i prvky z n\u011bmeck\u00e9, rakousk\u00e9, ma\u010farsk\u00e9 a \u017eidovsk\u00e9 kuchyn\u011b.<\/p>\n<p>Hlavn\u00edmi surovinami \u010desk\u00e9 kuchyn\u011b jsou brambory, maso, zelenina, ml\u00e9\u010dn\u00e9 v\u00fdrobky a obiloviny. V\u011bt\u0161ina pokrm\u016f je pom\u011brn\u011b jednoduch\u00e1, ale velmi chutn\u00e1 a s vysokou v\u00fd\u017eivovou hodnotou. Mezi nejzn\u00e1m\u011bj\u0161\u00ed \u010desk\u00e9 speciality pat\u0159\u00ed vep\u0159ov\u00e1 pe\u010den\u011b s knedl\u00edky, gul\u00e1\u0161, sv\u00ed\u010dkov\u00e1 na smetan\u011b, brambor\u00e1ky, sma\u017een\u00fd s\u00fdr a tradi\u010dn\u00ed \u010desk<\/p>\n<\/div>\n<div class='topic'>\n<h2>Jak mohou rodi<\/h2>\n<p>Jak mohou rodi pomoci sv\u00fdm d\u011btem v jejich v\u00fdvoji a r\u016fstu? Tato ot\u00e1zka je \u010dasto kladen\u00e1 rodi\u010di, kte\u0159\u00ed se sna\u017e\u00ed naj\u00edt zp\u016fsoby, jak podpo\u0159it sv\u00e9 d\u011bti v jejich \u017eivotn\u00edch c\u00edlech a snah\u00e1ch. V tomto \u010dl\u00e1nku se pod\u00edv\u00e1me na n\u011bkolik zp\u016fsob\u016f, jak mohou rodi\u010de hr\u00e1t kl\u00ed\u010dovou roli v \u017eivot\u011b sv\u00fdch d\u011bt\u00ed.<\/p>\n<p>1. Poskytov\u00e1n\u00ed l\u00e1sky a podpory<\/p>\n<p>Jedn\u00edm z nejd\u016fle\u017eit\u011bj\u0161\u00edch zp\u016fsob\u016f, jak mohou rodi\u010de pomoci sv\u00fdm d\u011btem, je poskytov\u00e1n\u00ed l\u00e1sky a podpory. D\u011bti pot\u0159ebuj\u00ed c\u00edtit, \u017ee jsou milov\u00e1ny a podporov\u00e1ny sv\u00fdmi rodi\u010di, aby se mohly c\u00edtit bezpe\u010dn\u011b a jist\u011b ve sv\u00e9m \u017eivot\u011b. Rodi\u010de by m\u011bli b\u00fdt v\u017edy p\u0159ipraveni naslouchat sv\u00fdm d\u011btem, b\u00fdt pro n\u011b k dispozici a pom\u00e1hat jim<\/p>\n<\/div>\n<\/div>\n","protected":false},"excerpt":{"rendered":"<p>Co je autismus a jak se projevuje u d\u011bt\u00ed? Autismus je neurov\u00fdvojov\u00e1 porucha, kter\u00e1 ovliv\u0148uje soci\u00e1ln\u00ed interakce, komunikaci a chov\u00e1n\u00ed jedince. Tato porucha se obvykle&#8230;<\/p>\n","protected":false},"author":1,"featured_media":0,"comment_status":"","ping_status":"open","sticky":false,"template":"","format":"standard","meta":{"inline_featured_image":false},"categories":[849],"tags":[],"yoast_head":"<!-- This site is optimized with the Yoast SEO plugin v18.1 - https:\/\/yoast.com\/wordpress\/plugins\/seo\/ -->\n<title>D\u011bti s autismem - Test Mysli<\/title>\n<meta name=\"robots\" content=\"index, follow, max-snippet:-1, max-image-preview:large, max-video-preview:-1\" \/>\n<link rel=\"canonical\" href=\"https:\/\/www.diagnostika-mysli.cz\/blog\/autismus\/deti-s-autismem\/\" \/>\n<meta property=\"og:locale\" content=\"cs_CZ\" \/>\n<meta property=\"og:type\" content=\"article\" \/>\n<meta property=\"og:title\" content=\"D\u011bti s autismem - Test Mysli\" \/>\n<meta property=\"og:description\" content=\"Co je autismus a jak se projevuje u d\u011bt\u00ed? Autismus je neurov\u00fdvojov\u00e1 porucha, kter\u00e1 ovliv\u0148uje soci\u00e1ln\u00ed interakce, komunikaci a chov\u00e1n\u00ed jedince. Tato porucha se obvykle...\" \/>\n<meta property=\"og:url\" content=\"https:\/\/www.diagnostika-mysli.cz\/blog\/autismus\/deti-s-autismem\/\" \/>\n<meta property=\"og:site_name\" content=\"Test Mysli\" \/>\n<meta property=\"article:published_time\" content=\"2025-06-17T01:25:27+00:00\" \/>\n<meta name=\"twitter:card\" content=\"summary_large_image\" \/>\n<meta name=\"twitter:label1\" content=\"Napsal(a)\" \/>\n\t<meta name=\"twitter:data1\" content=\"Test Mysli\" \/>\n\t<meta name=\"twitter:label2\" content=\"Odhadovan\u00e1 doba \u010dten\u00ed\" \/>\n\t<meta name=\"twitter:data2\" content=\"6 minut\" \/>\n<script type=\"application\/ld+json\" class=\"yoast-schema-graph\">{\"@context\":\"https:\/\/schema.org\",\"@graph\":[{\"@type\":\"WebSite\",\"@id\":\"https:\/\/www.diagnostika-mysli.cz\/blog\/#website\",\"url\":\"https:\/\/www.diagnostika-mysli.cz\/blog\/\",\"name\":\"Test Mysli\",\"description\":\"Blog o poruch\u00e1ch mysli\",\"potentialAction\":[{\"@type\":\"SearchAction\",\"target\":{\"@type\":\"EntryPoint\",\"urlTemplate\":\"https:\/\/www.diagnostika-mysli.cz\/blog\/?s={search_term_string}\"},\"query-input\":\"required name=search_term_string\"}],\"inLanguage\":\"cs\"},{\"@type\":\"WebPage\",\"@id\":\"https:\/\/www.diagnostika-mysli.cz\/blog\/autismus\/deti-s-autismem\/#webpage\",\"url\":\"https:\/\/www.diagnostika-mysli.cz\/blog\/autismus\/deti-s-autismem\/\",\"name\":\"D\u011bti s autismem - Test Mysli\",\"isPartOf\":{\"@id\":\"https:\/\/www.diagnostika-mysli.cz\/blog\/#website\"},\"datePublished\":\"2025-06-17T01:25:27+00:00\",\"dateModified\":\"2025-06-17T01:25:27+00:00\",\"author\":{\"@id\":\"https:\/\/www.diagnostika-mysli.cz\/blog\/#\/schema\/person\/8eb1bcaf59fea75c780c11946f4e3490\"},\"breadcrumb\":{\"@id\":\"https:\/\/www.diagnostika-mysli.cz\/blog\/autismus\/deti-s-autismem\/#breadcrumb\"},\"inLanguage\":\"cs\",\"potentialAction\":[{\"@type\":\"ReadAction\",\"target\":[\"https:\/\/www.diagnostika-mysli.cz\/blog\/autismus\/deti-s-autismem\/\"]}]},{\"@type\":\"BreadcrumbList\",\"@id\":\"https:\/\/www.diagnostika-mysli.cz\/blog\/autismus\/deti-s-autismem\/#breadcrumb\",\"itemListElement\":[{\"@type\":\"ListItem\",\"position\":1,\"name\":\"Blog\",\"item\":\"https:\/\/www.diagnostika-mysli.cz\/blog\/\"},{\"@type\":\"ListItem\",\"position\":2,\"name\":\"Autismus\",\"item\":\"https:\/\/www.diagnostika-mysli.cz\/blog\/autismus\/\"},{\"@type\":\"ListItem\",\"position\":3,\"name\":\"D\u011bti s autismem\"}]},{\"@type\":\"Person\",\"@id\":\"https:\/\/www.diagnostika-mysli.cz\/blog\/#\/schema\/person\/8eb1bcaf59fea75c780c11946f4e3490\",\"name\":\"Test Mysli\",\"image\":{\"@type\":\"ImageObject\",\"@id\":\"https:\/\/www.diagnostika-mysli.cz\/blog\/#personlogo\",\"inLanguage\":\"cs\",\"url\":\"https:\/\/secure.gravatar.com\/avatar\/6743211f010801ea26aa9423a2daab37?s=96&d=mm&r=g\",\"contentUrl\":\"https:\/\/secure.gravatar.com\/avatar\/6743211f010801ea26aa9423a2daab37?s=96&d=mm&r=g\",\"caption\":\"Test Mysli\"},\"sameAs\":[\"https:\/\/www.diagnostika-mysli.cz\/blog\"],\"url\":\"https:\/\/www.diagnostika-mysli.cz\/blog\/author\/diagnostyka-umyslu\/\"}]}<\/script>\n<!-- \/ Yoast SEO plugin. -->","yoast_head_json":{"title":"D\u011bti s autismem - Test Mysli","robots":{"index":"index","follow":"follow","max-snippet":"max-snippet:-1","max-image-preview":"max-image-preview:large","max-video-preview":"max-video-preview:-1"},"canonical":"https:\/\/www.diagnostika-mysli.cz\/blog\/autismus\/deti-s-autismem\/","og_locale":"cs_CZ","og_type":"article","og_title":"D\u011bti s autismem - Test Mysli","og_description":"Co je autismus a jak se projevuje u d\u011bt\u00ed? Autismus je neurov\u00fdvojov\u00e1 porucha, kter\u00e1 ovliv\u0148uje soci\u00e1ln\u00ed interakce, komunikaci a chov\u00e1n\u00ed jedince. Tato porucha se obvykle...","og_url":"https:\/\/www.diagnostika-mysli.cz\/blog\/autismus\/deti-s-autismem\/","og_site_name":"Test Mysli","article_published_time":"2025-06-17T01:25:27+00:00","twitter_card":"summary_large_image","twitter_misc":{"Napsal(a)":"Test Mysli","Odhadovan\u00e1 doba \u010dten\u00ed":"6 minut"},"schema":{"@context":"https:\/\/schema.org","@graph":[{"@type":"WebSite","@id":"https:\/\/www.diagnostika-mysli.cz\/blog\/#website","url":"https:\/\/www.diagnostika-mysli.cz\/blog\/","name":"Test Mysli","description":"Blog o poruch\u00e1ch mysli","potentialAction":[{"@type":"SearchAction","target":{"@type":"EntryPoint","urlTemplate":"https:\/\/www.diagnostika-mysli.cz\/blog\/?s={search_term_string}"},"query-input":"required name=search_term_string"}],"inLanguage":"cs"},{"@type":"WebPage","@id":"https:\/\/www.diagnostika-mysli.cz\/blog\/autismus\/deti-s-autismem\/#webpage","url":"https:\/\/www.diagnostika-mysli.cz\/blog\/autismus\/deti-s-autismem\/","name":"D\u011bti s autismem - Test Mysli","isPartOf":{"@id":"https:\/\/www.diagnostika-mysli.cz\/blog\/#website"},"datePublished":"2025-06-17T01:25:27+00:00","dateModified":"2025-06-17T01:25:27+00:00","author":{"@id":"https:\/\/www.diagnostika-mysli.cz\/blog\/#\/schema\/person\/8eb1bcaf59fea75c780c11946f4e3490"},"breadcrumb":{"@id":"https:\/\/www.diagnostika-mysli.cz\/blog\/autismus\/deti-s-autismem\/#breadcrumb"},"inLanguage":"cs","potentialAction":[{"@type":"ReadAction","target":["https:\/\/www.diagnostika-mysli.cz\/blog\/autismus\/deti-s-autismem\/"]}]},{"@type":"BreadcrumbList","@id":"https:\/\/www.diagnostika-mysli.cz\/blog\/autismus\/deti-s-autismem\/#breadcrumb","itemListElement":[{"@type":"ListItem","position":1,"name":"Blog","item":"https:\/\/www.diagnostika-mysli.cz\/blog\/"},{"@type":"ListItem","position":2,"name":"Autismus","item":"https:\/\/www.diagnostika-mysli.cz\/blog\/autismus\/"},{"@type":"ListItem","position":3,"name":"D\u011bti s autismem"}]},{"@type":"Person","@id":"https:\/\/www.diagnostika-mysli.cz\/blog\/#\/schema\/person\/8eb1bcaf59fea75c780c11946f4e3490","name":"Test Mysli","image":{"@type":"ImageObject","@id":"https:\/\/www.diagnostika-mysli.cz\/blog\/#personlogo","inLanguage":"cs","url":"https:\/\/secure.gravatar.com\/avatar\/6743211f010801ea26aa9423a2daab37?s=96&d=mm&r=g","contentUrl":"https:\/\/secure.gravatar.com\/avatar\/6743211f010801ea26aa9423a2daab37?s=96&d=mm&r=g","caption":"Test Mysli"},"sameAs":["https:\/\/www.diagnostika-mysli.cz\/blog"],"url":"https:\/\/www.diagnostika-mysli.cz\/blog\/author\/diagnostyka-umyslu\/"}]}},"amp_enabled":true,"_links":{"self":[{"href":"https:\/\/www.diagnostika-mysli.cz\/blog\/wp-json\/wp\/v2\/posts\/3363"}],"collection":[{"href":"https:\/\/www.diagnostika-mysli.cz\/blog\/wp-json\/wp\/v2\/posts"}],"about":[{"href":"https:\/\/www.diagnostika-mysli.cz\/blog\/wp-json\/wp\/v2\/types\/post"}],"author":[{"embeddable":true,"href":"https:\/\/www.diagnostika-mysli.cz\/blog\/wp-json\/wp\/v2\/users\/1"}],"replies":[{"embeddable":true,"href":"https:\/\/www.diagnostika-mysli.cz\/blog\/wp-json\/wp\/v2\/comments?post=3363"}],"version-history":[{"count":0,"href":"https:\/\/www.diagnostika-mysli.cz\/blog\/wp-json\/wp\/v2\/posts\/3363\/revisions"}],"wp:attachment":[{"href":"https:\/\/www.diagnostika-mysli.cz\/blog\/wp-json\/wp\/v2\/media?parent=3363"}],"wp:term":[{"taxonomy":"category","embeddable":true,"href":"https:\/\/www.diagnostika-mysli.cz\/blog\/wp-json\/wp\/v2\/categories?post=3363"},{"taxonomy":"post_tag","embeddable":true,"href":"https:\/\/www.diagnostika-mysli.cz\/blog\/wp-json\/wp\/v2\/tags?post=3363"}],"curies":[{"name":"wp","href":"https:\/\/api.w.org\/{rel}","templated":true}]}}