{"id":3368,"date":"2025-06-19T03:25:22","date_gmt":"2025-06-19T01:25:22","guid":{"rendered":"https:\/\/www.diagnostika-mysli.cz\/blog\/autismus\/test-na-aspergeruv-syndrom\/"},"modified":"2025-06-19T03:25:22","modified_gmt":"2025-06-19T01:25:22","slug":"test-na-aspergeruv-syndrom","status":"publish","type":"post","link":"https:\/\/www.diagnostika-mysli.cz\/blog\/autismus\/test-na-aspergeruv-syndrom\/","title":{"rendered":"Test na asperger\u016fv syndrom"},"content":{"rendered":"<div class='topics'>\n<div class='topic'>\n<h2>Co je to Asperger\u016fv syndrom a jak\u00e9 jsou jeho p\u0159\u00edznaky?<\/h2>\n<p>Asperger\u016fv syndrom je neurov\u00fdvojov\u00e9 onemocn\u011bn\u00ed, kter\u00e9 se projevuje p\u0159edev\u0161\u00edm v oblasti soci\u00e1ln\u00edch interakc\u00ed a komunikace. Jedn\u00e1 se o poruchu zahrnuj\u00edc\u00ed cel\u00fd spektrum autismu, kter\u00e1 se vyzna\u010duje ur\u010dit\u00fdmi charakteristick\u00fdmi p\u0159\u00edznaky.<\/p>\n<p>Mezi hlavn\u00ed p\u0159\u00edznaky Aspergerova syndromu pat\u0159\u00ed probl\u00e9my s porozum\u011bn\u00edm neverb\u00e1ln\u00ed komunikace, jako jsou nap\u0159\u00edklad gesta, mimika nebo t\u00f3n hlasu. Lid\u00e9 s t\u00edmto syndromem tak\u00e9 \u010dasto maj\u00ed probl\u00e9my s porozum\u011bn\u00edm soci\u00e1ln\u00edm n\u00e1vyk\u016fm a pravidl\u016fm, co\u017e m\u016f\u017ee v\u00e9st k nepochopen\u00ed nebo nevhodn\u00e9mu chov\u00e1n\u00ed v r\u016fzn\u00fdch soci\u00e1ln\u00edch situac\u00edch.<\/p>\n<p>Dal\u0161\u00edm typick\u00fdm p\u0159\u00edznakem Aspergerova syndromu je omezen\u00fd z\u00e1jem o soci\u00e1ln\u00ed interakce a komunikaci. Lid\u00e9 s touto poruchou se \u010dasto c\u00edt\u00ed nepohodln\u011b v soci\u00e1ln\u00edch situac\u00ed<\/p>\n<\/div>\n<div class='topic'>\n<h2>Jak prob\u00edh\u00e1 testov\u00e1n\u00ed na Asperger\u016fv syndrom a kdo by m\u011bl podstoupit tento test?<\/h2>\n<p>Asperger\u016fv syndrom je neurov\u00fdvojov\u00e9 onemocn\u011bn\u00ed, kter\u00e9 se projevuje poruchami soci\u00e1ln\u00ed interakce, komunikace a omezen\u00fdmi z\u00e1jmy a aktivitami. Toto onemocn\u011bn\u00ed je sou\u010d\u00e1st\u00ed \u0161ir\u0161\u00ed skupiny poruch autistick\u00e9ho spektra a postihuje p\u0159edev\u0161\u00edm d\u011bti a mladistv\u00e9. Pro potvrzen\u00ed diagn\u00f3zy Aspergerova syndromu je nezbytn\u00e9 podstoupit speci\u00e1ln\u00ed testov\u00e1n\u00ed.<\/p>\n<p>Testov\u00e1n\u00ed na Asperger\u016fv syndrom se prov\u00e1d\u00ed za \u00fa\u010delem zji\u0161t\u011bn\u00ed p\u0159\u00edznak\u016f a projev\u016f tohoto onemocn\u011bn\u00ed u jednotlivce. Testov\u00e1n\u00ed m\u016f\u017ee b\u00fdt provedeno v r\u00e1mci diagnostick\u00e9ho procesu u d\u011bt\u00ed, kter\u00e9 projevuj\u00ed zn\u00e1mky poruchy autistick\u00e9ho spektra, nebo u dosp\u011bl\u00fdch, kte\u0159\u00ed si st\u011b\u017euj\u00ed na obt\u00ed\u017ee v soci\u00e1ln\u00ed interakci a komunikaci.<\/p>\n<p>Testov\u00e1n\u00ed na Asperger\u016fv syndrom se obvykle skl\u00e1d\u00e1 z n\u011bkolika \u010d\u00e1st\u00ed,<\/p>\n<\/div>\n<div class='topic'>\n<h2>Jak\u00e9 jsou mo\u017enosti l\u00e9\u010dby a podpory pro osoby s Aspergerov\u00fdm syndromem?<\/h2>\n<p>Asperger\u016fv syndrom je neurov\u00fdvojov\u00e9 onemocn\u011bn\u00ed, kter\u00e9 se projevuje p\u0159edev\u0161\u00edm obt\u00ed\u017eemi v soci\u00e1ln\u00edm chov\u00e1n\u00ed a komunikaci. Osoby s t\u00edmto syndromem maj\u00ed \u010dasto probl\u00e9my s porozum\u011bn\u00edm soci\u00e1ln\u00edm n\u00e1vyk\u016fm a nesn\u00e1\u0161ej\u00ed zm\u011bny v rutin\u011b. Vzhledem k tomu, \u017ee Asperger\u016fv syndrom nen\u00ed l\u00e9\u010diteln\u00fd, je d\u016fle\u017eit\u00e9 poskytnout osob\u00e1m s t\u00edmto onemocn\u011bn\u00edm vhodnou l\u00e9\u010dbu a podporu, aby mohly v\u00e9st plnohodnotn\u00fd \u017eivot.<\/p>\n<p>Existuje n\u011bkolik mo\u017enost\u00ed l\u00e9\u010dby a podpory pro osoby s Aspergerov\u00fdm syndromem. Jednou z nich je terapie, kter\u00e1 se zam\u011b\u0159uje na zlep\u0161en\u00ed soci\u00e1ln\u00edch dovednost\u00ed a komunika\u010dn\u00edch schopnost\u00ed. Tato terapie m\u016f\u017ee b\u00fdt individu\u00e1ln\u00ed nebo skupinov\u00e1 a m\u016f\u017ee b\u00fdt prov\u00e1d\u011bna psychologem nebo speci\u00e1ln\u011b vy\u0161kolen\u00fdm terapeutem.<\/p>\n<p>Dal\u0161\u00ed<\/p>\n<\/div>\n<div class='topic'>\n<h2>Jak m\u016f\u017ee b\u00fdt Asperger\u016fv syndrom diagnostikov\u00e1n u d\u011bt\u00ed a jak\u00e9 jsou d\u016fle\u017eit\u00e9 kroky pro rodi\u010de a pedagogy?<\/h2>\n<p>Asperger\u016fv syndrom je neurov\u00fdvojov\u00e9 onemocn\u011bn\u00ed, kter\u00e9 se projevuje poruchami soci\u00e1ln\u00ed interakce, komunikace a omezen\u00fdmi z\u00e1jmy a aktivitami. Toto onemocn\u011bn\u00ed se obvykle projevuje ji\u017e v d\u011btstv\u00ed a m\u016f\u017ee m\u00edt v\u00fdrazn\u00fd vliv na \u017eivot d\u00edt\u011bte. Proto je d\u016fle\u017eit\u00e9, aby byl Asperger\u016fv syndrom diagnostikov\u00e1n co nejd\u0159\u00edve, aby mohlo b\u00fdt poskytnuto vhodn\u00e9 l\u00e9\u010den\u00ed a podpora.<\/p>\n<p>Diagnostika Aspergerova syndromu u d\u011bt\u00ed je slo\u017eit\u00fd proces, kter\u00fd vy\u017eaduje spolupr\u00e1ci mezi r\u016fzn\u00fdmi odborn\u00edky, jako jsou d\u011btsk\u00fd psychiatr, psycholog, logoped a pedagog. Prvn\u00edm krokem je obvykle pozorov\u00e1n\u00ed chov\u00e1n\u00ed d\u00edt\u011bte rodi\u010di, u\u010diteli a dal\u0161\u00edmi bl\u00edzk\u00fdmi osobami. Pokud se vyskytuj\u00ed zn\u00e1mky Aspergerova syndromu, je d\u016fle\u017eit\u00e9 vyhledat odbornou pomoc.<\/p>\n<p>D\u016f<\/p>\n<\/div>\n<\/div>\n","protected":false},"excerpt":{"rendered":"<p>Co je to Asperger\u016fv syndrom a jak\u00e9 jsou jeho p\u0159\u00edznaky? Asperger\u016fv syndrom je neurov\u00fdvojov\u00e9 onemocn\u011bn\u00ed, kter\u00e9 se projevuje p\u0159edev\u0161\u00edm v oblasti soci\u00e1ln\u00edch interakc\u00ed a komunikace&#8230;.<\/p>\n","protected":false},"author":1,"featured_media":0,"comment_status":"","ping_status":"open","sticky":false,"template":"","format":"standard","meta":{"inline_featured_image":false},"categories":[849],"tags":[],"yoast_head":"<!-- This site is optimized with the Yoast SEO plugin v18.1 - https:\/\/yoast.com\/wordpress\/plugins\/seo\/ -->\n<title>Test na asperger\u016fv syndrom - Test Mysli<\/title>\n<meta name=\"robots\" content=\"index, follow, max-snippet:-1, max-image-preview:large, max-video-preview:-1\" \/>\n<link rel=\"canonical\" href=\"https:\/\/www.diagnostika-mysli.cz\/blog\/autismus\/test-na-aspergeruv-syndrom\/\" \/>\n<meta property=\"og:locale\" content=\"cs_CZ\" \/>\n<meta property=\"og:type\" content=\"article\" \/>\n<meta property=\"og:title\" content=\"Test na asperger\u016fv syndrom - Test Mysli\" \/>\n<meta property=\"og:description\" content=\"Co je to Asperger\u016fv syndrom a jak\u00e9 jsou jeho p\u0159\u00edznaky? Asperger\u016fv syndrom je neurov\u00fdvojov\u00e9 onemocn\u011bn\u00ed, kter\u00e9 se projevuje p\u0159edev\u0161\u00edm v oblasti soci\u00e1ln\u00edch interakc\u00ed a komunikace....\" \/>\n<meta property=\"og:url\" content=\"https:\/\/www.diagnostika-mysli.cz\/blog\/autismus\/test-na-aspergeruv-syndrom\/\" \/>\n<meta property=\"og:site_name\" content=\"Test Mysli\" \/>\n<meta property=\"article:published_time\" content=\"2025-06-19T01:25:22+00:00\" \/>\n<meta name=\"twitter:card\" content=\"summary_large_image\" \/>\n<meta name=\"twitter:label1\" content=\"Napsal(a)\" \/>\n\t<meta name=\"twitter:data1\" content=\"Test Mysli\" \/>\n\t<meta name=\"twitter:label2\" content=\"Odhadovan\u00e1 doba \u010dten\u00ed\" \/>\n\t<meta name=\"twitter:data2\" content=\"3 minuty\" \/>\n<script type=\"application\/ld+json\" class=\"yoast-schema-graph\">{\"@context\":\"https:\/\/schema.org\",\"@graph\":[{\"@type\":\"WebSite\",\"@id\":\"https:\/\/www.diagnostika-mysli.cz\/blog\/#website\",\"url\":\"https:\/\/www.diagnostika-mysli.cz\/blog\/\",\"name\":\"Test Mysli\",\"description\":\"Blog o poruch\u00e1ch mysli\",\"potentialAction\":[{\"@type\":\"SearchAction\",\"target\":{\"@type\":\"EntryPoint\",\"urlTemplate\":\"https:\/\/www.diagnostika-mysli.cz\/blog\/?s={search_term_string}\"},\"query-input\":\"required name=search_term_string\"}],\"inLanguage\":\"cs\"},{\"@type\":\"WebPage\",\"@id\":\"https:\/\/www.diagnostika-mysli.cz\/blog\/autismus\/test-na-aspergeruv-syndrom\/#webpage\",\"url\":\"https:\/\/www.diagnostika-mysli.cz\/blog\/autismus\/test-na-aspergeruv-syndrom\/\",\"name\":\"Test na asperger\u016fv syndrom - Test Mysli\",\"isPartOf\":{\"@id\":\"https:\/\/www.diagnostika-mysli.cz\/blog\/#website\"},\"datePublished\":\"2025-06-19T01:25:22+00:00\",\"dateModified\":\"2025-06-19T01:25:22+00:00\",\"author\":{\"@id\":\"https:\/\/www.diagnostika-mysli.cz\/blog\/#\/schema\/person\/8eb1bcaf59fea75c780c11946f4e3490\"},\"breadcrumb\":{\"@id\":\"https:\/\/www.diagnostika-mysli.cz\/blog\/autismus\/test-na-aspergeruv-syndrom\/#breadcrumb\"},\"inLanguage\":\"cs\",\"potentialAction\":[{\"@type\":\"ReadAction\",\"target\":[\"https:\/\/www.diagnostika-mysli.cz\/blog\/autismus\/test-na-aspergeruv-syndrom\/\"]}]},{\"@type\":\"BreadcrumbList\",\"@id\":\"https:\/\/www.diagnostika-mysli.cz\/blog\/autismus\/test-na-aspergeruv-syndrom\/#breadcrumb\",\"itemListElement\":[{\"@type\":\"ListItem\",\"position\":1,\"name\":\"Blog\",\"item\":\"https:\/\/www.diagnostika-mysli.cz\/blog\/\"},{\"@type\":\"ListItem\",\"position\":2,\"name\":\"Autismus\",\"item\":\"https:\/\/www.diagnostika-mysli.cz\/blog\/autismus\/\"},{\"@type\":\"ListItem\",\"position\":3,\"name\":\"Test na asperger\u016fv syndrom\"}]},{\"@type\":\"Person\",\"@id\":\"https:\/\/www.diagnostika-mysli.cz\/blog\/#\/schema\/person\/8eb1bcaf59fea75c780c11946f4e3490\",\"name\":\"Test Mysli\",\"image\":{\"@type\":\"ImageObject\",\"@id\":\"https:\/\/www.diagnostika-mysli.cz\/blog\/#personlogo\",\"inLanguage\":\"cs\",\"url\":\"https:\/\/secure.gravatar.com\/avatar\/6743211f010801ea26aa9423a2daab37?s=96&d=mm&r=g\",\"contentUrl\":\"https:\/\/secure.gravatar.com\/avatar\/6743211f010801ea26aa9423a2daab37?s=96&d=mm&r=g\",\"caption\":\"Test Mysli\"},\"sameAs\":[\"https:\/\/www.diagnostika-mysli.cz\/blog\"],\"url\":\"https:\/\/www.diagnostika-mysli.cz\/blog\/author\/diagnostyka-umyslu\/\"}]}<\/script>\n<!-- \/ Yoast SEO plugin. -->","yoast_head_json":{"title":"Test na asperger\u016fv syndrom - Test Mysli","robots":{"index":"index","follow":"follow","max-snippet":"max-snippet:-1","max-image-preview":"max-image-preview:large","max-video-preview":"max-video-preview:-1"},"canonical":"https:\/\/www.diagnostika-mysli.cz\/blog\/autismus\/test-na-aspergeruv-syndrom\/","og_locale":"cs_CZ","og_type":"article","og_title":"Test na asperger\u016fv syndrom - Test Mysli","og_description":"Co je to Asperger\u016fv syndrom a jak\u00e9 jsou jeho p\u0159\u00edznaky? Asperger\u016fv syndrom je neurov\u00fdvojov\u00e9 onemocn\u011bn\u00ed, kter\u00e9 se projevuje p\u0159edev\u0161\u00edm v oblasti soci\u00e1ln\u00edch interakc\u00ed a komunikace....","og_url":"https:\/\/www.diagnostika-mysli.cz\/blog\/autismus\/test-na-aspergeruv-syndrom\/","og_site_name":"Test Mysli","article_published_time":"2025-06-19T01:25:22+00:00","twitter_card":"summary_large_image","twitter_misc":{"Napsal(a)":"Test Mysli","Odhadovan\u00e1 doba \u010dten\u00ed":"3 minuty"},"schema":{"@context":"https:\/\/schema.org","@graph":[{"@type":"WebSite","@id":"https:\/\/www.diagnostika-mysli.cz\/blog\/#website","url":"https:\/\/www.diagnostika-mysli.cz\/blog\/","name":"Test Mysli","description":"Blog o poruch\u00e1ch mysli","potentialAction":[{"@type":"SearchAction","target":{"@type":"EntryPoint","urlTemplate":"https:\/\/www.diagnostika-mysli.cz\/blog\/?s={search_term_string}"},"query-input":"required name=search_term_string"}],"inLanguage":"cs"},{"@type":"WebPage","@id":"https:\/\/www.diagnostika-mysli.cz\/blog\/autismus\/test-na-aspergeruv-syndrom\/#webpage","url":"https:\/\/www.diagnostika-mysli.cz\/blog\/autismus\/test-na-aspergeruv-syndrom\/","name":"Test na asperger\u016fv syndrom - Test Mysli","isPartOf":{"@id":"https:\/\/www.diagnostika-mysli.cz\/blog\/#website"},"datePublished":"2025-06-19T01:25:22+00:00","dateModified":"2025-06-19T01:25:22+00:00","author":{"@id":"https:\/\/www.diagnostika-mysli.cz\/blog\/#\/schema\/person\/8eb1bcaf59fea75c780c11946f4e3490"},"breadcrumb":{"@id":"https:\/\/www.diagnostika-mysli.cz\/blog\/autismus\/test-na-aspergeruv-syndrom\/#breadcrumb"},"inLanguage":"cs","potentialAction":[{"@type":"ReadAction","target":["https:\/\/www.diagnostika-mysli.cz\/blog\/autismus\/test-na-aspergeruv-syndrom\/"]}]},{"@type":"BreadcrumbList","@id":"https:\/\/www.diagnostika-mysli.cz\/blog\/autismus\/test-na-aspergeruv-syndrom\/#breadcrumb","itemListElement":[{"@type":"ListItem","position":1,"name":"Blog","item":"https:\/\/www.diagnostika-mysli.cz\/blog\/"},{"@type":"ListItem","position":2,"name":"Autismus","item":"https:\/\/www.diagnostika-mysli.cz\/blog\/autismus\/"},{"@type":"ListItem","position":3,"name":"Test na asperger\u016fv syndrom"}]},{"@type":"Person","@id":"https:\/\/www.diagnostika-mysli.cz\/blog\/#\/schema\/person\/8eb1bcaf59fea75c780c11946f4e3490","name":"Test Mysli","image":{"@type":"ImageObject","@id":"https:\/\/www.diagnostika-mysli.cz\/blog\/#personlogo","inLanguage":"cs","url":"https:\/\/secure.gravatar.com\/avatar\/6743211f010801ea26aa9423a2daab37?s=96&d=mm&r=g","contentUrl":"https:\/\/secure.gravatar.com\/avatar\/6743211f010801ea26aa9423a2daab37?s=96&d=mm&r=g","caption":"Test Mysli"},"sameAs":["https:\/\/www.diagnostika-mysli.cz\/blog"],"url":"https:\/\/www.diagnostika-mysli.cz\/blog\/author\/diagnostyka-umyslu\/"}]}},"amp_enabled":true,"_links":{"self":[{"href":"https:\/\/www.diagnostika-mysli.cz\/blog\/wp-json\/wp\/v2\/posts\/3368"}],"collection":[{"href":"https:\/\/www.diagnostika-mysli.cz\/blog\/wp-json\/wp\/v2\/posts"}],"about":[{"href":"https:\/\/www.diagnostika-mysli.cz\/blog\/wp-json\/wp\/v2\/types\/post"}],"author":[{"embeddable":true,"href":"https:\/\/www.diagnostika-mysli.cz\/blog\/wp-json\/wp\/v2\/users\/1"}],"replies":[{"embeddable":true,"href":"https:\/\/www.diagnostika-mysli.cz\/blog\/wp-json\/wp\/v2\/comments?post=3368"}],"version-history":[{"count":0,"href":"https:\/\/www.diagnostika-mysli.cz\/blog\/wp-json\/wp\/v2\/posts\/3368\/revisions"}],"wp:attachment":[{"href":"https:\/\/www.diagnostika-mysli.cz\/blog\/wp-json\/wp\/v2\/media?parent=3368"}],"wp:term":[{"taxonomy":"category","embeddable":true,"href":"https:\/\/www.diagnostika-mysli.cz\/blog\/wp-json\/wp\/v2\/categories?post=3368"},{"taxonomy":"post_tag","embeddable":true,"href":"https:\/\/www.diagnostika-mysli.cz\/blog\/wp-json\/wp\/v2\/tags?post=3368"}],"curies":[{"name":"wp","href":"https:\/\/api.w.org\/{rel}","templated":true}]}}