{"id":3372,"date":"2025-06-22T02:05:17","date_gmt":"2025-06-22T00:05:17","guid":{"rendered":"https:\/\/www.diagnostika-mysli.cz\/blog\/adhd\/jak-se-projevuje-adhd-u-deti\/"},"modified":"2025-06-22T02:05:17","modified_gmt":"2025-06-22T00:05:17","slug":"jak-se-projevuje-adhd-u-deti","status":"publish","type":"post","link":"https:\/\/www.diagnostika-mysli.cz\/blog\/adhd\/jak-se-projevuje-adhd-u-deti\/","title":{"rendered":"Jak se projevuje ADHD u d\u011bt\u00ed"},"content":{"rendered":"<div class='topics'>\n<div class='topic'>\n<h2>Jak\u00e9 jsou nej\u010dast\u011bj\u0161\u00ed p\u0159\u00edznaky ADHD u d\u011bt\u00ed a jak je rozpoznat?<\/h2>\n<p>ADHD (Attention Deficit Hyperactivity Disorder) je neurov\u00fdvojov\u00e1 porucha, kter\u00e1 se projevuje p\u0159edev\u0161\u00edm u d\u011bt\u00ed. Jedn\u00e1 se o poruchu, kter\u00e1 ovliv\u0148uje pozornost, hyperaktivitu a impulzivitu. D\u011bti s ADHD maj\u00ed probl\u00e9my s koncentrac\u00ed, kontrolou sv\u00fdch emoc\u00ed a chov\u00e1n\u00edm. Tato porucha m\u016f\u017ee b\u00fdt diagnostikov\u00e1na ji\u017e v ran\u00e9m v\u011bku a m\u016f\u017ee trvat a\u017e do dosp\u011blosti.<\/p>\n<p>Nej\u010dast\u011bj\u0161\u00edmi p\u0159\u00edznaky ADHD u d\u011bt\u00ed jsou probl\u00e9my s pozornost\u00ed, hyperaktivita a impulzivita. D\u011bti s touto poruchou maj\u00ed \u010dasto probl\u00e9my udr\u017eet pozornost na jedn\u00e9 \u010dinnosti, jsou rozpt\u00fdlen\u00e9 a snadno se odv\u00e1d\u011bj\u00ed. Mohou m\u00edt tak\u00e9 probl\u00e9my s dokon\u010den\u00edm \u00fakol\u016f a organizac\u00ed sv\u00e9ho \u010dasu. Tyto d\u011bti se \u010dasto zapom\u00ednaj\u00ed na d\u016fle\u017eit\u00e9 v\u011bci, jako jsou dom\u00e1c\u00ed \u00fakoly nebo \u0161koln\u00ed pot\u0159eby.<\/p>\n<p>Dal\u0161\u00edm \u010d<\/p>\n<\/div>\n<div class='topic'>\n<h2>Jak\u00fd vliv m\u00e1 ADHD na chov\u00e1n\u00ed a u\u010den\u00ed d\u011bt\u00ed ve \u0161kole?<\/h2>\n<p>ADHD (Attention Deficit Hyperactivity Disorder) je neurov\u00fdvojov\u00e1 porucha, kter\u00e1 se projevuje p\u0159edev\u0161\u00edm u d\u011bt\u00ed ve v\u011bku od 6 do 12 let. Tato porucha ovliv\u0148uje chov\u00e1n\u00ed a u\u010den\u00ed d\u011bt\u00ed ve \u0161kole a m\u016f\u017ee m\u00edt v\u00fdrazn\u00fd dopad na jejich \u017eivot a vzd\u011bl\u00e1v\u00e1n\u00ed.<\/p>\n<p>Jedn\u00edm z hlavn\u00edch projev\u016f ADHD je neschopnost soust\u0159edit se na jednu \u010dinnost po del\u0161\u00ed dobu. D\u011bti s touto poruchou maj\u00ed probl\u00e9my s udr\u017een\u00edm pozornosti, jsou \u010dasto rozpt\u00fdlen\u00e9 a nedok\u00e1\u017eou se pln\u011b v\u011bnovat u\u010den\u00ed. To m\u016f\u017ee v\u00e9st k n\u00edzk\u00e9mu v\u00fdkonu ve \u0161kole a sn\u00ed\u017een\u00e9mu prosp\u011bchu. D\u011bti s ADHD tak\u00e9 \u010dasto projevuj\u00ed impulsivn\u00ed chov\u00e1n\u00ed, maj\u00ed probl\u00e9my s ovl\u00e1d\u00e1n\u00edm sv\u00fdch emoc\u00ed a mohou b\u00fdt n\u00e1chyln\u00e9 k agresivit\u011b. Tyto projevy mohou b\u00fdt pro u\u010ditele a spolu\u017e\u00e1ky obt\u00ed<\/p>\n<\/div>\n<div class='topic'>\n<h2>Jak\u00e9 jsou mo\u017enosti l\u00e9\u010dby ADHD u d\u011bt\u00ed a jak\u00fd je jejich \u00fa\u010dinek?<\/h2>\n<p>ADHD (Attention Deficit Hyperactivity Disorder) je porucha, kter\u00e1 postihuje p\u0159ibli\u017en\u011b 5% d\u011bt\u00ed ve v\u011bku od 3 do 17 let. Tato porucha se projevuje p\u0159edev\u0161\u00edm probl\u00e9my s pozornost\u00ed, hyperaktivitou a impulzivitou. D\u011bti s ADHD maj\u00ed \u010dasto probl\u00e9my s u\u010den\u00edm, chov\u00e1n\u00edm a soci\u00e1ln\u00edmi vztahy. Proto je d\u016fle\u017eit\u00e9, aby byla tato porucha co nejd\u0159\u00edve diagnostikov\u00e1na a l\u00e9\u010dena.<\/p>\n<p>Existuje n\u011bkolik mo\u017enost\u00ed l\u00e9\u010dby ADHD u d\u011bt\u00ed, kter\u00e9 mohou pomoci zlep\u0161it jejich symptomy a zv\u00fd\u0161it kvalitu jejich \u017eivota. Mezi nej\u010dast\u011bji pou\u017e\u00edvan\u00e9 metody pat\u0159\u00ed farmakoterapie, psychoterapie a zm\u011bny \u017eivotn\u00edho stylu.<\/p>\n<p>Farmakoterapie je l\u00e9\u010dba pomoc\u00ed l\u00e9k\u016f, kter\u00e9 maj\u00ed za c\u00edl sn\u00ed\u017eit p\u0159\u00edznaky ADHD. Nej\u010dast\u011bji se pou\u017e\u00edvaj\u00ed stimulanty, jako jsou methylfenid\u00e1t nebo amfetaminy. Tyto l\u00e9ky<\/p>\n<\/div>\n<div class='topic'>\n<h2>Jak mohou rodi\u010de a u\u010ditel\u00e9 pomoci d\u011btem s ADHD a jak\u00fd je v\u00fdznam prevence a podpory?<\/h2>\n<p>ADHD (Attention Deficit Hyperactivity Disorder) je neurov\u00fdvojov\u00e1 porucha, kter\u00e1 se projevuje poruchami pozornosti, hyperaktivitou a impulzivitou. Tato porucha m\u016f\u017ee m\u00edt v\u00fdrazn\u00fd dopad na \u017eivot d\u011bt\u00ed, zejm\u00e9na na jejich \u0161koln\u00ed v\u00fdkon a soci\u00e1ln\u00ed interakce. Proto je d\u016fle\u017eit\u00e9, aby rodi\u010de a u\u010ditel\u00e9 poskytovali d\u011btem s ADHD podporu a prevenci, aby mohly l\u00e9pe zvl\u00e1dat sv\u00e9 obt\u00ed\u017ee a dos\u00e1hnout sv\u00e9ho pln\u00e9ho potenci\u00e1lu.<\/p>\n<p>Prvn\u00edm krokem pro rodi\u010de a u\u010ditele je pochopen\u00ed ADHD a jeho projev\u016f. Je d\u016fle\u017eit\u00e9 si uv\u011bdomit, \u017ee d\u011bti s touto poruchou nemohou ovl\u00e1dat sv\u00e9 chov\u00e1n\u00ed a \u017ee jejich obt\u00ed\u017ee jsou zp\u016fsobeny neurologick\u00fdmi rozd\u00edly v mozku. Je proto d\u016fle\u017eit\u00e9 b\u00fdt trp\u011bliv\u00fd a empatick\u00fd a neodsuzovat d\u00edt\u011b za jeho chov\u00e1n\u00ed.<\/p>\n<p>Dal\u0161\u00edm d\u016fle\u017eit\u00fdm krokem je<\/p>\n<\/div>\n<\/div>\n","protected":false},"excerpt":{"rendered":"<p>Jak\u00e9 jsou nej\u010dast\u011bj\u0161\u00ed p\u0159\u00edznaky ADHD u d\u011bt\u00ed a jak je rozpoznat? ADHD (Attention Deficit Hyperactivity Disorder) je neurov\u00fdvojov\u00e1 porucha, kter\u00e1 se projevuje p\u0159edev\u0161\u00edm u d\u011bt\u00ed&#8230;.<\/p>\n","protected":false},"author":1,"featured_media":0,"comment_status":"","ping_status":"open","sticky":false,"template":"","format":"standard","meta":{"inline_featured_image":false},"categories":[780],"tags":[],"yoast_head":"<!-- This site is optimized with the Yoast SEO plugin v18.1 - https:\/\/yoast.com\/wordpress\/plugins\/seo\/ -->\n<title>Jak se projevuje ADHD u d\u011bt\u00ed - Test Mysli<\/title>\n<meta name=\"robots\" content=\"index, follow, max-snippet:-1, max-image-preview:large, max-video-preview:-1\" \/>\n<link rel=\"canonical\" href=\"https:\/\/www.diagnostika-mysli.cz\/blog\/adhd\/jak-se-projevuje-adhd-u-deti\/\" \/>\n<meta property=\"og:locale\" content=\"cs_CZ\" \/>\n<meta property=\"og:type\" content=\"article\" \/>\n<meta property=\"og:title\" content=\"Jak se projevuje ADHD u d\u011bt\u00ed - Test Mysli\" \/>\n<meta property=\"og:description\" content=\"Jak\u00e9 jsou nej\u010dast\u011bj\u0161\u00ed p\u0159\u00edznaky ADHD u d\u011bt\u00ed a jak je rozpoznat? ADHD (Attention Deficit Hyperactivity Disorder) je neurov\u00fdvojov\u00e1 porucha, kter\u00e1 se projevuje p\u0159edev\u0161\u00edm u d\u011bt\u00ed....\" \/>\n<meta property=\"og:url\" content=\"https:\/\/www.diagnostika-mysli.cz\/blog\/adhd\/jak-se-projevuje-adhd-u-deti\/\" \/>\n<meta property=\"og:site_name\" content=\"Test Mysli\" \/>\n<meta property=\"article:published_time\" content=\"2025-06-22T00:05:17+00:00\" \/>\n<meta name=\"twitter:card\" content=\"summary_large_image\" \/>\n<meta name=\"twitter:label1\" content=\"Napsal(a)\" \/>\n\t<meta name=\"twitter:data1\" content=\"Test Mysli\" \/>\n\t<meta name=\"twitter:label2\" content=\"Odhadovan\u00e1 doba \u010dten\u00ed\" \/>\n\t<meta name=\"twitter:data2\" content=\"3 minuty\" \/>\n<script type=\"application\/ld+json\" class=\"yoast-schema-graph\">{\"@context\":\"https:\/\/schema.org\",\"@graph\":[{\"@type\":\"WebSite\",\"@id\":\"https:\/\/www.diagnostika-mysli.cz\/blog\/#website\",\"url\":\"https:\/\/www.diagnostika-mysli.cz\/blog\/\",\"name\":\"Test Mysli\",\"description\":\"Blog o poruch\u00e1ch mysli\",\"potentialAction\":[{\"@type\":\"SearchAction\",\"target\":{\"@type\":\"EntryPoint\",\"urlTemplate\":\"https:\/\/www.diagnostika-mysli.cz\/blog\/?s={search_term_string}\"},\"query-input\":\"required name=search_term_string\"}],\"inLanguage\":\"cs\"},{\"@type\":\"WebPage\",\"@id\":\"https:\/\/www.diagnostika-mysli.cz\/blog\/adhd\/jak-se-projevuje-adhd-u-deti\/#webpage\",\"url\":\"https:\/\/www.diagnostika-mysli.cz\/blog\/adhd\/jak-se-projevuje-adhd-u-deti\/\",\"name\":\"Jak se projevuje ADHD u d\u011bt\u00ed - Test Mysli\",\"isPartOf\":{\"@id\":\"https:\/\/www.diagnostika-mysli.cz\/blog\/#website\"},\"datePublished\":\"2025-06-22T00:05:17+00:00\",\"dateModified\":\"2025-06-22T00:05:17+00:00\",\"author\":{\"@id\":\"https:\/\/www.diagnostika-mysli.cz\/blog\/#\/schema\/person\/8eb1bcaf59fea75c780c11946f4e3490\"},\"breadcrumb\":{\"@id\":\"https:\/\/www.diagnostika-mysli.cz\/blog\/adhd\/jak-se-projevuje-adhd-u-deti\/#breadcrumb\"},\"inLanguage\":\"cs\",\"potentialAction\":[{\"@type\":\"ReadAction\",\"target\":[\"https:\/\/www.diagnostika-mysli.cz\/blog\/adhd\/jak-se-projevuje-adhd-u-deti\/\"]}]},{\"@type\":\"BreadcrumbList\",\"@id\":\"https:\/\/www.diagnostika-mysli.cz\/blog\/adhd\/jak-se-projevuje-adhd-u-deti\/#breadcrumb\",\"itemListElement\":[{\"@type\":\"ListItem\",\"position\":1,\"name\":\"Blog\",\"item\":\"https:\/\/www.diagnostika-mysli.cz\/blog\/\"},{\"@type\":\"ListItem\",\"position\":2,\"name\":\"ADHD\",\"item\":\"https:\/\/www.diagnostika-mysli.cz\/blog\/adhd\/\"},{\"@type\":\"ListItem\",\"position\":3,\"name\":\"Jak se projevuje ADHD u d\u011bt\u00ed\"}]},{\"@type\":\"Person\",\"@id\":\"https:\/\/www.diagnostika-mysli.cz\/blog\/#\/schema\/person\/8eb1bcaf59fea75c780c11946f4e3490\",\"name\":\"Test Mysli\",\"image\":{\"@type\":\"ImageObject\",\"@id\":\"https:\/\/www.diagnostika-mysli.cz\/blog\/#personlogo\",\"inLanguage\":\"cs\",\"url\":\"https:\/\/secure.gravatar.com\/avatar\/6743211f010801ea26aa9423a2daab37?s=96&d=mm&r=g\",\"contentUrl\":\"https:\/\/secure.gravatar.com\/avatar\/6743211f010801ea26aa9423a2daab37?s=96&d=mm&r=g\",\"caption\":\"Test Mysli\"},\"sameAs\":[\"https:\/\/www.diagnostika-mysli.cz\/blog\"],\"url\":\"https:\/\/www.diagnostika-mysli.cz\/blog\/author\/diagnostyka-umyslu\/\"}]}<\/script>\n<!-- \/ Yoast SEO plugin. -->","yoast_head_json":{"title":"Jak se projevuje ADHD u d\u011bt\u00ed - Test Mysli","robots":{"index":"index","follow":"follow","max-snippet":"max-snippet:-1","max-image-preview":"max-image-preview:large","max-video-preview":"max-video-preview:-1"},"canonical":"https:\/\/www.diagnostika-mysli.cz\/blog\/adhd\/jak-se-projevuje-adhd-u-deti\/","og_locale":"cs_CZ","og_type":"article","og_title":"Jak se projevuje ADHD u d\u011bt\u00ed - Test Mysli","og_description":"Jak\u00e9 jsou nej\u010dast\u011bj\u0161\u00ed p\u0159\u00edznaky ADHD u d\u011bt\u00ed a jak je rozpoznat? ADHD (Attention Deficit Hyperactivity Disorder) je neurov\u00fdvojov\u00e1 porucha, kter\u00e1 se projevuje p\u0159edev\u0161\u00edm u d\u011bt\u00ed....","og_url":"https:\/\/www.diagnostika-mysli.cz\/blog\/adhd\/jak-se-projevuje-adhd-u-deti\/","og_site_name":"Test Mysli","article_published_time":"2025-06-22T00:05:17+00:00","twitter_card":"summary_large_image","twitter_misc":{"Napsal(a)":"Test Mysli","Odhadovan\u00e1 doba \u010dten\u00ed":"3 minuty"},"schema":{"@context":"https:\/\/schema.org","@graph":[{"@type":"WebSite","@id":"https:\/\/www.diagnostika-mysli.cz\/blog\/#website","url":"https:\/\/www.diagnostika-mysli.cz\/blog\/","name":"Test Mysli","description":"Blog o poruch\u00e1ch mysli","potentialAction":[{"@type":"SearchAction","target":{"@type":"EntryPoint","urlTemplate":"https:\/\/www.diagnostika-mysli.cz\/blog\/?s={search_term_string}"},"query-input":"required name=search_term_string"}],"inLanguage":"cs"},{"@type":"WebPage","@id":"https:\/\/www.diagnostika-mysli.cz\/blog\/adhd\/jak-se-projevuje-adhd-u-deti\/#webpage","url":"https:\/\/www.diagnostika-mysli.cz\/blog\/adhd\/jak-se-projevuje-adhd-u-deti\/","name":"Jak se projevuje ADHD u d\u011bt\u00ed - Test Mysli","isPartOf":{"@id":"https:\/\/www.diagnostika-mysli.cz\/blog\/#website"},"datePublished":"2025-06-22T00:05:17+00:00","dateModified":"2025-06-22T00:05:17+00:00","author":{"@id":"https:\/\/www.diagnostika-mysli.cz\/blog\/#\/schema\/person\/8eb1bcaf59fea75c780c11946f4e3490"},"breadcrumb":{"@id":"https:\/\/www.diagnostika-mysli.cz\/blog\/adhd\/jak-se-projevuje-adhd-u-deti\/#breadcrumb"},"inLanguage":"cs","potentialAction":[{"@type":"ReadAction","target":["https:\/\/www.diagnostika-mysli.cz\/blog\/adhd\/jak-se-projevuje-adhd-u-deti\/"]}]},{"@type":"BreadcrumbList","@id":"https:\/\/www.diagnostika-mysli.cz\/blog\/adhd\/jak-se-projevuje-adhd-u-deti\/#breadcrumb","itemListElement":[{"@type":"ListItem","position":1,"name":"Blog","item":"https:\/\/www.diagnostika-mysli.cz\/blog\/"},{"@type":"ListItem","position":2,"name":"ADHD","item":"https:\/\/www.diagnostika-mysli.cz\/blog\/adhd\/"},{"@type":"ListItem","position":3,"name":"Jak se projevuje ADHD u d\u011bt\u00ed"}]},{"@type":"Person","@id":"https:\/\/www.diagnostika-mysli.cz\/blog\/#\/schema\/person\/8eb1bcaf59fea75c780c11946f4e3490","name":"Test Mysli","image":{"@type":"ImageObject","@id":"https:\/\/www.diagnostika-mysli.cz\/blog\/#personlogo","inLanguage":"cs","url":"https:\/\/secure.gravatar.com\/avatar\/6743211f010801ea26aa9423a2daab37?s=96&d=mm&r=g","contentUrl":"https:\/\/secure.gravatar.com\/avatar\/6743211f010801ea26aa9423a2daab37?s=96&d=mm&r=g","caption":"Test Mysli"},"sameAs":["https:\/\/www.diagnostika-mysli.cz\/blog"],"url":"https:\/\/www.diagnostika-mysli.cz\/blog\/author\/diagnostyka-umyslu\/"}]}},"amp_enabled":true,"_links":{"self":[{"href":"https:\/\/www.diagnostika-mysli.cz\/blog\/wp-json\/wp\/v2\/posts\/3372"}],"collection":[{"href":"https:\/\/www.diagnostika-mysli.cz\/blog\/wp-json\/wp\/v2\/posts"}],"about":[{"href":"https:\/\/www.diagnostika-mysli.cz\/blog\/wp-json\/wp\/v2\/types\/post"}],"author":[{"embeddable":true,"href":"https:\/\/www.diagnostika-mysli.cz\/blog\/wp-json\/wp\/v2\/users\/1"}],"replies":[{"embeddable":true,"href":"https:\/\/www.diagnostika-mysli.cz\/blog\/wp-json\/wp\/v2\/comments?post=3372"}],"version-history":[{"count":0,"href":"https:\/\/www.diagnostika-mysli.cz\/blog\/wp-json\/wp\/v2\/posts\/3372\/revisions"}],"wp:attachment":[{"href":"https:\/\/www.diagnostika-mysli.cz\/blog\/wp-json\/wp\/v2\/media?parent=3372"}],"wp:term":[{"taxonomy":"category","embeddable":true,"href":"https:\/\/www.diagnostika-mysli.cz\/blog\/wp-json\/wp\/v2\/categories?post=3372"},{"taxonomy":"post_tag","embeddable":true,"href":"https:\/\/www.diagnostika-mysli.cz\/blog\/wp-json\/wp\/v2\/tags?post=3372"}],"curies":[{"name":"wp","href":"https:\/\/api.w.org\/{rel}","templated":true}]}}