{"id":3377,"date":"2025-06-24T03:25:21","date_gmt":"2025-06-24T01:25:21","guid":{"rendered":"https:\/\/www.diagnostika-mysli.cz\/blog\/autismus\/dite-autista-priznaky\/"},"modified":"2025-06-24T03:25:21","modified_gmt":"2025-06-24T01:25:21","slug":"dite-autista-priznaky","status":"publish","type":"post","link":"https:\/\/www.diagnostika-mysli.cz\/blog\/autismus\/dite-autista-priznaky\/","title":{"rendered":"Dite autista priznaky"},"content":{"rendered":"<div class='topics'>\n<div class='topic'>\n<h2>&#8220;Jak rozpoznat p\u0159\u00edznaky autismu u d\u00edt\u011bte?&#8221; &#8211; Tento \u010dl\u00e1nek se zam\u011b\u0159uje na r\u016fzn\u00e9 znaky a chov\u00e1n\u00ed, kter\u00e9 mohou nazna\u010dovat p\u0159\u00edtomnost autismu u d\u00edt\u011bte. Vysv\u011btl\u00edme, jak\u00e9 jsou tyto p\u0159\u00edznaky a jak je mo\u017en\u00e9 je identifikovat v ran\u00e9m v\u011bku.<\/h2>\n<p>Autismus je neurov\u00fdvojov\u00e1 porucha, kter\u00e1 ovliv\u0148uje komunikaci, soci\u00e1ln\u00ed interakci a chov\u00e1n\u00ed jedince. Tato porucha se obvykle projevuje ji\u017e v ran\u00e9m d\u011btstv\u00ed a m\u016f\u017ee m\u00edt r\u016fzn\u00e9 formy a z\u00e1va\u017enosti. Je d\u016fle\u017eit\u00e9, aby byl autismus diagnostikov\u00e1n co nejd\u0159\u00edve, aby d\u00edt\u011b mohlo z\u00edskat vhodnou podporu a terapii.<\/p>\n<p>Existuje n\u011bkolik p\u0159\u00edznak\u016f, kter\u00e9 mohou nazna\u010dovat p\u0159\u00edtomnost autismu u d\u00edt\u011bte. Jedn\u00edm z nich je probl\u00e9m s komunikac\u00ed. D\u011bti s autismem mohou m\u00edt pot\u00ed\u017ee s porozum\u011bn\u00edm \u0159e\u010di a s jej\u00edm pou\u017e\u00edv\u00e1n\u00edm. Mohou m\u00edt omezen\u00fd slovn\u00ed z\u00e1sobn\u00edk, opakovat slova nebo v\u011bty, nebo mohou m\u00edt probl\u00e9my s vyjad\u0159ov\u00e1n\u00edm sv\u00fdch pot\u0159eb a p\u0159\u00e1n\u00ed. N\u011bkter\u00e9 d\u011bti s autismem tak\u00e9 nemaj\u00ed z\u00e1jem o komunikaci s ostatn\u00edmi a mohou se vy<\/p>\n<\/div>\n<div class='topic'>\n<h2><\/h2>\n<p>\u010cesk\u00e1 kuchyn\u011b je jednou z nejstar\u0161\u00edch a nejbohat\u0161\u00edch kuchyn\u00ed v Evrop\u011b. Jej\u00ed ko\u0159eny sahaj\u00ed a\u017e do 9. stolet\u00ed, kdy se za\u010daly formovat prvn\u00ed tradi\u010dn\u00ed pokrmy. \u010cesk\u00e1 kuchyn\u011b je ovlivn\u011bna p\u0159edev\u0161\u00edm st\u0159edoevropskou kuchyn\u00ed, ale najdeme v n\u00ed i prvky z n\u011bmeck\u00e9, rakousk\u00e9, ma\u010farsk\u00e9 a \u017eidovsk\u00e9 kuchyn\u011b.<\/p>\n<p>Hlavn\u00edmi surovinami \u010desk\u00e9 kuchyn\u011b jsou brambory, maso, zelenina, ml\u00e9\u010dn\u00e9 v\u00fdrobky a obiloviny. V\u011bt\u0161ina pokrm\u016f je pom\u011brn\u011b jednoduch\u00e1, ale velmi chutn\u00e1 a s vysokou v\u00fd\u017eivovou hodnotou. Mezi nejzn\u00e1m\u011bj\u0161\u00ed \u010desk\u00e9 speciality pat\u0159\u00ed vep\u0159ov\u00e1 pe\u010den\u011b s knedl\u00edky, gul\u00e1\u0161, sv\u00ed\u010dkov\u00e1 na smetan\u011b, brambor\u00e1ky, sma\u017een\u00fd s\u00fdr a tradi\u010dn\u00ed \u010desk<\/p>\n<\/div>\n<div class='topic'>\n<h2>&#8220;Rozd\u00edly mezi autistick\u00fdm a neurotypick\u00fdm d\u00edt\u011btem&#8221; &#8211; V tomto t\u00e9matu se zam\u011b\u0159\u00edme na rozd\u00edly v chov\u00e1n\u00ed, komunikaci a soci\u00e1ln\u00edch interakc\u00edch mezi d\u00edt\u011btem s autismem a d\u00edt\u011btem bez t\u00e9to poruchy. Vysv\u011btl\u00edme, jak tyto rozd\u00edly mohou ovlivnit vztahy s rodinou, vrstevn\u00edky a u\u010diteli.<\/h2>\n<p>Autismus je neurov\u00fdvojov\u00e1 porucha, kter\u00e1 ovliv\u0148uje chov\u00e1n\u00ed, komunikaci a soci\u00e1ln\u00ed interakce jedince. Tato porucha se projevuje ji\u017e v d\u011btstv\u00ed a m\u016f\u017ee m\u00edt r\u016fzn\u00e9 formy a stupn\u011b z\u00e1va\u017enosti. V tomto t\u00e9matu se zam\u011b\u0159\u00edme na rozd\u00edly mezi autistick\u00fdm a neurotypick\u00fdm d\u00edt\u011btem, tedy d\u00edt\u011btem bez t\u00e9to poruchy.<\/p>\n<p>Jedn\u00edm z hlavn\u00edch rozd\u00edl\u016f mezi autistick\u00fdm a neurotypick\u00fdm d\u00edt\u011btem je v oblasti chov\u00e1n\u00ed. D\u011bti s autismem maj\u00ed \u010dasto probl\u00e9my s regulac\u00ed emoc\u00ed a mohou b\u00fdt n\u00e1chyln\u011bj\u0161\u00ed k v\u00fdbuch\u016fm vzteku a frustrace. Mohou tak\u00e9 m\u00edt specifick\u00e9 z\u00e1jmy a ritu\u00e1ly, kter\u00e9 jsou pro n\u011b d\u016fle\u017eit\u00e9 a mohou b\u00fdt obt\u00ed\u017en\u011b pochopiteln\u00e9 pro ostatn\u00ed. Na druh\u00e9 stran\u011b, neurotypick\u00e9 d\u011bti maj\u00ed obvykle lep\u0161\u00ed schopnost regulovat sv\u00e9 emoce a<\/p>\n<\/div>\n<div class='topic'>\n<h2><\/h2>\n<p>\u010cesk\u00e1 kuchyn\u011b je jednou z nejstar\u0161\u00edch a nejbohat\u0161\u00edch kuchyn\u00ed v Evrop\u011b. Jej\u00ed ko\u0159eny sahaj\u00ed a\u017e do 9. stolet\u00ed, kdy se za\u010daly formovat prvn\u00ed tradi\u010dn\u00ed pokrmy. \u010cesk\u00e1 kuchyn\u011b je ovlivn\u011bna p\u0159edev\u0161\u00edm st\u0159edoevropskou kuchyn\u00ed, ale najdeme v n\u00ed i prvky z n\u011bmeck\u00e9, rakousk\u00e9, ma\u010farsk\u00e9 a \u017eidovsk\u00e9 kuchyn\u011b.<\/p>\n<p>Hlavn\u00edmi surovinami \u010desk\u00e9 kuchyn\u011b jsou brambory, maso, zelenina, ml\u00e9\u010dn\u00e9 v\u00fdrobky a obiloviny. V\u011bt\u0161ina pokrm\u016f je pom\u011brn\u011b jednoduch\u00e1, ale velmi chutn\u00e1 a s vysokou v\u00fd\u017eivovou hodnotou. Mezi nejzn\u00e1m\u011bj\u0161\u00ed \u010desk\u00e9 speciality pat\u0159\u00ed vep\u0159ov\u00e1 pe\u010den\u011b s knedl\u00edky, gul\u00e1\u0161, sv\u00ed\u010dkov\u00e1 na smetan\u011b, brambor\u00e1ky, sma\u017een\u00fd s\u00fdr a tradi\u010dn\u00ed \u010desk<\/p>\n<\/div>\n<div class='topic'>\n<h2>&#8220;Jak mohou rodi\u010de pomoci d\u00edt\u011bti s autismem?&#8221; &#8211; V tomto \u010dl\u00e1nku se zam\u011b\u0159\u00edme na r\u016fzn\u00e9 zp\u016fsoby, jak mohou rodi\u010de podpo\u0159it sv\u00e9 d\u00edt\u011b s autismem. Budeme hovo\u0159it o<\/h2>\n<p>Autismus je neurov\u00fdvojov\u00e9 onemocn\u011bn\u00ed, kter\u00e9 ovliv\u0148uje komunikaci, soci\u00e1ln\u00ed interakci a chov\u00e1n\u00ed jedince. Pro rodi\u010de d\u00edt\u011bte s touto poruchou m\u016f\u017ee b\u00fdt obt\u00ed\u017en\u00e9 naj\u00edt zp\u016fsob, jak mu pomoci a podpo\u0159it ho v jeho rozvoji. V tomto \u010dl\u00e1nku se zam\u011b\u0159\u00edme na n\u011bkolik zp\u016fsob\u016f, jak mohou rodi\u010de pomoci sv\u00e9mu d\u00edt\u011bti s autismem.<\/p>\n<p>1. Vzd\u011bl\u00e1vejte se o autismu<\/p>\n<p>Prvn\u00edm krokem pro rodi\u010de je z\u00edskat co nejv\u00edce informac\u00ed o autismu. Existuje mnoho knih, \u010dl\u00e1nk\u016f a online zdroj\u016f, kter\u00e9 mohou pomoci rodi\u010d\u016fm porozum\u011bt t\u00e9to poru\u0161e a nau\u010dit se, jak l\u00e9pe komunikovat a pracovat s d\u00edt\u011btem. Je d\u016fle\u017eit\u00e9, aby rodi\u010de pochopili, \u017ee ka\u017ed\u00e9 d\u00edt\u011b s autismem je jedine\u010dn\u00e9 a m\u016f\u017ee m\u00edt odli\u0161n\u00e9 pot\u0159eby a schopnosti.<\/p>\n<p>2. V<\/p>\n<\/div>\n<\/div>\n","protected":false},"excerpt":{"rendered":"<p>&#8220;Jak rozpoznat p\u0159\u00edznaky autismu u d\u00edt\u011bte?&#8221; &#8211; Tento \u010dl\u00e1nek se zam\u011b\u0159uje na r\u016fzn\u00e9 znaky a chov\u00e1n\u00ed, kter\u00e9 mohou nazna\u010dovat p\u0159\u00edtomnost autismu u d\u00edt\u011bte. Vysv\u011btl\u00edme, jak\u00e9&#8230;<\/p>\n","protected":false},"author":1,"featured_media":0,"comment_status":"","ping_status":"open","sticky":false,"template":"","format":"standard","meta":{"inline_featured_image":false},"categories":[849],"tags":[],"yoast_head":"<!-- This site is optimized with the Yoast SEO plugin v18.1 - https:\/\/yoast.com\/wordpress\/plugins\/seo\/ -->\n<title>Dite autista priznaky - Test Mysli<\/title>\n<meta name=\"robots\" content=\"index, follow, max-snippet:-1, max-image-preview:large, max-video-preview:-1\" \/>\n<link rel=\"canonical\" href=\"https:\/\/www.diagnostika-mysli.cz\/blog\/autismus\/dite-autista-priznaky\/\" \/>\n<meta property=\"og:locale\" content=\"cs_CZ\" \/>\n<meta property=\"og:type\" content=\"article\" \/>\n<meta property=\"og:title\" content=\"Dite autista priznaky - Test Mysli\" \/>\n<meta property=\"og:description\" content=\"&#8220;Jak rozpoznat p\u0159\u00edznaky autismu u d\u00edt\u011bte?&#8221; &#8211; Tento \u010dl\u00e1nek se zam\u011b\u0159uje na r\u016fzn\u00e9 znaky a chov\u00e1n\u00ed, kter\u00e9 mohou nazna\u010dovat p\u0159\u00edtomnost autismu u d\u00edt\u011bte. Vysv\u011btl\u00edme, jak\u00e9...\" \/>\n<meta property=\"og:url\" content=\"https:\/\/www.diagnostika-mysli.cz\/blog\/autismus\/dite-autista-priznaky\/\" \/>\n<meta property=\"og:site_name\" content=\"Test Mysli\" \/>\n<meta property=\"article:published_time\" content=\"2025-06-24T01:25:21+00:00\" \/>\n<meta name=\"twitter:card\" content=\"summary_large_image\" \/>\n<meta name=\"twitter:label1\" content=\"Napsal(a)\" \/>\n\t<meta name=\"twitter:data1\" content=\"Test Mysli\" \/>\n\t<meta name=\"twitter:label2\" content=\"Odhadovan\u00e1 doba \u010dten\u00ed\" \/>\n\t<meta name=\"twitter:data2\" content=\"4 minuty\" \/>\n<script type=\"application\/ld+json\" class=\"yoast-schema-graph\">{\"@context\":\"https:\/\/schema.org\",\"@graph\":[{\"@type\":\"WebSite\",\"@id\":\"https:\/\/www.diagnostika-mysli.cz\/blog\/#website\",\"url\":\"https:\/\/www.diagnostika-mysli.cz\/blog\/\",\"name\":\"Test Mysli\",\"description\":\"Blog o poruch\u00e1ch mysli\",\"potentialAction\":[{\"@type\":\"SearchAction\",\"target\":{\"@type\":\"EntryPoint\",\"urlTemplate\":\"https:\/\/www.diagnostika-mysli.cz\/blog\/?s={search_term_string}\"},\"query-input\":\"required name=search_term_string\"}],\"inLanguage\":\"cs\"},{\"@type\":\"WebPage\",\"@id\":\"https:\/\/www.diagnostika-mysli.cz\/blog\/autismus\/dite-autista-priznaky\/#webpage\",\"url\":\"https:\/\/www.diagnostika-mysli.cz\/blog\/autismus\/dite-autista-priznaky\/\",\"name\":\"Dite autista priznaky - Test Mysli\",\"isPartOf\":{\"@id\":\"https:\/\/www.diagnostika-mysli.cz\/blog\/#website\"},\"datePublished\":\"2025-06-24T01:25:21+00:00\",\"dateModified\":\"2025-06-24T01:25:21+00:00\",\"author\":{\"@id\":\"https:\/\/www.diagnostika-mysli.cz\/blog\/#\/schema\/person\/8eb1bcaf59fea75c780c11946f4e3490\"},\"breadcrumb\":{\"@id\":\"https:\/\/www.diagnostika-mysli.cz\/blog\/autismus\/dite-autista-priznaky\/#breadcrumb\"},\"inLanguage\":\"cs\",\"potentialAction\":[{\"@type\":\"ReadAction\",\"target\":[\"https:\/\/www.diagnostika-mysli.cz\/blog\/autismus\/dite-autista-priznaky\/\"]}]},{\"@type\":\"BreadcrumbList\",\"@id\":\"https:\/\/www.diagnostika-mysli.cz\/blog\/autismus\/dite-autista-priznaky\/#breadcrumb\",\"itemListElement\":[{\"@type\":\"ListItem\",\"position\":1,\"name\":\"Blog\",\"item\":\"https:\/\/www.diagnostika-mysli.cz\/blog\/\"},{\"@type\":\"ListItem\",\"position\":2,\"name\":\"Autismus\",\"item\":\"https:\/\/www.diagnostika-mysli.cz\/blog\/autismus\/\"},{\"@type\":\"ListItem\",\"position\":3,\"name\":\"Dite autista priznaky\"}]},{\"@type\":\"Person\",\"@id\":\"https:\/\/www.diagnostika-mysli.cz\/blog\/#\/schema\/person\/8eb1bcaf59fea75c780c11946f4e3490\",\"name\":\"Test Mysli\",\"image\":{\"@type\":\"ImageObject\",\"@id\":\"https:\/\/www.diagnostika-mysli.cz\/blog\/#personlogo\",\"inLanguage\":\"cs\",\"url\":\"https:\/\/secure.gravatar.com\/avatar\/6743211f010801ea26aa9423a2daab37?s=96&d=mm&r=g\",\"contentUrl\":\"https:\/\/secure.gravatar.com\/avatar\/6743211f010801ea26aa9423a2daab37?s=96&d=mm&r=g\",\"caption\":\"Test Mysli\"},\"sameAs\":[\"https:\/\/www.diagnostika-mysli.cz\/blog\"],\"url\":\"https:\/\/www.diagnostika-mysli.cz\/blog\/author\/diagnostyka-umyslu\/\"}]}<\/script>\n<!-- \/ Yoast SEO plugin. -->","yoast_head_json":{"title":"Dite autista priznaky - Test Mysli","robots":{"index":"index","follow":"follow","max-snippet":"max-snippet:-1","max-image-preview":"max-image-preview:large","max-video-preview":"max-video-preview:-1"},"canonical":"https:\/\/www.diagnostika-mysli.cz\/blog\/autismus\/dite-autista-priznaky\/","og_locale":"cs_CZ","og_type":"article","og_title":"Dite autista priznaky - Test Mysli","og_description":"&#8220;Jak rozpoznat p\u0159\u00edznaky autismu u d\u00edt\u011bte?&#8221; &#8211; Tento \u010dl\u00e1nek se zam\u011b\u0159uje na r\u016fzn\u00e9 znaky a chov\u00e1n\u00ed, kter\u00e9 mohou nazna\u010dovat p\u0159\u00edtomnost autismu u d\u00edt\u011bte. Vysv\u011btl\u00edme, jak\u00e9...","og_url":"https:\/\/www.diagnostika-mysli.cz\/blog\/autismus\/dite-autista-priznaky\/","og_site_name":"Test Mysli","article_published_time":"2025-06-24T01:25:21+00:00","twitter_card":"summary_large_image","twitter_misc":{"Napsal(a)":"Test Mysli","Odhadovan\u00e1 doba \u010dten\u00ed":"4 minuty"},"schema":{"@context":"https:\/\/schema.org","@graph":[{"@type":"WebSite","@id":"https:\/\/www.diagnostika-mysli.cz\/blog\/#website","url":"https:\/\/www.diagnostika-mysli.cz\/blog\/","name":"Test Mysli","description":"Blog o poruch\u00e1ch mysli","potentialAction":[{"@type":"SearchAction","target":{"@type":"EntryPoint","urlTemplate":"https:\/\/www.diagnostika-mysli.cz\/blog\/?s={search_term_string}"},"query-input":"required name=search_term_string"}],"inLanguage":"cs"},{"@type":"WebPage","@id":"https:\/\/www.diagnostika-mysli.cz\/blog\/autismus\/dite-autista-priznaky\/#webpage","url":"https:\/\/www.diagnostika-mysli.cz\/blog\/autismus\/dite-autista-priznaky\/","name":"Dite autista priznaky - Test Mysli","isPartOf":{"@id":"https:\/\/www.diagnostika-mysli.cz\/blog\/#website"},"datePublished":"2025-06-24T01:25:21+00:00","dateModified":"2025-06-24T01:25:21+00:00","author":{"@id":"https:\/\/www.diagnostika-mysli.cz\/blog\/#\/schema\/person\/8eb1bcaf59fea75c780c11946f4e3490"},"breadcrumb":{"@id":"https:\/\/www.diagnostika-mysli.cz\/blog\/autismus\/dite-autista-priznaky\/#breadcrumb"},"inLanguage":"cs","potentialAction":[{"@type":"ReadAction","target":["https:\/\/www.diagnostika-mysli.cz\/blog\/autismus\/dite-autista-priznaky\/"]}]},{"@type":"BreadcrumbList","@id":"https:\/\/www.diagnostika-mysli.cz\/blog\/autismus\/dite-autista-priznaky\/#breadcrumb","itemListElement":[{"@type":"ListItem","position":1,"name":"Blog","item":"https:\/\/www.diagnostika-mysli.cz\/blog\/"},{"@type":"ListItem","position":2,"name":"Autismus","item":"https:\/\/www.diagnostika-mysli.cz\/blog\/autismus\/"},{"@type":"ListItem","position":3,"name":"Dite autista priznaky"}]},{"@type":"Person","@id":"https:\/\/www.diagnostika-mysli.cz\/blog\/#\/schema\/person\/8eb1bcaf59fea75c780c11946f4e3490","name":"Test Mysli","image":{"@type":"ImageObject","@id":"https:\/\/www.diagnostika-mysli.cz\/blog\/#personlogo","inLanguage":"cs","url":"https:\/\/secure.gravatar.com\/avatar\/6743211f010801ea26aa9423a2daab37?s=96&d=mm&r=g","contentUrl":"https:\/\/secure.gravatar.com\/avatar\/6743211f010801ea26aa9423a2daab37?s=96&d=mm&r=g","caption":"Test Mysli"},"sameAs":["https:\/\/www.diagnostika-mysli.cz\/blog"],"url":"https:\/\/www.diagnostika-mysli.cz\/blog\/author\/diagnostyka-umyslu\/"}]}},"amp_enabled":true,"_links":{"self":[{"href":"https:\/\/www.diagnostika-mysli.cz\/blog\/wp-json\/wp\/v2\/posts\/3377"}],"collection":[{"href":"https:\/\/www.diagnostika-mysli.cz\/blog\/wp-json\/wp\/v2\/posts"}],"about":[{"href":"https:\/\/www.diagnostika-mysli.cz\/blog\/wp-json\/wp\/v2\/types\/post"}],"author":[{"embeddable":true,"href":"https:\/\/www.diagnostika-mysli.cz\/blog\/wp-json\/wp\/v2\/users\/1"}],"replies":[{"embeddable":true,"href":"https:\/\/www.diagnostika-mysli.cz\/blog\/wp-json\/wp\/v2\/comments?post=3377"}],"version-history":[{"count":0,"href":"https:\/\/www.diagnostika-mysli.cz\/blog\/wp-json\/wp\/v2\/posts\/3377\/revisions"}],"wp:attachment":[{"href":"https:\/\/www.diagnostika-mysli.cz\/blog\/wp-json\/wp\/v2\/media?parent=3377"}],"wp:term":[{"taxonomy":"category","embeddable":true,"href":"https:\/\/www.diagnostika-mysli.cz\/blog\/wp-json\/wp\/v2\/categories?post=3377"},{"taxonomy":"post_tag","embeddable":true,"href":"https:\/\/www.diagnostika-mysli.cz\/blog\/wp-json\/wp\/v2\/tags?post=3377"}],"curies":[{"name":"wp","href":"https:\/\/api.w.org\/{rel}","templated":true}]}}