{"id":3384,"date":"2025-06-27T03:25:28","date_gmt":"2025-06-27T01:25:28","guid":{"rendered":"https:\/\/www.diagnostika-mysli.cz\/blog\/autismus\/aspergeruv-syndrom-u-deti-priznaky-2\/"},"modified":"2025-06-27T03:25:28","modified_gmt":"2025-06-27T01:25:28","slug":"aspergeruv-syndrom-u-deti-priznaky-2","status":"publish","type":"post","link":"https:\/\/www.diagnostika-mysli.cz\/blog\/autismus\/aspergeruv-syndrom-u-deti-priznaky-2\/","title":{"rendered":"Asperger\u016fv syndrom u d\u011bt\u00ed p\u0159\u00edznaky"},"content":{"rendered":"<div class='topics'>\n<div class='topic'>\n<h2>Co je Asperger\u016fv syndrom a jak\u00e9 jsou jeho p\u0159\u00edznaky u d\u011bt\u00ed?<\/h2>\n<p>Asperger\u016fv syndrom je neurov\u00fdvojov\u00e9 onemocn\u011bn\u00ed, kter\u00e9 se projevuje p\u0159edev\u0161\u00edm v soci\u00e1ln\u00edm chov\u00e1n\u00ed a komunikaci. Jedn\u00e1 se o formu autismu, kter\u00e1 se vyzna\u010duje vysokou inteligenc\u00ed a schopnost\u00ed u\u010dit se, ale z\u00e1rove\u0148 obt\u00ed\u017eemi v interakci s ostatn\u00edmi lidmi.<\/p>\n<p>Toto onemocn\u011bn\u00ed bylo pojmenov\u00e1no po rakousk\u00e9m l\u00e9ka\u0159i Hanse Aspergera, kter\u00fd jej poprv\u00e9 popsal v roce 1944. Asperger\u016fv syndrom se projevuje ji\u017e od d\u011btstv\u00ed a je celo\u017eivotn\u00edm onemocn\u011bn\u00edm, kter\u00e9 nelze vyl\u00e9\u010dit, ale lze s n\u00edm nau\u010dit \u017e\u00edt.<\/p>\n<p>Mezi hlavn\u00ed p\u0159\u00edznaky Aspergerova syndromu u d\u011bt\u00ed pat\u0159\u00ed probl\u00e9my s komunikac\u00ed a soci\u00e1ln\u00edmi interakcemi. D\u011bti s t\u00edmto onemocn\u011bn\u00edm maj\u00ed \u010dasto probl\u00e9my s porozum\u011bn\u00edm neverb\u00e1ln\u00ed komunikace, jako jsou nap\u0159\u00edklad gesta, mimika ne<\/p>\n<\/div>\n<div class='topic'>\n<h2>&#8211; Asperger\u016fv syndrom je neurov\u00fdvojov\u00e9 onemocn\u011bn\u00ed, kter\u00e9 se projevuje poruchou soci\u00e1ln\u00ed interakce, komunikace a omezen\u00fdmi z\u00e1jmy a aktivitami.<\/h2>\n<p>Asperger\u016fv syndrom je neurov\u00fdvojov\u00e9 onemocn\u011bn\u00ed, kter\u00e9 se \u0159ad\u00ed mezi poruchy autistick\u00e9ho spektra. Toto onemocn\u011bn\u00ed se projevuje poruchou soci\u00e1ln\u00ed interakce, komunikace a omezen\u00fdmi z\u00e1jmy a aktivitami. Je pojmenov\u00e1n po rakousk\u00e9m l\u00e9ka\u0159i Hansi Aspergerovi, kter\u00fd jej poprv\u00e9 popsal v roce 1944.<\/p>\n<p>Jedn\u00edm z hlavn\u00edch p\u0159\u00edznak\u016f Aspergerova syndromu je porucha soci\u00e1ln\u00ed interakce. Lid\u00e9 s t\u00edmto onemocn\u011bn\u00edm maj\u00ed probl\u00e9my s porozum\u011bn\u00edm soci\u00e1ln\u00edm n\u00e1vyk\u016fm a pravidl\u016fm. Mohou m\u00edt pot\u00ed\u017ee s navazov\u00e1n\u00edm a udr\u017eov\u00e1n\u00edm p\u0159\u00e1telstv\u00ed, porozum\u011bn\u00edm emoc\u00edm a n\u00e1lad\u00e1m druh\u00fdch lid\u00ed a s porozum\u011bn\u00edm neverb\u00e1ln\u00ed komunikace, jako jsou nap\u0159\u00edklad gesta a mimika. Tito jedinci se mohou c\u00edtit izolovan\u00ed a mohou m\u00edt probl\u00e9my s vyjad\u0159ov\u00e1n\u00edm sv<\/p>\n<\/div>\n<div class='topic'>\n<h2>&#8211; Mezi typick\u00e9 p\u0159\u00edznaky u d\u011bt\u00ed pat\u0159\u00ed nap\u0159\u00edklad obt\u00ed\u017ee s porozum\u011bn\u00edm neverb\u00e1ln\u00ed komunikaci, naru\u0161en\u00e1 schopnost navazovat a udr\u017eovat p\u0159\u00e1telstv\u00ed, stereotypn\u00ed chov\u00e1n\u00ed a z\u00e1jmy nebo citlivost na zm\u011bny v rutin\u011b.<\/h2>\n<p>D\u011bti jsou jedine\u010dn\u00fdmi bytostmi, kter\u00e9 se ka\u017ed\u00fdm dnem u\u010d\u00ed a vyv\u00edjej\u00ed. N\u011bkter\u00e9 z nich v\u0161ak mohou m\u00edt specifick\u00e9 pot\u0159eby a odli\u0161n\u00e9 zp\u016fsoby komunikace a chov\u00e1n\u00ed. Mezi tyto d\u011bti pat\u0159\u00ed i d\u011bti s poruchou autistick\u00e9ho spektra.<\/p>\n<p>Typick\u00e9 p\u0159\u00edznaky u d\u011bt\u00ed s touto poruchou se mohou projevovat ji\u017e od ran\u00e9ho d\u011btstv\u00ed. Jedn\u00edm z nich m\u016f\u017ee b\u00fdt obt\u00ed\u017en\u00e9 porozum\u011bn\u00ed neverb\u00e1ln\u00ed komunikaci. D\u011bti s poruchou autistick\u00e9ho spektra mohou m\u00edt probl\u00e9my s pochopen\u00edm mimiky, gest a t\u00f3nu hlasu. Mohou tak\u00e9 m\u00edt obt\u00ed\u017ee s vyjad\u0159ov\u00e1n\u00edm sv\u00fdch pocit\u016f a pot\u0159eb.<\/p>\n<p>Dal\u0161\u00edm typick\u00fdm p\u0159\u00edznakem je naru\u0161en\u00e1 schopnost navazovat a udr\u017eovat p\u0159\u00e1telstv\u00ed. D\u011bti s touto poruchou mohou m\u00edt probl\u00e9my s porozum\u011bn\u00ed<\/p>\n<\/div>\n<div class='topic'>\n<h2>&#8211; P\u0159\u00edznaky se mohou projevovat v r\u016fzn\u00e9 m\u00ed\u0159e a mohou se li\u0161it u jednotliv\u00fdch d\u011bt\u00ed, proto je d\u016fle\u017eit\u00e9 v\u010dasn\u00e9 rozpozn\u00e1n\u00ed a individu\u00e1ln\u00ed p\u0159\u00edstup k l\u00e9\u010db\u011b.<\/h2>\n<p>P\u0159\u00edznaky u d\u011bt\u00ed mohou b\u00fdt velmi rozmanit\u00e9 a mohou se projevovat v r\u016fzn\u00e9 m\u00ed\u0159e. Ka\u017ed\u00e9 d\u00edt\u011b je jedine\u010dn\u00e9 a proto se mohou p\u0159\u00edznaky li\u0161it i u d\u011bt\u00ed s podobn\u00fdm onemocn\u011bn\u00edm. Je d\u016fle\u017eit\u00e9, aby rodi\u010de a pediat\u0159i byli pozorn\u00ed a v\u010das rozpoznali p\u0159\u00edznaky, kter\u00e9 mohou nazna\u010dovat n\u011bjak\u00e9 zdravotn\u00ed probl\u00e9my.<\/p>\n<p>Mezi nej\u010dast\u011bj\u0161\u00ed p\u0159\u00edznaky u d\u011bt\u00ed pat\u0159\u00ed poruchy sp\u00e1nku, poruchy chov\u00e1n\u00ed, probl\u00e9my s u\u010den\u00edm, neschopnost soust\u0159edit se, probl\u00e9my s \u0159e\u010d\u00ed, poruchy motoriky, opo\u017ed\u011bn\u00fd v\u00fdvoj, neklid a podr\u00e1\u017ed\u011bnost. Tyto p\u0159\u00edznaky mohou b\u00fdt zp\u016fsobeny r\u016fzn\u00fdmi faktory, jako jsou genetick\u00e9 predispozice, poruchy v mozku, nedostate\u010dn\u00e1 stimulace v ran\u00e9m v\u011bku, ale tak\u00e9 st<\/p>\n<\/div>\n<div class='topic'>\n<h2><\/h2>\n<p>\u010cesk\u00e1 kuchyn\u011b je jednou z nejstar\u0161\u00edch a nejbohat\u0161\u00edch kuchyn\u00ed v Evrop\u011b. Jej\u00ed ko\u0159eny sahaj\u00ed a\u017e do 9. stolet\u00ed, kdy se za\u010daly formovat prvn\u00ed tradi\u010dn\u00ed pokrmy. \u010cesk\u00e1 kuchyn\u011b je ovlivn\u011bna p\u0159edev\u0161\u00edm st\u0159edoevropskou kuchyn\u00ed, ale najdeme v n\u00ed i prvky z n\u011bmeck\u00e9, rakousk\u00e9, ma\u010farsk\u00e9 a \u017eidovsk\u00e9 kuchyn\u011b.<\/p>\n<p>Hlavn\u00edmi surovinami \u010desk\u00e9 kuchyn\u011b jsou brambory, maso, zelenina, ml\u00e9\u010dn\u00e9 v\u00fdrobky a obiloviny. V\u011bt\u0161ina pokrm\u016f je pom\u011brn\u011b jednoduch\u00e1, ale velmi chutn\u00e1 a s vysokou v\u00fd\u017eivovou hodnotou. Mezi nejzn\u00e1m\u011bj\u0161\u00ed \u010desk\u00e9 speciality pat\u0159\u00ed vep\u0159ov\u00e1 pe\u010den\u011b s knedl\u00edky, gul\u00e1\u0161, sv\u00ed\u010dkov\u00e1 na smetan\u011b, brambor\u00e1ky, sma\u017een\u00fd s\u00fdr a tradi\u010dn\u00ed \u010desk<\/p>\n<\/div>\n<div class='topic'>\n<h2>Jak\u00e9 jsou mo\u017enosti l\u00e9\u010dby Aspergerova syndromu u d\u011bt\u00ed?<\/h2>\n<p>Asperger\u016fv syndrom je neurov\u00fdvojov\u00e9 onemocn\u011bn\u00ed, kter\u00e9 se projevuje poruchami soci\u00e1ln\u00ed interakce, komunikace a omezen\u00fdmi z\u00e1jmy a aktivitami. Toto onemocn\u011bn\u00ed se obvykle projevuje ji\u017e v d\u011btstv\u00ed a m\u016f\u017ee m\u00edt v\u00fdrazn\u00fd dopad na \u017eivot d\u00edt\u011bte. Proto je d\u016fle\u017eit\u00e9, aby bylo v\u010das diagnostikov\u00e1no a l\u00e9\u010deno.<\/p>\n<p>Existuje n\u011bkolik mo\u017enost\u00ed l\u00e9\u010dby Aspergerova syndromu u d\u011bt\u00ed, kter\u00e9 mohou pomoci zlep\u0161it jejich soci\u00e1ln\u00ed interakci, komunikaci a celkovou kvalitu \u017eivota.<\/p>\n<p>1. Terapie chov\u00e1n\u00edm<\/p>\n<p>Terapie chov\u00e1n\u00edm je jednou z nej\u010dast\u011bji pou\u017e\u00edvan\u00fdch metod l\u00e9\u010dby Aspergerova syndromu u d\u011bt\u00ed. Tato terapie se zam\u011b\u0159uje na zm\u011bnu ne\u017e\u00e1douc\u00edho chov\u00e1n\u00ed a u\u010den\u00ed se nov\u00fdch dovednost\u00ed. Terapeut pracuje s d\u00edt\u011btem a jeho rodinou, aby identifikovali probl\u00e9m<\/p>\n<\/div>\n<div class='topic'>\n<h2>&#8211; L\u00e9\u010dba Aspergerova syndromu u d\u011bt\u00ed se zam\u011b\u0159uje na zlep\u0161<\/h2>\n<p>Asperger\u016fv syndrom je neurov\u00fdvojov\u00e9 onemocn\u011bn\u00ed, kter\u00e9 se projevuje p\u0159edev\u0161\u00edm v soci\u00e1ln\u00edm chov\u00e1n\u00ed a komunikaci. Toto onemocn\u011bn\u00ed postihuje p\u0159ibli\u017en\u011b 1-2 d\u011bti z 1000 a je \u010dast\u011bj\u0161\u00ed u chlapc\u016f ne\u017e u d\u00edvek. D\u011bti s Aspergerov\u00fdm syndromem maj\u00ed \u010dasto probl\u00e9my s porozum\u011bn\u00edm soci\u00e1ln\u00edm n\u00e1vyk\u016fm a nesn\u00e1\u0161ej\u00ed zm\u011bny v rutin\u011b. Tyto obt\u00ed\u017ee mohou b\u00fdt pro d\u011bti velmi frustruj\u00edc\u00ed a mohou v\u00e9st k probl\u00e9m\u016fm v chov\u00e1n\u00ed a emocion\u00e1ln\u00ed nestabilit\u011b.<\/p>\n<p>L\u00e9\u010dba Aspergerova syndromu u d\u011bt\u00ed se zam\u011b\u0159uje na zlep\u0161en\u00ed soci\u00e1ln\u00edch dovednost\u00ed, komunikace a chov\u00e1n\u00ed. C\u00edlem l\u00e9\u010dby je pomoci d\u011btem s Aspergerov\u00fdm syndromem l\u00e9pe se p\u0159izp\u016fsobit b\u011b\u017en\u00e9mu \u017eivotu a zlep\u0161it jejich kvalitu \u017eivota.<\/p>\n<p>Jedn\u00edm z hlavn\u00edch p\u0159\u00edstup\u016f<\/p>\n<\/div>\n<\/div>\n","protected":false},"excerpt":{"rendered":"<p>Co je Asperger\u016fv syndrom a jak\u00e9 jsou jeho p\u0159\u00edznaky u d\u011bt\u00ed? Asperger\u016fv syndrom je neurov\u00fdvojov\u00e9 onemocn\u011bn\u00ed, kter\u00e9 se projevuje p\u0159edev\u0161\u00edm v soci\u00e1ln\u00edm chov\u00e1n\u00ed a komunikaci&#8230;.<\/p>\n","protected":false},"author":1,"featured_media":0,"comment_status":"","ping_status":"open","sticky":false,"template":"","format":"standard","meta":{"inline_featured_image":false},"categories":[849],"tags":[],"yoast_head":"<!-- This site is optimized with the Yoast SEO plugin v18.1 - https:\/\/yoast.com\/wordpress\/plugins\/seo\/ -->\n<title>Asperger\u016fv syndrom u d\u011bt\u00ed p\u0159\u00edznaky - Test Mysli<\/title>\n<meta name=\"robots\" content=\"index, follow, max-snippet:-1, max-image-preview:large, max-video-preview:-1\" \/>\n<link rel=\"canonical\" href=\"https:\/\/www.diagnostika-mysli.cz\/blog\/autismus\/aspergeruv-syndrom-u-deti-priznaky-2\/\" \/>\n<meta property=\"og:locale\" content=\"cs_CZ\" \/>\n<meta property=\"og:type\" content=\"article\" \/>\n<meta property=\"og:title\" content=\"Asperger\u016fv syndrom u d\u011bt\u00ed p\u0159\u00edznaky - Test Mysli\" \/>\n<meta property=\"og:description\" content=\"Co je Asperger\u016fv syndrom a jak\u00e9 jsou jeho p\u0159\u00edznaky u d\u011bt\u00ed? Asperger\u016fv syndrom je neurov\u00fdvojov\u00e9 onemocn\u011bn\u00ed, kter\u00e9 se projevuje p\u0159edev\u0161\u00edm v soci\u00e1ln\u00edm chov\u00e1n\u00ed a komunikaci....\" \/>\n<meta property=\"og:url\" content=\"https:\/\/www.diagnostika-mysli.cz\/blog\/autismus\/aspergeruv-syndrom-u-deti-priznaky-2\/\" \/>\n<meta property=\"og:site_name\" content=\"Test Mysli\" \/>\n<meta property=\"article:published_time\" content=\"2025-06-27T01:25:28+00:00\" \/>\n<meta name=\"twitter:card\" content=\"summary_large_image\" \/>\n<meta name=\"twitter:label1\" content=\"Napsal(a)\" \/>\n\t<meta name=\"twitter:data1\" content=\"Test Mysli\" \/>\n\t<meta name=\"twitter:label2\" content=\"Odhadovan\u00e1 doba \u010dten\u00ed\" \/>\n\t<meta name=\"twitter:data2\" content=\"6 minut\" \/>\n<script type=\"application\/ld+json\" class=\"yoast-schema-graph\">{\"@context\":\"https:\/\/schema.org\",\"@graph\":[{\"@type\":\"WebSite\",\"@id\":\"https:\/\/www.diagnostika-mysli.cz\/blog\/#website\",\"url\":\"https:\/\/www.diagnostika-mysli.cz\/blog\/\",\"name\":\"Test Mysli\",\"description\":\"Blog o poruch\u00e1ch mysli\",\"potentialAction\":[{\"@type\":\"SearchAction\",\"target\":{\"@type\":\"EntryPoint\",\"urlTemplate\":\"https:\/\/www.diagnostika-mysli.cz\/blog\/?s={search_term_string}\"},\"query-input\":\"required name=search_term_string\"}],\"inLanguage\":\"cs\"},{\"@type\":\"WebPage\",\"@id\":\"https:\/\/www.diagnostika-mysli.cz\/blog\/autismus\/aspergeruv-syndrom-u-deti-priznaky-2\/#webpage\",\"url\":\"https:\/\/www.diagnostika-mysli.cz\/blog\/autismus\/aspergeruv-syndrom-u-deti-priznaky-2\/\",\"name\":\"Asperger\u016fv syndrom u d\u011bt\u00ed p\u0159\u00edznaky - Test Mysli\",\"isPartOf\":{\"@id\":\"https:\/\/www.diagnostika-mysli.cz\/blog\/#website\"},\"datePublished\":\"2025-06-27T01:25:28+00:00\",\"dateModified\":\"2025-06-27T01:25:28+00:00\",\"author\":{\"@id\":\"https:\/\/www.diagnostika-mysli.cz\/blog\/#\/schema\/person\/8eb1bcaf59fea75c780c11946f4e3490\"},\"breadcrumb\":{\"@id\":\"https:\/\/www.diagnostika-mysli.cz\/blog\/autismus\/aspergeruv-syndrom-u-deti-priznaky-2\/#breadcrumb\"},\"inLanguage\":\"cs\",\"potentialAction\":[{\"@type\":\"ReadAction\",\"target\":[\"https:\/\/www.diagnostika-mysli.cz\/blog\/autismus\/aspergeruv-syndrom-u-deti-priznaky-2\/\"]}]},{\"@type\":\"BreadcrumbList\",\"@id\":\"https:\/\/www.diagnostika-mysli.cz\/blog\/autismus\/aspergeruv-syndrom-u-deti-priznaky-2\/#breadcrumb\",\"itemListElement\":[{\"@type\":\"ListItem\",\"position\":1,\"name\":\"Blog\",\"item\":\"https:\/\/www.diagnostika-mysli.cz\/blog\/\"},{\"@type\":\"ListItem\",\"position\":2,\"name\":\"Autismus\",\"item\":\"https:\/\/www.diagnostika-mysli.cz\/blog\/autismus\/\"},{\"@type\":\"ListItem\",\"position\":3,\"name\":\"Asperger\u016fv syndrom u d\u011bt\u00ed p\u0159\u00edznaky\"}]},{\"@type\":\"Person\",\"@id\":\"https:\/\/www.diagnostika-mysli.cz\/blog\/#\/schema\/person\/8eb1bcaf59fea75c780c11946f4e3490\",\"name\":\"Test Mysli\",\"image\":{\"@type\":\"ImageObject\",\"@id\":\"https:\/\/www.diagnostika-mysli.cz\/blog\/#personlogo\",\"inLanguage\":\"cs\",\"url\":\"https:\/\/secure.gravatar.com\/avatar\/6743211f010801ea26aa9423a2daab37?s=96&d=mm&r=g\",\"contentUrl\":\"https:\/\/secure.gravatar.com\/avatar\/6743211f010801ea26aa9423a2daab37?s=96&d=mm&r=g\",\"caption\":\"Test Mysli\"},\"sameAs\":[\"https:\/\/www.diagnostika-mysli.cz\/blog\"],\"url\":\"https:\/\/www.diagnostika-mysli.cz\/blog\/author\/diagnostyka-umyslu\/\"}]}<\/script>\n<!-- \/ Yoast SEO plugin. -->","yoast_head_json":{"title":"Asperger\u016fv syndrom u d\u011bt\u00ed p\u0159\u00edznaky - Test Mysli","robots":{"index":"index","follow":"follow","max-snippet":"max-snippet:-1","max-image-preview":"max-image-preview:large","max-video-preview":"max-video-preview:-1"},"canonical":"https:\/\/www.diagnostika-mysli.cz\/blog\/autismus\/aspergeruv-syndrom-u-deti-priznaky-2\/","og_locale":"cs_CZ","og_type":"article","og_title":"Asperger\u016fv syndrom u d\u011bt\u00ed p\u0159\u00edznaky - Test Mysli","og_description":"Co je Asperger\u016fv syndrom a jak\u00e9 jsou jeho p\u0159\u00edznaky u d\u011bt\u00ed? Asperger\u016fv syndrom je neurov\u00fdvojov\u00e9 onemocn\u011bn\u00ed, kter\u00e9 se projevuje p\u0159edev\u0161\u00edm v soci\u00e1ln\u00edm chov\u00e1n\u00ed a komunikaci....","og_url":"https:\/\/www.diagnostika-mysli.cz\/blog\/autismus\/aspergeruv-syndrom-u-deti-priznaky-2\/","og_site_name":"Test Mysli","article_published_time":"2025-06-27T01:25:28+00:00","twitter_card":"summary_large_image","twitter_misc":{"Napsal(a)":"Test Mysli","Odhadovan\u00e1 doba \u010dten\u00ed":"6 minut"},"schema":{"@context":"https:\/\/schema.org","@graph":[{"@type":"WebSite","@id":"https:\/\/www.diagnostika-mysli.cz\/blog\/#website","url":"https:\/\/www.diagnostika-mysli.cz\/blog\/","name":"Test Mysli","description":"Blog o poruch\u00e1ch mysli","potentialAction":[{"@type":"SearchAction","target":{"@type":"EntryPoint","urlTemplate":"https:\/\/www.diagnostika-mysli.cz\/blog\/?s={search_term_string}"},"query-input":"required name=search_term_string"}],"inLanguage":"cs"},{"@type":"WebPage","@id":"https:\/\/www.diagnostika-mysli.cz\/blog\/autismus\/aspergeruv-syndrom-u-deti-priznaky-2\/#webpage","url":"https:\/\/www.diagnostika-mysli.cz\/blog\/autismus\/aspergeruv-syndrom-u-deti-priznaky-2\/","name":"Asperger\u016fv syndrom u d\u011bt\u00ed p\u0159\u00edznaky - Test Mysli","isPartOf":{"@id":"https:\/\/www.diagnostika-mysli.cz\/blog\/#website"},"datePublished":"2025-06-27T01:25:28+00:00","dateModified":"2025-06-27T01:25:28+00:00","author":{"@id":"https:\/\/www.diagnostika-mysli.cz\/blog\/#\/schema\/person\/8eb1bcaf59fea75c780c11946f4e3490"},"breadcrumb":{"@id":"https:\/\/www.diagnostika-mysli.cz\/blog\/autismus\/aspergeruv-syndrom-u-deti-priznaky-2\/#breadcrumb"},"inLanguage":"cs","potentialAction":[{"@type":"ReadAction","target":["https:\/\/www.diagnostika-mysli.cz\/blog\/autismus\/aspergeruv-syndrom-u-deti-priznaky-2\/"]}]},{"@type":"BreadcrumbList","@id":"https:\/\/www.diagnostika-mysli.cz\/blog\/autismus\/aspergeruv-syndrom-u-deti-priznaky-2\/#breadcrumb","itemListElement":[{"@type":"ListItem","position":1,"name":"Blog","item":"https:\/\/www.diagnostika-mysli.cz\/blog\/"},{"@type":"ListItem","position":2,"name":"Autismus","item":"https:\/\/www.diagnostika-mysli.cz\/blog\/autismus\/"},{"@type":"ListItem","position":3,"name":"Asperger\u016fv syndrom u d\u011bt\u00ed p\u0159\u00edznaky"}]},{"@type":"Person","@id":"https:\/\/www.diagnostika-mysli.cz\/blog\/#\/schema\/person\/8eb1bcaf59fea75c780c11946f4e3490","name":"Test Mysli","image":{"@type":"ImageObject","@id":"https:\/\/www.diagnostika-mysli.cz\/blog\/#personlogo","inLanguage":"cs","url":"https:\/\/secure.gravatar.com\/avatar\/6743211f010801ea26aa9423a2daab37?s=96&d=mm&r=g","contentUrl":"https:\/\/secure.gravatar.com\/avatar\/6743211f010801ea26aa9423a2daab37?s=96&d=mm&r=g","caption":"Test Mysli"},"sameAs":["https:\/\/www.diagnostika-mysli.cz\/blog"],"url":"https:\/\/www.diagnostika-mysli.cz\/blog\/author\/diagnostyka-umyslu\/"}]}},"amp_enabled":true,"_links":{"self":[{"href":"https:\/\/www.diagnostika-mysli.cz\/blog\/wp-json\/wp\/v2\/posts\/3384"}],"collection":[{"href":"https:\/\/www.diagnostika-mysli.cz\/blog\/wp-json\/wp\/v2\/posts"}],"about":[{"href":"https:\/\/www.diagnostika-mysli.cz\/blog\/wp-json\/wp\/v2\/types\/post"}],"author":[{"embeddable":true,"href":"https:\/\/www.diagnostika-mysli.cz\/blog\/wp-json\/wp\/v2\/users\/1"}],"replies":[{"embeddable":true,"href":"https:\/\/www.diagnostika-mysli.cz\/blog\/wp-json\/wp\/v2\/comments?post=3384"}],"version-history":[{"count":0,"href":"https:\/\/www.diagnostika-mysli.cz\/blog\/wp-json\/wp\/v2\/posts\/3384\/revisions"}],"wp:attachment":[{"href":"https:\/\/www.diagnostika-mysli.cz\/blog\/wp-json\/wp\/v2\/media?parent=3384"}],"wp:term":[{"taxonomy":"category","embeddable":true,"href":"https:\/\/www.diagnostika-mysli.cz\/blog\/wp-json\/wp\/v2\/categories?post=3384"},{"taxonomy":"post_tag","embeddable":true,"href":"https:\/\/www.diagnostika-mysli.cz\/blog\/wp-json\/wp\/v2\/tags?post=3384"}],"curies":[{"name":"wp","href":"https:\/\/api.w.org\/{rel}","templated":true}]}}